{"id":81525,"date":"2021-07-17T02:20:47","date_gmt":"2021-07-17T05:20:47","guid":{"rendered":"http:\/\/infoecos.com.ar\/?p=81525"},"modified":"2021-07-20T03:53:33","modified_gmt":"2021-07-20T06:53:33","slug":"la-asociacion-judicial-bonaerense-presento-el-anteproyecto-de-ley-de-negociacion-colectiva","status":"publish","type":"post","link":"https:\/\/infoecos.com.ar\/index.php\/la-asociacion-judicial-bonaerense-presento-el-anteproyecto-de-ley-de-negociacion-colectiva\/","title":{"rendered":"La Asociaci\u00f3n Judicial Bonaerense present\u00f3 el anteproyecto de ley de Negociaci\u00f3n Colectiva"},"content":{"rendered":"\n<p>La&nbsp;Asociaci\u00f3n&nbsp;Judicial&nbsp;Bonaerense present\u00f3 el anteproyecto de ley de Negociaci\u00f3n Colectiva, un reclamo hist\u00f3rico ante los tres poderes del Estado provincial, para que se debata y sancione de forma urgente.<\/p>\n\n\n\n<p>Cont\u00f3 con un fuerte apoyo de dirigentes de las centrales sindicales, la Federaci\u00f3n&nbsp;Judicial&nbsp;Argentina, la CLATE y otras organizaciones gremiales.<\/p>\n\n\n\n<div class=\"wp-block-image is-style-default\"><figure class=\"aligncenter size-large\"><img loading=\"lazy\" decoding=\"async\" width=\"600\" height=\"285\" src=\"http:\/\/infoecos.com.ar\/wp-content\/uploads\/2021\/07\/AJB.jpg\" alt=\"\" class=\"wp-image-81526\" srcset=\"https:\/\/infoecos.com.ar\/wp-content\/uploads\/2021\/07\/AJB.jpg 600w, https:\/\/infoecos.com.ar\/wp-content\/uploads\/2021\/07\/AJB-460x219.jpg 460w\" sizes=\"(max-width: 600px) 100vw, 600px\" \/><figcaption>Conferencia de prensa Asociaci\u00f3n Judicial Bonaerense<\/figcaption><\/figure><\/div>\n\n\n\n<p>\u201cEste modelo de Justicia corporativa, vertical y autoritaria que precariza las condiciones de trabajo de los y las trabajadoras&nbsp;judiciales&nbsp;ya dio todo lo que ten\u00eda para dar. Existe una enorme deuda hacia las y los ciudadanos y ciudadanas de la provincia, en especial hacia los sectores m\u00e1s vulnerables, que se tiene que saldar con un proceso de reforma&nbsp;judicial&nbsp;profunda en clave de democratizaci\u00f3n de sus instituciones y sus pr\u00e1cticas\u201d, expres\u00f3 Pablo Abramovich, secretario General de la AJB, durante una conferencia de prensa.<\/p>\n\n\n\n<p>Remarc\u00f3 que \u201cun elemento clave de esa democratizaci\u00f3n es adecuar las relaciones laborales del Poder&nbsp;Judicial&nbsp;a los est\u00e1ndares de derecho vigentes, abandonando un modelo propio del siglo XIX por otro en el cual los y las trabajadoras podamos discutir de igual a igual con el empleador el mejoramiento de nuestras condiciones de trabajo. S\u00f3lo jerarquizando la labor de las y los&nbsp;judiciales&nbsp;ser\u00e1 posible mejorar la capacidad de respuesta del Poder&nbsp;Judicial&nbsp;a la ciudadan\u00eda\u201d.<\/p>\n\n\n\n<p>Acompa\u00f1aron y estuvieron presentes en la conferencia de prensa de la AJB, Oscar de Isasi, secretario General de la CTA-A y ATE provincia de Buenos Aires; Roberto Baradel, secretario General de la CTA-T y Suteba; Hugo Blasco, secretario General de la Federaci\u00f3n&nbsp;Judicial&nbsp;Argentina; Julio Fuentes, Presidente de CLATE y Pablo Maciel, Presidente de la CICOP, entre otros y otras dirigentes.<\/p>\n\n\n\n<p><\/p>\n","protected":false},"excerpt":{"rendered":"<p>Exigieron a las autoridades provinciales su urgente tratamiento<\/p>\n","protected":false},"author":2,"featured_media":81526,"comment_status":"closed","ping_status":"open","sticky":false,"template":"","format":"standard","meta":{"footnotes":""},"categories":[43],"tags":[4286],"class_list":["post-81525","post","type-post","status-publish","format-standard","has-post-thumbnail","hentry","category-inferior4","tag-fuerte-apoyo-de-las-centrales-sindicales"],"yoast_head":"<!-- This site is optimized with the Yoast SEO plugin v23.4 - https:\/\/yoast.com\/wordpress\/plugins\/seo\/ -->\n<title>La Asociaci\u00f3n Judicial Bonaerense present\u00f3 el anteproyecto de ley de Negociaci\u00f3n Colectiva - Infoecos<\/title>\n<meta name=\"robots\" content=\"index, follow, max-snippet:-1, max-image-preview:large, max-video-preview:-1\" \/>\n<link rel=\"canonical\" href=\"https:\/\/infoecos.com.ar\/index.php\/la-asociacion-judicial-bonaerense-presento-el-anteproyecto-de-ley-de-negociacion-colectiva\/\" \/>\n<meta property=\"og:locale\" content=\"es_ES\" \/>\n<meta property=\"og:type\" content=\"article\" \/>\n<meta property=\"og:title\" content=\"La Asociaci\u00f3n Judicial Bonaerense present\u00f3 el anteproyecto de ley de Negociaci\u00f3n Colectiva - Infoecos\" \/>\n<meta property=\"og:description\" content=\"Exigieron a las autoridades provinciales su urgente tratamiento\" \/>\n<meta property=\"og:url\" content=\"https:\/\/infoecos.com.ar\/index.php\/la-asociacion-judicial-bonaerense-presento-el-anteproyecto-de-ley-de-negociacion-colectiva\/\" \/>\n<meta property=\"og:site_name\" content=\"Infoecos\" \/>\n<meta property=\"article:publisher\" content=\"https:\/\/www.facebook.com\/profile.php?id=100063200290284\" \/>\n<meta property=\"article:published_time\" content=\"2021-07-17T05:20:47+00:00\" \/>\n<meta property=\"article:modified_time\" content=\"2021-07-20T06:53:33+00:00\" \/>\n<meta property=\"og:image\" content=\"https:\/\/infoecos.com.ar\/wp-content\/uploads\/2021\/07\/AJB.jpg\" \/>\n\t<meta property=\"og:image:width\" content=\"600\" \/>\n\t<meta property=\"og:image:height\" content=\"285\" \/>\n\t<meta property=\"og:image:type\" content=\"image\/jpeg\" \/>\n<meta name=\"author\" content=\"Jorge Matheus\" \/>\n<meta name=\"twitter:card\" content=\"summary_large_image\" \/>\n<meta name=\"twitter:creator\" content=\"@infoecos\" \/>\n<meta name=\"twitter:site\" content=\"@infoecos\" \/>\n<meta name=\"twitter:label1\" content=\"Escrito por\" \/>\n\t<meta name=\"twitter:data1\" content=\"Jorge Matheus\" \/>\n\t<meta name=\"twitter:label2\" content=\"Tiempo de lectura\" \/>\n\t<meta name=\"twitter:data2\" content=\"2 minutos\" \/>\n<script type=\"application\/ld+json\" class=\"yoast-schema-graph\">{\"@context\":\"https:\/\/schema.org\",\"@graph\":[{\"@type\":\"Article\",\"@id\":\"https:\/\/infoecos.com.ar\/index.php\/la-asociacion-judicial-bonaerense-presento-el-anteproyecto-de-ley-de-negociacion-colectiva\/#article\",\"isPartOf\":{\"@id\":\"https:\/\/infoecos.com.ar\/index.php\/la-asociacion-judicial-bonaerense-presento-el-anteproyecto-de-ley-de-negociacion-colectiva\/\"},\"author\":{\"name\":\"Jorge Matheus\",\"@id\":\"https:\/\/infoecos.com.ar\/#\/schema\/person\/8f5ace5ce73b4b4aac4b7245aee6f191\"},\"headline\":\"La Asociaci\u00f3n Judicial Bonaerense present\u00f3 el anteproyecto de ley de Negociaci\u00f3n Colectiva\",\"datePublished\":\"2021-07-17T05:20:47+00:00\",\"dateModified\":\"2021-07-20T06:53:33+00:00\",\"mainEntityOfPage\":{\"@id\":\"https:\/\/infoecos.com.ar\/index.php\/la-asociacion-judicial-bonaerense-presento-el-anteproyecto-de-ley-de-negociacion-colectiva\/\"},\"wordCount\":325,\"publisher\":{\"@id\":\"https:\/\/infoecos.com.ar\/#organization\"},\"image\":{\"@id\":\"https:\/\/infoecos.com.ar\/index.php\/la-asociacion-judicial-bonaerense-presento-el-anteproyecto-de-ley-de-negociacion-colectiva\/#primaryimage\"},\"thumbnailUrl\":\"https:\/\/infoecos.com.ar\/wp-content\/uploads\/2021\/07\/AJB.jpg\",\"keywords\":[\"FUERTE APOYO DE LAS CENTRALES SINDICALES\"],\"articleSection\":[\"Bloque inferior - 4\"],\"inLanguage\":\"es\"},{\"@type\":\"WebPage\",\"@id\":\"https:\/\/infoecos.com.ar\/index.php\/la-asociacion-judicial-bonaerense-presento-el-anteproyecto-de-ley-de-negociacion-colectiva\/\",\"url\":\"https:\/\/infoecos.com.ar\/index.php\/la-asociacion-judicial-bonaerense-presento-el-anteproyecto-de-ley-de-negociacion-colectiva\/\",\"name\":\"La Asociaci\u00f3n Judicial Bonaerense present\u00f3 el anteproyecto de ley de Negociaci\u00f3n Colectiva - Infoecos\",\"isPartOf\":{\"@id\":\"https:\/\/infoecos.com.ar\/#website\"},\"primaryImageOfPage\":{\"@id\":\"https:\/\/infoecos.com.ar\/index.php\/la-asociacion-judicial-bonaerense-presento-el-anteproyecto-de-ley-de-negociacion-colectiva\/#primaryimage\"},\"image\":{\"@id\":\"https:\/\/infoecos.com.ar\/index.php\/la-asociacion-judicial-bonaerense-presento-el-anteproyecto-de-ley-de-negociacion-colectiva\/#primaryimage\"},\"thumbnailUrl\":\"https:\/\/infoecos.com.ar\/wp-content\/uploads\/2021\/07\/AJB.jpg\",\"datePublished\":\"2021-07-17T05:20:47+00:00\",\"dateModified\":\"2021-07-20T06:53:33+00:00\",\"breadcrumb\":{\"@id\":\"https:\/\/infoecos.com.ar\/index.php\/la-asociacion-judicial-bonaerense-presento-el-anteproyecto-de-ley-de-negociacion-colectiva\/#breadcrumb\"},\"inLanguage\":\"es\",\"potentialAction\":[{\"@type\":\"ReadAction\",\"target\":[\"https:\/\/infoecos.com.ar\/index.php\/la-asociacion-judicial-bonaerense-presento-el-anteproyecto-de-ley-de-negociacion-colectiva\/\"]}]},{\"@type\":\"ImageObject\",\"inLanguage\":\"es\",\"@id\":\"https:\/\/infoecos.com.ar\/index.php\/la-asociacion-judicial-bonaerense-presento-el-anteproyecto-de-ley-de-negociacion-colectiva\/#primaryimage\",\"url\":\"https:\/\/infoecos.com.ar\/wp-content\/uploads\/2021\/07\/AJB.jpg\",\"contentUrl\":\"https:\/\/infoecos.com.ar\/wp-content\/uploads\/2021\/07\/AJB.jpg\",\"width\":600,\"height\":285},{\"@type\":\"BreadcrumbList\",\"@id\":\"https:\/\/infoecos.com.ar\/index.php\/la-asociacion-judicial-bonaerense-presento-el-anteproyecto-de-ley-de-negociacion-colectiva\/#breadcrumb\",\"itemListElement\":[{\"@type\":\"ListItem\",\"position\":1,\"name\":\"Portada\",\"item\":\"https:\/\/infoecos.com.ar\/\"},{\"@type\":\"ListItem\",\"position\":2,\"name\":\"La Asociaci\u00f3n Judicial Bonaerense present\u00f3 el anteproyecto de ley de Negociaci\u00f3n Colectiva\"}]},{\"@type\":\"WebSite\",\"@id\":\"https:\/\/infoecos.com.ar\/#website\",\"url\":\"https:\/\/infoecos.com.ar\/\",\"name\":\"Infoecos\",\"description\":\"Noticias de trenque lauquen y la zona\",\"publisher\":{\"@id\":\"https:\/\/infoecos.com.ar\/#organization\"},\"alternateName\":\"Noticias\",\"potentialAction\":[{\"@type\":\"SearchAction\",\"target\":{\"@type\":\"EntryPoint\",\"urlTemplate\":\"https:\/\/infoecos.com.ar\/?s={search_term_string}\"},\"query-input\":{\"@type\":\"PropertyValueSpecification\",\"valueRequired\":true,\"valueName\":\"search_term_string\"}}],\"inLanguage\":\"es\"},{\"@type\":\"Organization\",\"@id\":\"https:\/\/infoecos.com.ar\/#organization\",\"name\":\"Infoecos\",\"alternateName\":\"Noticias\",\"url\":\"https:\/\/infoecos.com.ar\/\",\"logo\":{\"@type\":\"ImageObject\",\"inLanguage\":\"es\",\"@id\":\"https:\/\/infoecos.com.ar\/#\/schema\/logo\/image\/\",\"url\":\"https:\/\/infoecos.com.ar\/wp-content\/uploads\/2024\/03\/cropped-logo.png\",\"contentUrl\":\"https:\/\/infoecos.com.ar\/wp-content\/uploads\/2024\/03\/cropped-logo.png\",\"width\":374,\"height\":90,\"caption\":\"Infoecos\"},\"image\":{\"@id\":\"https:\/\/infoecos.com.ar\/#\/schema\/logo\/image\/\"},\"sameAs\":[\"https:\/\/www.facebook.com\/profile.php?id=100063200290284\",\"https:\/\/x.com\/infoecos\"]},{\"@type\":\"Person\",\"@id\":\"https:\/\/infoecos.com.ar\/#\/schema\/person\/8f5ace5ce73b4b4aac4b7245aee6f191\",\"name\":\"Jorge Matheus\",\"url\":\"https:\/\/infoecos.com.ar\/index.php\/author\/jomatheus\/\"}]}<\/script>\n<!-- \/ Yoast SEO plugin. -->","yoast_head_json":{"title":"La Asociaci\u00f3n Judicial Bonaerense present\u00f3 el anteproyecto de ley de Negociaci\u00f3n Colectiva - Infoecos","robots":{"index":"index","follow":"follow","max-snippet":"max-snippet:-1","max-image-preview":"max-image-preview:large","max-video-preview":"max-video-preview:-1"},"canonical":"https:\/\/infoecos.com.ar\/index.php\/la-asociacion-judicial-bonaerense-presento-el-anteproyecto-de-ley-de-negociacion-colectiva\/","og_locale":"es_ES","og_type":"article","og_title":"La Asociaci\u00f3n Judicial Bonaerense present\u00f3 el anteproyecto de ley de Negociaci\u00f3n Colectiva - Infoecos","og_description":"Exigieron a las autoridades provinciales su urgente tratamiento","og_url":"https:\/\/infoecos.com.ar\/index.php\/la-asociacion-judicial-bonaerense-presento-el-anteproyecto-de-ley-de-negociacion-colectiva\/","og_site_name":"Infoecos","article_publisher":"https:\/\/www.facebook.com\/profile.php?id=100063200290284","article_published_time":"2021-07-17T05:20:47+00:00","article_modified_time":"2021-07-20T06:53:33+00:00","og_image":[{"width":600,"height":285,"url":"https:\/\/infoecos.com.ar\/wp-content\/uploads\/2021\/07\/AJB.jpg","type":"image\/jpeg"}],"author":"Jorge Matheus","twitter_card":"summary_large_image","twitter_creator":"@infoecos","twitter_site":"@infoecos","twitter_misc":{"Escrito por":"Jorge Matheus","Tiempo de lectura":"2 minutos"},"schema":{"@context":"https:\/\/schema.org","@graph":[{"@type":"Article","@id":"https:\/\/infoecos.com.ar\/index.php\/la-asociacion-judicial-bonaerense-presento-el-anteproyecto-de-ley-de-negociacion-colectiva\/#article","isPartOf":{"@id":"https:\/\/infoecos.com.ar\/index.php\/la-asociacion-judicial-bonaerense-presento-el-anteproyecto-de-ley-de-negociacion-colectiva\/"},"author":{"name":"Jorge Matheus","@id":"https:\/\/infoecos.com.ar\/#\/schema\/person\/8f5ace5ce73b4b4aac4b7245aee6f191"},"headline":"La Asociaci\u00f3n Judicial Bonaerense present\u00f3 el anteproyecto de ley de Negociaci\u00f3n Colectiva","datePublished":"2021-07-17T05:20:47+00:00","dateModified":"2021-07-20T06:53:33+00:00","mainEntityOfPage":{"@id":"https:\/\/infoecos.com.ar\/index.php\/la-asociacion-judicial-bonaerense-presento-el-anteproyecto-de-ley-de-negociacion-colectiva\/"},"wordCount":325,"publisher":{"@id":"https:\/\/infoecos.com.ar\/#organization"},"image":{"@id":"https:\/\/infoecos.com.ar\/index.php\/la-asociacion-judicial-bonaerense-presento-el-anteproyecto-de-ley-de-negociacion-colectiva\/#primaryimage"},"thumbnailUrl":"https:\/\/infoecos.com.ar\/wp-content\/uploads\/2021\/07\/AJB.jpg","keywords":["FUERTE APOYO DE LAS CENTRALES SINDICALES"],"articleSection":["Bloque inferior - 4"],"inLanguage":"es"},{"@type":"WebPage","@id":"https:\/\/infoecos.com.ar\/index.php\/la-asociacion-judicial-bonaerense-presento-el-anteproyecto-de-ley-de-negociacion-colectiva\/","url":"https:\/\/infoecos.com.ar\/index.php\/la-asociacion-judicial-bonaerense-presento-el-anteproyecto-de-ley-de-negociacion-colectiva\/","name":"La Asociaci\u00f3n Judicial Bonaerense present\u00f3 el anteproyecto de ley de Negociaci\u00f3n Colectiva - Infoecos","isPartOf":{"@id":"https:\/\/infoecos.com.ar\/#website"},"primaryImageOfPage":{"@id":"https:\/\/infoecos.com.ar\/index.php\/la-asociacion-judicial-bonaerense-presento-el-anteproyecto-de-ley-de-negociacion-colectiva\/#primaryimage"},"image":{"@id":"https:\/\/infoecos.com.ar\/index.php\/la-asociacion-judicial-bonaerense-presento-el-anteproyecto-de-ley-de-negociacion-colectiva\/#primaryimage"},"thumbnailUrl":"https:\/\/infoecos.com.ar\/wp-content\/uploads\/2021\/07\/AJB.jpg","datePublished":"2021-07-17T05:20:47+00:00","dateModified":"2021-07-20T06:53:33+00:00","breadcrumb":{"@id":"https:\/\/infoecos.com.ar\/index.php\/la-asociacion-judicial-bonaerense-presento-el-anteproyecto-de-ley-de-negociacion-colectiva\/#breadcrumb"},"inLanguage":"es","potentialAction":[{"@type":"ReadAction","target":["https:\/\/infoecos.com.ar\/index.php\/la-asociacion-judicial-bonaerense-presento-el-anteproyecto-de-ley-de-negociacion-colectiva\/"]}]},{"@type":"ImageObject","inLanguage":"es","@id":"https:\/\/infoecos.com.ar\/index.php\/la-asociacion-judicial-bonaerense-presento-el-anteproyecto-de-ley-de-negociacion-colectiva\/#primaryimage","url":"https:\/\/infoecos.com.ar\/wp-content\/uploads\/2021\/07\/AJB.jpg","contentUrl":"https:\/\/infoecos.com.ar\/wp-content\/uploads\/2021\/07\/AJB.jpg","width":600,"height":285},{"@type":"BreadcrumbList","@id":"https:\/\/infoecos.com.ar\/index.php\/la-asociacion-judicial-bonaerense-presento-el-anteproyecto-de-ley-de-negociacion-colectiva\/#breadcrumb","itemListElement":[{"@type":"ListItem","position":1,"name":"Portada","item":"https:\/\/infoecos.com.ar\/"},{"@type":"ListItem","position":2,"name":"La Asociaci\u00f3n Judicial Bonaerense present\u00f3 el anteproyecto de ley de Negociaci\u00f3n Colectiva"}]},{"@type":"WebSite","@id":"https:\/\/infoecos.com.ar\/#website","url":"https:\/\/infoecos.com.ar\/","name":"Infoecos","description":"Noticias de trenque lauquen y la zona","publisher":{"@id":"https:\/\/infoecos.com.ar\/#organization"},"alternateName":"Noticias","potentialAction":[{"@type":"SearchAction","target":{"@type":"EntryPoint","urlTemplate":"https:\/\/infoecos.com.ar\/?s={search_term_string}"},"query-input":{"@type":"PropertyValueSpecification","valueRequired":true,"valueName":"search_term_string"}}],"inLanguage":"es"},{"@type":"Organization","@id":"https:\/\/infoecos.com.ar\/#organization","name":"Infoecos","alternateName":"Noticias","url":"https:\/\/infoecos.com.ar\/","logo":{"@type":"ImageObject","inLanguage":"es","@id":"https:\/\/infoecos.com.ar\/#\/schema\/logo\/image\/","url":"https:\/\/infoecos.com.ar\/wp-content\/uploads\/2024\/03\/cropped-logo.png","contentUrl":"https:\/\/infoecos.com.ar\/wp-content\/uploads\/2024\/03\/cropped-logo.png","width":374,"height":90,"caption":"Infoecos"},"image":{"@id":"https:\/\/infoecos.com.ar\/#\/schema\/logo\/image\/"},"sameAs":["https:\/\/www.facebook.com\/profile.php?id=100063200290284","https:\/\/x.com\/infoecos"]},{"@type":"Person","@id":"https:\/\/infoecos.com.ar\/#\/schema\/person\/8f5ace5ce73b4b4aac4b7245aee6f191","name":"Jorge Matheus","url":"https:\/\/infoecos.com.ar\/index.php\/author\/jomatheus\/"}]}},"featured_image_urls":{"full":["https:\/\/infoecos.com.ar\/wp-content\/uploads\/2021\/07\/AJB.jpg",600,285,false],"thumbnail":["https:\/\/infoecos.com.ar\/wp-content\/uploads\/2021\/07\/AJB-150x150.jpg",150,150,true],"medium":["https:\/\/infoecos.com.ar\/wp-content\/uploads\/2021\/07\/AJB-460x219.jpg",460,219,true],"medium_large":["https:\/\/infoecos.com.ar\/wp-content\/uploads\/2021\/07\/AJB.jpg",600,285,false],"large":["https:\/\/infoecos.com.ar\/wp-content\/uploads\/2021\/07\/AJB.jpg",600,285,false],"1536x1536":["https:\/\/infoecos.com.ar\/wp-content\/uploads\/2021\/07\/AJB.jpg",600,285,false],"2048x2048":["https:\/\/infoecos.com.ar\/wp-content\/uploads\/2021\/07\/AJB.jpg",600,285,false],"covernews-slider-full":["https:\/\/infoecos.com.ar\/wp-content\/uploads\/2021\/07\/AJB.jpg",600,285,false],"covernews-slider-center":["https:\/\/infoecos.com.ar\/wp-content\/uploads\/2021\/07\/AJB.jpg",600,285,false],"covernews-featured":["https:\/\/infoecos.com.ar\/wp-content\/uploads\/2021\/07\/AJB.jpg",600,285,false],"covernews-medium":["https:\/\/infoecos.com.ar\/wp-content\/uploads\/2021\/07\/AJB.jpg",540,257,false],"covernews-medium-square":["https:\/\/infoecos.com.ar\/wp-content\/uploads\/2021\/07\/AJB.jpg",400,190,false]},"author_info":{"info":["Jorge Matheus"]},"category_info":"<a href=\"https:\/\/infoecos.com.ar\/index.php\/category\/inferior4\/\" rel=\"category tag\">Bloque inferior - 4<\/a>","tag_info":"Bloque inferior - 4","comment_count":"0","_links":{"self":[{"href":"https:\/\/infoecos.com.ar\/index.php\/wp-json\/wp\/v2\/posts\/81525"}],"collection":[{"href":"https:\/\/infoecos.com.ar\/index.php\/wp-json\/wp\/v2\/posts"}],"about":[{"href":"https:\/\/infoecos.com.ar\/index.php\/wp-json\/wp\/v2\/types\/post"}],"author":[{"embeddable":true,"href":"https:\/\/infoecos.com.ar\/index.php\/wp-json\/wp\/v2\/users\/2"}],"replies":[{"embeddable":true,"href":"https:\/\/infoecos.com.ar\/index.php\/wp-json\/wp\/v2\/comments?post=81525"}],"version-history":[{"count":2,"href":"https:\/\/infoecos.com.ar\/index.php\/wp-json\/wp\/v2\/posts\/81525\/revisions"}],"predecessor-version":[{"id":81610,"href":"https:\/\/infoecos.com.ar\/index.php\/wp-json\/wp\/v2\/posts\/81525\/revisions\/81610"}],"wp:featuredmedia":[{"embeddable":true,"href":"https:\/\/infoecos.com.ar\/index.php\/wp-json\/wp\/v2\/media\/81526"}],"wp:attachment":[{"href":"https:\/\/infoecos.com.ar\/index.php\/wp-json\/wp\/v2\/media?parent=81525"}],"wp:term":[{"taxonomy":"category","embeddable":true,"href":"https:\/\/infoecos.com.ar\/index.php\/wp-json\/wp\/v2\/categories?post=81525"},{"taxonomy":"post_tag","embeddable":true,"href":"https:\/\/infoecos.com.ar\/index.php\/wp-json\/wp\/v2\/tags?post=81525"}],"curies":[{"name":"wp","href":"https:\/\/api.w.org\/{rel}","templated":true}]}}