{"id":81537,"date":"2021-07-17T03:08:51","date_gmt":"2021-07-17T06:08:51","guid":{"rendered":"http:\/\/infoecos.com.ar\/?p=81537"},"modified":"2021-07-17T03:08:52","modified_gmt":"2021-07-17T06:08:52","slug":"castrillon-a-pesar-del-frio-calienta-la-politica-de-trenque-lauquen-este-es-el-peor-gobierno-de-la-historia-refiriendose-al-de-miguel-fernandez","status":"publish","type":"post","link":"https:\/\/infoecos.com.ar\/index.php\/castrillon-a-pesar-del-frio-calienta-la-politica-de-trenque-lauquen-este-es-el-peor-gobierno-de-la-historia-refiriendose-al-de-miguel-fernandez\/","title":{"rendered":"Castrill\u00f3n a pesar del fr\u00edo calienta la pol\u00edtica de Trenque Lauquen: \u00abeste es el peor gobierno de la historia\u00bb, refiri\u00e9ndose al de Miguel Fern\u00e1ndez"},"content":{"rendered":"\n<p>La Agrupaci\u00f3n \u00ab12 de Abril\u00bb del distrito de Trenque Lauquen, alineada con los gobiernos nacional y provincial, hizo su presentaci\u00f3n oficial este viernes en Trenque Lauquen, con una conferencia de prensa, que cont\u00f3 con la asistencia de Pablo Michelli qui\u00e9n aspira a ser Senador por la cuarta secci\u00f3n electoral. El dirigente de mayor peso dentro de esta vertiente pol\u00edtica es el profesor Lucas Castrill\u00f3n.<\/p>\n\n\n\n<div class=\"wp-block-image is-style-default\"><figure class=\"aligncenter size-medium\"><img loading=\"lazy\" decoding=\"async\" width=\"460\" height=\"460\" src=\"http:\/\/infoecos.com.ar\/wp-content\/uploads\/2021\/07\/castrillonymichelli-460x460.jpg\" alt=\"\" class=\"wp-image-81538\" srcset=\"https:\/\/infoecos.com.ar\/wp-content\/uploads\/2021\/07\/castrillonymichelli-460x460.jpg 460w, https:\/\/infoecos.com.ar\/wp-content\/uploads\/2021\/07\/castrillonymichelli-150x150.jpg 150w, https:\/\/infoecos.com.ar\/wp-content\/uploads\/2021\/07\/castrillonymichelli-768x768.jpg 768w, https:\/\/infoecos.com.ar\/wp-content\/uploads\/2021\/07\/castrillonymichelli.jpg 774w\" sizes=\"(max-width: 460px) 100vw, 460px\" \/><figcaption>Foto tomada de Facebook<\/figcaption><\/figure><\/div>\n\n\n\n<p>En pleno invierno, Castrill\u00f3n que viene siendo muy cr\u00edtico con el gobierno de Miguel Fern\u00e1ndez, calent\u00f3 el ambiente pol\u00edtico. \u00abEn Trenque Lauquen se perdieron casas, el presupuesto participativo, las comisiones barriales, las elecciones de los delegados y muchas cosas. \u00abTenemos una gran cr\u00edtica con este gobierno, es importante generar una gran propuesta que confluya en el Frente de Todos sumando un sector medio que se ha ido perdiendo\u00bb, enfatiz\u00f3.<\/p>\n\n\n\n<p>\u201cLos 6 a\u00f1os de Fern\u00e1ndez no tienen nada que ver con los \u00faltimos 30 a\u00f1os del distrito. Queremos recuperar el pasado con un Estado que haga viviendas. Tenemos un gran equipo de trabajo y tenemos propuestas y estamos decididos a hacer la mayor amplitud pol\u00edtica para enfrentar a Juntos por el Cambio en el distrito\u201d. \u201cEntendemos tambi\u00e9n que se necesita la renovaci\u00f3n, darle la oportunidad a la gente nueva. Estamos decididos a construir la mayor y m\u00e1s amplia propuesta pol\u00edtica. Tenemos el padrinazgo de Michelli y de Ra\u00fal Feito. Este es el peor gobierno de la historia de Trenque Lauquen\u201d, dijo.<\/p>\n\n\n\n<div class=\"wp-block-image is-style-default\"><figure class=\"aligncenter size-medium\"><img loading=\"lazy\" decoding=\"async\" width=\"460\" height=\"460\" src=\"http:\/\/infoecos.com.ar\/wp-content\/uploads\/2021\/07\/castrillonenrecorrida-460x460.jpg\" alt=\"\" class=\"wp-image-81539\" srcset=\"https:\/\/infoecos.com.ar\/wp-content\/uploads\/2021\/07\/castrillonenrecorrida-460x460.jpg 460w, https:\/\/infoecos.com.ar\/wp-content\/uploads\/2021\/07\/castrillonenrecorrida-920x920.jpg 920w, https:\/\/infoecos.com.ar\/wp-content\/uploads\/2021\/07\/castrillonenrecorrida-150x150.jpg 150w, https:\/\/infoecos.com.ar\/wp-content\/uploads\/2021\/07\/castrillonenrecorrida-768x768.jpg 768w, https:\/\/infoecos.com.ar\/wp-content\/uploads\/2021\/07\/castrillonenrecorrida-1024x1024.jpg 1024w, https:\/\/infoecos.com.ar\/wp-content\/uploads\/2021\/07\/castrillonenrecorrida.jpg 1080w\" sizes=\"(max-width: 460px) 100vw, 460px\" \/><figcaption>Foto tomada de Facebook<\/figcaption><\/figure><\/div>\n\n\n\n<p>Luego se inform\u00f3 que La 12 de Abril cerr\u00f3 su presentaci\u00f3n junto a Pablo Micheli, con visitas a productores agroecol\u00f3gicos y org\u00e1nicos del distrito.<\/p>\n\n\n\n<p>Se visit\u00f3 La Chacra de Franco Frachia (Trenque en Transici\u00f3n), la empresa familiar local \u201cFincas El Para\u00edso\u201d y viajaron hasta 30 de Agosto donde se reunieron con productores del Grupo Suelo Vivo. <\/p>\n","protected":false},"excerpt":{"rendered":"<p>\u00abEstamos decididos a construir la mayor y m\u00e1s amplia propuesta pol\u00edtica. Tenemos el padrinazgo de Michelli y de Ra\u00fal Feito\u00bb, dijo adem\u00e1s<\/p>\n","protected":false},"author":2,"featured_media":81538,"comment_status":"closed","ping_status":"open","sticky":false,"template":"","format":"standard","meta":{"footnotes":""},"categories":[47],"tags":[4289],"class_list":["post-81537","post","type-post","status-publish","format-standard","has-post-thumbnail","hentry","category-c3nota2","tag-campana-en-marcha"],"yoast_head":"<!-- This site is optimized with the Yoast SEO plugin v23.4 - https:\/\/yoast.com\/wordpress\/plugins\/seo\/ -->\n<title>Castrill\u00f3n a pesar del fr\u00edo calienta la pol\u00edtica de Trenque Lauquen: &quot;este es el peor gobierno de la historia&quot;, refiri\u00e9ndose al de Miguel Fern\u00e1ndez - Infoecos<\/title>\n<meta name=\"robots\" content=\"index, follow, max-snippet:-1, max-image-preview:large, max-video-preview:-1\" \/>\n<link rel=\"canonical\" href=\"https:\/\/infoecos.com.ar\/index.php\/castrillon-a-pesar-del-frio-calienta-la-politica-de-trenque-lauquen-este-es-el-peor-gobierno-de-la-historia-refiriendose-al-de-miguel-fernandez\/\" \/>\n<meta property=\"og:locale\" content=\"es_ES\" \/>\n<meta property=\"og:type\" content=\"article\" \/>\n<meta property=\"og:title\" content=\"Castrill\u00f3n a pesar del fr\u00edo calienta la pol\u00edtica de Trenque Lauquen: &quot;este es el peor gobierno de la historia&quot;, refiri\u00e9ndose al de Miguel Fern\u00e1ndez - Infoecos\" \/>\n<meta property=\"og:description\" content=\"&quot;Estamos decididos a construir la mayor y m\u00e1s amplia propuesta pol\u00edtica. Tenemos el padrinazgo de Michelli y de Ra\u00fal Feito&quot;, dijo adem\u00e1s\" \/>\n<meta property=\"og:url\" content=\"https:\/\/infoecos.com.ar\/index.php\/castrillon-a-pesar-del-frio-calienta-la-politica-de-trenque-lauquen-este-es-el-peor-gobierno-de-la-historia-refiriendose-al-de-miguel-fernandez\/\" \/>\n<meta property=\"og:site_name\" content=\"Infoecos\" \/>\n<meta property=\"article:publisher\" content=\"https:\/\/www.facebook.com\/profile.php?id=100063200290284\" \/>\n<meta property=\"article:published_time\" content=\"2021-07-17T06:08:51+00:00\" \/>\n<meta property=\"article:modified_time\" content=\"2021-07-17T06:08:52+00:00\" \/>\n<meta property=\"og:image\" content=\"https:\/\/infoecos.com.ar\/wp-content\/uploads\/2021\/07\/castrillonymichelli.jpg\" \/>\n\t<meta property=\"og:image:width\" content=\"774\" \/>\n\t<meta property=\"og:image:height\" content=\"774\" \/>\n\t<meta property=\"og:image:type\" content=\"image\/jpeg\" \/>\n<meta name=\"author\" content=\"Jorge Matheus\" \/>\n<meta name=\"twitter:card\" content=\"summary_large_image\" \/>\n<meta name=\"twitter:creator\" content=\"@infoecos\" \/>\n<meta name=\"twitter:site\" content=\"@infoecos\" \/>\n<meta name=\"twitter:label1\" content=\"Escrito por\" \/>\n\t<meta name=\"twitter:data1\" content=\"Jorge Matheus\" \/>\n\t<meta name=\"twitter:label2\" content=\"Tiempo de lectura\" \/>\n\t<meta name=\"twitter:data2\" content=\"2 minutos\" \/>\n<script type=\"application\/ld+json\" class=\"yoast-schema-graph\">{\"@context\":\"https:\/\/schema.org\",\"@graph\":[{\"@type\":\"Article\",\"@id\":\"https:\/\/infoecos.com.ar\/index.php\/castrillon-a-pesar-del-frio-calienta-la-politica-de-trenque-lauquen-este-es-el-peor-gobierno-de-la-historia-refiriendose-al-de-miguel-fernandez\/#article\",\"isPartOf\":{\"@id\":\"https:\/\/infoecos.com.ar\/index.php\/castrillon-a-pesar-del-frio-calienta-la-politica-de-trenque-lauquen-este-es-el-peor-gobierno-de-la-historia-refiriendose-al-de-miguel-fernandez\/\"},\"author\":{\"name\":\"Jorge Matheus\",\"@id\":\"https:\/\/infoecos.com.ar\/#\/schema\/person\/8f5ace5ce73b4b4aac4b7245aee6f191\"},\"headline\":\"Castrill\u00f3n a pesar del fr\u00edo calienta la pol\u00edtica de Trenque Lauquen: \u00abeste es el peor gobierno de la historia\u00bb, refiri\u00e9ndose al de Miguel Fern\u00e1ndez\",\"datePublished\":\"2021-07-17T06:08:51+00:00\",\"dateModified\":\"2021-07-17T06:08:52+00:00\",\"mainEntityOfPage\":{\"@id\":\"https:\/\/infoecos.com.ar\/index.php\/castrillon-a-pesar-del-frio-calienta-la-politica-de-trenque-lauquen-este-es-el-peor-gobierno-de-la-historia-refiriendose-al-de-miguel-fernandez\/\"},\"wordCount\":347,\"publisher\":{\"@id\":\"https:\/\/infoecos.com.ar\/#organization\"},\"image\":{\"@id\":\"https:\/\/infoecos.com.ar\/index.php\/castrillon-a-pesar-del-frio-calienta-la-politica-de-trenque-lauquen-este-es-el-peor-gobierno-de-la-historia-refiriendose-al-de-miguel-fernandez\/#primaryimage\"},\"thumbnailUrl\":\"https:\/\/infoecos.com.ar\/wp-content\/uploads\/2021\/07\/castrillonymichelli.jpg\",\"keywords\":[\"CAMPA\u00d1A EN MARCHA\"],\"articleSection\":[\"C3 N2\"],\"inLanguage\":\"es\"},{\"@type\":\"WebPage\",\"@id\":\"https:\/\/infoecos.com.ar\/index.php\/castrillon-a-pesar-del-frio-calienta-la-politica-de-trenque-lauquen-este-es-el-peor-gobierno-de-la-historia-refiriendose-al-de-miguel-fernandez\/\",\"url\":\"https:\/\/infoecos.com.ar\/index.php\/castrillon-a-pesar-del-frio-calienta-la-politica-de-trenque-lauquen-este-es-el-peor-gobierno-de-la-historia-refiriendose-al-de-miguel-fernandez\/\",\"name\":\"Castrill\u00f3n a pesar del fr\u00edo calienta la pol\u00edtica de Trenque Lauquen: \\\"este es el peor gobierno de la historia\\\", refiri\u00e9ndose al de Miguel Fern\u00e1ndez - Infoecos\",\"isPartOf\":{\"@id\":\"https:\/\/infoecos.com.ar\/#website\"},\"primaryImageOfPage\":{\"@id\":\"https:\/\/infoecos.com.ar\/index.php\/castrillon-a-pesar-del-frio-calienta-la-politica-de-trenque-lauquen-este-es-el-peor-gobierno-de-la-historia-refiriendose-al-de-miguel-fernandez\/#primaryimage\"},\"image\":{\"@id\":\"https:\/\/infoecos.com.ar\/index.php\/castrillon-a-pesar-del-frio-calienta-la-politica-de-trenque-lauquen-este-es-el-peor-gobierno-de-la-historia-refiriendose-al-de-miguel-fernandez\/#primaryimage\"},\"thumbnailUrl\":\"https:\/\/infoecos.com.ar\/wp-content\/uploads\/2021\/07\/castrillonymichelli.jpg\",\"datePublished\":\"2021-07-17T06:08:51+00:00\",\"dateModified\":\"2021-07-17T06:08:52+00:00\",\"breadcrumb\":{\"@id\":\"https:\/\/infoecos.com.ar\/index.php\/castrillon-a-pesar-del-frio-calienta-la-politica-de-trenque-lauquen-este-es-el-peor-gobierno-de-la-historia-refiriendose-al-de-miguel-fernandez\/#breadcrumb\"},\"inLanguage\":\"es\",\"potentialAction\":[{\"@type\":\"ReadAction\",\"target\":[\"https:\/\/infoecos.com.ar\/index.php\/castrillon-a-pesar-del-frio-calienta-la-politica-de-trenque-lauquen-este-es-el-peor-gobierno-de-la-historia-refiriendose-al-de-miguel-fernandez\/\"]}]},{\"@type\":\"ImageObject\",\"inLanguage\":\"es\",\"@id\":\"https:\/\/infoecos.com.ar\/index.php\/castrillon-a-pesar-del-frio-calienta-la-politica-de-trenque-lauquen-este-es-el-peor-gobierno-de-la-historia-refiriendose-al-de-miguel-fernandez\/#primaryimage\",\"url\":\"https:\/\/infoecos.com.ar\/wp-content\/uploads\/2021\/07\/castrillonymichelli.jpg\",\"contentUrl\":\"https:\/\/infoecos.com.ar\/wp-content\/uploads\/2021\/07\/castrillonymichelli.jpg\",\"width\":774,\"height\":774},{\"@type\":\"BreadcrumbList\",\"@id\":\"https:\/\/infoecos.com.ar\/index.php\/castrillon-a-pesar-del-frio-calienta-la-politica-de-trenque-lauquen-este-es-el-peor-gobierno-de-la-historia-refiriendose-al-de-miguel-fernandez\/#breadcrumb\",\"itemListElement\":[{\"@type\":\"ListItem\",\"position\":1,\"name\":\"Portada\",\"item\":\"https:\/\/infoecos.com.ar\/\"},{\"@type\":\"ListItem\",\"position\":2,\"name\":\"Castrill\u00f3n a pesar del fr\u00edo calienta la pol\u00edtica de Trenque Lauquen: \u00abeste es el peor gobierno de la historia\u00bb, refiri\u00e9ndose al de Miguel Fern\u00e1ndez\"}]},{\"@type\":\"WebSite\",\"@id\":\"https:\/\/infoecos.com.ar\/#website\",\"url\":\"https:\/\/infoecos.com.ar\/\",\"name\":\"Infoecos\",\"description\":\"Noticias de trenque lauquen y la zona\",\"publisher\":{\"@id\":\"https:\/\/infoecos.com.ar\/#organization\"},\"alternateName\":\"Noticias\",\"potentialAction\":[{\"@type\":\"SearchAction\",\"target\":{\"@type\":\"EntryPoint\",\"urlTemplate\":\"https:\/\/infoecos.com.ar\/?s={search_term_string}\"},\"query-input\":{\"@type\":\"PropertyValueSpecification\",\"valueRequired\":true,\"valueName\":\"search_term_string\"}}],\"inLanguage\":\"es\"},{\"@type\":\"Organization\",\"@id\":\"https:\/\/infoecos.com.ar\/#organization\",\"name\":\"Infoecos\",\"alternateName\":\"Noticias\",\"url\":\"https:\/\/infoecos.com.ar\/\",\"logo\":{\"@type\":\"ImageObject\",\"inLanguage\":\"es\",\"@id\":\"https:\/\/infoecos.com.ar\/#\/schema\/logo\/image\/\",\"url\":\"https:\/\/infoecos.com.ar\/wp-content\/uploads\/2024\/03\/cropped-logo.png\",\"contentUrl\":\"https:\/\/infoecos.com.ar\/wp-content\/uploads\/2024\/03\/cropped-logo.png\",\"width\":374,\"height\":90,\"caption\":\"Infoecos\"},\"image\":{\"@id\":\"https:\/\/infoecos.com.ar\/#\/schema\/logo\/image\/\"},\"sameAs\":[\"https:\/\/www.facebook.com\/profile.php?id=100063200290284\",\"https:\/\/x.com\/infoecos\"]},{\"@type\":\"Person\",\"@id\":\"https:\/\/infoecos.com.ar\/#\/schema\/person\/8f5ace5ce73b4b4aac4b7245aee6f191\",\"name\":\"Jorge Matheus\",\"url\":\"https:\/\/infoecos.com.ar\/index.php\/author\/jomatheus\/\"}]}<\/script>\n<!-- \/ Yoast SEO plugin. -->","yoast_head_json":{"title":"Castrill\u00f3n a pesar del fr\u00edo calienta la pol\u00edtica de Trenque Lauquen: \"este es el peor gobierno de la historia\", refiri\u00e9ndose al de Miguel Fern\u00e1ndez - Infoecos","robots":{"index":"index","follow":"follow","max-snippet":"max-snippet:-1","max-image-preview":"max-image-preview:large","max-video-preview":"max-video-preview:-1"},"canonical":"https:\/\/infoecos.com.ar\/index.php\/castrillon-a-pesar-del-frio-calienta-la-politica-de-trenque-lauquen-este-es-el-peor-gobierno-de-la-historia-refiriendose-al-de-miguel-fernandez\/","og_locale":"es_ES","og_type":"article","og_title":"Castrill\u00f3n a pesar del fr\u00edo calienta la pol\u00edtica de Trenque Lauquen: \"este es el peor gobierno de la historia\", refiri\u00e9ndose al de Miguel Fern\u00e1ndez - Infoecos","og_description":"\"Estamos decididos a construir la mayor y m\u00e1s amplia propuesta pol\u00edtica. Tenemos el padrinazgo de Michelli y de Ra\u00fal Feito\", dijo adem\u00e1s","og_url":"https:\/\/infoecos.com.ar\/index.php\/castrillon-a-pesar-del-frio-calienta-la-politica-de-trenque-lauquen-este-es-el-peor-gobierno-de-la-historia-refiriendose-al-de-miguel-fernandez\/","og_site_name":"Infoecos","article_publisher":"https:\/\/www.facebook.com\/profile.php?id=100063200290284","article_published_time":"2021-07-17T06:08:51+00:00","article_modified_time":"2021-07-17T06:08:52+00:00","og_image":[{"width":774,"height":774,"url":"https:\/\/infoecos.com.ar\/wp-content\/uploads\/2021\/07\/castrillonymichelli.jpg","type":"image\/jpeg"}],"author":"Jorge Matheus","twitter_card":"summary_large_image","twitter_creator":"@infoecos","twitter_site":"@infoecos","twitter_misc":{"Escrito por":"Jorge Matheus","Tiempo de lectura":"2 minutos"},"schema":{"@context":"https:\/\/schema.org","@graph":[{"@type":"Article","@id":"https:\/\/infoecos.com.ar\/index.php\/castrillon-a-pesar-del-frio-calienta-la-politica-de-trenque-lauquen-este-es-el-peor-gobierno-de-la-historia-refiriendose-al-de-miguel-fernandez\/#article","isPartOf":{"@id":"https:\/\/infoecos.com.ar\/index.php\/castrillon-a-pesar-del-frio-calienta-la-politica-de-trenque-lauquen-este-es-el-peor-gobierno-de-la-historia-refiriendose-al-de-miguel-fernandez\/"},"author":{"name":"Jorge Matheus","@id":"https:\/\/infoecos.com.ar\/#\/schema\/person\/8f5ace5ce73b4b4aac4b7245aee6f191"},"headline":"Castrill\u00f3n a pesar del fr\u00edo calienta la pol\u00edtica de Trenque Lauquen: \u00abeste es el peor gobierno de la historia\u00bb, refiri\u00e9ndose al de Miguel Fern\u00e1ndez","datePublished":"2021-07-17T06:08:51+00:00","dateModified":"2021-07-17T06:08:52+00:00","mainEntityOfPage":{"@id":"https:\/\/infoecos.com.ar\/index.php\/castrillon-a-pesar-del-frio-calienta-la-politica-de-trenque-lauquen-este-es-el-peor-gobierno-de-la-historia-refiriendose-al-de-miguel-fernandez\/"},"wordCount":347,"publisher":{"@id":"https:\/\/infoecos.com.ar\/#organization"},"image":{"@id":"https:\/\/infoecos.com.ar\/index.php\/castrillon-a-pesar-del-frio-calienta-la-politica-de-trenque-lauquen-este-es-el-peor-gobierno-de-la-historia-refiriendose-al-de-miguel-fernandez\/#primaryimage"},"thumbnailUrl":"https:\/\/infoecos.com.ar\/wp-content\/uploads\/2021\/07\/castrillonymichelli.jpg","keywords":["CAMPA\u00d1A EN MARCHA"],"articleSection":["C3 N2"],"inLanguage":"es"},{"@type":"WebPage","@id":"https:\/\/infoecos.com.ar\/index.php\/castrillon-a-pesar-del-frio-calienta-la-politica-de-trenque-lauquen-este-es-el-peor-gobierno-de-la-historia-refiriendose-al-de-miguel-fernandez\/","url":"https:\/\/infoecos.com.ar\/index.php\/castrillon-a-pesar-del-frio-calienta-la-politica-de-trenque-lauquen-este-es-el-peor-gobierno-de-la-historia-refiriendose-al-de-miguel-fernandez\/","name":"Castrill\u00f3n a pesar del fr\u00edo calienta la pol\u00edtica de Trenque Lauquen: \"este es el peor gobierno de la historia\", refiri\u00e9ndose al de Miguel Fern\u00e1ndez - Infoecos","isPartOf":{"@id":"https:\/\/infoecos.com.ar\/#website"},"primaryImageOfPage":{"@id":"https:\/\/infoecos.com.ar\/index.php\/castrillon-a-pesar-del-frio-calienta-la-politica-de-trenque-lauquen-este-es-el-peor-gobierno-de-la-historia-refiriendose-al-de-miguel-fernandez\/#primaryimage"},"image":{"@id":"https:\/\/infoecos.com.ar\/index.php\/castrillon-a-pesar-del-frio-calienta-la-politica-de-trenque-lauquen-este-es-el-peor-gobierno-de-la-historia-refiriendose-al-de-miguel-fernandez\/#primaryimage"},"thumbnailUrl":"https:\/\/infoecos.com.ar\/wp-content\/uploads\/2021\/07\/castrillonymichelli.jpg","datePublished":"2021-07-17T06:08:51+00:00","dateModified":"2021-07-17T06:08:52+00:00","breadcrumb":{"@id":"https:\/\/infoecos.com.ar\/index.php\/castrillon-a-pesar-del-frio-calienta-la-politica-de-trenque-lauquen-este-es-el-peor-gobierno-de-la-historia-refiriendose-al-de-miguel-fernandez\/#breadcrumb"},"inLanguage":"es","potentialAction":[{"@type":"ReadAction","target":["https:\/\/infoecos.com.ar\/index.php\/castrillon-a-pesar-del-frio-calienta-la-politica-de-trenque-lauquen-este-es-el-peor-gobierno-de-la-historia-refiriendose-al-de-miguel-fernandez\/"]}]},{"@type":"ImageObject","inLanguage":"es","@id":"https:\/\/infoecos.com.ar\/index.php\/castrillon-a-pesar-del-frio-calienta-la-politica-de-trenque-lauquen-este-es-el-peor-gobierno-de-la-historia-refiriendose-al-de-miguel-fernandez\/#primaryimage","url":"https:\/\/infoecos.com.ar\/wp-content\/uploads\/2021\/07\/castrillonymichelli.jpg","contentUrl":"https:\/\/infoecos.com.ar\/wp-content\/uploads\/2021\/07\/castrillonymichelli.jpg","width":774,"height":774},{"@type":"BreadcrumbList","@id":"https:\/\/infoecos.com.ar\/index.php\/castrillon-a-pesar-del-frio-calienta-la-politica-de-trenque-lauquen-este-es-el-peor-gobierno-de-la-historia-refiriendose-al-de-miguel-fernandez\/#breadcrumb","itemListElement":[{"@type":"ListItem","position":1,"name":"Portada","item":"https:\/\/infoecos.com.ar\/"},{"@type":"ListItem","position":2,"name":"Castrill\u00f3n a pesar del fr\u00edo calienta la pol\u00edtica de Trenque Lauquen: \u00abeste es el peor gobierno de la historia\u00bb, refiri\u00e9ndose al de Miguel Fern\u00e1ndez"}]},{"@type":"WebSite","@id":"https:\/\/infoecos.com.ar\/#website","url":"https:\/\/infoecos.com.ar\/","name":"Infoecos","description":"Noticias de trenque lauquen y la zona","publisher":{"@id":"https:\/\/infoecos.com.ar\/#organization"},"alternateName":"Noticias","potentialAction":[{"@type":"SearchAction","target":{"@type":"EntryPoint","urlTemplate":"https:\/\/infoecos.com.ar\/?s={search_term_string}"},"query-input":{"@type":"PropertyValueSpecification","valueRequired":true,"valueName":"search_term_string"}}],"inLanguage":"es"},{"@type":"Organization","@id":"https:\/\/infoecos.com.ar\/#organization","name":"Infoecos","alternateName":"Noticias","url":"https:\/\/infoecos.com.ar\/","logo":{"@type":"ImageObject","inLanguage":"es","@id":"https:\/\/infoecos.com.ar\/#\/schema\/logo\/image\/","url":"https:\/\/infoecos.com.ar\/wp-content\/uploads\/2024\/03\/cropped-logo.png","contentUrl":"https:\/\/infoecos.com.ar\/wp-content\/uploads\/2024\/03\/cropped-logo.png","width":374,"height":90,"caption":"Infoecos"},"image":{"@id":"https:\/\/infoecos.com.ar\/#\/schema\/logo\/image\/"},"sameAs":["https:\/\/www.facebook.com\/profile.php?id=100063200290284","https:\/\/x.com\/infoecos"]},{"@type":"Person","@id":"https:\/\/infoecos.com.ar\/#\/schema\/person\/8f5ace5ce73b4b4aac4b7245aee6f191","name":"Jorge Matheus","url":"https:\/\/infoecos.com.ar\/index.php\/author\/jomatheus\/"}]}},"featured_image_urls":{"full":["https:\/\/infoecos.com.ar\/wp-content\/uploads\/2021\/07\/castrillonymichelli.jpg",774,774,false],"thumbnail":["https:\/\/infoecos.com.ar\/wp-content\/uploads\/2021\/07\/castrillonymichelli-150x150.jpg",150,150,true],"medium":["https:\/\/infoecos.com.ar\/wp-content\/uploads\/2021\/07\/castrillonymichelli-460x460.jpg",460,460,true],"medium_large":["https:\/\/infoecos.com.ar\/wp-content\/uploads\/2021\/07\/castrillonymichelli-768x768.jpg",640,640,true],"large":["https:\/\/infoecos.com.ar\/wp-content\/uploads\/2021\/07\/castrillonymichelli.jpg",640,640,false],"1536x1536":["https:\/\/infoecos.com.ar\/wp-content\/uploads\/2021\/07\/castrillonymichelli.jpg",774,774,false],"2048x2048":["https:\/\/infoecos.com.ar\/wp-content\/uploads\/2021\/07\/castrillonymichelli.jpg",774,774,false],"covernews-slider-full":["https:\/\/infoecos.com.ar\/wp-content\/uploads\/2021\/07\/castrillonymichelli.jpg",715,715,false],"covernews-slider-center":["https:\/\/infoecos.com.ar\/wp-content\/uploads\/2021\/07\/castrillonymichelli.jpg",500,500,false],"covernews-featured":["https:\/\/infoecos.com.ar\/wp-content\/uploads\/2021\/07\/castrillonymichelli.jpg",774,774,false],"covernews-medium":["https:\/\/infoecos.com.ar\/wp-content\/uploads\/2021\/07\/castrillonymichelli-720x380.jpg",540,285,true],"covernews-medium-square":["https:\/\/infoecos.com.ar\/wp-content\/uploads\/2021\/07\/castrillonymichelli-675x450.jpg",375,250,true]},"author_info":{"info":["Jorge Matheus"]},"category_info":"<a href=\"https:\/\/infoecos.com.ar\/index.php\/category\/c3nota2\/\" rel=\"category tag\">C3 N2<\/a>","tag_info":"C3 N2","comment_count":"0","_links":{"self":[{"href":"https:\/\/infoecos.com.ar\/index.php\/wp-json\/wp\/v2\/posts\/81537"}],"collection":[{"href":"https:\/\/infoecos.com.ar\/index.php\/wp-json\/wp\/v2\/posts"}],"about":[{"href":"https:\/\/infoecos.com.ar\/index.php\/wp-json\/wp\/v2\/types\/post"}],"author":[{"embeddable":true,"href":"https:\/\/infoecos.com.ar\/index.php\/wp-json\/wp\/v2\/users\/2"}],"replies":[{"embeddable":true,"href":"https:\/\/infoecos.com.ar\/index.php\/wp-json\/wp\/v2\/comments?post=81537"}],"version-history":[{"count":1,"href":"https:\/\/infoecos.com.ar\/index.php\/wp-json\/wp\/v2\/posts\/81537\/revisions"}],"predecessor-version":[{"id":81540,"href":"https:\/\/infoecos.com.ar\/index.php\/wp-json\/wp\/v2\/posts\/81537\/revisions\/81540"}],"wp:featuredmedia":[{"embeddable":true,"href":"https:\/\/infoecos.com.ar\/index.php\/wp-json\/wp\/v2\/media\/81538"}],"wp:attachment":[{"href":"https:\/\/infoecos.com.ar\/index.php\/wp-json\/wp\/v2\/media?parent=81537"}],"wp:term":[{"taxonomy":"category","embeddable":true,"href":"https:\/\/infoecos.com.ar\/index.php\/wp-json\/wp\/v2\/categories?post=81537"},{"taxonomy":"post_tag","embeddable":true,"href":"https:\/\/infoecos.com.ar\/index.php\/wp-json\/wp\/v2\/tags?post=81537"}],"curies":[{"name":"wp","href":"https:\/\/api.w.org\/{rel}","templated":true}]}}