{"id":81541,"date":"2021-07-17T03:23:58","date_gmt":"2021-07-17T06:23:58","guid":{"rendered":"http:\/\/infoecos.com.ar\/?p=81541"},"modified":"2021-07-20T03:53:01","modified_gmt":"2021-07-20T06:53:01","slug":"y-mientras-el-clima-politico-en-trenque-lauquen-parece-caldearse-el-intendente-fernandez-estuvo-en-30-de-agosto","status":"publish","type":"post","link":"https:\/\/infoecos.com.ar\/index.php\/y-mientras-el-clima-politico-en-trenque-lauquen-parece-caldearse-el-intendente-fernandez-estuvo-en-30-de-agosto\/","title":{"rendered":"El intendente de Trenque Lauquen decidi\u00f3 la construcci\u00f3n de un nuevo edificio para la Escuela Especial 503 de 30 de Agosto"},"content":{"rendered":"\n<p>El intendente de Trenque Lauquen estuvo en 30 de Agosto. Fue el pasado mi\u00e9rcoles. Se reuni\u00f3 con la directora del Hospital Eguiguren, doctora Mercedes Biasotti y recorri\u00f3 distintas obras.<\/p>\n\n\n\n<div class=\"wp-block-image is-style-default\"><figure class=\"aligncenter size-medium\"><img loading=\"lazy\" decoding=\"async\" width=\"460\" height=\"287\" src=\"http:\/\/infoecos.com.ar\/wp-content\/uploads\/2021\/07\/fernandezdirectora30-460x287.jpg\" alt=\"\" class=\"wp-image-81542\" srcset=\"https:\/\/infoecos.com.ar\/wp-content\/uploads\/2021\/07\/fernandezdirectora30-460x287.jpg 460w, https:\/\/infoecos.com.ar\/wp-content\/uploads\/2021\/07\/fernandezdirectora30-920x574.jpg 920w, https:\/\/infoecos.com.ar\/wp-content\/uploads\/2021\/07\/fernandezdirectora30-768x479.jpg 768w, https:\/\/infoecos.com.ar\/wp-content\/uploads\/2021\/07\/fernandezdirectora30-1536x958.jpg 1536w, https:\/\/infoecos.com.ar\/wp-content\/uploads\/2021\/07\/fernandezdirectora30-1024x639.jpg 1024w, https:\/\/infoecos.com.ar\/wp-content\/uploads\/2021\/07\/fernandezdirectora30.jpg 2048w\" sizes=\"(max-width: 460px) 100vw, 460px\" \/><\/figure><\/div>\n\n\n\n<p>Se consign\u00f3 en la ciudad, que acompa\u00f1ado por el Director del Ente, Miguel Mul\u00e1n y la responsable de Obras P\u00fablicas, Nadie Correa se eval\u00fao el avance del nuevo centro Cultural Urbano. Tambi\u00e9n estuvo en el CEF n\u00famero 81 donde se realiza una construcci\u00f3n que contar\u00e1 con 56 m2. Se construyen 2 vestuarios con ducha y sanitarios, un ba\u00f1o con ducha para personas con movilidad reducida y un office. Esta obra es construida por el m\u00e9todo tradicional de mamposter\u00eda de ladrillo hueco y estructura resistente de hormig\u00f3n, con aberturas de aluminio, cielorraso de durlock y cubierta de chapa y perfiles galvanizados. En el mismo sector se est\u00e1 realizando el pozo para la construcci\u00f3n de una pileta es de 12.5 metros de ancho por 25 metros de largo, estas son medidas pre-ol\u00edmpicas se construye adem\u00e1s un acceso a la misma por rampa y escalera. <\/p>\n\n\n\n<div class=\"wp-block-image is-style-default\"><figure class=\"aligncenter size-medium\"><img loading=\"lazy\" decoding=\"async\" width=\"460\" height=\"327\" src=\"http:\/\/infoecos.com.ar\/wp-content\/uploads\/2021\/07\/fernandezmulan30-460x327.jpg\" alt=\"\" class=\"wp-image-81543\" srcset=\"https:\/\/infoecos.com.ar\/wp-content\/uploads\/2021\/07\/fernandezmulan30-460x327.jpg 460w, https:\/\/infoecos.com.ar\/wp-content\/uploads\/2021\/07\/fernandezmulan30-920x653.jpg 920w, https:\/\/infoecos.com.ar\/wp-content\/uploads\/2021\/07\/fernandezmulan30-768x545.jpg 768w, https:\/\/infoecos.com.ar\/wp-content\/uploads\/2021\/07\/fernandezmulan30-1536x1091.jpg 1536w, https:\/\/infoecos.com.ar\/wp-content\/uploads\/2021\/07\/fernandezmulan30-1024x727.jpg 1024w, https:\/\/infoecos.com.ar\/wp-content\/uploads\/2021\/07\/fernandezmulan30.jpg 1932w\" sizes=\"(max-width: 460px) 100vw, 460px\" \/><\/figure><\/div>\n\n\n\n<p>Fern\u00e1ndez y sus colaboradores tambi\u00e9n recorrieron la Playa de Estacionamiento Urbano para facilitar el tr\u00e1nsito en el \u00e1rea que rodea al predio del ferrocarril de 30 de Agosto. Este proyecto consiste en la compactaci\u00f3n, nivelaci\u00f3n y pavimentaci\u00f3n de un sector en el frente de la ex-estaci\u00f3n de trenes de pasajeros.<\/p>\n\n\n\n<p>El intendente tambi\u00e9n recorri\u00f3 las obras del Centro C\u00edvico. Es esta la primera etapa de un ambicioso proyecto que permitir\u00e1 el funcionamiento de \u00e1rea municipales y dependencia provinciales o nacionales concentradas en un solo lugar f\u00edsico de la ciudad.<\/p>\n\n\n\n<div class=\"wp-block-image is-style-default\"><figure class=\"aligncenter size-medium\"><img loading=\"lazy\" decoding=\"async\" width=\"460\" height=\"269\" src=\"http:\/\/infoecos.com.ar\/wp-content\/uploads\/2021\/07\/fernandezpaviment30-460x269.jpg\" alt=\"\" class=\"wp-image-81544\" srcset=\"https:\/\/infoecos.com.ar\/wp-content\/uploads\/2021\/07\/fernandezpaviment30-460x269.jpg 460w, https:\/\/infoecos.com.ar\/wp-content\/uploads\/2021\/07\/fernandezpaviment30-920x538.jpg 920w, https:\/\/infoecos.com.ar\/wp-content\/uploads\/2021\/07\/fernandezpaviment30-768x449.jpg 768w, https:\/\/infoecos.com.ar\/wp-content\/uploads\/2021\/07\/fernandezpaviment30-1536x899.jpg 1536w, https:\/\/infoecos.com.ar\/wp-content\/uploads\/2021\/07\/fernandezpaviment30-1024x599.jpg 1024w, https:\/\/infoecos.com.ar\/wp-content\/uploads\/2021\/07\/fernandezpaviment30.jpg 1567w\" sizes=\"(max-width: 460px) 100vw, 460px\" \/><\/figure><\/div>\n\n\n\n<p>Por \u00faltimo estuvo en el Edificio Escuela Especial N\u00b0503. <\/p>\n\n\n\n<p>Finalizada la recorrida, el Intendente instruy\u00f3 al equipo t\u00e9cnico de obras en la ciudad de 30 de Agosto, se d\u00e9 comienzo con los tr\u00e1mites y gestiones iniciales para poner en marcha la construcci\u00f3n del nuevo edificio de la Escuela. La construcci\u00f3n de dicho establecimiento, ser\u00e1 en el terreno que dicha escuela posee en la calle Estrada y Rivadavia del barrio 29.<\/p>\n\n\n\n<div class=\"wp-block-image is-style-default\"><figure class=\"aligncenter size-medium\"><img loading=\"lazy\" decoding=\"async\" width=\"460\" height=\"263\" src=\"http:\/\/infoecos.com.ar\/wp-content\/uploads\/2021\/07\/fernandezplayaestaciona-460x263.jpg\" alt=\"\" class=\"wp-image-81545\" srcset=\"https:\/\/infoecos.com.ar\/wp-content\/uploads\/2021\/07\/fernandezplayaestaciona-460x263.jpg 460w, https:\/\/infoecos.com.ar\/wp-content\/uploads\/2021\/07\/fernandezplayaestaciona-920x526.jpg 920w, https:\/\/infoecos.com.ar\/wp-content\/uploads\/2021\/07\/fernandezplayaestaciona-768x439.jpg 768w, https:\/\/infoecos.com.ar\/wp-content\/uploads\/2021\/07\/fernandezplayaestaciona-1536x878.jpg 1536w, https:\/\/infoecos.com.ar\/wp-content\/uploads\/2021\/07\/fernandezplayaestaciona-1024x585.jpg 1024w, https:\/\/infoecos.com.ar\/wp-content\/uploads\/2021\/07\/fernandezplayaestaciona.jpg 2011w\" sizes=\"(max-width: 460px) 100vw, 460px\" \/><\/figure><\/div>\n","protected":false},"excerpt":{"rendered":"<p>Fue el pasado mi\u00e9rcoles. Decidi\u00f3 la puesta en marcha de la obra de construcci\u00f3n del edificio de la escuela especial 503<\/p>\n","protected":false},"author":2,"featured_media":81544,"comment_status":"closed","ping_status":"open","sticky":false,"template":"","format":"standard","meta":{"footnotes":""},"categories":[42],"tags":[4290],"class_list":["post-81541","post","type-post","status-publish","format-standard","has-post-thumbnail","hentry","category-inferior3","tag-reuniones-y-recorridas-por-obras"],"yoast_head":"<!-- This site is optimized with the Yoast SEO plugin v23.4 - https:\/\/yoast.com\/wordpress\/plugins\/seo\/ -->\n<title>El intendente de Trenque Lauquen decidi\u00f3 la construcci\u00f3n de un nuevo edificio para la Escuela Especial 503 de 30 de Agosto - Infoecos<\/title>\n<meta name=\"robots\" content=\"index, follow, max-snippet:-1, max-image-preview:large, max-video-preview:-1\" \/>\n<link rel=\"canonical\" href=\"https:\/\/infoecos.com.ar\/index.php\/y-mientras-el-clima-politico-en-trenque-lauquen-parece-caldearse-el-intendente-fernandez-estuvo-en-30-de-agosto\/\" \/>\n<meta property=\"og:locale\" content=\"es_ES\" \/>\n<meta property=\"og:type\" content=\"article\" \/>\n<meta property=\"og:title\" content=\"El intendente de Trenque Lauquen decidi\u00f3 la construcci\u00f3n de un nuevo edificio para la Escuela Especial 503 de 30 de Agosto - Infoecos\" \/>\n<meta property=\"og:description\" content=\"Fue el pasado mi\u00e9rcoles. Decidi\u00f3 la puesta en marcha de la obra de construcci\u00f3n del edificio de la escuela especial 503\" \/>\n<meta property=\"og:url\" content=\"https:\/\/infoecos.com.ar\/index.php\/y-mientras-el-clima-politico-en-trenque-lauquen-parece-caldearse-el-intendente-fernandez-estuvo-en-30-de-agosto\/\" \/>\n<meta property=\"og:site_name\" content=\"Infoecos\" \/>\n<meta property=\"article:publisher\" content=\"https:\/\/www.facebook.com\/profile.php?id=100063200290284\" \/>\n<meta property=\"article:published_time\" content=\"2021-07-17T06:23:58+00:00\" \/>\n<meta property=\"article:modified_time\" content=\"2021-07-20T06:53:01+00:00\" \/>\n<meta property=\"og:image\" content=\"https:\/\/infoecos.com.ar\/wp-content\/uploads\/2021\/07\/fernandezpaviment30.jpg\" \/>\n\t<meta property=\"og:image:width\" content=\"1567\" \/>\n\t<meta property=\"og:image:height\" content=\"917\" \/>\n\t<meta property=\"og:image:type\" content=\"image\/jpeg\" \/>\n<meta name=\"author\" content=\"Jorge Matheus\" \/>\n<meta name=\"twitter:card\" content=\"summary_large_image\" \/>\n<meta name=\"twitter:creator\" content=\"@infoecos\" \/>\n<meta name=\"twitter:site\" content=\"@infoecos\" \/>\n<meta name=\"twitter:label1\" content=\"Escrito por\" \/>\n\t<meta name=\"twitter:data1\" content=\"Jorge Matheus\" \/>\n\t<meta name=\"twitter:label2\" content=\"Tiempo de lectura\" \/>\n\t<meta name=\"twitter:data2\" content=\"2 minutos\" \/>\n<script type=\"application\/ld+json\" class=\"yoast-schema-graph\">{\"@context\":\"https:\/\/schema.org\",\"@graph\":[{\"@type\":\"Article\",\"@id\":\"https:\/\/infoecos.com.ar\/index.php\/y-mientras-el-clima-politico-en-trenque-lauquen-parece-caldearse-el-intendente-fernandez-estuvo-en-30-de-agosto\/#article\",\"isPartOf\":{\"@id\":\"https:\/\/infoecos.com.ar\/index.php\/y-mientras-el-clima-politico-en-trenque-lauquen-parece-caldearse-el-intendente-fernandez-estuvo-en-30-de-agosto\/\"},\"author\":{\"name\":\"Jorge Matheus\",\"@id\":\"https:\/\/infoecos.com.ar\/#\/schema\/person\/8f5ace5ce73b4b4aac4b7245aee6f191\"},\"headline\":\"El intendente de Trenque Lauquen decidi\u00f3 la construcci\u00f3n de un nuevo edificio para la Escuela Especial 503 de 30 de Agosto\",\"datePublished\":\"2021-07-17T06:23:58+00:00\",\"dateModified\":\"2021-07-20T06:53:01+00:00\",\"mainEntityOfPage\":{\"@id\":\"https:\/\/infoecos.com.ar\/index.php\/y-mientras-el-clima-politico-en-trenque-lauquen-parece-caldearse-el-intendente-fernandez-estuvo-en-30-de-agosto\/\"},\"wordCount\":370,\"publisher\":{\"@id\":\"https:\/\/infoecos.com.ar\/#organization\"},\"image\":{\"@id\":\"https:\/\/infoecos.com.ar\/index.php\/y-mientras-el-clima-politico-en-trenque-lauquen-parece-caldearse-el-intendente-fernandez-estuvo-en-30-de-agosto\/#primaryimage\"},\"thumbnailUrl\":\"https:\/\/infoecos.com.ar\/wp-content\/uploads\/2021\/07\/fernandezpaviment30.jpg\",\"keywords\":[\"REUNIONES Y RECORRIDAS POR OBRAS\"],\"articleSection\":[\"Bloque inferior - 3\"],\"inLanguage\":\"es\"},{\"@type\":\"WebPage\",\"@id\":\"https:\/\/infoecos.com.ar\/index.php\/y-mientras-el-clima-politico-en-trenque-lauquen-parece-caldearse-el-intendente-fernandez-estuvo-en-30-de-agosto\/\",\"url\":\"https:\/\/infoecos.com.ar\/index.php\/y-mientras-el-clima-politico-en-trenque-lauquen-parece-caldearse-el-intendente-fernandez-estuvo-en-30-de-agosto\/\",\"name\":\"El intendente de Trenque Lauquen decidi\u00f3 la construcci\u00f3n de un nuevo edificio para la Escuela Especial 503 de 30 de Agosto - Infoecos\",\"isPartOf\":{\"@id\":\"https:\/\/infoecos.com.ar\/#website\"},\"primaryImageOfPage\":{\"@id\":\"https:\/\/infoecos.com.ar\/index.php\/y-mientras-el-clima-politico-en-trenque-lauquen-parece-caldearse-el-intendente-fernandez-estuvo-en-30-de-agosto\/#primaryimage\"},\"image\":{\"@id\":\"https:\/\/infoecos.com.ar\/index.php\/y-mientras-el-clima-politico-en-trenque-lauquen-parece-caldearse-el-intendente-fernandez-estuvo-en-30-de-agosto\/#primaryimage\"},\"thumbnailUrl\":\"https:\/\/infoecos.com.ar\/wp-content\/uploads\/2021\/07\/fernandezpaviment30.jpg\",\"datePublished\":\"2021-07-17T06:23:58+00:00\",\"dateModified\":\"2021-07-20T06:53:01+00:00\",\"breadcrumb\":{\"@id\":\"https:\/\/infoecos.com.ar\/index.php\/y-mientras-el-clima-politico-en-trenque-lauquen-parece-caldearse-el-intendente-fernandez-estuvo-en-30-de-agosto\/#breadcrumb\"},\"inLanguage\":\"es\",\"potentialAction\":[{\"@type\":\"ReadAction\",\"target\":[\"https:\/\/infoecos.com.ar\/index.php\/y-mientras-el-clima-politico-en-trenque-lauquen-parece-caldearse-el-intendente-fernandez-estuvo-en-30-de-agosto\/\"]}]},{\"@type\":\"ImageObject\",\"inLanguage\":\"es\",\"@id\":\"https:\/\/infoecos.com.ar\/index.php\/y-mientras-el-clima-politico-en-trenque-lauquen-parece-caldearse-el-intendente-fernandez-estuvo-en-30-de-agosto\/#primaryimage\",\"url\":\"https:\/\/infoecos.com.ar\/wp-content\/uploads\/2021\/07\/fernandezpaviment30.jpg\",\"contentUrl\":\"https:\/\/infoecos.com.ar\/wp-content\/uploads\/2021\/07\/fernandezpaviment30.jpg\",\"width\":1567,\"height\":917},{\"@type\":\"BreadcrumbList\",\"@id\":\"https:\/\/infoecos.com.ar\/index.php\/y-mientras-el-clima-politico-en-trenque-lauquen-parece-caldearse-el-intendente-fernandez-estuvo-en-30-de-agosto\/#breadcrumb\",\"itemListElement\":[{\"@type\":\"ListItem\",\"position\":1,\"name\":\"Portada\",\"item\":\"https:\/\/infoecos.com.ar\/\"},{\"@type\":\"ListItem\",\"position\":2,\"name\":\"El intendente de Trenque Lauquen decidi\u00f3 la construcci\u00f3n de un nuevo edificio para la Escuela Especial 503 de 30 de Agosto\"}]},{\"@type\":\"WebSite\",\"@id\":\"https:\/\/infoecos.com.ar\/#website\",\"url\":\"https:\/\/infoecos.com.ar\/\",\"name\":\"Infoecos\",\"description\":\"Noticias de trenque lauquen y la zona\",\"publisher\":{\"@id\":\"https:\/\/infoecos.com.ar\/#organization\"},\"alternateName\":\"Noticias\",\"potentialAction\":[{\"@type\":\"SearchAction\",\"target\":{\"@type\":\"EntryPoint\",\"urlTemplate\":\"https:\/\/infoecos.com.ar\/?s={search_term_string}\"},\"query-input\":{\"@type\":\"PropertyValueSpecification\",\"valueRequired\":true,\"valueName\":\"search_term_string\"}}],\"inLanguage\":\"es\"},{\"@type\":\"Organization\",\"@id\":\"https:\/\/infoecos.com.ar\/#organization\",\"name\":\"Infoecos\",\"alternateName\":\"Noticias\",\"url\":\"https:\/\/infoecos.com.ar\/\",\"logo\":{\"@type\":\"ImageObject\",\"inLanguage\":\"es\",\"@id\":\"https:\/\/infoecos.com.ar\/#\/schema\/logo\/image\/\",\"url\":\"https:\/\/infoecos.com.ar\/wp-content\/uploads\/2024\/03\/cropped-logo.png\",\"contentUrl\":\"https:\/\/infoecos.com.ar\/wp-content\/uploads\/2024\/03\/cropped-logo.png\",\"width\":374,\"height\":90,\"caption\":\"Infoecos\"},\"image\":{\"@id\":\"https:\/\/infoecos.com.ar\/#\/schema\/logo\/image\/\"},\"sameAs\":[\"https:\/\/www.facebook.com\/profile.php?id=100063200290284\",\"https:\/\/x.com\/infoecos\"]},{\"@type\":\"Person\",\"@id\":\"https:\/\/infoecos.com.ar\/#\/schema\/person\/8f5ace5ce73b4b4aac4b7245aee6f191\",\"name\":\"Jorge Matheus\",\"url\":\"https:\/\/infoecos.com.ar\/index.php\/author\/jomatheus\/\"}]}<\/script>\n<!-- \/ Yoast SEO plugin. -->","yoast_head_json":{"title":"El intendente de Trenque Lauquen decidi\u00f3 la construcci\u00f3n de un nuevo edificio para la Escuela Especial 503 de 30 de Agosto - Infoecos","robots":{"index":"index","follow":"follow","max-snippet":"max-snippet:-1","max-image-preview":"max-image-preview:large","max-video-preview":"max-video-preview:-1"},"canonical":"https:\/\/infoecos.com.ar\/index.php\/y-mientras-el-clima-politico-en-trenque-lauquen-parece-caldearse-el-intendente-fernandez-estuvo-en-30-de-agosto\/","og_locale":"es_ES","og_type":"article","og_title":"El intendente de Trenque Lauquen decidi\u00f3 la construcci\u00f3n de un nuevo edificio para la Escuela Especial 503 de 30 de Agosto - Infoecos","og_description":"Fue el pasado mi\u00e9rcoles. Decidi\u00f3 la puesta en marcha de la obra de construcci\u00f3n del edificio de la escuela especial 503","og_url":"https:\/\/infoecos.com.ar\/index.php\/y-mientras-el-clima-politico-en-trenque-lauquen-parece-caldearse-el-intendente-fernandez-estuvo-en-30-de-agosto\/","og_site_name":"Infoecos","article_publisher":"https:\/\/www.facebook.com\/profile.php?id=100063200290284","article_published_time":"2021-07-17T06:23:58+00:00","article_modified_time":"2021-07-20T06:53:01+00:00","og_image":[{"width":1567,"height":917,"url":"https:\/\/infoecos.com.ar\/wp-content\/uploads\/2021\/07\/fernandezpaviment30.jpg","type":"image\/jpeg"}],"author":"Jorge Matheus","twitter_card":"summary_large_image","twitter_creator":"@infoecos","twitter_site":"@infoecos","twitter_misc":{"Escrito por":"Jorge Matheus","Tiempo de lectura":"2 minutos"},"schema":{"@context":"https:\/\/schema.org","@graph":[{"@type":"Article","@id":"https:\/\/infoecos.com.ar\/index.php\/y-mientras-el-clima-politico-en-trenque-lauquen-parece-caldearse-el-intendente-fernandez-estuvo-en-30-de-agosto\/#article","isPartOf":{"@id":"https:\/\/infoecos.com.ar\/index.php\/y-mientras-el-clima-politico-en-trenque-lauquen-parece-caldearse-el-intendente-fernandez-estuvo-en-30-de-agosto\/"},"author":{"name":"Jorge Matheus","@id":"https:\/\/infoecos.com.ar\/#\/schema\/person\/8f5ace5ce73b4b4aac4b7245aee6f191"},"headline":"El intendente de Trenque Lauquen decidi\u00f3 la construcci\u00f3n de un nuevo edificio para la Escuela Especial 503 de 30 de Agosto","datePublished":"2021-07-17T06:23:58+00:00","dateModified":"2021-07-20T06:53:01+00:00","mainEntityOfPage":{"@id":"https:\/\/infoecos.com.ar\/index.php\/y-mientras-el-clima-politico-en-trenque-lauquen-parece-caldearse-el-intendente-fernandez-estuvo-en-30-de-agosto\/"},"wordCount":370,"publisher":{"@id":"https:\/\/infoecos.com.ar\/#organization"},"image":{"@id":"https:\/\/infoecos.com.ar\/index.php\/y-mientras-el-clima-politico-en-trenque-lauquen-parece-caldearse-el-intendente-fernandez-estuvo-en-30-de-agosto\/#primaryimage"},"thumbnailUrl":"https:\/\/infoecos.com.ar\/wp-content\/uploads\/2021\/07\/fernandezpaviment30.jpg","keywords":["REUNIONES Y RECORRIDAS POR OBRAS"],"articleSection":["Bloque inferior - 3"],"inLanguage":"es"},{"@type":"WebPage","@id":"https:\/\/infoecos.com.ar\/index.php\/y-mientras-el-clima-politico-en-trenque-lauquen-parece-caldearse-el-intendente-fernandez-estuvo-en-30-de-agosto\/","url":"https:\/\/infoecos.com.ar\/index.php\/y-mientras-el-clima-politico-en-trenque-lauquen-parece-caldearse-el-intendente-fernandez-estuvo-en-30-de-agosto\/","name":"El intendente de Trenque Lauquen decidi\u00f3 la construcci\u00f3n de un nuevo edificio para la Escuela Especial 503 de 30 de Agosto - Infoecos","isPartOf":{"@id":"https:\/\/infoecos.com.ar\/#website"},"primaryImageOfPage":{"@id":"https:\/\/infoecos.com.ar\/index.php\/y-mientras-el-clima-politico-en-trenque-lauquen-parece-caldearse-el-intendente-fernandez-estuvo-en-30-de-agosto\/#primaryimage"},"image":{"@id":"https:\/\/infoecos.com.ar\/index.php\/y-mientras-el-clima-politico-en-trenque-lauquen-parece-caldearse-el-intendente-fernandez-estuvo-en-30-de-agosto\/#primaryimage"},"thumbnailUrl":"https:\/\/infoecos.com.ar\/wp-content\/uploads\/2021\/07\/fernandezpaviment30.jpg","datePublished":"2021-07-17T06:23:58+00:00","dateModified":"2021-07-20T06:53:01+00:00","breadcrumb":{"@id":"https:\/\/infoecos.com.ar\/index.php\/y-mientras-el-clima-politico-en-trenque-lauquen-parece-caldearse-el-intendente-fernandez-estuvo-en-30-de-agosto\/#breadcrumb"},"inLanguage":"es","potentialAction":[{"@type":"ReadAction","target":["https:\/\/infoecos.com.ar\/index.php\/y-mientras-el-clima-politico-en-trenque-lauquen-parece-caldearse-el-intendente-fernandez-estuvo-en-30-de-agosto\/"]}]},{"@type":"ImageObject","inLanguage":"es","@id":"https:\/\/infoecos.com.ar\/index.php\/y-mientras-el-clima-politico-en-trenque-lauquen-parece-caldearse-el-intendente-fernandez-estuvo-en-30-de-agosto\/#primaryimage","url":"https:\/\/infoecos.com.ar\/wp-content\/uploads\/2021\/07\/fernandezpaviment30.jpg","contentUrl":"https:\/\/infoecos.com.ar\/wp-content\/uploads\/2021\/07\/fernandezpaviment30.jpg","width":1567,"height":917},{"@type":"BreadcrumbList","@id":"https:\/\/infoecos.com.ar\/index.php\/y-mientras-el-clima-politico-en-trenque-lauquen-parece-caldearse-el-intendente-fernandez-estuvo-en-30-de-agosto\/#breadcrumb","itemListElement":[{"@type":"ListItem","position":1,"name":"Portada","item":"https:\/\/infoecos.com.ar\/"},{"@type":"ListItem","position":2,"name":"El intendente de Trenque Lauquen decidi\u00f3 la construcci\u00f3n de un nuevo edificio para la Escuela Especial 503 de 30 de Agosto"}]},{"@type":"WebSite","@id":"https:\/\/infoecos.com.ar\/#website","url":"https:\/\/infoecos.com.ar\/","name":"Infoecos","description":"Noticias de trenque lauquen y la zona","publisher":{"@id":"https:\/\/infoecos.com.ar\/#organization"},"alternateName":"Noticias","potentialAction":[{"@type":"SearchAction","target":{"@type":"EntryPoint","urlTemplate":"https:\/\/infoecos.com.ar\/?s={search_term_string}"},"query-input":{"@type":"PropertyValueSpecification","valueRequired":true,"valueName":"search_term_string"}}],"inLanguage":"es"},{"@type":"Organization","@id":"https:\/\/infoecos.com.ar\/#organization","name":"Infoecos","alternateName":"Noticias","url":"https:\/\/infoecos.com.ar\/","logo":{"@type":"ImageObject","inLanguage":"es","@id":"https:\/\/infoecos.com.ar\/#\/schema\/logo\/image\/","url":"https:\/\/infoecos.com.ar\/wp-content\/uploads\/2024\/03\/cropped-logo.png","contentUrl":"https:\/\/infoecos.com.ar\/wp-content\/uploads\/2024\/03\/cropped-logo.png","width":374,"height":90,"caption":"Infoecos"},"image":{"@id":"https:\/\/infoecos.com.ar\/#\/schema\/logo\/image\/"},"sameAs":["https:\/\/www.facebook.com\/profile.php?id=100063200290284","https:\/\/x.com\/infoecos"]},{"@type":"Person","@id":"https:\/\/infoecos.com.ar\/#\/schema\/person\/8f5ace5ce73b4b4aac4b7245aee6f191","name":"Jorge Matheus","url":"https:\/\/infoecos.com.ar\/index.php\/author\/jomatheus\/"}]}},"featured_image_urls":{"full":["https:\/\/infoecos.com.ar\/wp-content\/uploads\/2021\/07\/fernandezpaviment30.jpg",1567,917,false],"thumbnail":["https:\/\/infoecos.com.ar\/wp-content\/uploads\/2021\/07\/fernandezpaviment30-150x150.jpg",150,150,true],"medium":["https:\/\/infoecos.com.ar\/wp-content\/uploads\/2021\/07\/fernandezpaviment30-460x269.jpg",460,269,true],"medium_large":["https:\/\/infoecos.com.ar\/wp-content\/uploads\/2021\/07\/fernandezpaviment30-768x449.jpg",640,374,true],"large":["https:\/\/infoecos.com.ar\/wp-content\/uploads\/2021\/07\/fernandezpaviment30-920x538.jpg",640,374,true],"1536x1536":["https:\/\/infoecos.com.ar\/wp-content\/uploads\/2021\/07\/fernandezpaviment30-1536x899.jpg",1536,899,true],"2048x2048":["https:\/\/infoecos.com.ar\/wp-content\/uploads\/2021\/07\/fernandezpaviment30.jpg",1567,917,false],"covernews-slider-full":["https:\/\/infoecos.com.ar\/wp-content\/uploads\/2021\/07\/fernandezpaviment30-1536x917.jpg",1115,666,true],"covernews-slider-center":["https:\/\/infoecos.com.ar\/wp-content\/uploads\/2021\/07\/fernandezpaviment30-936x897.jpg",522,500,true],"covernews-featured":["https:\/\/infoecos.com.ar\/wp-content\/uploads\/2021\/07\/fernandezpaviment30-1024x599.jpg",1024,599,true],"covernews-medium":["https:\/\/infoecos.com.ar\/wp-content\/uploads\/2021\/07\/fernandezpaviment30-720x380.jpg",540,285,true],"covernews-medium-square":["https:\/\/infoecos.com.ar\/wp-content\/uploads\/2021\/07\/fernandezpaviment30-675x450.jpg",375,250,true]},"author_info":{"info":["Jorge Matheus"]},"category_info":"<a href=\"https:\/\/infoecos.com.ar\/index.php\/category\/inferior3\/\" rel=\"category tag\">Bloque inferior - 3<\/a>","tag_info":"Bloque inferior - 3","comment_count":"0","_links":{"self":[{"href":"https:\/\/infoecos.com.ar\/index.php\/wp-json\/wp\/v2\/posts\/81541"}],"collection":[{"href":"https:\/\/infoecos.com.ar\/index.php\/wp-json\/wp\/v2\/posts"}],"about":[{"href":"https:\/\/infoecos.com.ar\/index.php\/wp-json\/wp\/v2\/types\/post"}],"author":[{"embeddable":true,"href":"https:\/\/infoecos.com.ar\/index.php\/wp-json\/wp\/v2\/users\/2"}],"replies":[{"embeddable":true,"href":"https:\/\/infoecos.com.ar\/index.php\/wp-json\/wp\/v2\/comments?post=81541"}],"version-history":[{"count":4,"href":"https:\/\/infoecos.com.ar\/index.php\/wp-json\/wp\/v2\/posts\/81541\/revisions"}],"predecessor-version":[{"id":81592,"href":"https:\/\/infoecos.com.ar\/index.php\/wp-json\/wp\/v2\/posts\/81541\/revisions\/81592"}],"wp:featuredmedia":[{"embeddable":true,"href":"https:\/\/infoecos.com.ar\/index.php\/wp-json\/wp\/v2\/media\/81544"}],"wp:attachment":[{"href":"https:\/\/infoecos.com.ar\/index.php\/wp-json\/wp\/v2\/media?parent=81541"}],"wp:term":[{"taxonomy":"category","embeddable":true,"href":"https:\/\/infoecos.com.ar\/index.php\/wp-json\/wp\/v2\/categories?post=81541"},{"taxonomy":"post_tag","embeddable":true,"href":"https:\/\/infoecos.com.ar\/index.php\/wp-json\/wp\/v2\/tags?post=81541"}],"curies":[{"name":"wp","href":"https:\/\/api.w.org\/{rel}","templated":true}]}}