{"id":81570,"date":"2021-07-18T01:13:33","date_gmt":"2021-07-18T04:13:33","guid":{"rendered":"http:\/\/infoecos.com.ar\/?p=81570"},"modified":"2021-07-18T01:13:37","modified_gmt":"2021-07-18T04:13:37","slug":"el-sabado-se-reporto-una-baja-en-la-cantidad-de-casos-activos-en-trenque-lauquen","status":"publish","type":"post","link":"https:\/\/infoecos.com.ar\/index.php\/el-sabado-se-reporto-una-baja-en-la-cantidad-de-casos-activos-en-trenque-lauquen\/","title":{"rendered":"El s\u00e1bado se report\u00f3 una baja en la cantidad de casos activos en Trenque Lauquen"},"content":{"rendered":"\n<p class=\"wp-block-paragraph\">La subsecretar\u00eda de Salud municipal de Trenque Lauquen report\u00f3 este s\u00e1bado 55 nuevos casos de Covid-19 confirmados, la recuperaci\u00f3n de otras 71 personas y 133 casos descartados, siendo ahora 487 los casos activos en el distrito. Tambi\u00e9n quedan 55 casos sospechosos y 467 personas en aislamiento.<\/p>\n\n\n\n<div class=\"wp-block-image is-style-default\"><figure class=\"aligncenter size-medium\"><img loading=\"lazy\" decoding=\"async\" width=\"460\" height=\"434\" src=\"http:\/\/infoecos.com.ar\/wp-content\/uploads\/2021\/07\/reportesabado-2-460x434.jpg\" alt=\"\" class=\"wp-image-81571\" srcset=\"https:\/\/infoecos.com.ar\/wp-content\/uploads\/2021\/07\/reportesabado-2-460x434.jpg 460w, https:\/\/infoecos.com.ar\/wp-content\/uploads\/2021\/07\/reportesabado-2-768x725.jpg 768w, https:\/\/infoecos.com.ar\/wp-content\/uploads\/2021\/07\/reportesabado-2.jpg 800w\" sizes=\"auto, (max-width: 460px) 100vw, 460px\" \/><\/figure><\/div>\n\n\n\n<p class=\"wp-block-paragraph\">Treinta y siete (37) de los nuevos casos positivo se diagnosticaron por testeo y 18 por nexo o criterio epidemiol\u00f3gico seg\u00fan protocolo actualizado vigente, y 55 corresponden a Trenque Lauquen y uno (1) a Treinta de Agosto. La suma por localidad da 56, pero la diferencia de un (1) caso responde a que se volvi\u00f3 a hisopar a una persona que ya estaba registrada como caso activo confirm\u00e1ndose esta situaci\u00f3n.<\/p>\n\n\n\n<p class=\"wp-block-paragraph\">Entre los 487 casos activos, 444 son de Trenque Lauquen, 35 de Treinta de Agosto, siete (7) de Beruti y uno (1) de Girod\u00edas, permaneciendo 24 en el Hospital Municipal, siete (7) en el Centro Extrahospitalario que funciona en el ex Hotel Pailla Hu\u00e9 y 456 en sus domicilios particulares.<\/p>\n\n\n\n<p class=\"wp-block-paragraph\">Las personas recuperadas entre marzo del a\u00f1o pasado, cuando comenz\u00f3 la pandemia, y la fecha, ascienden a 8.429, incluidas las 71 de hoy: 54 de la ciudad cabecera, diez (10) de Treinta de Agosto y siete (7) de Beruti.<br>Durante el mismo per\u00edodo, y con los 133 casos de las \u00faltimas 24 horas -118 de Trenque Lauquen, siete (7) de Treinta de Agosto, siete (7) de Beruti y uno (1) de Girod\u00edas- ya suman 14.786 los casos descartados<\/p>\n\n\n\n<p class=\"wp-block-paragraph\">Cuarenta y tres (43) de los casos sospechosos que quedan pertenecen a Trenque Lauquen y los otros 12 a Treinta de Agosto, mientras que las 467 personas en aislamiento se distribuyen del siguiente modo: 407 en Trenque Lauquen, 52 en Treinta de Agosto, siete (7) en Beruti y una (1) en Girod\u00edas.<\/p>\n","protected":false},"excerpt":{"rendered":"<p>Entre los 487 casos activos, 444 son de Trenque Lauquen, 35 de Treinta de Agosto, siete (7) de Beruti y uno (1) de Girod\u00edas, permaneciendo 24 en el Hospital Municipal, siete (7) en el Centro Extrahospitalario que funciona en el ex Hotel Pailla Hu\u00e9 y 456 en sus domicilios particulares<\/p>\n","protected":false},"author":2,"featured_media":59465,"comment_status":"closed","ping_status":"open","sticky":false,"template":"","format":"standard","meta":{"footnotes":""},"categories":[1613],"tags":[1785],"class_list":["post-81570","post","type-post","status-publish","format-standard","has-post-thumbnail","hentry","category-noticia-secundaria","tag-coronavirus"],"featured_image_urls":{"full":["https:\/\/infoecos.com.ar\/wp-content\/uploads\/IMG_20200323_191546.jpg",1600,1200,false],"thumbnail":["https:\/\/infoecos.com.ar\/wp-content\/uploads\/IMG_20200323_191546-150x150.jpg",150,150,true],"medium":["https:\/\/infoecos.com.ar\/wp-content\/uploads\/IMG_20200323_191546-460x345.jpg",460,345,true],"medium_large":["https:\/\/infoecos.com.ar\/wp-content\/uploads\/IMG_20200323_191546-768x576.jpg",640,480,true],"large":["https:\/\/infoecos.com.ar\/wp-content\/uploads\/IMG_20200323_191546-920x690.jpg",640,480,true],"1536x1536":["https:\/\/infoecos.com.ar\/wp-content\/uploads\/IMG_20200323_191546-1536x1152.jpg",1536,1152,true],"2048x2048":["https:\/\/infoecos.com.ar\/wp-content\/uploads\/IMG_20200323_191546.jpg",1600,1200,false],"covernews-slider-full":["https:\/\/infoecos.com.ar\/wp-content\/uploads\/IMG_20200323_191546-1536x1020.jpg",1077,715,true],"covernews-slider-center":["https:\/\/infoecos.com.ar\/wp-content\/uploads\/IMG_20200323_191546-936x897.jpg",522,500,true],"covernews-featured":["https:\/\/infoecos.com.ar\/wp-content\/uploads\/IMG_20200323_191546-1024x768.jpg",1024,768,true],"covernews-medium":["https:\/\/infoecos.com.ar\/wp-content\/uploads\/IMG_20200323_191546-720x380.jpg",540,285,true],"covernews-medium-square":["https:\/\/infoecos.com.ar\/wp-content\/uploads\/IMG_20200323_191546-675x450.jpg",375,250,true]},"author_info":{"info":["Jorge Matheus"]},"category_info":"<a href=\"https:\/\/infoecos.com.ar\/index.php\/category\/noticia-secundaria\/\" rel=\"category tag\">Noticia Secundaria<\/a>","tag_info":"Noticia Secundaria","comment_count":"0","_links":{"self":[{"href":"https:\/\/infoecos.com.ar\/index.php\/wp-json\/wp\/v2\/posts\/81570","targetHints":{"allow":["GET"]}}],"collection":[{"href":"https:\/\/infoecos.com.ar\/index.php\/wp-json\/wp\/v2\/posts"}],"about":[{"href":"https:\/\/infoecos.com.ar\/index.php\/wp-json\/wp\/v2\/types\/post"}],"author":[{"embeddable":true,"href":"https:\/\/infoecos.com.ar\/index.php\/wp-json\/wp\/v2\/users\/2"}],"replies":[{"embeddable":true,"href":"https:\/\/infoecos.com.ar\/index.php\/wp-json\/wp\/v2\/comments?post=81570"}],"version-history":[{"count":1,"href":"https:\/\/infoecos.com.ar\/index.php\/wp-json\/wp\/v2\/posts\/81570\/revisions"}],"predecessor-version":[{"id":81572,"href":"https:\/\/infoecos.com.ar\/index.php\/wp-json\/wp\/v2\/posts\/81570\/revisions\/81572"}],"wp:featuredmedia":[{"embeddable":true,"href":"https:\/\/infoecos.com.ar\/index.php\/wp-json\/wp\/v2\/media\/59465"}],"wp:attachment":[{"href":"https:\/\/infoecos.com.ar\/index.php\/wp-json\/wp\/v2\/media?parent=81570"}],"wp:term":[{"taxonomy":"category","embeddable":true,"href":"https:\/\/infoecos.com.ar\/index.php\/wp-json\/wp\/v2\/categories?post=81570"},{"taxonomy":"post_tag","embeddable":true,"href":"https:\/\/infoecos.com.ar\/index.php\/wp-json\/wp\/v2\/tags?post=81570"}],"curies":[{"name":"wp","href":"https:\/\/api.w.org\/{rel}","templated":true}]}}