{"id":81583,"date":"2021-07-18T02:04:55","date_gmt":"2021-07-18T05:04:55","guid":{"rendered":"http:\/\/infoecos.com.ar\/?p=81583"},"modified":"2021-07-20T03:55:49","modified_gmt":"2021-07-20T06:55:49","slug":"el-concejo-deliberante-de-trenque-lauquen-aprobo-una-ordenanza-para-crear-el-fondo-de-emergencia-productiva-por-la-pandemia","status":"publish","type":"post","link":"https:\/\/infoecos.com.ar\/index.php\/el-concejo-deliberante-de-trenque-lauquen-aprobo-una-ordenanza-para-crear-el-fondo-de-emergencia-productiva-por-la-pandemia\/","title":{"rendered":"El Concejo Deliberante de Trenque Lauquen aprob\u00f3 una ordenanza para crear el Fondo de Emergencia Productiva por la pandemia"},"content":{"rendered":"\n<p>El Concejo Deliberante de Trenque Lauquen aprob\u00f3 una Ordenanza tendiente a crear en el distrito el Fondo de Emergencia Productiva por la Pandemia.<\/p>\n\n\n\n<div class=\"wp-block-image is-style-default\"><figure class=\"aligncenter size-medium\"><img loading=\"lazy\" decoding=\"async\" width=\"460\" height=\"345\" src=\"http:\/\/infoecos.com.ar\/wp-content\/uploads\/2021\/07\/HCD2-460x345.jpg\" alt=\"\" class=\"wp-image-81584\" srcset=\"https:\/\/infoecos.com.ar\/wp-content\/uploads\/2021\/07\/HCD2-460x345.jpg 460w, https:\/\/infoecos.com.ar\/wp-content\/uploads\/2021\/07\/HCD2-920x690.jpg 920w, https:\/\/infoecos.com.ar\/wp-content\/uploads\/2021\/07\/HCD2-768x576.jpg 768w, https:\/\/infoecos.com.ar\/wp-content\/uploads\/2021\/07\/HCD2-1024x768.jpg 1024w, https:\/\/infoecos.com.ar\/wp-content\/uploads\/2021\/07\/HCD2.jpg 1280w\" sizes=\"(max-width: 460px) 100vw, 460px\" \/><\/figure><\/div>\n\n\n\n<p>Entre los despachos de Comisiones sancionados, adem\u00e1s, se encuentra una modificaci\u00f3n al Art\u00edculo 1\u00b0, inciso b) de la Ordenanza n\u00b0 4955\/2019, restricci\u00f3n al dominio en calle Batall\u00f3n 2 de Infanter\u00eda; la autorizaci\u00f3n para la obra de extensi\u00f3n de la Red de Gas Natural para los inmuebles ubicados en las calles Carabelli, Carmen Granada, Estrada, Inocencia Su\u00e1rez y Ulrich; la obra de \u201cAlumbrado P\u00fablico Led\u201d en calle Santiago Rubio Oeste entre Racedo y Leiva (ambas aceras); la disposici\u00f3n de que las nuevas edificaciones p\u00fablicas deban contar con baldosas Podot\u00e1ctiles, en la l\u00ednea de la vereda Municipal; y los nombres a las calles del Barrio correspondiente al Loteo Howard Johnson.<\/p>\n\n\n\n<div class=\"wp-block-image is-style-default\"><figure class=\"aligncenter size-medium\"><img loading=\"lazy\" decoding=\"async\" width=\"460\" height=\"345\" src=\"http:\/\/infoecos.com.ar\/wp-content\/uploads\/2021\/07\/HCD4-460x345.jpg\" alt=\"\" class=\"wp-image-81585\" srcset=\"https:\/\/infoecos.com.ar\/wp-content\/uploads\/2021\/07\/HCD4-460x345.jpg 460w, https:\/\/infoecos.com.ar\/wp-content\/uploads\/2021\/07\/HCD4-920x690.jpg 920w, https:\/\/infoecos.com.ar\/wp-content\/uploads\/2021\/07\/HCD4-768x576.jpg 768w, https:\/\/infoecos.com.ar\/wp-content\/uploads\/2021\/07\/HCD4-1024x768.jpg 1024w, https:\/\/infoecos.com.ar\/wp-content\/uploads\/2021\/07\/HCD4.jpg 1280w\" sizes=\"(max-width: 460px) 100vw, 460px\" \/><\/figure><\/div>\n\n\n\n<p>Se suma la convalidaci\u00f3n de una Comunicaci\u00f3n por la cual se solicitar\u00e1 al Departamento Ejecutivo que eval\u00fae la posibilidad de crear el Programa Municipal de Gesti\u00f3n Menstrual; y tres donaciones: de la empresa La Seren\u00edsima, de 90 cajas con alimentos para la Casa del Ni\u00f1o; de los Sres. Jorge Latini y Emma Castillo, a favor de la Municipalidad, de un inmueble ubicado en calle Francisco Moreno; y una donaci\u00f3n a favor del Club Atl\u00e9tico Trenque Lauquen, de cuatro bancos de hormig\u00f3n de propiedad municipal que se encontraban en la Plaza San Mart\u00edn.<\/p>\n\n\n\n<div class=\"wp-block-image is-style-default\"><figure class=\"aligncenter size-medium\"><img loading=\"lazy\" decoding=\"async\" width=\"460\" height=\"345\" src=\"http:\/\/infoecos.com.ar\/wp-content\/uploads\/2021\/07\/HCD8-460x345.jpg\" alt=\"\" class=\"wp-image-81586\" srcset=\"https:\/\/infoecos.com.ar\/wp-content\/uploads\/2021\/07\/HCD8-460x345.jpg 460w, https:\/\/infoecos.com.ar\/wp-content\/uploads\/2021\/07\/HCD8-920x690.jpg 920w, https:\/\/infoecos.com.ar\/wp-content\/uploads\/2021\/07\/HCD8-768x576.jpg 768w, https:\/\/infoecos.com.ar\/wp-content\/uploads\/2021\/07\/HCD8-1024x768.jpg 1024w, https:\/\/infoecos.com.ar\/wp-content\/uploads\/2021\/07\/HCD8.jpg 1280w\" sizes=\"(max-width: 460px) 100vw, 460px\" \/><\/figure><\/div>\n\n\n\n<p>Por \u00faltimo, el Cuerpo sancion\u00f3 cuatro Comunicaciones impulsadas por el bloque Frente Renovador, en las que solicitar\u00e1n al Ejecutivo Municipal que priorice en los Proyectos de Obras que presente ante Organismos Provinciales y Nacionales, los de asfaltado de las calles Llamb\u00edas y Regimiento 3 de Caballer\u00eda que funcionan como accesos a la ciudad desde la Ruta Nacional N\u00b0 5; que informe las causales del cese de la enfermera de la Posta Sanitaria de La Carreta y se vuelva a cubrir el cargo y respecto de la n\u00f3mina de personal beneficiado por la Asignaci\u00f3n de Est\u00edmulo de la Salud por la Pandemia Covid-19; y por \u00faltimo, que realice mantenimiento y puesta en valor de la Plaza \u201cN\u00e9stor Kirchner\u201d, de nuestra ciudad.<\/p>\n\n\n\n<div class=\"wp-block-image is-style-default\"><figure class=\"aligncenter size-medium\"><img loading=\"lazy\" decoding=\"async\" width=\"460\" height=\"345\" src=\"http:\/\/infoecos.com.ar\/wp-content\/uploads\/2021\/07\/HCD3-460x345.jpg\" alt=\"\" class=\"wp-image-81587\" srcset=\"https:\/\/infoecos.com.ar\/wp-content\/uploads\/2021\/07\/HCD3-460x345.jpg 460w, https:\/\/infoecos.com.ar\/wp-content\/uploads\/2021\/07\/HCD3-920x690.jpg 920w, https:\/\/infoecos.com.ar\/wp-content\/uploads\/2021\/07\/HCD3-768x576.jpg 768w, https:\/\/infoecos.com.ar\/wp-content\/uploads\/2021\/07\/HCD3-1024x768.jpg 1024w, https:\/\/infoecos.com.ar\/wp-content\/uploads\/2021\/07\/HCD3.jpg 1280w\" sizes=\"(max-width: 460px) 100vw, 460px\" \/><\/figure><\/div>\n\n\n\n<p>Se suma la aprobaci\u00f3n de dos solicitudes tambi\u00e9n para el Departamento Ejecutivo, impulsadas por los ediles del Frente de Todos, para la implementaci\u00f3n del Programa \u201cTu Lote, Tu Casa\u201d, sancionado por Ordenanza n\u00b0 5150 de 2021, en 30 de Agosto; y que se instale wi fi libre y gratuito en los Hospitales Municipales del distrito.<\/p>\n\n\n\n<div class=\"wp-block-image is-style-default\"><figure class=\"aligncenter size-medium\"><img loading=\"lazy\" decoding=\"async\" width=\"460\" height=\"345\" src=\"http:\/\/infoecos.com.ar\/wp-content\/uploads\/2021\/07\/HCD6-460x345.jpg\" alt=\"\" class=\"wp-image-81588\" srcset=\"https:\/\/infoecos.com.ar\/wp-content\/uploads\/2021\/07\/HCD6-460x345.jpg 460w, https:\/\/infoecos.com.ar\/wp-content\/uploads\/2021\/07\/HCD6-920x690.jpg 920w, https:\/\/infoecos.com.ar\/wp-content\/uploads\/2021\/07\/HCD6-768x576.jpg 768w, https:\/\/infoecos.com.ar\/wp-content\/uploads\/2021\/07\/HCD6-1024x768.jpg 1024w, https:\/\/infoecos.com.ar\/wp-content\/uploads\/2021\/07\/HCD6.jpg 1280w\" sizes=\"(max-width: 460px) 100vw, 460px\" \/><\/figure><\/div>\n\n\n\n<p>Tambi\u00e9n fue sancionado un pedido que ser\u00e1 dirigido a la Direcci\u00f3n Provincial de Hidr\u00e1ulica, para que tenga a bien considerar la reparaci\u00f3n y mantenimiento de las compuertas reguladoras del Canal Cuero de Zorro\/El Hinojo.<\/p>\n\n\n\n<p>Al cierre de la Sesi\u00f3n, fue sancionado sobre tablas un Decreto que declara de Inter\u00e9s Legislativo a las jornadas denominadas \u201cVacaciones en CEARTE\u201d, que se desarrollan en la sala del Centro de Arte Teatral desde los d\u00edas 16 al 31 de julio.<\/p>\n\n\n\n<div class=\"wp-block-image is-style-default\"><figure class=\"aligncenter size-medium\"><img loading=\"lazy\" decoding=\"async\" width=\"460\" height=\"345\" src=\"http:\/\/infoecos.com.ar\/wp-content\/uploads\/2021\/07\/HCD1-460x345.jpg\" alt=\"\" class=\"wp-image-81589\" srcset=\"https:\/\/infoecos.com.ar\/wp-content\/uploads\/2021\/07\/HCD1-460x345.jpg 460w, https:\/\/infoecos.com.ar\/wp-content\/uploads\/2021\/07\/HCD1-920x690.jpg 920w, https:\/\/infoecos.com.ar\/wp-content\/uploads\/2021\/07\/HCD1-768x576.jpg 768w, https:\/\/infoecos.com.ar\/wp-content\/uploads\/2021\/07\/HCD1-1024x768.jpg 1024w, https:\/\/infoecos.com.ar\/wp-content\/uploads\/2021\/07\/HCD1.jpg 1280w\" sizes=\"(max-width: 460px) 100vw, 460px\" \/><\/figure><\/div>\n\n\n\n<p>Durante la Sesi\u00f3n, que comenz\u00f3 alrededor de las 21.30 horas y culmin\u00f3 a las 23, prest\u00f3 juramento y asumi\u00f3 como concejal suplente del bloque Juntos por el Cambio, Jos\u00e9 Mar\u00eda Provenzano, qui\u00e9n ocup\u00f3 la banca de Andrea Cacciabue, por encontrarse de licencia al igual que el concejal de la misma bancada, Esteban Vidal, cuya banca fue ocupada por la edil suplente Natalia Fegan.<\/p>\n\n\n\n<p><strong>Fuente: \u00c1rea de Prensa del Concejo Deliberante de Trenque Lauquen<\/strong><\/p>\n","protected":false},"excerpt":{"rendered":"<p>Dos solicitudes tambi\u00e9n para el Departamento Ejecutivo, impulsadas por los ediles del Frente de Todos, para la implementaci\u00f3n del Programa \u201cTu Lote, Tu Casa\u201d en 30 de Agosto<\/p>\n","protected":false},"author":2,"featured_media":81586,"comment_status":"closed","ping_status":"open","sticky":false,"template":"","format":"standard","meta":{"footnotes":""},"categories":[42],"tags":[4297],"class_list":["post-81583","post","type-post","status-publish","format-standard","has-post-thumbnail","hentry","category-inferior3","tag-sesiono-el-viernes"],"yoast_head":"<!-- This site is optimized with the Yoast SEO plugin v23.4 - https:\/\/yoast.com\/wordpress\/plugins\/seo\/ -->\n<title>El Concejo Deliberante de Trenque Lauquen aprob\u00f3 una ordenanza para crear el Fondo de Emergencia Productiva por la pandemia - Infoecos<\/title>\n<meta name=\"robots\" content=\"index, follow, max-snippet:-1, max-image-preview:large, max-video-preview:-1\" \/>\n<link rel=\"canonical\" href=\"https:\/\/infoecos.com.ar\/index.php\/el-concejo-deliberante-de-trenque-lauquen-aprobo-una-ordenanza-para-crear-el-fondo-de-emergencia-productiva-por-la-pandemia\/\" \/>\n<meta property=\"og:locale\" content=\"es_ES\" \/>\n<meta property=\"og:type\" content=\"article\" \/>\n<meta property=\"og:title\" content=\"El Concejo Deliberante de Trenque Lauquen aprob\u00f3 una ordenanza para crear el Fondo de Emergencia Productiva por la pandemia - Infoecos\" \/>\n<meta property=\"og:description\" content=\"Dos solicitudes tambi\u00e9n para el Departamento Ejecutivo, impulsadas por los ediles del Frente de Todos, para la implementaci\u00f3n del Programa \u201cTu Lote, Tu Casa\u201d en 30 de Agosto\" \/>\n<meta property=\"og:url\" content=\"https:\/\/infoecos.com.ar\/index.php\/el-concejo-deliberante-de-trenque-lauquen-aprobo-una-ordenanza-para-crear-el-fondo-de-emergencia-productiva-por-la-pandemia\/\" \/>\n<meta property=\"og:site_name\" content=\"Infoecos\" \/>\n<meta property=\"article:publisher\" content=\"https:\/\/www.facebook.com\/profile.php?id=100063200290284\" \/>\n<meta property=\"article:published_time\" content=\"2021-07-18T05:04:55+00:00\" \/>\n<meta property=\"article:modified_time\" content=\"2021-07-20T06:55:49+00:00\" \/>\n<meta property=\"og:image\" content=\"https:\/\/infoecos.com.ar\/wp-content\/uploads\/2021\/07\/HCD8.jpg\" \/>\n\t<meta property=\"og:image:width\" content=\"1280\" \/>\n\t<meta property=\"og:image:height\" content=\"960\" \/>\n\t<meta property=\"og:image:type\" content=\"image\/jpeg\" \/>\n<meta name=\"author\" content=\"Jorge Matheus\" \/>\n<meta name=\"twitter:card\" content=\"summary_large_image\" \/>\n<meta name=\"twitter:creator\" content=\"@infoecos\" \/>\n<meta name=\"twitter:site\" content=\"@infoecos\" \/>\n<meta name=\"twitter:label1\" content=\"Escrito por\" \/>\n\t<meta name=\"twitter:data1\" content=\"Jorge Matheus\" \/>\n\t<meta name=\"twitter:label2\" content=\"Tiempo de lectura\" \/>\n\t<meta name=\"twitter:data2\" content=\"3 minutos\" \/>\n<script type=\"application\/ld+json\" class=\"yoast-schema-graph\">{\"@context\":\"https:\/\/schema.org\",\"@graph\":[{\"@type\":\"Article\",\"@id\":\"https:\/\/infoecos.com.ar\/index.php\/el-concejo-deliberante-de-trenque-lauquen-aprobo-una-ordenanza-para-crear-el-fondo-de-emergencia-productiva-por-la-pandemia\/#article\",\"isPartOf\":{\"@id\":\"https:\/\/infoecos.com.ar\/index.php\/el-concejo-deliberante-de-trenque-lauquen-aprobo-una-ordenanza-para-crear-el-fondo-de-emergencia-productiva-por-la-pandemia\/\"},\"author\":{\"name\":\"Jorge Matheus\",\"@id\":\"https:\/\/infoecos.com.ar\/#\/schema\/person\/8f5ace5ce73b4b4aac4b7245aee6f191\"},\"headline\":\"El Concejo Deliberante de Trenque Lauquen aprob\u00f3 una ordenanza para crear el Fondo de Emergencia Productiva por la pandemia\",\"datePublished\":\"2021-07-18T05:04:55+00:00\",\"dateModified\":\"2021-07-20T06:55:49+00:00\",\"mainEntityOfPage\":{\"@id\":\"https:\/\/infoecos.com.ar\/index.php\/el-concejo-deliberante-de-trenque-lauquen-aprobo-una-ordenanza-para-crear-el-fondo-de-emergencia-productiva-por-la-pandemia\/\"},\"wordCount\":598,\"publisher\":{\"@id\":\"https:\/\/infoecos.com.ar\/#organization\"},\"image\":{\"@id\":\"https:\/\/infoecos.com.ar\/index.php\/el-concejo-deliberante-de-trenque-lauquen-aprobo-una-ordenanza-para-crear-el-fondo-de-emergencia-productiva-por-la-pandemia\/#primaryimage\"},\"thumbnailUrl\":\"https:\/\/infoecos.com.ar\/wp-content\/uploads\/2021\/07\/HCD8.jpg\",\"keywords\":[\"SESION\u00d3 EL VIERNES\"],\"articleSection\":[\"Bloque inferior - 3\"],\"inLanguage\":\"es\"},{\"@type\":\"WebPage\",\"@id\":\"https:\/\/infoecos.com.ar\/index.php\/el-concejo-deliberante-de-trenque-lauquen-aprobo-una-ordenanza-para-crear-el-fondo-de-emergencia-productiva-por-la-pandemia\/\",\"url\":\"https:\/\/infoecos.com.ar\/index.php\/el-concejo-deliberante-de-trenque-lauquen-aprobo-una-ordenanza-para-crear-el-fondo-de-emergencia-productiva-por-la-pandemia\/\",\"name\":\"El Concejo Deliberante de Trenque Lauquen aprob\u00f3 una ordenanza para crear el Fondo de Emergencia Productiva por la pandemia - Infoecos\",\"isPartOf\":{\"@id\":\"https:\/\/infoecos.com.ar\/#website\"},\"primaryImageOfPage\":{\"@id\":\"https:\/\/infoecos.com.ar\/index.php\/el-concejo-deliberante-de-trenque-lauquen-aprobo-una-ordenanza-para-crear-el-fondo-de-emergencia-productiva-por-la-pandemia\/#primaryimage\"},\"image\":{\"@id\":\"https:\/\/infoecos.com.ar\/index.php\/el-concejo-deliberante-de-trenque-lauquen-aprobo-una-ordenanza-para-crear-el-fondo-de-emergencia-productiva-por-la-pandemia\/#primaryimage\"},\"thumbnailUrl\":\"https:\/\/infoecos.com.ar\/wp-content\/uploads\/2021\/07\/HCD8.jpg\",\"datePublished\":\"2021-07-18T05:04:55+00:00\",\"dateModified\":\"2021-07-20T06:55:49+00:00\",\"breadcrumb\":{\"@id\":\"https:\/\/infoecos.com.ar\/index.php\/el-concejo-deliberante-de-trenque-lauquen-aprobo-una-ordenanza-para-crear-el-fondo-de-emergencia-productiva-por-la-pandemia\/#breadcrumb\"},\"inLanguage\":\"es\",\"potentialAction\":[{\"@type\":\"ReadAction\",\"target\":[\"https:\/\/infoecos.com.ar\/index.php\/el-concejo-deliberante-de-trenque-lauquen-aprobo-una-ordenanza-para-crear-el-fondo-de-emergencia-productiva-por-la-pandemia\/\"]}]},{\"@type\":\"ImageObject\",\"inLanguage\":\"es\",\"@id\":\"https:\/\/infoecos.com.ar\/index.php\/el-concejo-deliberante-de-trenque-lauquen-aprobo-una-ordenanza-para-crear-el-fondo-de-emergencia-productiva-por-la-pandemia\/#primaryimage\",\"url\":\"https:\/\/infoecos.com.ar\/wp-content\/uploads\/2021\/07\/HCD8.jpg\",\"contentUrl\":\"https:\/\/infoecos.com.ar\/wp-content\/uploads\/2021\/07\/HCD8.jpg\",\"width\":1280,\"height\":960},{\"@type\":\"BreadcrumbList\",\"@id\":\"https:\/\/infoecos.com.ar\/index.php\/el-concejo-deliberante-de-trenque-lauquen-aprobo-una-ordenanza-para-crear-el-fondo-de-emergencia-productiva-por-la-pandemia\/#breadcrumb\",\"itemListElement\":[{\"@type\":\"ListItem\",\"position\":1,\"name\":\"Portada\",\"item\":\"https:\/\/infoecos.com.ar\/\"},{\"@type\":\"ListItem\",\"position\":2,\"name\":\"El Concejo Deliberante de Trenque Lauquen aprob\u00f3 una ordenanza para crear el Fondo de Emergencia Productiva por la pandemia\"}]},{\"@type\":\"WebSite\",\"@id\":\"https:\/\/infoecos.com.ar\/#website\",\"url\":\"https:\/\/infoecos.com.ar\/\",\"name\":\"Infoecos\",\"description\":\"Noticias de trenque lauquen y la zona\",\"publisher\":{\"@id\":\"https:\/\/infoecos.com.ar\/#organization\"},\"alternateName\":\"Noticias\",\"potentialAction\":[{\"@type\":\"SearchAction\",\"target\":{\"@type\":\"EntryPoint\",\"urlTemplate\":\"https:\/\/infoecos.com.ar\/?s={search_term_string}\"},\"query-input\":{\"@type\":\"PropertyValueSpecification\",\"valueRequired\":true,\"valueName\":\"search_term_string\"}}],\"inLanguage\":\"es\"},{\"@type\":\"Organization\",\"@id\":\"https:\/\/infoecos.com.ar\/#organization\",\"name\":\"Infoecos\",\"alternateName\":\"Noticias\",\"url\":\"https:\/\/infoecos.com.ar\/\",\"logo\":{\"@type\":\"ImageObject\",\"inLanguage\":\"es\",\"@id\":\"https:\/\/infoecos.com.ar\/#\/schema\/logo\/image\/\",\"url\":\"https:\/\/infoecos.com.ar\/wp-content\/uploads\/2024\/03\/cropped-logo.png\",\"contentUrl\":\"https:\/\/infoecos.com.ar\/wp-content\/uploads\/2024\/03\/cropped-logo.png\",\"width\":374,\"height\":90,\"caption\":\"Infoecos\"},\"image\":{\"@id\":\"https:\/\/infoecos.com.ar\/#\/schema\/logo\/image\/\"},\"sameAs\":[\"https:\/\/www.facebook.com\/profile.php?id=100063200290284\",\"https:\/\/x.com\/infoecos\"]},{\"@type\":\"Person\",\"@id\":\"https:\/\/infoecos.com.ar\/#\/schema\/person\/8f5ace5ce73b4b4aac4b7245aee6f191\",\"name\":\"Jorge Matheus\",\"url\":\"https:\/\/infoecos.com.ar\/index.php\/author\/jomatheus\/\"}]}<\/script>\n<!-- \/ Yoast SEO plugin. -->","yoast_head_json":{"title":"El Concejo Deliberante de Trenque Lauquen aprob\u00f3 una ordenanza para crear el Fondo de Emergencia Productiva por la pandemia - Infoecos","robots":{"index":"index","follow":"follow","max-snippet":"max-snippet:-1","max-image-preview":"max-image-preview:large","max-video-preview":"max-video-preview:-1"},"canonical":"https:\/\/infoecos.com.ar\/index.php\/el-concejo-deliberante-de-trenque-lauquen-aprobo-una-ordenanza-para-crear-el-fondo-de-emergencia-productiva-por-la-pandemia\/","og_locale":"es_ES","og_type":"article","og_title":"El Concejo Deliberante de Trenque Lauquen aprob\u00f3 una ordenanza para crear el Fondo de Emergencia Productiva por la pandemia - Infoecos","og_description":"Dos solicitudes tambi\u00e9n para el Departamento Ejecutivo, impulsadas por los ediles del Frente de Todos, para la implementaci\u00f3n del Programa \u201cTu Lote, Tu Casa\u201d en 30 de Agosto","og_url":"https:\/\/infoecos.com.ar\/index.php\/el-concejo-deliberante-de-trenque-lauquen-aprobo-una-ordenanza-para-crear-el-fondo-de-emergencia-productiva-por-la-pandemia\/","og_site_name":"Infoecos","article_publisher":"https:\/\/www.facebook.com\/profile.php?id=100063200290284","article_published_time":"2021-07-18T05:04:55+00:00","article_modified_time":"2021-07-20T06:55:49+00:00","og_image":[{"width":1280,"height":960,"url":"https:\/\/infoecos.com.ar\/wp-content\/uploads\/2021\/07\/HCD8.jpg","type":"image\/jpeg"}],"author":"Jorge Matheus","twitter_card":"summary_large_image","twitter_creator":"@infoecos","twitter_site":"@infoecos","twitter_misc":{"Escrito por":"Jorge Matheus","Tiempo de lectura":"3 minutos"},"schema":{"@context":"https:\/\/schema.org","@graph":[{"@type":"Article","@id":"https:\/\/infoecos.com.ar\/index.php\/el-concejo-deliberante-de-trenque-lauquen-aprobo-una-ordenanza-para-crear-el-fondo-de-emergencia-productiva-por-la-pandemia\/#article","isPartOf":{"@id":"https:\/\/infoecos.com.ar\/index.php\/el-concejo-deliberante-de-trenque-lauquen-aprobo-una-ordenanza-para-crear-el-fondo-de-emergencia-productiva-por-la-pandemia\/"},"author":{"name":"Jorge Matheus","@id":"https:\/\/infoecos.com.ar\/#\/schema\/person\/8f5ace5ce73b4b4aac4b7245aee6f191"},"headline":"El Concejo Deliberante de Trenque Lauquen aprob\u00f3 una ordenanza para crear el Fondo de Emergencia Productiva por la pandemia","datePublished":"2021-07-18T05:04:55+00:00","dateModified":"2021-07-20T06:55:49+00:00","mainEntityOfPage":{"@id":"https:\/\/infoecos.com.ar\/index.php\/el-concejo-deliberante-de-trenque-lauquen-aprobo-una-ordenanza-para-crear-el-fondo-de-emergencia-productiva-por-la-pandemia\/"},"wordCount":598,"publisher":{"@id":"https:\/\/infoecos.com.ar\/#organization"},"image":{"@id":"https:\/\/infoecos.com.ar\/index.php\/el-concejo-deliberante-de-trenque-lauquen-aprobo-una-ordenanza-para-crear-el-fondo-de-emergencia-productiva-por-la-pandemia\/#primaryimage"},"thumbnailUrl":"https:\/\/infoecos.com.ar\/wp-content\/uploads\/2021\/07\/HCD8.jpg","keywords":["SESION\u00d3 EL VIERNES"],"articleSection":["Bloque inferior - 3"],"inLanguage":"es"},{"@type":"WebPage","@id":"https:\/\/infoecos.com.ar\/index.php\/el-concejo-deliberante-de-trenque-lauquen-aprobo-una-ordenanza-para-crear-el-fondo-de-emergencia-productiva-por-la-pandemia\/","url":"https:\/\/infoecos.com.ar\/index.php\/el-concejo-deliberante-de-trenque-lauquen-aprobo-una-ordenanza-para-crear-el-fondo-de-emergencia-productiva-por-la-pandemia\/","name":"El Concejo Deliberante de Trenque Lauquen aprob\u00f3 una ordenanza para crear el Fondo de Emergencia Productiva por la pandemia - Infoecos","isPartOf":{"@id":"https:\/\/infoecos.com.ar\/#website"},"primaryImageOfPage":{"@id":"https:\/\/infoecos.com.ar\/index.php\/el-concejo-deliberante-de-trenque-lauquen-aprobo-una-ordenanza-para-crear-el-fondo-de-emergencia-productiva-por-la-pandemia\/#primaryimage"},"image":{"@id":"https:\/\/infoecos.com.ar\/index.php\/el-concejo-deliberante-de-trenque-lauquen-aprobo-una-ordenanza-para-crear-el-fondo-de-emergencia-productiva-por-la-pandemia\/#primaryimage"},"thumbnailUrl":"https:\/\/infoecos.com.ar\/wp-content\/uploads\/2021\/07\/HCD8.jpg","datePublished":"2021-07-18T05:04:55+00:00","dateModified":"2021-07-20T06:55:49+00:00","breadcrumb":{"@id":"https:\/\/infoecos.com.ar\/index.php\/el-concejo-deliberante-de-trenque-lauquen-aprobo-una-ordenanza-para-crear-el-fondo-de-emergencia-productiva-por-la-pandemia\/#breadcrumb"},"inLanguage":"es","potentialAction":[{"@type":"ReadAction","target":["https:\/\/infoecos.com.ar\/index.php\/el-concejo-deliberante-de-trenque-lauquen-aprobo-una-ordenanza-para-crear-el-fondo-de-emergencia-productiva-por-la-pandemia\/"]}]},{"@type":"ImageObject","inLanguage":"es","@id":"https:\/\/infoecos.com.ar\/index.php\/el-concejo-deliberante-de-trenque-lauquen-aprobo-una-ordenanza-para-crear-el-fondo-de-emergencia-productiva-por-la-pandemia\/#primaryimage","url":"https:\/\/infoecos.com.ar\/wp-content\/uploads\/2021\/07\/HCD8.jpg","contentUrl":"https:\/\/infoecos.com.ar\/wp-content\/uploads\/2021\/07\/HCD8.jpg","width":1280,"height":960},{"@type":"BreadcrumbList","@id":"https:\/\/infoecos.com.ar\/index.php\/el-concejo-deliberante-de-trenque-lauquen-aprobo-una-ordenanza-para-crear-el-fondo-de-emergencia-productiva-por-la-pandemia\/#breadcrumb","itemListElement":[{"@type":"ListItem","position":1,"name":"Portada","item":"https:\/\/infoecos.com.ar\/"},{"@type":"ListItem","position":2,"name":"El Concejo Deliberante de Trenque Lauquen aprob\u00f3 una ordenanza para crear el Fondo de Emergencia Productiva por la pandemia"}]},{"@type":"WebSite","@id":"https:\/\/infoecos.com.ar\/#website","url":"https:\/\/infoecos.com.ar\/","name":"Infoecos","description":"Noticias de trenque lauquen y la zona","publisher":{"@id":"https:\/\/infoecos.com.ar\/#organization"},"alternateName":"Noticias","potentialAction":[{"@type":"SearchAction","target":{"@type":"EntryPoint","urlTemplate":"https:\/\/infoecos.com.ar\/?s={search_term_string}"},"query-input":{"@type":"PropertyValueSpecification","valueRequired":true,"valueName":"search_term_string"}}],"inLanguage":"es"},{"@type":"Organization","@id":"https:\/\/infoecos.com.ar\/#organization","name":"Infoecos","alternateName":"Noticias","url":"https:\/\/infoecos.com.ar\/","logo":{"@type":"ImageObject","inLanguage":"es","@id":"https:\/\/infoecos.com.ar\/#\/schema\/logo\/image\/","url":"https:\/\/infoecos.com.ar\/wp-content\/uploads\/2024\/03\/cropped-logo.png","contentUrl":"https:\/\/infoecos.com.ar\/wp-content\/uploads\/2024\/03\/cropped-logo.png","width":374,"height":90,"caption":"Infoecos"},"image":{"@id":"https:\/\/infoecos.com.ar\/#\/schema\/logo\/image\/"},"sameAs":["https:\/\/www.facebook.com\/profile.php?id=100063200290284","https:\/\/x.com\/infoecos"]},{"@type":"Person","@id":"https:\/\/infoecos.com.ar\/#\/schema\/person\/8f5ace5ce73b4b4aac4b7245aee6f191","name":"Jorge Matheus","url":"https:\/\/infoecos.com.ar\/index.php\/author\/jomatheus\/"}]}},"featured_image_urls":{"full":["https:\/\/infoecos.com.ar\/wp-content\/uploads\/2021\/07\/HCD8.jpg",1280,960,false],"thumbnail":["https:\/\/infoecos.com.ar\/wp-content\/uploads\/2021\/07\/HCD8-150x150.jpg",150,150,true],"medium":["https:\/\/infoecos.com.ar\/wp-content\/uploads\/2021\/07\/HCD8-460x345.jpg",460,345,true],"medium_large":["https:\/\/infoecos.com.ar\/wp-content\/uploads\/2021\/07\/HCD8-768x576.jpg",640,480,true],"large":["https:\/\/infoecos.com.ar\/wp-content\/uploads\/2021\/07\/HCD8-920x690.jpg",640,480,true],"1536x1536":["https:\/\/infoecos.com.ar\/wp-content\/uploads\/2021\/07\/HCD8.jpg",1280,960,false],"2048x2048":["https:\/\/infoecos.com.ar\/wp-content\/uploads\/2021\/07\/HCD8.jpg",1280,960,false],"covernews-slider-full":["https:\/\/infoecos.com.ar\/wp-content\/uploads\/2021\/07\/HCD8.jpg",953,715,false],"covernews-slider-center":["https:\/\/infoecos.com.ar\/wp-content\/uploads\/2021\/07\/HCD8-936x897.jpg",522,500,true],"covernews-featured":["https:\/\/infoecos.com.ar\/wp-content\/uploads\/2021\/07\/HCD8-1024x768.jpg",1024,768,true],"covernews-medium":["https:\/\/infoecos.com.ar\/wp-content\/uploads\/2021\/07\/HCD8-720x380.jpg",540,285,true],"covernews-medium-square":["https:\/\/infoecos.com.ar\/wp-content\/uploads\/2021\/07\/HCD8-675x450.jpg",375,250,true]},"author_info":{"info":["Jorge Matheus"]},"category_info":"<a href=\"https:\/\/infoecos.com.ar\/index.php\/category\/inferior3\/\" rel=\"category tag\">Bloque inferior - 3<\/a>","tag_info":"Bloque inferior - 3","comment_count":"0","_links":{"self":[{"href":"https:\/\/infoecos.com.ar\/index.php\/wp-json\/wp\/v2\/posts\/81583"}],"collection":[{"href":"https:\/\/infoecos.com.ar\/index.php\/wp-json\/wp\/v2\/posts"}],"about":[{"href":"https:\/\/infoecos.com.ar\/index.php\/wp-json\/wp\/v2\/types\/post"}],"author":[{"embeddable":true,"href":"https:\/\/infoecos.com.ar\/index.php\/wp-json\/wp\/v2\/users\/2"}],"replies":[{"embeddable":true,"href":"https:\/\/infoecos.com.ar\/index.php\/wp-json\/wp\/v2\/comments?post=81583"}],"version-history":[{"count":1,"href":"https:\/\/infoecos.com.ar\/index.php\/wp-json\/wp\/v2\/posts\/81583\/revisions"}],"predecessor-version":[{"id":81590,"href":"https:\/\/infoecos.com.ar\/index.php\/wp-json\/wp\/v2\/posts\/81583\/revisions\/81590"}],"wp:featuredmedia":[{"embeddable":true,"href":"https:\/\/infoecos.com.ar\/index.php\/wp-json\/wp\/v2\/media\/81586"}],"wp:attachment":[{"href":"https:\/\/infoecos.com.ar\/index.php\/wp-json\/wp\/v2\/media?parent=81583"}],"wp:term":[{"taxonomy":"category","embeddable":true,"href":"https:\/\/infoecos.com.ar\/index.php\/wp-json\/wp\/v2\/categories?post=81583"},{"taxonomy":"post_tag","embeddable":true,"href":"https:\/\/infoecos.com.ar\/index.php\/wp-json\/wp\/v2\/tags?post=81583"}],"curies":[{"name":"wp","href":"https:\/\/api.w.org\/{rel}","templated":true}]}}