{"id":81616,"date":"2021-07-19T01:35:27","date_gmt":"2021-07-19T04:35:27","guid":{"rendered":"http:\/\/infoecos.com.ar\/?p=81616"},"modified":"2021-07-19T01:35:28","modified_gmt":"2021-07-19T04:35:28","slug":"trenque-lauquen-reporto-otra-baja-en-los-casos-activos-y-un-fallecimiento","status":"publish","type":"post","link":"https:\/\/infoecos.com.ar\/index.php\/trenque-lauquen-reporto-otra-baja-en-los-casos-activos-y-un-fallecimiento\/","title":{"rendered":"Trenque Lauquen report\u00f3 otra baja en los casos activos y un fallecimiento"},"content":{"rendered":"\n<p class=\"wp-block-paragraph\">Los casos activos de Covid-19 en el distrito de Trenque Lauquen son 474 inform\u00f3 este domingo la subsecretar\u00eda de Salud municipal, despu\u00e9s de haberse registrado 57 nuevos casos positivos, un (1) deceso, 69 personas m\u00e1s recuperadas y 80 casos descartados. Adem\u00e1s quedan 49 casos sospechosos y 450 personas en aislamiento.<\/p>\n\n\n\n<div class=\"wp-block-image is-style-default\"><figure class=\"aligncenter size-medium\"><img loading=\"lazy\" decoding=\"async\" width=\"460\" height=\"423\" src=\"http:\/\/infoecos.com.ar\/wp-content\/uploads\/2021\/07\/reportetl-460x423.jpg\" alt=\"\" class=\"wp-image-81617\" srcset=\"https:\/\/infoecos.com.ar\/wp-content\/uploads\/2021\/07\/reportetl-460x423.jpg 460w, https:\/\/infoecos.com.ar\/wp-content\/uploads\/2021\/07\/reportetl-768x706.jpg 768w, https:\/\/infoecos.com.ar\/wp-content\/uploads\/2021\/07\/reportetl.jpg 800w\" sizes=\"auto, (max-width: 460px) 100vw, 460px\" \/><\/figure><\/div>\n\n\n\n<p class=\"wp-block-paragraph\">De los 57 nuevos casos confirmados -31 por testeo y 26 por criterio o nexo epidemiol\u00f3gico seg\u00fan protocolo actualizado vigente-, 47 pertenecen a Trenque Lauquen y diez (10) a Treinta de Agosto.<\/p>\n\n\n\n<p class=\"wp-block-paragraph\">La persona fallecida es un hombre de Trenque Lauquen, de 77 a\u00f1os, sin comorbilidades declaradas, que llevaba 11 d\u00edas con Covid-19 y hac\u00eda ocho (8) estaba internado. Es la 155\u00aa defunci\u00f3n desde el comienzo de la pandemia, en marzo del a\u00f1o pasado.<\/p>\n\n\n\n<p class=\"wp-block-paragraph\">En ese mismo per\u00edodo, con las 69 personas recuperadas en la fecha -62 de Trenque Lauquen, cinco (5) de Treinta de Agosto y dos (2) de Beruti-, ya suman 8.498 las que recibieron el alta, mientras que fueron descartados 14.866 casos, incluidos los 80 de las \u00faltimas 24 horas -67 de la ciudad cabecera y 13 de Treinta de Agosto-.<\/p>\n\n\n\n<p class=\"wp-block-paragraph\">Los 474 casos activos se distribuyen del siguiente modo: 428 corresponden a Trenque Lauquen, 40 a Treinta de Agosto, cinco (5) a Beruti y uno (1) a Girod\u00edas. Y 27 se encuentran internados en el Hospital Municipal, siete (7) est\u00e1n en el Centro Extrahospitalario que funciona en el ex Hotel Pailla Hu\u00e9 y 440 en sus domicilios particulares.<\/p>\n\n\n\n<p class=\"wp-block-paragraph\">Quedan 49 casos sospechosos, 42 de Trenque Lauquen, seis (6) de Treinta de Agosto y uno (1) de Girod\u00edas, y 450 personas en aislamiento, 395 de la ciudad cabecera, 48 de Treinta de Agosto, seis (6) de Beruti y una (1) de Girod\u00edas.<\/p>\n","protected":false},"excerpt":{"rendered":"<p>Los 474 casos activos se distribuyen del siguiente modo: 428 corresponden a Trenque Lauquen, 40 a Treinta de Agosto, cinco (5) a Beruti y uno (1) a Girod\u00edas<\/p>\n","protected":false},"author":2,"featured_media":48389,"comment_status":"closed","ping_status":"open","sticky":false,"template":"","format":"standard","meta":{"footnotes":""},"categories":[1613],"tags":[1785],"class_list":["post-81616","post","type-post","status-publish","format-standard","has-post-thumbnail","hentry","category-noticia-secundaria","tag-coronavirus"],"featured_image_urls":{"full":"","thumbnail":"","medium":"","medium_large":"","large":"","1536x1536":"","2048x2048":"","covernews-slider-full":"","covernews-slider-center":"","covernews-featured":"","covernews-medium":"","covernews-medium-square":""},"author_info":{"info":["Jorge Matheus"]},"category_info":"<a href=\"https:\/\/infoecos.com.ar\/index.php\/category\/noticia-secundaria\/\" rel=\"category tag\">Noticia Secundaria<\/a>","tag_info":"Noticia Secundaria","comment_count":"0","_links":{"self":[{"href":"https:\/\/infoecos.com.ar\/index.php\/wp-json\/wp\/v2\/posts\/81616","targetHints":{"allow":["GET"]}}],"collection":[{"href":"https:\/\/infoecos.com.ar\/index.php\/wp-json\/wp\/v2\/posts"}],"about":[{"href":"https:\/\/infoecos.com.ar\/index.php\/wp-json\/wp\/v2\/types\/post"}],"author":[{"embeddable":true,"href":"https:\/\/infoecos.com.ar\/index.php\/wp-json\/wp\/v2\/users\/2"}],"replies":[{"embeddable":true,"href":"https:\/\/infoecos.com.ar\/index.php\/wp-json\/wp\/v2\/comments?post=81616"}],"version-history":[{"count":1,"href":"https:\/\/infoecos.com.ar\/index.php\/wp-json\/wp\/v2\/posts\/81616\/revisions"}],"predecessor-version":[{"id":81618,"href":"https:\/\/infoecos.com.ar\/index.php\/wp-json\/wp\/v2\/posts\/81616\/revisions\/81618"}],"wp:attachment":[{"href":"https:\/\/infoecos.com.ar\/index.php\/wp-json\/wp\/v2\/media?parent=81616"}],"wp:term":[{"taxonomy":"category","embeddable":true,"href":"https:\/\/infoecos.com.ar\/index.php\/wp-json\/wp\/v2\/categories?post=81616"},{"taxonomy":"post_tag","embeddable":true,"href":"https:\/\/infoecos.com.ar\/index.php\/wp-json\/wp\/v2\/tags?post=81616"}],"curies":[{"name":"wp","href":"https:\/\/api.w.org\/{rel}","templated":true}]}}