{"id":81623,"date":"2021-07-19T01:54:35","date_gmt":"2021-07-19T04:54:35","guid":{"rendered":"http:\/\/infoecos.com.ar\/?p=81623"},"modified":"2021-07-22T03:09:30","modified_gmt":"2021-07-22T06:09:30","slug":"en-agosto-comenzaran-a-llegar-los-descuentos-en-las-facturas-de-gas-bajo-el-regimen-zonas-frias","status":"publish","type":"post","link":"https:\/\/infoecos.com.ar\/index.php\/en-agosto-comenzaran-a-llegar-los-descuentos-en-las-facturas-de-gas-bajo-el-regimen-zonas-frias\/","title":{"rendered":"En agosto comenzar\u00e1n a llegar los descuentos en las facturas de gas bajo el r\u00e9gimen Zonas Fr\u00edas"},"content":{"rendered":"\n<p>El impacto de los descuentos en las facturas de gas por la aplicaci\u00f3n efectiva de la ampliaci\u00f3n del R\u00e9gimen de Zonas Fr\u00edas, del 30% al 50%, empezar\u00e1 a percibirse a partir de fines de agosto de forma moderada, para ir creciendo con las facturas de septiembre y octubre.<\/p>\n\n\n\n<div class=\"wp-block-image is-style-default\"><figure class=\"aligncenter size-medium\"><img decoding=\"async\" src=\"http:\/\/infoecos.com.ar\/wp-content\/uploads\/1475066332_168175_1475068250_noticia_normal-460x237.jpg\" alt=\"\" class=\"wp-image-43890\"\/><figcaption>Gas natural domiciliario<\/figcaption><\/figure><\/div>\n\n\n\n<p>De esta manera,&nbsp;la cobertura de los consumos de los meses de julio, agosto y septiembre registrar\u00e1n un variado impacto del beneficio de acuerdo con los cierres de lectura de cada prestadora, inform\u00f3 el Ente Nacional Regulador del Gas (Enargas).<\/p>\n\n\n\n<p>Mientras tanto, las distribuidoras del servicio p\u00fablico de gas comenzaron a recibir las notificaciones para instrumentar medidas de difusi\u00f3n en los beneficios de la Ampliaci\u00f3n del R\u00e9gimen Zona Fr\u00eda fijada por la ley 27.637.<\/p>\n\n\n\n<p>El interventor del Enargas,&nbsp;<strong>Federico Bernal<\/strong>, explic\u00f3 que el impacto de los descuentos en las facturas \u00abempezar\u00e1 a percibirse -reglamentaci\u00f3n de la Ley mediante- a partir de fines de agosto de forma moderada, para ir creciendo con las facturas de septiembre y octubre\u00bb.<\/p>\n\n\n\n<p>As\u00ed,&nbsp;la cobertura de los consumos de julio, agosto y septiembre \u00abregistrar\u00e1n un variado impacto del beneficio de acuerdo a los cierres de lectura de cada prestadora\u201d, aclar\u00f3 el funcionario.<\/p>\n","protected":false},"excerpt":{"rendered":"<p>El interventor del Enargas, Federico Bernal, explic\u00f3 que el impacto de los descuentos en las facturas \u00abempezar\u00e1 a percibirse -reglamentaci\u00f3n de la Ley mediante- a partir de fines de agosto de forma moderada<\/p>\n","protected":false},"author":2,"featured_media":79718,"comment_status":"closed","ping_status":"open","sticky":false,"template":"","format":"standard","meta":{"footnotes":""},"categories":[1334],"tags":[4302],"class_list":["post-81623","post","type-post","status-publish","format-standard","has-post-thumbnail","hentry","category-inferior14","tag-declaraciones-de-bernal"],"yoast_head":"<!-- This site is optimized with the Yoast SEO plugin v23.4 - https:\/\/yoast.com\/wordpress\/plugins\/seo\/ -->\n<title>En agosto comenzar\u00e1n a llegar los descuentos en las facturas de gas bajo el r\u00e9gimen Zonas Fr\u00edas - Infoecos<\/title>\n<meta name=\"robots\" content=\"index, follow, max-snippet:-1, max-image-preview:large, max-video-preview:-1\" \/>\n<link rel=\"canonical\" href=\"https:\/\/infoecos.com.ar\/index.php\/en-agosto-comenzaran-a-llegar-los-descuentos-en-las-facturas-de-gas-bajo-el-regimen-zonas-frias\/\" \/>\n<meta property=\"og:locale\" content=\"es_ES\" \/>\n<meta property=\"og:type\" content=\"article\" \/>\n<meta property=\"og:title\" content=\"En agosto comenzar\u00e1n a llegar los descuentos en las facturas de gas bajo el r\u00e9gimen Zonas Fr\u00edas - Infoecos\" \/>\n<meta property=\"og:description\" content=\"El interventor del Enargas, Federico Bernal, explic\u00f3 que el impacto de los descuentos en las facturas &quot;empezar\u00e1 a percibirse -reglamentaci\u00f3n de la Ley mediante- a partir de fines de agosto de forma moderada\" \/>\n<meta property=\"og:url\" content=\"https:\/\/infoecos.com.ar\/index.php\/en-agosto-comenzaran-a-llegar-los-descuentos-en-las-facturas-de-gas-bajo-el-regimen-zonas-frias\/\" \/>\n<meta property=\"og:site_name\" content=\"Infoecos\" \/>\n<meta property=\"article:publisher\" content=\"https:\/\/www.facebook.com\/profile.php?id=100063200290284\" \/>\n<meta property=\"article:published_time\" content=\"2021-07-19T04:54:35+00:00\" \/>\n<meta property=\"article:modified_time\" content=\"2021-07-22T06:09:30+00:00\" \/>\n<meta property=\"og:image\" content=\"https:\/\/infoecos.com.ar\/wp-content\/uploads\/2021\/06\/Bernalpdteenargas.jpg\" \/>\n\t<meta property=\"og:image:width\" content=\"1004\" \/>\n\t<meta property=\"og:image:height\" content=\"565\" \/>\n\t<meta property=\"og:image:type\" content=\"image\/jpeg\" \/>\n<meta name=\"author\" content=\"Jorge Matheus\" \/>\n<meta name=\"twitter:card\" content=\"summary_large_image\" \/>\n<meta name=\"twitter:creator\" content=\"@infoecos\" \/>\n<meta name=\"twitter:site\" content=\"@infoecos\" \/>\n<meta name=\"twitter:label1\" content=\"Escrito por\" \/>\n\t<meta name=\"twitter:data1\" content=\"Jorge Matheus\" \/>\n\t<meta name=\"twitter:label2\" content=\"Tiempo de lectura\" \/>\n\t<meta name=\"twitter:data2\" content=\"1 minuto\" \/>\n<script type=\"application\/ld+json\" class=\"yoast-schema-graph\">{\"@context\":\"https:\/\/schema.org\",\"@graph\":[{\"@type\":\"Article\",\"@id\":\"https:\/\/infoecos.com.ar\/index.php\/en-agosto-comenzaran-a-llegar-los-descuentos-en-las-facturas-de-gas-bajo-el-regimen-zonas-frias\/#article\",\"isPartOf\":{\"@id\":\"https:\/\/infoecos.com.ar\/index.php\/en-agosto-comenzaran-a-llegar-los-descuentos-en-las-facturas-de-gas-bajo-el-regimen-zonas-frias\/\"},\"author\":{\"name\":\"Jorge Matheus\",\"@id\":\"https:\/\/infoecos.com.ar\/#\/schema\/person\/8f5ace5ce73b4b4aac4b7245aee6f191\"},\"headline\":\"En agosto comenzar\u00e1n a llegar los descuentos en las facturas de gas bajo el r\u00e9gimen Zonas Fr\u00edas\",\"datePublished\":\"2021-07-19T04:54:35+00:00\",\"dateModified\":\"2021-07-22T06:09:30+00:00\",\"mainEntityOfPage\":{\"@id\":\"https:\/\/infoecos.com.ar\/index.php\/en-agosto-comenzaran-a-llegar-los-descuentos-en-las-facturas-de-gas-bajo-el-regimen-zonas-frias\/\"},\"wordCount\":230,\"publisher\":{\"@id\":\"https:\/\/infoecos.com.ar\/#organization\"},\"image\":{\"@id\":\"https:\/\/infoecos.com.ar\/index.php\/en-agosto-comenzaran-a-llegar-los-descuentos-en-las-facturas-de-gas-bajo-el-regimen-zonas-frias\/#primaryimage\"},\"thumbnailUrl\":\"https:\/\/infoecos.com.ar\/wp-content\/uploads\/2021\/06\/Bernalpdteenargas.jpg\",\"keywords\":[\"DECLARACIONES DE BERNAL\"],\"articleSection\":[\"Bloque inferior - 14\"],\"inLanguage\":\"es\"},{\"@type\":\"WebPage\",\"@id\":\"https:\/\/infoecos.com.ar\/index.php\/en-agosto-comenzaran-a-llegar-los-descuentos-en-las-facturas-de-gas-bajo-el-regimen-zonas-frias\/\",\"url\":\"https:\/\/infoecos.com.ar\/index.php\/en-agosto-comenzaran-a-llegar-los-descuentos-en-las-facturas-de-gas-bajo-el-regimen-zonas-frias\/\",\"name\":\"En agosto comenzar\u00e1n a llegar los descuentos en las facturas de gas bajo el r\u00e9gimen Zonas Fr\u00edas - Infoecos\",\"isPartOf\":{\"@id\":\"https:\/\/infoecos.com.ar\/#website\"},\"primaryImageOfPage\":{\"@id\":\"https:\/\/infoecos.com.ar\/index.php\/en-agosto-comenzaran-a-llegar-los-descuentos-en-las-facturas-de-gas-bajo-el-regimen-zonas-frias\/#primaryimage\"},\"image\":{\"@id\":\"https:\/\/infoecos.com.ar\/index.php\/en-agosto-comenzaran-a-llegar-los-descuentos-en-las-facturas-de-gas-bajo-el-regimen-zonas-frias\/#primaryimage\"},\"thumbnailUrl\":\"https:\/\/infoecos.com.ar\/wp-content\/uploads\/2021\/06\/Bernalpdteenargas.jpg\",\"datePublished\":\"2021-07-19T04:54:35+00:00\",\"dateModified\":\"2021-07-22T06:09:30+00:00\",\"breadcrumb\":{\"@id\":\"https:\/\/infoecos.com.ar\/index.php\/en-agosto-comenzaran-a-llegar-los-descuentos-en-las-facturas-de-gas-bajo-el-regimen-zonas-frias\/#breadcrumb\"},\"inLanguage\":\"es\",\"potentialAction\":[{\"@type\":\"ReadAction\",\"target\":[\"https:\/\/infoecos.com.ar\/index.php\/en-agosto-comenzaran-a-llegar-los-descuentos-en-las-facturas-de-gas-bajo-el-regimen-zonas-frias\/\"]}]},{\"@type\":\"ImageObject\",\"inLanguage\":\"es\",\"@id\":\"https:\/\/infoecos.com.ar\/index.php\/en-agosto-comenzaran-a-llegar-los-descuentos-en-las-facturas-de-gas-bajo-el-regimen-zonas-frias\/#primaryimage\",\"url\":\"https:\/\/infoecos.com.ar\/wp-content\/uploads\/2021\/06\/Bernalpdteenargas.jpg\",\"contentUrl\":\"https:\/\/infoecos.com.ar\/wp-content\/uploads\/2021\/06\/Bernalpdteenargas.jpg\",\"width\":1004,\"height\":565},{\"@type\":\"BreadcrumbList\",\"@id\":\"https:\/\/infoecos.com.ar\/index.php\/en-agosto-comenzaran-a-llegar-los-descuentos-en-las-facturas-de-gas-bajo-el-regimen-zonas-frias\/#breadcrumb\",\"itemListElement\":[{\"@type\":\"ListItem\",\"position\":1,\"name\":\"Portada\",\"item\":\"https:\/\/infoecos.com.ar\/\"},{\"@type\":\"ListItem\",\"position\":2,\"name\":\"En agosto comenzar\u00e1n a llegar los descuentos en las facturas de gas bajo el r\u00e9gimen Zonas Fr\u00edas\"}]},{\"@type\":\"WebSite\",\"@id\":\"https:\/\/infoecos.com.ar\/#website\",\"url\":\"https:\/\/infoecos.com.ar\/\",\"name\":\"Infoecos\",\"description\":\"Noticias de trenque lauquen y la zona\",\"publisher\":{\"@id\":\"https:\/\/infoecos.com.ar\/#organization\"},\"alternateName\":\"Noticias\",\"potentialAction\":[{\"@type\":\"SearchAction\",\"target\":{\"@type\":\"EntryPoint\",\"urlTemplate\":\"https:\/\/infoecos.com.ar\/?s={search_term_string}\"},\"query-input\":{\"@type\":\"PropertyValueSpecification\",\"valueRequired\":true,\"valueName\":\"search_term_string\"}}],\"inLanguage\":\"es\"},{\"@type\":\"Organization\",\"@id\":\"https:\/\/infoecos.com.ar\/#organization\",\"name\":\"Infoecos\",\"alternateName\":\"Noticias\",\"url\":\"https:\/\/infoecos.com.ar\/\",\"logo\":{\"@type\":\"ImageObject\",\"inLanguage\":\"es\",\"@id\":\"https:\/\/infoecos.com.ar\/#\/schema\/logo\/image\/\",\"url\":\"https:\/\/infoecos.com.ar\/wp-content\/uploads\/2024\/03\/cropped-logo.png\",\"contentUrl\":\"https:\/\/infoecos.com.ar\/wp-content\/uploads\/2024\/03\/cropped-logo.png\",\"width\":374,\"height\":90,\"caption\":\"Infoecos\"},\"image\":{\"@id\":\"https:\/\/infoecos.com.ar\/#\/schema\/logo\/image\/\"},\"sameAs\":[\"https:\/\/www.facebook.com\/profile.php?id=100063200290284\",\"https:\/\/x.com\/infoecos\"]},{\"@type\":\"Person\",\"@id\":\"https:\/\/infoecos.com.ar\/#\/schema\/person\/8f5ace5ce73b4b4aac4b7245aee6f191\",\"name\":\"Jorge Matheus\",\"url\":\"https:\/\/infoecos.com.ar\/index.php\/author\/jomatheus\/\"}]}<\/script>\n<!-- \/ Yoast SEO plugin. -->","yoast_head_json":{"title":"En agosto comenzar\u00e1n a llegar los descuentos en las facturas de gas bajo el r\u00e9gimen Zonas Fr\u00edas - Infoecos","robots":{"index":"index","follow":"follow","max-snippet":"max-snippet:-1","max-image-preview":"max-image-preview:large","max-video-preview":"max-video-preview:-1"},"canonical":"https:\/\/infoecos.com.ar\/index.php\/en-agosto-comenzaran-a-llegar-los-descuentos-en-las-facturas-de-gas-bajo-el-regimen-zonas-frias\/","og_locale":"es_ES","og_type":"article","og_title":"En agosto comenzar\u00e1n a llegar los descuentos en las facturas de gas bajo el r\u00e9gimen Zonas Fr\u00edas - Infoecos","og_description":"El interventor del Enargas, Federico Bernal, explic\u00f3 que el impacto de los descuentos en las facturas \"empezar\u00e1 a percibirse -reglamentaci\u00f3n de la Ley mediante- a partir de fines de agosto de forma moderada","og_url":"https:\/\/infoecos.com.ar\/index.php\/en-agosto-comenzaran-a-llegar-los-descuentos-en-las-facturas-de-gas-bajo-el-regimen-zonas-frias\/","og_site_name":"Infoecos","article_publisher":"https:\/\/www.facebook.com\/profile.php?id=100063200290284","article_published_time":"2021-07-19T04:54:35+00:00","article_modified_time":"2021-07-22T06:09:30+00:00","og_image":[{"width":1004,"height":565,"url":"https:\/\/infoecos.com.ar\/wp-content\/uploads\/2021\/06\/Bernalpdteenargas.jpg","type":"image\/jpeg"}],"author":"Jorge Matheus","twitter_card":"summary_large_image","twitter_creator":"@infoecos","twitter_site":"@infoecos","twitter_misc":{"Escrito por":"Jorge Matheus","Tiempo de lectura":"1 minuto"},"schema":{"@context":"https:\/\/schema.org","@graph":[{"@type":"Article","@id":"https:\/\/infoecos.com.ar\/index.php\/en-agosto-comenzaran-a-llegar-los-descuentos-en-las-facturas-de-gas-bajo-el-regimen-zonas-frias\/#article","isPartOf":{"@id":"https:\/\/infoecos.com.ar\/index.php\/en-agosto-comenzaran-a-llegar-los-descuentos-en-las-facturas-de-gas-bajo-el-regimen-zonas-frias\/"},"author":{"name":"Jorge Matheus","@id":"https:\/\/infoecos.com.ar\/#\/schema\/person\/8f5ace5ce73b4b4aac4b7245aee6f191"},"headline":"En agosto comenzar\u00e1n a llegar los descuentos en las facturas de gas bajo el r\u00e9gimen Zonas Fr\u00edas","datePublished":"2021-07-19T04:54:35+00:00","dateModified":"2021-07-22T06:09:30+00:00","mainEntityOfPage":{"@id":"https:\/\/infoecos.com.ar\/index.php\/en-agosto-comenzaran-a-llegar-los-descuentos-en-las-facturas-de-gas-bajo-el-regimen-zonas-frias\/"},"wordCount":230,"publisher":{"@id":"https:\/\/infoecos.com.ar\/#organization"},"image":{"@id":"https:\/\/infoecos.com.ar\/index.php\/en-agosto-comenzaran-a-llegar-los-descuentos-en-las-facturas-de-gas-bajo-el-regimen-zonas-frias\/#primaryimage"},"thumbnailUrl":"https:\/\/infoecos.com.ar\/wp-content\/uploads\/2021\/06\/Bernalpdteenargas.jpg","keywords":["DECLARACIONES DE BERNAL"],"articleSection":["Bloque inferior - 14"],"inLanguage":"es"},{"@type":"WebPage","@id":"https:\/\/infoecos.com.ar\/index.php\/en-agosto-comenzaran-a-llegar-los-descuentos-en-las-facturas-de-gas-bajo-el-regimen-zonas-frias\/","url":"https:\/\/infoecos.com.ar\/index.php\/en-agosto-comenzaran-a-llegar-los-descuentos-en-las-facturas-de-gas-bajo-el-regimen-zonas-frias\/","name":"En agosto comenzar\u00e1n a llegar los descuentos en las facturas de gas bajo el r\u00e9gimen Zonas Fr\u00edas - Infoecos","isPartOf":{"@id":"https:\/\/infoecos.com.ar\/#website"},"primaryImageOfPage":{"@id":"https:\/\/infoecos.com.ar\/index.php\/en-agosto-comenzaran-a-llegar-los-descuentos-en-las-facturas-de-gas-bajo-el-regimen-zonas-frias\/#primaryimage"},"image":{"@id":"https:\/\/infoecos.com.ar\/index.php\/en-agosto-comenzaran-a-llegar-los-descuentos-en-las-facturas-de-gas-bajo-el-regimen-zonas-frias\/#primaryimage"},"thumbnailUrl":"https:\/\/infoecos.com.ar\/wp-content\/uploads\/2021\/06\/Bernalpdteenargas.jpg","datePublished":"2021-07-19T04:54:35+00:00","dateModified":"2021-07-22T06:09:30+00:00","breadcrumb":{"@id":"https:\/\/infoecos.com.ar\/index.php\/en-agosto-comenzaran-a-llegar-los-descuentos-en-las-facturas-de-gas-bajo-el-regimen-zonas-frias\/#breadcrumb"},"inLanguage":"es","potentialAction":[{"@type":"ReadAction","target":["https:\/\/infoecos.com.ar\/index.php\/en-agosto-comenzaran-a-llegar-los-descuentos-en-las-facturas-de-gas-bajo-el-regimen-zonas-frias\/"]}]},{"@type":"ImageObject","inLanguage":"es","@id":"https:\/\/infoecos.com.ar\/index.php\/en-agosto-comenzaran-a-llegar-los-descuentos-en-las-facturas-de-gas-bajo-el-regimen-zonas-frias\/#primaryimage","url":"https:\/\/infoecos.com.ar\/wp-content\/uploads\/2021\/06\/Bernalpdteenargas.jpg","contentUrl":"https:\/\/infoecos.com.ar\/wp-content\/uploads\/2021\/06\/Bernalpdteenargas.jpg","width":1004,"height":565},{"@type":"BreadcrumbList","@id":"https:\/\/infoecos.com.ar\/index.php\/en-agosto-comenzaran-a-llegar-los-descuentos-en-las-facturas-de-gas-bajo-el-regimen-zonas-frias\/#breadcrumb","itemListElement":[{"@type":"ListItem","position":1,"name":"Portada","item":"https:\/\/infoecos.com.ar\/"},{"@type":"ListItem","position":2,"name":"En agosto comenzar\u00e1n a llegar los descuentos en las facturas de gas bajo el r\u00e9gimen Zonas Fr\u00edas"}]},{"@type":"WebSite","@id":"https:\/\/infoecos.com.ar\/#website","url":"https:\/\/infoecos.com.ar\/","name":"Infoecos","description":"Noticias de trenque lauquen y la zona","publisher":{"@id":"https:\/\/infoecos.com.ar\/#organization"},"alternateName":"Noticias","potentialAction":[{"@type":"SearchAction","target":{"@type":"EntryPoint","urlTemplate":"https:\/\/infoecos.com.ar\/?s={search_term_string}"},"query-input":{"@type":"PropertyValueSpecification","valueRequired":true,"valueName":"search_term_string"}}],"inLanguage":"es"},{"@type":"Organization","@id":"https:\/\/infoecos.com.ar\/#organization","name":"Infoecos","alternateName":"Noticias","url":"https:\/\/infoecos.com.ar\/","logo":{"@type":"ImageObject","inLanguage":"es","@id":"https:\/\/infoecos.com.ar\/#\/schema\/logo\/image\/","url":"https:\/\/infoecos.com.ar\/wp-content\/uploads\/2024\/03\/cropped-logo.png","contentUrl":"https:\/\/infoecos.com.ar\/wp-content\/uploads\/2024\/03\/cropped-logo.png","width":374,"height":90,"caption":"Infoecos"},"image":{"@id":"https:\/\/infoecos.com.ar\/#\/schema\/logo\/image\/"},"sameAs":["https:\/\/www.facebook.com\/profile.php?id=100063200290284","https:\/\/x.com\/infoecos"]},{"@type":"Person","@id":"https:\/\/infoecos.com.ar\/#\/schema\/person\/8f5ace5ce73b4b4aac4b7245aee6f191","name":"Jorge Matheus","url":"https:\/\/infoecos.com.ar\/index.php\/author\/jomatheus\/"}]}},"featured_image_urls":{"full":["https:\/\/infoecos.com.ar\/wp-content\/uploads\/2021\/06\/Bernalpdteenargas.jpg",1004,565,false],"thumbnail":["https:\/\/infoecos.com.ar\/wp-content\/uploads\/2021\/06\/Bernalpdteenargas-150x150.jpg",150,150,true],"medium":["https:\/\/infoecos.com.ar\/wp-content\/uploads\/2021\/06\/Bernalpdteenargas-460x259.jpg",460,259,true],"medium_large":["https:\/\/infoecos.com.ar\/wp-content\/uploads\/2021\/06\/Bernalpdteenargas-768x432.jpg",640,360,true],"large":["https:\/\/infoecos.com.ar\/wp-content\/uploads\/2021\/06\/Bernalpdteenargas-920x518.jpg",640,360,true],"1536x1536":["https:\/\/infoecos.com.ar\/wp-content\/uploads\/2021\/06\/Bernalpdteenargas.jpg",1004,565,false],"2048x2048":["https:\/\/infoecos.com.ar\/wp-content\/uploads\/2021\/06\/Bernalpdteenargas.jpg",1004,565,false],"covernews-slider-full":["https:\/\/infoecos.com.ar\/wp-content\/uploads\/2021\/06\/Bernalpdteenargas.jpg",1004,565,false],"covernews-slider-center":["https:\/\/infoecos.com.ar\/wp-content\/uploads\/2021\/06\/Bernalpdteenargas-936x565.jpg",800,483,true],"covernews-featured":["https:\/\/infoecos.com.ar\/wp-content\/uploads\/2021\/06\/Bernalpdteenargas.jpg",1004,565,false],"covernews-medium":["https:\/\/infoecos.com.ar\/wp-content\/uploads\/2021\/06\/Bernalpdteenargas-720x380.jpg",540,285,true],"covernews-medium-square":["https:\/\/infoecos.com.ar\/wp-content\/uploads\/2021\/06\/Bernalpdteenargas-675x450.jpg",375,250,true]},"author_info":{"info":["Jorge Matheus"]},"category_info":"<a href=\"https:\/\/infoecos.com.ar\/index.php\/category\/inferior14\/\" rel=\"category tag\">Bloque inferior - 14<\/a>","tag_info":"Bloque inferior - 14","comment_count":"0","_links":{"self":[{"href":"https:\/\/infoecos.com.ar\/index.php\/wp-json\/wp\/v2\/posts\/81623"}],"collection":[{"href":"https:\/\/infoecos.com.ar\/index.php\/wp-json\/wp\/v2\/posts"}],"about":[{"href":"https:\/\/infoecos.com.ar\/index.php\/wp-json\/wp\/v2\/types\/post"}],"author":[{"embeddable":true,"href":"https:\/\/infoecos.com.ar\/index.php\/wp-json\/wp\/v2\/users\/2"}],"replies":[{"embeddable":true,"href":"https:\/\/infoecos.com.ar\/index.php\/wp-json\/wp\/v2\/comments?post=81623"}],"version-history":[{"count":1,"href":"https:\/\/infoecos.com.ar\/index.php\/wp-json\/wp\/v2\/posts\/81623\/revisions"}],"predecessor-version":[{"id":81624,"href":"https:\/\/infoecos.com.ar\/index.php\/wp-json\/wp\/v2\/posts\/81623\/revisions\/81624"}],"wp:featuredmedia":[{"embeddable":true,"href":"https:\/\/infoecos.com.ar\/index.php\/wp-json\/wp\/v2\/media\/79718"}],"wp:attachment":[{"href":"https:\/\/infoecos.com.ar\/index.php\/wp-json\/wp\/v2\/media?parent=81623"}],"wp:term":[{"taxonomy":"category","embeddable":true,"href":"https:\/\/infoecos.com.ar\/index.php\/wp-json\/wp\/v2\/categories?post=81623"},{"taxonomy":"post_tag","embeddable":true,"href":"https:\/\/infoecos.com.ar\/index.php\/wp-json\/wp\/v2\/tags?post=81623"}],"curies":[{"name":"wp","href":"https:\/\/api.w.org\/{rel}","templated":true}]}}