{"id":81742,"date":"2021-07-20T03:36:46","date_gmt":"2021-07-20T06:36:46","guid":{"rendered":"http:\/\/infoecos.com.ar\/?p=81742"},"modified":"2021-07-22T03:07:05","modified_gmt":"2021-07-22T06:07:05","slug":"declaraciones-de-maria-carmona-que-obtuvo-el-primer-lugar-en-la-lista-de-precandidatos-de-rivadavia-primero","status":"publish","type":"post","link":"https:\/\/infoecos.com.ar\/index.php\/declaraciones-de-maria-carmona-que-obtuvo-el-primer-lugar-en-la-lista-de-precandidatos-de-rivadavia-primero\/","title":{"rendered":"Declaraciones de Mar\u00eda Carmona que obtuvo el primer lugar en la lista de precandidatos de Rivadavia Primero"},"content":{"rendered":"\n<p>Obtuvo m\u00e1s de 1.500 votos en la grilla de Rivadavia Primero para definir los candidatos a concejales de la agrupaci\u00f3n y se ubic\u00f3 como cabeza de lista. Sin minimizar su performance considera que la nota distintiva fue la movilizaci\u00f3n. \u201cLa participaci\u00f3n masiva de los vecinos fue la gran ganadora de la grilla\u201d, considera Mar\u00eda Carmona.<\/p>\n\n\n\n<p>Sabe que tras ganar la grilla se avecinan grandes desaf\u00edos. Primero, la campa\u00f1a para las PASO; despu\u00e9s las elecciones generales; y a partir del 10 de diciembre, una banca en el HCD. \u201cEsto me genera una enorme y hermosa responsabilidad\u201d, comenta en di\u00e1logo con&nbsp;<em>Tiempo del Oeste<\/em>.<\/p>\n\n\n\n<div class=\"wp-block-image is-style-default\"><figure class=\"aligncenter size-medium\"><img loading=\"lazy\" decoding=\"async\" width=\"460\" height=\"240\" src=\"http:\/\/infoecos.com.ar\/wp-content\/uploads\/2021\/07\/carmonamaria-460x240.jpg\" alt=\"\" class=\"wp-image-81743\" srcset=\"https:\/\/infoecos.com.ar\/wp-content\/uploads\/2021\/07\/carmonamaria-460x240.jpg 460w, https:\/\/infoecos.com.ar\/wp-content\/uploads\/2021\/07\/carmonamaria-768x400.jpg 768w, https:\/\/infoecos.com.ar\/wp-content\/uploads\/2021\/07\/carmonamaria.jpg 787w\" sizes=\"(max-width: 460px) 100vw, 460px\" \/><\/figure><\/div>\n\n\n\n<p>Carmona resalta c\u00f3mo la agrupaci\u00f3n logr\u00f3 resolver la cuesti\u00f3n de no sacrificar la realizaci\u00f3n de la grilla por la pandemia. Con ingenio lograron una gran respuesta de los vecinos. \u201cY adem\u00e1s hubo una muestra de transparencia que pudieron observar todos\u201d, apunta en referencia a la transmisi\u00f3n en directo de la apertura y cierre de urnas y del conteo.<\/p>\n\n\n\n<p>Al ser consultada sobre si se ten\u00eda fe para semejante resultado y acceder al primer lugar reconoci\u00f3 que fue inesperado. \u201cMe sorprendi\u00f3; y a la vez me moviliz\u00f3 mucho en estos d\u00edas el cari\u00f1o de la gente\u201d, dice emocionada.<\/p>\n\n\n\n<p>La decisi\u00f3n de participar no fue f\u00e1cil porque implica dejar la Secretar\u00eda de Desarrollo Humano. Pero fueron muchos los vecinos que la propusieron. Pero ella no podr\u00eda haber dado el paso sin el respaldo de su \u201cmesa chica\u201d. \u201cMi marido y mis hijos me apoyan en mi decisi\u00f3n y eso para m\u00ed es fundamental\u201d, destaca.<\/p>\n","protected":false},"excerpt":{"rendered":"<p>Obtuvo m\u00e1s de 1.500 votos en la grilla de Rivadavia Primero para definir los candidatos&#8230;<\/p>\n","protected":false},"author":2,"featured_media":81743,"comment_status":"closed","ping_status":"open","sticky":false,"template":"","format":"standard","meta":{"footnotes":""},"categories":[200],"tags":[4323],"class_list":["post-81742","post","type-post","status-publish","format-standard","has-post-thumbnail","hentry","category-inferior8","tag-al-portal-tiempo-del-oeste"],"yoast_head":"<!-- This site is optimized with the Yoast SEO plugin v23.4 - https:\/\/yoast.com\/wordpress\/plugins\/seo\/ -->\n<title>Declaraciones de Mar\u00eda Carmona que obtuvo el primer lugar en la lista de precandidatos de Rivadavia Primero - Infoecos<\/title>\n<meta name=\"robots\" content=\"index, follow, max-snippet:-1, max-image-preview:large, max-video-preview:-1\" \/>\n<link rel=\"canonical\" href=\"https:\/\/infoecos.com.ar\/index.php\/declaraciones-de-maria-carmona-que-obtuvo-el-primer-lugar-en-la-lista-de-precandidatos-de-rivadavia-primero\/\" \/>\n<meta property=\"og:locale\" content=\"es_ES\" \/>\n<meta property=\"og:type\" content=\"article\" \/>\n<meta property=\"og:title\" content=\"Declaraciones de Mar\u00eda Carmona que obtuvo el primer lugar en la lista de precandidatos de Rivadavia Primero - Infoecos\" \/>\n<meta property=\"og:description\" content=\"Obtuvo m\u00e1s de 1.500 votos en la grilla de Rivadavia Primero para definir los candidatos...\" \/>\n<meta property=\"og:url\" content=\"https:\/\/infoecos.com.ar\/index.php\/declaraciones-de-maria-carmona-que-obtuvo-el-primer-lugar-en-la-lista-de-precandidatos-de-rivadavia-primero\/\" \/>\n<meta property=\"og:site_name\" content=\"Infoecos\" \/>\n<meta property=\"article:publisher\" content=\"https:\/\/www.facebook.com\/profile.php?id=100063200290284\" \/>\n<meta property=\"article:published_time\" content=\"2021-07-20T06:36:46+00:00\" \/>\n<meta property=\"article:modified_time\" content=\"2021-07-22T06:07:05+00:00\" \/>\n<meta property=\"og:image\" content=\"https:\/\/infoecos.com.ar\/wp-content\/uploads\/2021\/07\/carmonamaria.jpg\" \/>\n\t<meta property=\"og:image:width\" content=\"787\" \/>\n\t<meta property=\"og:image:height\" content=\"410\" \/>\n\t<meta property=\"og:image:type\" content=\"image\/jpeg\" \/>\n<meta name=\"author\" content=\"Jorge Matheus\" \/>\n<meta name=\"twitter:card\" content=\"summary_large_image\" \/>\n<meta name=\"twitter:creator\" content=\"@infoecos\" \/>\n<meta name=\"twitter:site\" content=\"@infoecos\" \/>\n<meta name=\"twitter:label1\" content=\"Escrito por\" \/>\n\t<meta name=\"twitter:data1\" content=\"Jorge Matheus\" \/>\n\t<meta name=\"twitter:label2\" content=\"Tiempo de lectura\" \/>\n\t<meta name=\"twitter:data2\" content=\"1 minuto\" \/>\n<script type=\"application\/ld+json\" class=\"yoast-schema-graph\">{\"@context\":\"https:\/\/schema.org\",\"@graph\":[{\"@type\":\"Article\",\"@id\":\"https:\/\/infoecos.com.ar\/index.php\/declaraciones-de-maria-carmona-que-obtuvo-el-primer-lugar-en-la-lista-de-precandidatos-de-rivadavia-primero\/#article\",\"isPartOf\":{\"@id\":\"https:\/\/infoecos.com.ar\/index.php\/declaraciones-de-maria-carmona-que-obtuvo-el-primer-lugar-en-la-lista-de-precandidatos-de-rivadavia-primero\/\"},\"author\":{\"name\":\"Jorge Matheus\",\"@id\":\"https:\/\/infoecos.com.ar\/#\/schema\/person\/8f5ace5ce73b4b4aac4b7245aee6f191\"},\"headline\":\"Declaraciones de Mar\u00eda Carmona que obtuvo el primer lugar en la lista de precandidatos de Rivadavia Primero\",\"datePublished\":\"2021-07-20T06:36:46+00:00\",\"dateModified\":\"2021-07-22T06:07:05+00:00\",\"mainEntityOfPage\":{\"@id\":\"https:\/\/infoecos.com.ar\/index.php\/declaraciones-de-maria-carmona-que-obtuvo-el-primer-lugar-en-la-lista-de-precandidatos-de-rivadavia-primero\/\"},\"wordCount\":294,\"publisher\":{\"@id\":\"https:\/\/infoecos.com.ar\/#organization\"},\"image\":{\"@id\":\"https:\/\/infoecos.com.ar\/index.php\/declaraciones-de-maria-carmona-que-obtuvo-el-primer-lugar-en-la-lista-de-precandidatos-de-rivadavia-primero\/#primaryimage\"},\"thumbnailUrl\":\"https:\/\/infoecos.com.ar\/wp-content\/uploads\/2021\/07\/carmonamaria.jpg\",\"keywords\":[\"AL PORTAL TIEMPO DEL OESTE\"],\"articleSection\":[\"Bloque inferior - 8\"],\"inLanguage\":\"es\"},{\"@type\":\"WebPage\",\"@id\":\"https:\/\/infoecos.com.ar\/index.php\/declaraciones-de-maria-carmona-que-obtuvo-el-primer-lugar-en-la-lista-de-precandidatos-de-rivadavia-primero\/\",\"url\":\"https:\/\/infoecos.com.ar\/index.php\/declaraciones-de-maria-carmona-que-obtuvo-el-primer-lugar-en-la-lista-de-precandidatos-de-rivadavia-primero\/\",\"name\":\"Declaraciones de Mar\u00eda Carmona que obtuvo el primer lugar en la lista de precandidatos de Rivadavia Primero - Infoecos\",\"isPartOf\":{\"@id\":\"https:\/\/infoecos.com.ar\/#website\"},\"primaryImageOfPage\":{\"@id\":\"https:\/\/infoecos.com.ar\/index.php\/declaraciones-de-maria-carmona-que-obtuvo-el-primer-lugar-en-la-lista-de-precandidatos-de-rivadavia-primero\/#primaryimage\"},\"image\":{\"@id\":\"https:\/\/infoecos.com.ar\/index.php\/declaraciones-de-maria-carmona-que-obtuvo-el-primer-lugar-en-la-lista-de-precandidatos-de-rivadavia-primero\/#primaryimage\"},\"thumbnailUrl\":\"https:\/\/infoecos.com.ar\/wp-content\/uploads\/2021\/07\/carmonamaria.jpg\",\"datePublished\":\"2021-07-20T06:36:46+00:00\",\"dateModified\":\"2021-07-22T06:07:05+00:00\",\"breadcrumb\":{\"@id\":\"https:\/\/infoecos.com.ar\/index.php\/declaraciones-de-maria-carmona-que-obtuvo-el-primer-lugar-en-la-lista-de-precandidatos-de-rivadavia-primero\/#breadcrumb\"},\"inLanguage\":\"es\",\"potentialAction\":[{\"@type\":\"ReadAction\",\"target\":[\"https:\/\/infoecos.com.ar\/index.php\/declaraciones-de-maria-carmona-que-obtuvo-el-primer-lugar-en-la-lista-de-precandidatos-de-rivadavia-primero\/\"]}]},{\"@type\":\"ImageObject\",\"inLanguage\":\"es\",\"@id\":\"https:\/\/infoecos.com.ar\/index.php\/declaraciones-de-maria-carmona-que-obtuvo-el-primer-lugar-en-la-lista-de-precandidatos-de-rivadavia-primero\/#primaryimage\",\"url\":\"https:\/\/infoecos.com.ar\/wp-content\/uploads\/2021\/07\/carmonamaria.jpg\",\"contentUrl\":\"https:\/\/infoecos.com.ar\/wp-content\/uploads\/2021\/07\/carmonamaria.jpg\",\"width\":787,\"height\":410},{\"@type\":\"BreadcrumbList\",\"@id\":\"https:\/\/infoecos.com.ar\/index.php\/declaraciones-de-maria-carmona-que-obtuvo-el-primer-lugar-en-la-lista-de-precandidatos-de-rivadavia-primero\/#breadcrumb\",\"itemListElement\":[{\"@type\":\"ListItem\",\"position\":1,\"name\":\"Portada\",\"item\":\"https:\/\/infoecos.com.ar\/\"},{\"@type\":\"ListItem\",\"position\":2,\"name\":\"Declaraciones de Mar\u00eda Carmona que obtuvo el primer lugar en la lista de precandidatos de Rivadavia Primero\"}]},{\"@type\":\"WebSite\",\"@id\":\"https:\/\/infoecos.com.ar\/#website\",\"url\":\"https:\/\/infoecos.com.ar\/\",\"name\":\"Infoecos\",\"description\":\"Noticias de trenque lauquen y la zona\",\"publisher\":{\"@id\":\"https:\/\/infoecos.com.ar\/#organization\"},\"alternateName\":\"Noticias\",\"potentialAction\":[{\"@type\":\"SearchAction\",\"target\":{\"@type\":\"EntryPoint\",\"urlTemplate\":\"https:\/\/infoecos.com.ar\/?s={search_term_string}\"},\"query-input\":{\"@type\":\"PropertyValueSpecification\",\"valueRequired\":true,\"valueName\":\"search_term_string\"}}],\"inLanguage\":\"es\"},{\"@type\":\"Organization\",\"@id\":\"https:\/\/infoecos.com.ar\/#organization\",\"name\":\"Infoecos\",\"alternateName\":\"Noticias\",\"url\":\"https:\/\/infoecos.com.ar\/\",\"logo\":{\"@type\":\"ImageObject\",\"inLanguage\":\"es\",\"@id\":\"https:\/\/infoecos.com.ar\/#\/schema\/logo\/image\/\",\"url\":\"https:\/\/infoecos.com.ar\/wp-content\/uploads\/2024\/03\/cropped-logo.png\",\"contentUrl\":\"https:\/\/infoecos.com.ar\/wp-content\/uploads\/2024\/03\/cropped-logo.png\",\"width\":374,\"height\":90,\"caption\":\"Infoecos\"},\"image\":{\"@id\":\"https:\/\/infoecos.com.ar\/#\/schema\/logo\/image\/\"},\"sameAs\":[\"https:\/\/www.facebook.com\/profile.php?id=100063200290284\",\"https:\/\/x.com\/infoecos\"]},{\"@type\":\"Person\",\"@id\":\"https:\/\/infoecos.com.ar\/#\/schema\/person\/8f5ace5ce73b4b4aac4b7245aee6f191\",\"name\":\"Jorge Matheus\",\"url\":\"https:\/\/infoecos.com.ar\/index.php\/author\/jomatheus\/\"}]}<\/script>\n<!-- \/ Yoast SEO plugin. -->","yoast_head_json":{"title":"Declaraciones de Mar\u00eda Carmona que obtuvo el primer lugar en la lista de precandidatos de Rivadavia Primero - Infoecos","robots":{"index":"index","follow":"follow","max-snippet":"max-snippet:-1","max-image-preview":"max-image-preview:large","max-video-preview":"max-video-preview:-1"},"canonical":"https:\/\/infoecos.com.ar\/index.php\/declaraciones-de-maria-carmona-que-obtuvo-el-primer-lugar-en-la-lista-de-precandidatos-de-rivadavia-primero\/","og_locale":"es_ES","og_type":"article","og_title":"Declaraciones de Mar\u00eda Carmona que obtuvo el primer lugar en la lista de precandidatos de Rivadavia Primero - Infoecos","og_description":"Obtuvo m\u00e1s de 1.500 votos en la grilla de Rivadavia Primero para definir los candidatos...","og_url":"https:\/\/infoecos.com.ar\/index.php\/declaraciones-de-maria-carmona-que-obtuvo-el-primer-lugar-en-la-lista-de-precandidatos-de-rivadavia-primero\/","og_site_name":"Infoecos","article_publisher":"https:\/\/www.facebook.com\/profile.php?id=100063200290284","article_published_time":"2021-07-20T06:36:46+00:00","article_modified_time":"2021-07-22T06:07:05+00:00","og_image":[{"width":787,"height":410,"url":"https:\/\/infoecos.com.ar\/wp-content\/uploads\/2021\/07\/carmonamaria.jpg","type":"image\/jpeg"}],"author":"Jorge Matheus","twitter_card":"summary_large_image","twitter_creator":"@infoecos","twitter_site":"@infoecos","twitter_misc":{"Escrito por":"Jorge Matheus","Tiempo de lectura":"1 minuto"},"schema":{"@context":"https:\/\/schema.org","@graph":[{"@type":"Article","@id":"https:\/\/infoecos.com.ar\/index.php\/declaraciones-de-maria-carmona-que-obtuvo-el-primer-lugar-en-la-lista-de-precandidatos-de-rivadavia-primero\/#article","isPartOf":{"@id":"https:\/\/infoecos.com.ar\/index.php\/declaraciones-de-maria-carmona-que-obtuvo-el-primer-lugar-en-la-lista-de-precandidatos-de-rivadavia-primero\/"},"author":{"name":"Jorge Matheus","@id":"https:\/\/infoecos.com.ar\/#\/schema\/person\/8f5ace5ce73b4b4aac4b7245aee6f191"},"headline":"Declaraciones de Mar\u00eda Carmona que obtuvo el primer lugar en la lista de precandidatos de Rivadavia Primero","datePublished":"2021-07-20T06:36:46+00:00","dateModified":"2021-07-22T06:07:05+00:00","mainEntityOfPage":{"@id":"https:\/\/infoecos.com.ar\/index.php\/declaraciones-de-maria-carmona-que-obtuvo-el-primer-lugar-en-la-lista-de-precandidatos-de-rivadavia-primero\/"},"wordCount":294,"publisher":{"@id":"https:\/\/infoecos.com.ar\/#organization"},"image":{"@id":"https:\/\/infoecos.com.ar\/index.php\/declaraciones-de-maria-carmona-que-obtuvo-el-primer-lugar-en-la-lista-de-precandidatos-de-rivadavia-primero\/#primaryimage"},"thumbnailUrl":"https:\/\/infoecos.com.ar\/wp-content\/uploads\/2021\/07\/carmonamaria.jpg","keywords":["AL PORTAL TIEMPO DEL OESTE"],"articleSection":["Bloque inferior - 8"],"inLanguage":"es"},{"@type":"WebPage","@id":"https:\/\/infoecos.com.ar\/index.php\/declaraciones-de-maria-carmona-que-obtuvo-el-primer-lugar-en-la-lista-de-precandidatos-de-rivadavia-primero\/","url":"https:\/\/infoecos.com.ar\/index.php\/declaraciones-de-maria-carmona-que-obtuvo-el-primer-lugar-en-la-lista-de-precandidatos-de-rivadavia-primero\/","name":"Declaraciones de Mar\u00eda Carmona que obtuvo el primer lugar en la lista de precandidatos de Rivadavia Primero - Infoecos","isPartOf":{"@id":"https:\/\/infoecos.com.ar\/#website"},"primaryImageOfPage":{"@id":"https:\/\/infoecos.com.ar\/index.php\/declaraciones-de-maria-carmona-que-obtuvo-el-primer-lugar-en-la-lista-de-precandidatos-de-rivadavia-primero\/#primaryimage"},"image":{"@id":"https:\/\/infoecos.com.ar\/index.php\/declaraciones-de-maria-carmona-que-obtuvo-el-primer-lugar-en-la-lista-de-precandidatos-de-rivadavia-primero\/#primaryimage"},"thumbnailUrl":"https:\/\/infoecos.com.ar\/wp-content\/uploads\/2021\/07\/carmonamaria.jpg","datePublished":"2021-07-20T06:36:46+00:00","dateModified":"2021-07-22T06:07:05+00:00","breadcrumb":{"@id":"https:\/\/infoecos.com.ar\/index.php\/declaraciones-de-maria-carmona-que-obtuvo-el-primer-lugar-en-la-lista-de-precandidatos-de-rivadavia-primero\/#breadcrumb"},"inLanguage":"es","potentialAction":[{"@type":"ReadAction","target":["https:\/\/infoecos.com.ar\/index.php\/declaraciones-de-maria-carmona-que-obtuvo-el-primer-lugar-en-la-lista-de-precandidatos-de-rivadavia-primero\/"]}]},{"@type":"ImageObject","inLanguage":"es","@id":"https:\/\/infoecos.com.ar\/index.php\/declaraciones-de-maria-carmona-que-obtuvo-el-primer-lugar-en-la-lista-de-precandidatos-de-rivadavia-primero\/#primaryimage","url":"https:\/\/infoecos.com.ar\/wp-content\/uploads\/2021\/07\/carmonamaria.jpg","contentUrl":"https:\/\/infoecos.com.ar\/wp-content\/uploads\/2021\/07\/carmonamaria.jpg","width":787,"height":410},{"@type":"BreadcrumbList","@id":"https:\/\/infoecos.com.ar\/index.php\/declaraciones-de-maria-carmona-que-obtuvo-el-primer-lugar-en-la-lista-de-precandidatos-de-rivadavia-primero\/#breadcrumb","itemListElement":[{"@type":"ListItem","position":1,"name":"Portada","item":"https:\/\/infoecos.com.ar\/"},{"@type":"ListItem","position":2,"name":"Declaraciones de Mar\u00eda Carmona que obtuvo el primer lugar en la lista de precandidatos de Rivadavia Primero"}]},{"@type":"WebSite","@id":"https:\/\/infoecos.com.ar\/#website","url":"https:\/\/infoecos.com.ar\/","name":"Infoecos","description":"Noticias de trenque lauquen y la zona","publisher":{"@id":"https:\/\/infoecos.com.ar\/#organization"},"alternateName":"Noticias","potentialAction":[{"@type":"SearchAction","target":{"@type":"EntryPoint","urlTemplate":"https:\/\/infoecos.com.ar\/?s={search_term_string}"},"query-input":{"@type":"PropertyValueSpecification","valueRequired":true,"valueName":"search_term_string"}}],"inLanguage":"es"},{"@type":"Organization","@id":"https:\/\/infoecos.com.ar\/#organization","name":"Infoecos","alternateName":"Noticias","url":"https:\/\/infoecos.com.ar\/","logo":{"@type":"ImageObject","inLanguage":"es","@id":"https:\/\/infoecos.com.ar\/#\/schema\/logo\/image\/","url":"https:\/\/infoecos.com.ar\/wp-content\/uploads\/2024\/03\/cropped-logo.png","contentUrl":"https:\/\/infoecos.com.ar\/wp-content\/uploads\/2024\/03\/cropped-logo.png","width":374,"height":90,"caption":"Infoecos"},"image":{"@id":"https:\/\/infoecos.com.ar\/#\/schema\/logo\/image\/"},"sameAs":["https:\/\/www.facebook.com\/profile.php?id=100063200290284","https:\/\/x.com\/infoecos"]},{"@type":"Person","@id":"https:\/\/infoecos.com.ar\/#\/schema\/person\/8f5ace5ce73b4b4aac4b7245aee6f191","name":"Jorge Matheus","url":"https:\/\/infoecos.com.ar\/index.php\/author\/jomatheus\/"}]}},"featured_image_urls":{"full":["https:\/\/infoecos.com.ar\/wp-content\/uploads\/2021\/07\/carmonamaria.jpg",787,410,false],"thumbnail":["https:\/\/infoecos.com.ar\/wp-content\/uploads\/2021\/07\/carmonamaria-150x150.jpg",150,150,true],"medium":["https:\/\/infoecos.com.ar\/wp-content\/uploads\/2021\/07\/carmonamaria-460x240.jpg",460,240,true],"medium_large":["https:\/\/infoecos.com.ar\/wp-content\/uploads\/2021\/07\/carmonamaria-768x400.jpg",640,333,true],"large":["https:\/\/infoecos.com.ar\/wp-content\/uploads\/2021\/07\/carmonamaria.jpg",640,333,false],"1536x1536":["https:\/\/infoecos.com.ar\/wp-content\/uploads\/2021\/07\/carmonamaria.jpg",787,410,false],"2048x2048":["https:\/\/infoecos.com.ar\/wp-content\/uploads\/2021\/07\/carmonamaria.jpg",787,410,false],"covernews-slider-full":["https:\/\/infoecos.com.ar\/wp-content\/uploads\/2021\/07\/carmonamaria.jpg",787,410,false],"covernews-slider-center":["https:\/\/infoecos.com.ar\/wp-content\/uploads\/2021\/07\/carmonamaria.jpg",787,410,false],"covernews-featured":["https:\/\/infoecos.com.ar\/wp-content\/uploads\/2021\/07\/carmonamaria.jpg",787,410,false],"covernews-medium":["https:\/\/infoecos.com.ar\/wp-content\/uploads\/2021\/07\/carmonamaria-720x380.jpg",540,285,true],"covernews-medium-square":["https:\/\/infoecos.com.ar\/wp-content\/uploads\/2021\/07\/carmonamaria-675x410.jpg",400,243,true]},"author_info":{"info":["Jorge Matheus"]},"category_info":"<a href=\"https:\/\/infoecos.com.ar\/index.php\/category\/inferior8\/\" rel=\"category tag\">Bloque inferior - 8<\/a>","tag_info":"Bloque inferior - 8","comment_count":"0","_links":{"self":[{"href":"https:\/\/infoecos.com.ar\/index.php\/wp-json\/wp\/v2\/posts\/81742"}],"collection":[{"href":"https:\/\/infoecos.com.ar\/index.php\/wp-json\/wp\/v2\/posts"}],"about":[{"href":"https:\/\/infoecos.com.ar\/index.php\/wp-json\/wp\/v2\/types\/post"}],"author":[{"embeddable":true,"href":"https:\/\/infoecos.com.ar\/index.php\/wp-json\/wp\/v2\/users\/2"}],"replies":[{"embeddable":true,"href":"https:\/\/infoecos.com.ar\/index.php\/wp-json\/wp\/v2\/comments?post=81742"}],"version-history":[{"count":1,"href":"https:\/\/infoecos.com.ar\/index.php\/wp-json\/wp\/v2\/posts\/81742\/revisions"}],"predecessor-version":[{"id":81744,"href":"https:\/\/infoecos.com.ar\/index.php\/wp-json\/wp\/v2\/posts\/81742\/revisions\/81744"}],"wp:featuredmedia":[{"embeddable":true,"href":"https:\/\/infoecos.com.ar\/index.php\/wp-json\/wp\/v2\/media\/81743"}],"wp:attachment":[{"href":"https:\/\/infoecos.com.ar\/index.php\/wp-json\/wp\/v2\/media?parent=81742"}],"wp:term":[{"taxonomy":"category","embeddable":true,"href":"https:\/\/infoecos.com.ar\/index.php\/wp-json\/wp\/v2\/categories?post=81742"},{"taxonomy":"post_tag","embeddable":true,"href":"https:\/\/infoecos.com.ar\/index.php\/wp-json\/wp\/v2\/tags?post=81742"}],"curies":[{"name":"wp","href":"https:\/\/api.w.org\/{rel}","templated":true}]}}