{"id":81765,"date":"2021-07-21T01:03:21","date_gmt":"2021-07-21T04:03:21","guid":{"rendered":"http:\/\/infoecos.com.ar\/?p=81765"},"modified":"2021-07-22T03:05:45","modified_gmt":"2021-07-22T06:05:45","slug":"las-autoridades-provinciales-recorrieron-la-planta-de-tratamiento-de-liquidos-cloacales-de-laguna-alsina","status":"publish","type":"post","link":"https:\/\/infoecos.com.ar\/index.php\/las-autoridades-provinciales-recorrieron-la-planta-de-tratamiento-de-liquidos-cloacales-de-laguna-alsina\/","title":{"rendered":"Las autoridades provinciales recorrieron la Planta de Tratamiento de L\u00edquidos Cloacales de Laguna Alsina"},"content":{"rendered":"\n<p>Kicillof recorri\u00f3 las instalaciones de la Planta de Tratamiento de L\u00edquidos Cloacales de Laguna Alsina, en el distrito de Guamin\u00ed, donde la Provincia reinici\u00f3 las obras que hab\u00edan sido paralizadas en 2019. Se trata de una inversi\u00f3n de m\u00e1s de 219 millones de pesos que permite el tratamiento del 100% de los efluentes cloacales de la localidad.<\/p>\n\n\n\n<div class=\"wp-block-image is-style-default\"><figure class=\"aligncenter size-medium\"><img loading=\"lazy\" decoding=\"async\" width=\"460\" height=\"306\" src=\"http:\/\/infoecos.com.ar\/wp-content\/uploads\/2021\/07\/GOB_2274-460x306.jpg\" alt=\"\" class=\"wp-image-81766\" srcset=\"https:\/\/infoecos.com.ar\/wp-content\/uploads\/2021\/07\/GOB_2274-460x306.jpg 460w, https:\/\/infoecos.com.ar\/wp-content\/uploads\/2021\/07\/GOB_2274-920x612.jpg 920w, https:\/\/infoecos.com.ar\/wp-content\/uploads\/2021\/07\/GOB_2274-768x511.jpg 768w, https:\/\/infoecos.com.ar\/wp-content\/uploads\/2021\/07\/GOB_2274-1536x1020.jpg 1536w, https:\/\/infoecos.com.ar\/wp-content\/uploads\/2021\/07\/GOB_2274-2048x1363.jpg 2048w, https:\/\/infoecos.com.ar\/wp-content\/uploads\/2021\/07\/GOB_2274-1024x681.jpg 1024w, https:\/\/infoecos.com.ar\/wp-content\/uploads\/2021\/07\/GOB_2274-675x450.jpg 675w\" sizes=\"(max-width: 460px) 100vw, 460px\" \/><\/figure><\/div>\n\n\n\n<p>\u201cEsta era una obra que estaba pendiente de terminaci\u00f3n, con deudas, y desde la Provincia hicimos lo que faltaba. Esta planta de tratamiento de l\u00edquidos cloacales tiene conexi\u00f3n a cada uno de los domicilios\u201d, asegur\u00f3 Kicillof y a\u00f1adi\u00f3: \u201cJunto a los otros proyectos que estamos haciendo en Guamin\u00ed, mejora el bienestar de los vecinos y las vecinas del municipio\u201d.<\/p>\n\n\n\n<p>Las obras incluyeron la ejecuci\u00f3n de una red de colectoras cloacales con una longitud de 25.150 metros de ca\u00f1er\u00eda, la realizaci\u00f3n de 1.025 conexiones domiciliarias y la construcci\u00f3n de tres estaciones de bombeo cloacal.<\/p>\n\n\n\n<p>Simone (ministro de Infraestructura) y Nobre Ferreira (intendente de Guamin\u00ed), m\u00e1s tarde en Garr\u00e9, firmaron convenios para nuevos proyectos de infraestructura en el municipio: los trabajos en la planta de tratamiento de Laguna Alsina, con una inversi\u00f3n de 1,8 millones de pesos, y el mantenimiento y operaci\u00f3n de la obra de cloacas en el lugar; as\u00ed como tambi\u00e9n el acuerdo marco del Fondo de Infraestructura Municipal (FIM) para la construcci\u00f3n de pavimento urbano por 35 millones de pesos. Asimismo, se rubric\u00f3 un convenio con el Ente Nacional de Obras H\u00eddricas de Saneamiento (ENOHSA) para la ejecuci\u00f3n de la segunda etapa de la obras sobre la red de desag\u00fces cloacales, estaci\u00f3n de bombeo, impulsi\u00f3n y planta de tratamiento modular, en el marco del plan \u201cArgentina Hace\u201d.<\/p>\n","protected":false},"excerpt":{"rendered":"<p>La Provincia reinici\u00f3 las obras que hab\u00edan sido paralizadas en 2019<\/p>\n","protected":false},"author":2,"featured_media":81766,"comment_status":"closed","ping_status":"open","sticky":false,"template":"","format":"standard","meta":{"footnotes":""},"categories":[43],"tags":[4331],"class_list":["post-81765","post","type-post","status-publish","format-standard","has-post-thumbnail","hentry","category-inferior4","tag-tambien-firmaron-convenios-en-garre"],"yoast_head":"<!-- This site is optimized with the Yoast SEO plugin v23.4 - https:\/\/yoast.com\/wordpress\/plugins\/seo\/ -->\n<title>Las autoridades provinciales recorrieron la Planta de Tratamiento de L\u00edquidos Cloacales de Laguna Alsina - Infoecos<\/title>\n<meta name=\"robots\" content=\"index, follow, max-snippet:-1, max-image-preview:large, max-video-preview:-1\" \/>\n<link rel=\"canonical\" href=\"https:\/\/infoecos.com.ar\/index.php\/las-autoridades-provinciales-recorrieron-la-planta-de-tratamiento-de-liquidos-cloacales-de-laguna-alsina\/\" \/>\n<meta property=\"og:locale\" content=\"es_ES\" \/>\n<meta property=\"og:type\" content=\"article\" \/>\n<meta property=\"og:title\" content=\"Las autoridades provinciales recorrieron la Planta de Tratamiento de L\u00edquidos Cloacales de Laguna Alsina - Infoecos\" \/>\n<meta property=\"og:description\" content=\"La Provincia reinici\u00f3 las obras que hab\u00edan sido paralizadas en 2019\" \/>\n<meta property=\"og:url\" content=\"https:\/\/infoecos.com.ar\/index.php\/las-autoridades-provinciales-recorrieron-la-planta-de-tratamiento-de-liquidos-cloacales-de-laguna-alsina\/\" \/>\n<meta property=\"og:site_name\" content=\"Infoecos\" \/>\n<meta property=\"article:publisher\" content=\"https:\/\/www.facebook.com\/profile.php?id=100063200290284\" \/>\n<meta property=\"article:published_time\" content=\"2021-07-21T04:03:21+00:00\" \/>\n<meta property=\"article:modified_time\" content=\"2021-07-22T06:05:45+00:00\" \/>\n<meta property=\"og:image\" content=\"https:\/\/infoecos.com.ar\/wp-content\/uploads\/2021\/07\/GOB_2274-scaled.jpg\" \/>\n\t<meta property=\"og:image:width\" content=\"2560\" \/>\n\t<meta property=\"og:image:height\" content=\"1703\" \/>\n\t<meta property=\"og:image:type\" content=\"image\/jpeg\" \/>\n<meta name=\"author\" content=\"Jorge Matheus\" \/>\n<meta name=\"twitter:card\" content=\"summary_large_image\" \/>\n<meta name=\"twitter:creator\" content=\"@infoecos\" \/>\n<meta name=\"twitter:site\" content=\"@infoecos\" \/>\n<meta name=\"twitter:label1\" content=\"Escrito por\" \/>\n\t<meta name=\"twitter:data1\" content=\"Jorge Matheus\" \/>\n\t<meta name=\"twitter:label2\" content=\"Tiempo de lectura\" \/>\n\t<meta name=\"twitter:data2\" content=\"1 minuto\" \/>\n<script type=\"application\/ld+json\" class=\"yoast-schema-graph\">{\"@context\":\"https:\/\/schema.org\",\"@graph\":[{\"@type\":\"Article\",\"@id\":\"https:\/\/infoecos.com.ar\/index.php\/las-autoridades-provinciales-recorrieron-la-planta-de-tratamiento-de-liquidos-cloacales-de-laguna-alsina\/#article\",\"isPartOf\":{\"@id\":\"https:\/\/infoecos.com.ar\/index.php\/las-autoridades-provinciales-recorrieron-la-planta-de-tratamiento-de-liquidos-cloacales-de-laguna-alsina\/\"},\"author\":{\"name\":\"Jorge Matheus\",\"@id\":\"https:\/\/infoecos.com.ar\/#\/schema\/person\/8f5ace5ce73b4b4aac4b7245aee6f191\"},\"headline\":\"Las autoridades provinciales recorrieron la Planta de Tratamiento de L\u00edquidos Cloacales de Laguna Alsina\",\"datePublished\":\"2021-07-21T04:03:21+00:00\",\"dateModified\":\"2021-07-22T06:05:45+00:00\",\"mainEntityOfPage\":{\"@id\":\"https:\/\/infoecos.com.ar\/index.php\/las-autoridades-provinciales-recorrieron-la-planta-de-tratamiento-de-liquidos-cloacales-de-laguna-alsina\/\"},\"wordCount\":306,\"publisher\":{\"@id\":\"https:\/\/infoecos.com.ar\/#organization\"},\"image\":{\"@id\":\"https:\/\/infoecos.com.ar\/index.php\/las-autoridades-provinciales-recorrieron-la-planta-de-tratamiento-de-liquidos-cloacales-de-laguna-alsina\/#primaryimage\"},\"thumbnailUrl\":\"https:\/\/infoecos.com.ar\/wp-content\/uploads\/2021\/07\/GOB_2274-scaled.jpg\",\"keywords\":[\"TAMBI\u00c9N FIRMARON CONVENIOS EN GARR\u00c9\"],\"articleSection\":[\"Bloque inferior - 4\"],\"inLanguage\":\"es\"},{\"@type\":\"WebPage\",\"@id\":\"https:\/\/infoecos.com.ar\/index.php\/las-autoridades-provinciales-recorrieron-la-planta-de-tratamiento-de-liquidos-cloacales-de-laguna-alsina\/\",\"url\":\"https:\/\/infoecos.com.ar\/index.php\/las-autoridades-provinciales-recorrieron-la-planta-de-tratamiento-de-liquidos-cloacales-de-laguna-alsina\/\",\"name\":\"Las autoridades provinciales recorrieron la Planta de Tratamiento de L\u00edquidos Cloacales de Laguna Alsina - Infoecos\",\"isPartOf\":{\"@id\":\"https:\/\/infoecos.com.ar\/#website\"},\"primaryImageOfPage\":{\"@id\":\"https:\/\/infoecos.com.ar\/index.php\/las-autoridades-provinciales-recorrieron-la-planta-de-tratamiento-de-liquidos-cloacales-de-laguna-alsina\/#primaryimage\"},\"image\":{\"@id\":\"https:\/\/infoecos.com.ar\/index.php\/las-autoridades-provinciales-recorrieron-la-planta-de-tratamiento-de-liquidos-cloacales-de-laguna-alsina\/#primaryimage\"},\"thumbnailUrl\":\"https:\/\/infoecos.com.ar\/wp-content\/uploads\/2021\/07\/GOB_2274-scaled.jpg\",\"datePublished\":\"2021-07-21T04:03:21+00:00\",\"dateModified\":\"2021-07-22T06:05:45+00:00\",\"breadcrumb\":{\"@id\":\"https:\/\/infoecos.com.ar\/index.php\/las-autoridades-provinciales-recorrieron-la-planta-de-tratamiento-de-liquidos-cloacales-de-laguna-alsina\/#breadcrumb\"},\"inLanguage\":\"es\",\"potentialAction\":[{\"@type\":\"ReadAction\",\"target\":[\"https:\/\/infoecos.com.ar\/index.php\/las-autoridades-provinciales-recorrieron-la-planta-de-tratamiento-de-liquidos-cloacales-de-laguna-alsina\/\"]}]},{\"@type\":\"ImageObject\",\"inLanguage\":\"es\",\"@id\":\"https:\/\/infoecos.com.ar\/index.php\/las-autoridades-provinciales-recorrieron-la-planta-de-tratamiento-de-liquidos-cloacales-de-laguna-alsina\/#primaryimage\",\"url\":\"https:\/\/infoecos.com.ar\/wp-content\/uploads\/2021\/07\/GOB_2274-scaled.jpg\",\"contentUrl\":\"https:\/\/infoecos.com.ar\/wp-content\/uploads\/2021\/07\/GOB_2274-scaled.jpg\",\"width\":2560,\"height\":1703},{\"@type\":\"BreadcrumbList\",\"@id\":\"https:\/\/infoecos.com.ar\/index.php\/las-autoridades-provinciales-recorrieron-la-planta-de-tratamiento-de-liquidos-cloacales-de-laguna-alsina\/#breadcrumb\",\"itemListElement\":[{\"@type\":\"ListItem\",\"position\":1,\"name\":\"Portada\",\"item\":\"https:\/\/infoecos.com.ar\/\"},{\"@type\":\"ListItem\",\"position\":2,\"name\":\"Las autoridades provinciales recorrieron la Planta de Tratamiento de L\u00edquidos Cloacales de Laguna Alsina\"}]},{\"@type\":\"WebSite\",\"@id\":\"https:\/\/infoecos.com.ar\/#website\",\"url\":\"https:\/\/infoecos.com.ar\/\",\"name\":\"Infoecos\",\"description\":\"Noticias de trenque lauquen y la zona\",\"publisher\":{\"@id\":\"https:\/\/infoecos.com.ar\/#organization\"},\"alternateName\":\"Noticias\",\"potentialAction\":[{\"@type\":\"SearchAction\",\"target\":{\"@type\":\"EntryPoint\",\"urlTemplate\":\"https:\/\/infoecos.com.ar\/?s={search_term_string}\"},\"query-input\":{\"@type\":\"PropertyValueSpecification\",\"valueRequired\":true,\"valueName\":\"search_term_string\"}}],\"inLanguage\":\"es\"},{\"@type\":\"Organization\",\"@id\":\"https:\/\/infoecos.com.ar\/#organization\",\"name\":\"Infoecos\",\"alternateName\":\"Noticias\",\"url\":\"https:\/\/infoecos.com.ar\/\",\"logo\":{\"@type\":\"ImageObject\",\"inLanguage\":\"es\",\"@id\":\"https:\/\/infoecos.com.ar\/#\/schema\/logo\/image\/\",\"url\":\"https:\/\/infoecos.com.ar\/wp-content\/uploads\/2024\/03\/cropped-logo.png\",\"contentUrl\":\"https:\/\/infoecos.com.ar\/wp-content\/uploads\/2024\/03\/cropped-logo.png\",\"width\":374,\"height\":90,\"caption\":\"Infoecos\"},\"image\":{\"@id\":\"https:\/\/infoecos.com.ar\/#\/schema\/logo\/image\/\"},\"sameAs\":[\"https:\/\/www.facebook.com\/profile.php?id=100063200290284\",\"https:\/\/x.com\/infoecos\"]},{\"@type\":\"Person\",\"@id\":\"https:\/\/infoecos.com.ar\/#\/schema\/person\/8f5ace5ce73b4b4aac4b7245aee6f191\",\"name\":\"Jorge Matheus\",\"url\":\"https:\/\/infoecos.com.ar\/index.php\/author\/jomatheus\/\"}]}<\/script>\n<!-- \/ Yoast SEO plugin. -->","yoast_head_json":{"title":"Las autoridades provinciales recorrieron la Planta de Tratamiento de L\u00edquidos Cloacales de Laguna Alsina - Infoecos","robots":{"index":"index","follow":"follow","max-snippet":"max-snippet:-1","max-image-preview":"max-image-preview:large","max-video-preview":"max-video-preview:-1"},"canonical":"https:\/\/infoecos.com.ar\/index.php\/las-autoridades-provinciales-recorrieron-la-planta-de-tratamiento-de-liquidos-cloacales-de-laguna-alsina\/","og_locale":"es_ES","og_type":"article","og_title":"Las autoridades provinciales recorrieron la Planta de Tratamiento de L\u00edquidos Cloacales de Laguna Alsina - Infoecos","og_description":"La Provincia reinici\u00f3 las obras que hab\u00edan sido paralizadas en 2019","og_url":"https:\/\/infoecos.com.ar\/index.php\/las-autoridades-provinciales-recorrieron-la-planta-de-tratamiento-de-liquidos-cloacales-de-laguna-alsina\/","og_site_name":"Infoecos","article_publisher":"https:\/\/www.facebook.com\/profile.php?id=100063200290284","article_published_time":"2021-07-21T04:03:21+00:00","article_modified_time":"2021-07-22T06:05:45+00:00","og_image":[{"width":2560,"height":1703,"url":"https:\/\/infoecos.com.ar\/wp-content\/uploads\/2021\/07\/GOB_2274-scaled.jpg","type":"image\/jpeg"}],"author":"Jorge Matheus","twitter_card":"summary_large_image","twitter_creator":"@infoecos","twitter_site":"@infoecos","twitter_misc":{"Escrito por":"Jorge Matheus","Tiempo de lectura":"1 minuto"},"schema":{"@context":"https:\/\/schema.org","@graph":[{"@type":"Article","@id":"https:\/\/infoecos.com.ar\/index.php\/las-autoridades-provinciales-recorrieron-la-planta-de-tratamiento-de-liquidos-cloacales-de-laguna-alsina\/#article","isPartOf":{"@id":"https:\/\/infoecos.com.ar\/index.php\/las-autoridades-provinciales-recorrieron-la-planta-de-tratamiento-de-liquidos-cloacales-de-laguna-alsina\/"},"author":{"name":"Jorge Matheus","@id":"https:\/\/infoecos.com.ar\/#\/schema\/person\/8f5ace5ce73b4b4aac4b7245aee6f191"},"headline":"Las autoridades provinciales recorrieron la Planta de Tratamiento de L\u00edquidos Cloacales de Laguna Alsina","datePublished":"2021-07-21T04:03:21+00:00","dateModified":"2021-07-22T06:05:45+00:00","mainEntityOfPage":{"@id":"https:\/\/infoecos.com.ar\/index.php\/las-autoridades-provinciales-recorrieron-la-planta-de-tratamiento-de-liquidos-cloacales-de-laguna-alsina\/"},"wordCount":306,"publisher":{"@id":"https:\/\/infoecos.com.ar\/#organization"},"image":{"@id":"https:\/\/infoecos.com.ar\/index.php\/las-autoridades-provinciales-recorrieron-la-planta-de-tratamiento-de-liquidos-cloacales-de-laguna-alsina\/#primaryimage"},"thumbnailUrl":"https:\/\/infoecos.com.ar\/wp-content\/uploads\/2021\/07\/GOB_2274-scaled.jpg","keywords":["TAMBI\u00c9N FIRMARON CONVENIOS EN GARR\u00c9"],"articleSection":["Bloque inferior - 4"],"inLanguage":"es"},{"@type":"WebPage","@id":"https:\/\/infoecos.com.ar\/index.php\/las-autoridades-provinciales-recorrieron-la-planta-de-tratamiento-de-liquidos-cloacales-de-laguna-alsina\/","url":"https:\/\/infoecos.com.ar\/index.php\/las-autoridades-provinciales-recorrieron-la-planta-de-tratamiento-de-liquidos-cloacales-de-laguna-alsina\/","name":"Las autoridades provinciales recorrieron la Planta de Tratamiento de L\u00edquidos Cloacales de Laguna Alsina - Infoecos","isPartOf":{"@id":"https:\/\/infoecos.com.ar\/#website"},"primaryImageOfPage":{"@id":"https:\/\/infoecos.com.ar\/index.php\/las-autoridades-provinciales-recorrieron-la-planta-de-tratamiento-de-liquidos-cloacales-de-laguna-alsina\/#primaryimage"},"image":{"@id":"https:\/\/infoecos.com.ar\/index.php\/las-autoridades-provinciales-recorrieron-la-planta-de-tratamiento-de-liquidos-cloacales-de-laguna-alsina\/#primaryimage"},"thumbnailUrl":"https:\/\/infoecos.com.ar\/wp-content\/uploads\/2021\/07\/GOB_2274-scaled.jpg","datePublished":"2021-07-21T04:03:21+00:00","dateModified":"2021-07-22T06:05:45+00:00","breadcrumb":{"@id":"https:\/\/infoecos.com.ar\/index.php\/las-autoridades-provinciales-recorrieron-la-planta-de-tratamiento-de-liquidos-cloacales-de-laguna-alsina\/#breadcrumb"},"inLanguage":"es","potentialAction":[{"@type":"ReadAction","target":["https:\/\/infoecos.com.ar\/index.php\/las-autoridades-provinciales-recorrieron-la-planta-de-tratamiento-de-liquidos-cloacales-de-laguna-alsina\/"]}]},{"@type":"ImageObject","inLanguage":"es","@id":"https:\/\/infoecos.com.ar\/index.php\/las-autoridades-provinciales-recorrieron-la-planta-de-tratamiento-de-liquidos-cloacales-de-laguna-alsina\/#primaryimage","url":"https:\/\/infoecos.com.ar\/wp-content\/uploads\/2021\/07\/GOB_2274-scaled.jpg","contentUrl":"https:\/\/infoecos.com.ar\/wp-content\/uploads\/2021\/07\/GOB_2274-scaled.jpg","width":2560,"height":1703},{"@type":"BreadcrumbList","@id":"https:\/\/infoecos.com.ar\/index.php\/las-autoridades-provinciales-recorrieron-la-planta-de-tratamiento-de-liquidos-cloacales-de-laguna-alsina\/#breadcrumb","itemListElement":[{"@type":"ListItem","position":1,"name":"Portada","item":"https:\/\/infoecos.com.ar\/"},{"@type":"ListItem","position":2,"name":"Las autoridades provinciales recorrieron la Planta de Tratamiento de L\u00edquidos Cloacales de Laguna Alsina"}]},{"@type":"WebSite","@id":"https:\/\/infoecos.com.ar\/#website","url":"https:\/\/infoecos.com.ar\/","name":"Infoecos","description":"Noticias de trenque lauquen y la zona","publisher":{"@id":"https:\/\/infoecos.com.ar\/#organization"},"alternateName":"Noticias","potentialAction":[{"@type":"SearchAction","target":{"@type":"EntryPoint","urlTemplate":"https:\/\/infoecos.com.ar\/?s={search_term_string}"},"query-input":{"@type":"PropertyValueSpecification","valueRequired":true,"valueName":"search_term_string"}}],"inLanguage":"es"},{"@type":"Organization","@id":"https:\/\/infoecos.com.ar\/#organization","name":"Infoecos","alternateName":"Noticias","url":"https:\/\/infoecos.com.ar\/","logo":{"@type":"ImageObject","inLanguage":"es","@id":"https:\/\/infoecos.com.ar\/#\/schema\/logo\/image\/","url":"https:\/\/infoecos.com.ar\/wp-content\/uploads\/2024\/03\/cropped-logo.png","contentUrl":"https:\/\/infoecos.com.ar\/wp-content\/uploads\/2024\/03\/cropped-logo.png","width":374,"height":90,"caption":"Infoecos"},"image":{"@id":"https:\/\/infoecos.com.ar\/#\/schema\/logo\/image\/"},"sameAs":["https:\/\/www.facebook.com\/profile.php?id=100063200290284","https:\/\/x.com\/infoecos"]},{"@type":"Person","@id":"https:\/\/infoecos.com.ar\/#\/schema\/person\/8f5ace5ce73b4b4aac4b7245aee6f191","name":"Jorge Matheus","url":"https:\/\/infoecos.com.ar\/index.php\/author\/jomatheus\/"}]}},"featured_image_urls":{"full":["https:\/\/infoecos.com.ar\/wp-content\/uploads\/2021\/07\/GOB_2274-scaled.jpg",2560,1703,false],"thumbnail":["https:\/\/infoecos.com.ar\/wp-content\/uploads\/2021\/07\/GOB_2274-150x150.jpg",150,150,true],"medium":["https:\/\/infoecos.com.ar\/wp-content\/uploads\/2021\/07\/GOB_2274-460x306.jpg",460,306,true],"medium_large":["https:\/\/infoecos.com.ar\/wp-content\/uploads\/2021\/07\/GOB_2274-768x511.jpg",640,426,true],"large":["https:\/\/infoecos.com.ar\/wp-content\/uploads\/2021\/07\/GOB_2274-920x612.jpg",640,426,true],"1536x1536":["https:\/\/infoecos.com.ar\/wp-content\/uploads\/2021\/07\/GOB_2274-1536x1022.jpg",1536,1022,true],"2048x2048":["https:\/\/infoecos.com.ar\/wp-content\/uploads\/2021\/07\/GOB_2274-2048x1363.jpg",2048,1363,true],"covernews-slider-full":["https:\/\/infoecos.com.ar\/wp-content\/uploads\/2021\/07\/GOB_2274-1536x1020.jpg",1077,715,true],"covernews-slider-center":["https:\/\/infoecos.com.ar\/wp-content\/uploads\/2021\/07\/GOB_2274-936x897.jpg",522,500,true],"covernews-featured":["https:\/\/infoecos.com.ar\/wp-content\/uploads\/2021\/07\/GOB_2274-1024x681.jpg",1024,681,true],"covernews-medium":["https:\/\/infoecos.com.ar\/wp-content\/uploads\/2021\/07\/GOB_2274-720x380.jpg",540,285,true],"covernews-medium-square":["https:\/\/infoecos.com.ar\/wp-content\/uploads\/2021\/07\/GOB_2274-675x450.jpg",375,250,true]},"author_info":{"info":["Jorge Matheus"]},"category_info":"<a href=\"https:\/\/infoecos.com.ar\/index.php\/category\/inferior4\/\" rel=\"category tag\">Bloque inferior - 4<\/a>","tag_info":"Bloque inferior - 4","comment_count":"0","_links":{"self":[{"href":"https:\/\/infoecos.com.ar\/index.php\/wp-json\/wp\/v2\/posts\/81765"}],"collection":[{"href":"https:\/\/infoecos.com.ar\/index.php\/wp-json\/wp\/v2\/posts"}],"about":[{"href":"https:\/\/infoecos.com.ar\/index.php\/wp-json\/wp\/v2\/types\/post"}],"author":[{"embeddable":true,"href":"https:\/\/infoecos.com.ar\/index.php\/wp-json\/wp\/v2\/users\/2"}],"replies":[{"embeddable":true,"href":"https:\/\/infoecos.com.ar\/index.php\/wp-json\/wp\/v2\/comments?post=81765"}],"version-history":[{"count":1,"href":"https:\/\/infoecos.com.ar\/index.php\/wp-json\/wp\/v2\/posts\/81765\/revisions"}],"predecessor-version":[{"id":81767,"href":"https:\/\/infoecos.com.ar\/index.php\/wp-json\/wp\/v2\/posts\/81765\/revisions\/81767"}],"wp:featuredmedia":[{"embeddable":true,"href":"https:\/\/infoecos.com.ar\/index.php\/wp-json\/wp\/v2\/media\/81766"}],"wp:attachment":[{"href":"https:\/\/infoecos.com.ar\/index.php\/wp-json\/wp\/v2\/media?parent=81765"}],"wp:term":[{"taxonomy":"category","embeddable":true,"href":"https:\/\/infoecos.com.ar\/index.php\/wp-json\/wp\/v2\/categories?post=81765"},{"taxonomy":"post_tag","embeddable":true,"href":"https:\/\/infoecos.com.ar\/index.php\/wp-json\/wp\/v2\/tags?post=81765"}],"curies":[{"name":"wp","href":"https:\/\/api.w.org\/{rel}","templated":true}]}}