{"id":81793,"date":"2021-07-21T03:04:11","date_gmt":"2021-07-21T06:04:11","guid":{"rendered":"http:\/\/infoecos.com.ar\/?p=81793"},"modified":"2021-07-26T04:28:55","modified_gmt":"2021-07-26T07:28:55","slug":"el-ministro-costa-en-pigue-acompanamos-a-las-cooperativas-que-mostraron-una-gran-capacidad-de-adaptacion","status":"publish","type":"post","link":"https:\/\/infoecos.com.ar\/index.php\/el-ministro-costa-en-pigue-acompanamos-a-las-cooperativas-que-mostraron-una-gran-capacidad-de-adaptacion\/","title":{"rendered":"El ministro Costa en Pig\u00fc\u00e9: \u201cacompa\u00f1amos a las cooperativas, que mostraron una gran capacidad de adaptaci\u00f3n\u00bb"},"content":{"rendered":"\n<p>Kicillof encabez\u00f3 una reuni\u00f3n con productores y comerciantes en el Sal\u00f3n de Bomberos Voluntarios de Pig\u00fc\u00e9. All\u00ed el Gobernador remarc\u00f3 que \u201cdurante la pandemia, hemos tomado las medidas necesarias para asistir a las y los bonaerenses que se vieron m\u00e1s afectados\u201d. \u201cAbordamos la problem\u00e1tica social y econ\u00f3mica recuperando el rol del Banco Provincia y destinando recursos que nos permitieran apuntalar a las PyMEs y los peque\u00f1os emprendimientos\u201d, sostuvo y agreg\u00f3: \u201cEstas pol\u00edticas de est\u00edmulo han tenido como principal objetivo el sostenimiento de las fuentes de empleo\u201d.<\/p>\n\n\n\n<div class=\"wp-block-image is-style-default\"><figure class=\"aligncenter size-medium\"><img loading=\"lazy\" decoding=\"async\" width=\"460\" height=\"306\" src=\"http:\/\/infoecos.com.ar\/wp-content\/uploads\/2021\/07\/2021_07_20-AK-Reunion-Empresarios_SGE_2037-460x306.jpg\" alt=\"\" class=\"wp-image-81794\" srcset=\"https:\/\/infoecos.com.ar\/wp-content\/uploads\/2021\/07\/2021_07_20-AK-Reunion-Empresarios_SGE_2037-460x306.jpg 460w, https:\/\/infoecos.com.ar\/wp-content\/uploads\/2021\/07\/2021_07_20-AK-Reunion-Empresarios_SGE_2037-920x612.jpg 920w, https:\/\/infoecos.com.ar\/wp-content\/uploads\/2021\/07\/2021_07_20-AK-Reunion-Empresarios_SGE_2037-768x511.jpg 768w, https:\/\/infoecos.com.ar\/wp-content\/uploads\/2021\/07\/2021_07_20-AK-Reunion-Empresarios_SGE_2037-1536x1020.jpg 1536w, https:\/\/infoecos.com.ar\/wp-content\/uploads\/2021\/07\/2021_07_20-AK-Reunion-Empresarios_SGE_2037-2048x1363.jpg 2048w, https:\/\/infoecos.com.ar\/wp-content\/uploads\/2021\/07\/2021_07_20-AK-Reunion-Empresarios_SGE_2037-1024x682.jpg 1024w, https:\/\/infoecos.com.ar\/wp-content\/uploads\/2021\/07\/2021_07_20-AK-Reunion-Empresarios_SGE_2037-675x450.jpg 675w\" sizes=\"(max-width: 460px) 100vw, 460px\" \/><\/figure><\/div>\n\n\n\n<p>\u201cCon el avance de la campa\u00f1a de vacunaci\u00f3n en toda la Provincia, estamos transitando un camino de menos restricciones y, sobre todo, de m\u00e1s certezas\u201d, expres\u00f3 Kicillof y se\u00f1al\u00f3: \u201cAhora vendr\u00e1 un periodo de reactivaci\u00f3n de la actividad, para el cual estamos preparando una bater\u00eda de medidas que impulsen la producci\u00f3n y permitan que el crecimiento sea equitativo\u201d.<\/p>\n\n\n\n<p>Por su parte, Costa subray\u00f3 que \u201ctrabajamos de forma coordinada entre la Naci\u00f3n, la Provincia y los municipios para que, pese a las restricciones que eran necesarias por la pandemia, pudieran funcionar la mayor cantidad de actividades que fuera posible\u201d. \u201cHemos acompa\u00f1ado a las cooperativas, que mostraron una gran capacidad de adaptaci\u00f3n, y lanzamos un plan de turismo rural porque los 135 municipios de la Provincia tienen atractivos para que la gente disfrute\u201d, indic\u00f3.<\/p>\n\n\n\n<div class=\"wp-block-image is-style-default\"><figure class=\"aligncenter size-large\"><img loading=\"lazy\" decoding=\"async\" width=\"920\" height=\"612\" src=\"http:\/\/infoecos.com.ar\/wp-content\/uploads\/2021\/07\/2021_07_20-AK-Reunion-EmpresariosSGE_1983-920x612.jpg\" alt=\"\" class=\"wp-image-81795\" srcset=\"https:\/\/infoecos.com.ar\/wp-content\/uploads\/2021\/07\/2021_07_20-AK-Reunion-EmpresariosSGE_1983-920x612.jpg 920w, https:\/\/infoecos.com.ar\/wp-content\/uploads\/2021\/07\/2021_07_20-AK-Reunion-EmpresariosSGE_1983-460x306.jpg 460w, https:\/\/infoecos.com.ar\/wp-content\/uploads\/2021\/07\/2021_07_20-AK-Reunion-EmpresariosSGE_1983-768x511.jpg 768w, https:\/\/infoecos.com.ar\/wp-content\/uploads\/2021\/07\/2021_07_20-AK-Reunion-EmpresariosSGE_1983-1536x1020.jpg 1536w, https:\/\/infoecos.com.ar\/wp-content\/uploads\/2021\/07\/2021_07_20-AK-Reunion-EmpresariosSGE_1983-2048x1363.jpg 2048w, https:\/\/infoecos.com.ar\/wp-content\/uploads\/2021\/07\/2021_07_20-AK-Reunion-EmpresariosSGE_1983-1024x682.jpg 1024w, https:\/\/infoecos.com.ar\/wp-content\/uploads\/2021\/07\/2021_07_20-AK-Reunion-EmpresariosSGE_1983-675x450.jpg 675w\" sizes=\"(max-width: 920px) 100vw, 920px\" \/><\/figure><\/div>\n\n\n\n<p>El intendente Notararigo enfatiz\u00f3 que \u201csiempre hemos apoyado las medidas de cuidado que impartieron desde la Naci\u00f3n y la Provincia con el objetivo de afrontar la pandemia\u201d. \u201cVamos a seguir trabajando juntos para salir de esta situaci\u00f3n, ya que el objetivo fundamental es solucionar los problemas de la gente\u201d, dijo.<\/p>\n","protected":false},"excerpt":{"rendered":"<p>Kicillof encabez\u00f3 una reuni\u00f3n con productores y comerciantes en el Sal\u00f3n de Bomberos Voluntarios de&#8230;<\/p>\n","protected":false},"author":2,"featured_media":81795,"comment_status":"closed","ping_status":"open","sticky":false,"template":"","format":"standard","meta":{"footnotes":""},"categories":[1333],"tags":[4338],"class_list":["post-81793","post","type-post","status-publish","format-standard","has-post-thumbnail","hentry","category-inferior13","tag-con-sectores-de-la-produccion"],"yoast_head":"<!-- This site is optimized with the Yoast SEO plugin v23.4 - https:\/\/yoast.com\/wordpress\/plugins\/seo\/ -->\n<title>El ministro Costa en Pig\u00fc\u00e9: \u201cacompa\u00f1amos a las cooperativas, que mostraron una gran capacidad de adaptaci\u00f3n&quot; - Infoecos<\/title>\n<meta name=\"robots\" content=\"index, follow, max-snippet:-1, max-image-preview:large, max-video-preview:-1\" \/>\n<link rel=\"canonical\" href=\"https:\/\/infoecos.com.ar\/index.php\/el-ministro-costa-en-pigue-acompanamos-a-las-cooperativas-que-mostraron-una-gran-capacidad-de-adaptacion\/\" \/>\n<meta property=\"og:locale\" content=\"es_ES\" \/>\n<meta property=\"og:type\" content=\"article\" \/>\n<meta property=\"og:title\" content=\"El ministro Costa en Pig\u00fc\u00e9: \u201cacompa\u00f1amos a las cooperativas, que mostraron una gran capacidad de adaptaci\u00f3n&quot; - Infoecos\" \/>\n<meta property=\"og:description\" content=\"Kicillof encabez\u00f3 una reuni\u00f3n con productores y comerciantes en el Sal\u00f3n de Bomberos Voluntarios de...\" \/>\n<meta property=\"og:url\" content=\"https:\/\/infoecos.com.ar\/index.php\/el-ministro-costa-en-pigue-acompanamos-a-las-cooperativas-que-mostraron-una-gran-capacidad-de-adaptacion\/\" \/>\n<meta property=\"og:site_name\" content=\"Infoecos\" \/>\n<meta property=\"article:publisher\" content=\"https:\/\/www.facebook.com\/profile.php?id=100063200290284\" \/>\n<meta property=\"article:published_time\" content=\"2021-07-21T06:04:11+00:00\" \/>\n<meta property=\"article:modified_time\" content=\"2021-07-26T07:28:55+00:00\" \/>\n<meta property=\"og:image\" content=\"https:\/\/infoecos.com.ar\/wp-content\/uploads\/2021\/07\/2021_07_20-AK-Reunion-EmpresariosSGE_1983-scaled.jpg\" \/>\n\t<meta property=\"og:image:width\" content=\"2560\" \/>\n\t<meta property=\"og:image:height\" content=\"1704\" \/>\n\t<meta property=\"og:image:type\" content=\"image\/jpeg\" \/>\n<meta name=\"author\" content=\"Jorge Matheus\" \/>\n<meta name=\"twitter:card\" content=\"summary_large_image\" \/>\n<meta name=\"twitter:creator\" content=\"@infoecos\" \/>\n<meta name=\"twitter:site\" content=\"@infoecos\" \/>\n<meta name=\"twitter:label1\" content=\"Escrito por\" \/>\n\t<meta name=\"twitter:data1\" content=\"Jorge Matheus\" \/>\n\t<meta name=\"twitter:label2\" content=\"Tiempo de lectura\" \/>\n\t<meta name=\"twitter:data2\" content=\"1 minuto\" \/>\n<script type=\"application\/ld+json\" class=\"yoast-schema-graph\">{\"@context\":\"https:\/\/schema.org\",\"@graph\":[{\"@type\":\"Article\",\"@id\":\"https:\/\/infoecos.com.ar\/index.php\/el-ministro-costa-en-pigue-acompanamos-a-las-cooperativas-que-mostraron-una-gran-capacidad-de-adaptacion\/#article\",\"isPartOf\":{\"@id\":\"https:\/\/infoecos.com.ar\/index.php\/el-ministro-costa-en-pigue-acompanamos-a-las-cooperativas-que-mostraron-una-gran-capacidad-de-adaptacion\/\"},\"author\":{\"name\":\"Jorge Matheus\",\"@id\":\"https:\/\/infoecos.com.ar\/#\/schema\/person\/8f5ace5ce73b4b4aac4b7245aee6f191\"},\"headline\":\"El ministro Costa en Pig\u00fc\u00e9: \u201cacompa\u00f1amos a las cooperativas, que mostraron una gran capacidad de adaptaci\u00f3n\u00bb\",\"datePublished\":\"2021-07-21T06:04:11+00:00\",\"dateModified\":\"2021-07-26T07:28:55+00:00\",\"mainEntityOfPage\":{\"@id\":\"https:\/\/infoecos.com.ar\/index.php\/el-ministro-costa-en-pigue-acompanamos-a-las-cooperativas-que-mostraron-una-gran-capacidad-de-adaptacion\/\"},\"wordCount\":305,\"publisher\":{\"@id\":\"https:\/\/infoecos.com.ar\/#organization\"},\"image\":{\"@id\":\"https:\/\/infoecos.com.ar\/index.php\/el-ministro-costa-en-pigue-acompanamos-a-las-cooperativas-que-mostraron-una-gran-capacidad-de-adaptacion\/#primaryimage\"},\"thumbnailUrl\":\"https:\/\/infoecos.com.ar\/wp-content\/uploads\/2021\/07\/2021_07_20-AK-Reunion-EmpresariosSGE_1983-scaled.jpg\",\"keywords\":[\"CON SECTORES DE LA PRODUCCI\u00d3N\"],\"articleSection\":[\"Bloque inferior - 13\"],\"inLanguage\":\"es\"},{\"@type\":\"WebPage\",\"@id\":\"https:\/\/infoecos.com.ar\/index.php\/el-ministro-costa-en-pigue-acompanamos-a-las-cooperativas-que-mostraron-una-gran-capacidad-de-adaptacion\/\",\"url\":\"https:\/\/infoecos.com.ar\/index.php\/el-ministro-costa-en-pigue-acompanamos-a-las-cooperativas-que-mostraron-una-gran-capacidad-de-adaptacion\/\",\"name\":\"El ministro Costa en Pig\u00fc\u00e9: \u201cacompa\u00f1amos a las cooperativas, que mostraron una gran capacidad de adaptaci\u00f3n\\\" - Infoecos\",\"isPartOf\":{\"@id\":\"https:\/\/infoecos.com.ar\/#website\"},\"primaryImageOfPage\":{\"@id\":\"https:\/\/infoecos.com.ar\/index.php\/el-ministro-costa-en-pigue-acompanamos-a-las-cooperativas-que-mostraron-una-gran-capacidad-de-adaptacion\/#primaryimage\"},\"image\":{\"@id\":\"https:\/\/infoecos.com.ar\/index.php\/el-ministro-costa-en-pigue-acompanamos-a-las-cooperativas-que-mostraron-una-gran-capacidad-de-adaptacion\/#primaryimage\"},\"thumbnailUrl\":\"https:\/\/infoecos.com.ar\/wp-content\/uploads\/2021\/07\/2021_07_20-AK-Reunion-EmpresariosSGE_1983-scaled.jpg\",\"datePublished\":\"2021-07-21T06:04:11+00:00\",\"dateModified\":\"2021-07-26T07:28:55+00:00\",\"breadcrumb\":{\"@id\":\"https:\/\/infoecos.com.ar\/index.php\/el-ministro-costa-en-pigue-acompanamos-a-las-cooperativas-que-mostraron-una-gran-capacidad-de-adaptacion\/#breadcrumb\"},\"inLanguage\":\"es\",\"potentialAction\":[{\"@type\":\"ReadAction\",\"target\":[\"https:\/\/infoecos.com.ar\/index.php\/el-ministro-costa-en-pigue-acompanamos-a-las-cooperativas-que-mostraron-una-gran-capacidad-de-adaptacion\/\"]}]},{\"@type\":\"ImageObject\",\"inLanguage\":\"es\",\"@id\":\"https:\/\/infoecos.com.ar\/index.php\/el-ministro-costa-en-pigue-acompanamos-a-las-cooperativas-que-mostraron-una-gran-capacidad-de-adaptacion\/#primaryimage\",\"url\":\"https:\/\/infoecos.com.ar\/wp-content\/uploads\/2021\/07\/2021_07_20-AK-Reunion-EmpresariosSGE_1983-scaled.jpg\",\"contentUrl\":\"https:\/\/infoecos.com.ar\/wp-content\/uploads\/2021\/07\/2021_07_20-AK-Reunion-EmpresariosSGE_1983-scaled.jpg\",\"width\":2560,\"height\":1704},{\"@type\":\"BreadcrumbList\",\"@id\":\"https:\/\/infoecos.com.ar\/index.php\/el-ministro-costa-en-pigue-acompanamos-a-las-cooperativas-que-mostraron-una-gran-capacidad-de-adaptacion\/#breadcrumb\",\"itemListElement\":[{\"@type\":\"ListItem\",\"position\":1,\"name\":\"Portada\",\"item\":\"https:\/\/infoecos.com.ar\/\"},{\"@type\":\"ListItem\",\"position\":2,\"name\":\"El ministro Costa en Pig\u00fc\u00e9: \u201cacompa\u00f1amos a las cooperativas, que mostraron una gran capacidad de adaptaci\u00f3n\u00bb\"}]},{\"@type\":\"WebSite\",\"@id\":\"https:\/\/infoecos.com.ar\/#website\",\"url\":\"https:\/\/infoecos.com.ar\/\",\"name\":\"Infoecos\",\"description\":\"Noticias de trenque lauquen y la zona\",\"publisher\":{\"@id\":\"https:\/\/infoecos.com.ar\/#organization\"},\"alternateName\":\"Noticias\",\"potentialAction\":[{\"@type\":\"SearchAction\",\"target\":{\"@type\":\"EntryPoint\",\"urlTemplate\":\"https:\/\/infoecos.com.ar\/?s={search_term_string}\"},\"query-input\":{\"@type\":\"PropertyValueSpecification\",\"valueRequired\":true,\"valueName\":\"search_term_string\"}}],\"inLanguage\":\"es\"},{\"@type\":\"Organization\",\"@id\":\"https:\/\/infoecos.com.ar\/#organization\",\"name\":\"Infoecos\",\"alternateName\":\"Noticias\",\"url\":\"https:\/\/infoecos.com.ar\/\",\"logo\":{\"@type\":\"ImageObject\",\"inLanguage\":\"es\",\"@id\":\"https:\/\/infoecos.com.ar\/#\/schema\/logo\/image\/\",\"url\":\"https:\/\/infoecos.com.ar\/wp-content\/uploads\/2024\/03\/cropped-logo.png\",\"contentUrl\":\"https:\/\/infoecos.com.ar\/wp-content\/uploads\/2024\/03\/cropped-logo.png\",\"width\":374,\"height\":90,\"caption\":\"Infoecos\"},\"image\":{\"@id\":\"https:\/\/infoecos.com.ar\/#\/schema\/logo\/image\/\"},\"sameAs\":[\"https:\/\/www.facebook.com\/profile.php?id=100063200290284\",\"https:\/\/x.com\/infoecos\"]},{\"@type\":\"Person\",\"@id\":\"https:\/\/infoecos.com.ar\/#\/schema\/person\/8f5ace5ce73b4b4aac4b7245aee6f191\",\"name\":\"Jorge Matheus\",\"url\":\"https:\/\/infoecos.com.ar\/index.php\/author\/jomatheus\/\"}]}<\/script>\n<!-- \/ Yoast SEO plugin. -->","yoast_head_json":{"title":"El ministro Costa en Pig\u00fc\u00e9: \u201cacompa\u00f1amos a las cooperativas, que mostraron una gran capacidad de adaptaci\u00f3n\" - Infoecos","robots":{"index":"index","follow":"follow","max-snippet":"max-snippet:-1","max-image-preview":"max-image-preview:large","max-video-preview":"max-video-preview:-1"},"canonical":"https:\/\/infoecos.com.ar\/index.php\/el-ministro-costa-en-pigue-acompanamos-a-las-cooperativas-que-mostraron-una-gran-capacidad-de-adaptacion\/","og_locale":"es_ES","og_type":"article","og_title":"El ministro Costa en Pig\u00fc\u00e9: \u201cacompa\u00f1amos a las cooperativas, que mostraron una gran capacidad de adaptaci\u00f3n\" - Infoecos","og_description":"Kicillof encabez\u00f3 una reuni\u00f3n con productores y comerciantes en el Sal\u00f3n de Bomberos Voluntarios de...","og_url":"https:\/\/infoecos.com.ar\/index.php\/el-ministro-costa-en-pigue-acompanamos-a-las-cooperativas-que-mostraron-una-gran-capacidad-de-adaptacion\/","og_site_name":"Infoecos","article_publisher":"https:\/\/www.facebook.com\/profile.php?id=100063200290284","article_published_time":"2021-07-21T06:04:11+00:00","article_modified_time":"2021-07-26T07:28:55+00:00","og_image":[{"width":2560,"height":1704,"url":"https:\/\/infoecos.com.ar\/wp-content\/uploads\/2021\/07\/2021_07_20-AK-Reunion-EmpresariosSGE_1983-scaled.jpg","type":"image\/jpeg"}],"author":"Jorge Matheus","twitter_card":"summary_large_image","twitter_creator":"@infoecos","twitter_site":"@infoecos","twitter_misc":{"Escrito por":"Jorge Matheus","Tiempo de lectura":"1 minuto"},"schema":{"@context":"https:\/\/schema.org","@graph":[{"@type":"Article","@id":"https:\/\/infoecos.com.ar\/index.php\/el-ministro-costa-en-pigue-acompanamos-a-las-cooperativas-que-mostraron-una-gran-capacidad-de-adaptacion\/#article","isPartOf":{"@id":"https:\/\/infoecos.com.ar\/index.php\/el-ministro-costa-en-pigue-acompanamos-a-las-cooperativas-que-mostraron-una-gran-capacidad-de-adaptacion\/"},"author":{"name":"Jorge Matheus","@id":"https:\/\/infoecos.com.ar\/#\/schema\/person\/8f5ace5ce73b4b4aac4b7245aee6f191"},"headline":"El ministro Costa en Pig\u00fc\u00e9: \u201cacompa\u00f1amos a las cooperativas, que mostraron una gran capacidad de adaptaci\u00f3n\u00bb","datePublished":"2021-07-21T06:04:11+00:00","dateModified":"2021-07-26T07:28:55+00:00","mainEntityOfPage":{"@id":"https:\/\/infoecos.com.ar\/index.php\/el-ministro-costa-en-pigue-acompanamos-a-las-cooperativas-que-mostraron-una-gran-capacidad-de-adaptacion\/"},"wordCount":305,"publisher":{"@id":"https:\/\/infoecos.com.ar\/#organization"},"image":{"@id":"https:\/\/infoecos.com.ar\/index.php\/el-ministro-costa-en-pigue-acompanamos-a-las-cooperativas-que-mostraron-una-gran-capacidad-de-adaptacion\/#primaryimage"},"thumbnailUrl":"https:\/\/infoecos.com.ar\/wp-content\/uploads\/2021\/07\/2021_07_20-AK-Reunion-EmpresariosSGE_1983-scaled.jpg","keywords":["CON SECTORES DE LA PRODUCCI\u00d3N"],"articleSection":["Bloque inferior - 13"],"inLanguage":"es"},{"@type":"WebPage","@id":"https:\/\/infoecos.com.ar\/index.php\/el-ministro-costa-en-pigue-acompanamos-a-las-cooperativas-que-mostraron-una-gran-capacidad-de-adaptacion\/","url":"https:\/\/infoecos.com.ar\/index.php\/el-ministro-costa-en-pigue-acompanamos-a-las-cooperativas-que-mostraron-una-gran-capacidad-de-adaptacion\/","name":"El ministro Costa en Pig\u00fc\u00e9: \u201cacompa\u00f1amos a las cooperativas, que mostraron una gran capacidad de adaptaci\u00f3n\" - Infoecos","isPartOf":{"@id":"https:\/\/infoecos.com.ar\/#website"},"primaryImageOfPage":{"@id":"https:\/\/infoecos.com.ar\/index.php\/el-ministro-costa-en-pigue-acompanamos-a-las-cooperativas-que-mostraron-una-gran-capacidad-de-adaptacion\/#primaryimage"},"image":{"@id":"https:\/\/infoecos.com.ar\/index.php\/el-ministro-costa-en-pigue-acompanamos-a-las-cooperativas-que-mostraron-una-gran-capacidad-de-adaptacion\/#primaryimage"},"thumbnailUrl":"https:\/\/infoecos.com.ar\/wp-content\/uploads\/2021\/07\/2021_07_20-AK-Reunion-EmpresariosSGE_1983-scaled.jpg","datePublished":"2021-07-21T06:04:11+00:00","dateModified":"2021-07-26T07:28:55+00:00","breadcrumb":{"@id":"https:\/\/infoecos.com.ar\/index.php\/el-ministro-costa-en-pigue-acompanamos-a-las-cooperativas-que-mostraron-una-gran-capacidad-de-adaptacion\/#breadcrumb"},"inLanguage":"es","potentialAction":[{"@type":"ReadAction","target":["https:\/\/infoecos.com.ar\/index.php\/el-ministro-costa-en-pigue-acompanamos-a-las-cooperativas-que-mostraron-una-gran-capacidad-de-adaptacion\/"]}]},{"@type":"ImageObject","inLanguage":"es","@id":"https:\/\/infoecos.com.ar\/index.php\/el-ministro-costa-en-pigue-acompanamos-a-las-cooperativas-que-mostraron-una-gran-capacidad-de-adaptacion\/#primaryimage","url":"https:\/\/infoecos.com.ar\/wp-content\/uploads\/2021\/07\/2021_07_20-AK-Reunion-EmpresariosSGE_1983-scaled.jpg","contentUrl":"https:\/\/infoecos.com.ar\/wp-content\/uploads\/2021\/07\/2021_07_20-AK-Reunion-EmpresariosSGE_1983-scaled.jpg","width":2560,"height":1704},{"@type":"BreadcrumbList","@id":"https:\/\/infoecos.com.ar\/index.php\/el-ministro-costa-en-pigue-acompanamos-a-las-cooperativas-que-mostraron-una-gran-capacidad-de-adaptacion\/#breadcrumb","itemListElement":[{"@type":"ListItem","position":1,"name":"Portada","item":"https:\/\/infoecos.com.ar\/"},{"@type":"ListItem","position":2,"name":"El ministro Costa en Pig\u00fc\u00e9: \u201cacompa\u00f1amos a las cooperativas, que mostraron una gran capacidad de adaptaci\u00f3n\u00bb"}]},{"@type":"WebSite","@id":"https:\/\/infoecos.com.ar\/#website","url":"https:\/\/infoecos.com.ar\/","name":"Infoecos","description":"Noticias de trenque lauquen y la zona","publisher":{"@id":"https:\/\/infoecos.com.ar\/#organization"},"alternateName":"Noticias","potentialAction":[{"@type":"SearchAction","target":{"@type":"EntryPoint","urlTemplate":"https:\/\/infoecos.com.ar\/?s={search_term_string}"},"query-input":{"@type":"PropertyValueSpecification","valueRequired":true,"valueName":"search_term_string"}}],"inLanguage":"es"},{"@type":"Organization","@id":"https:\/\/infoecos.com.ar\/#organization","name":"Infoecos","alternateName":"Noticias","url":"https:\/\/infoecos.com.ar\/","logo":{"@type":"ImageObject","inLanguage":"es","@id":"https:\/\/infoecos.com.ar\/#\/schema\/logo\/image\/","url":"https:\/\/infoecos.com.ar\/wp-content\/uploads\/2024\/03\/cropped-logo.png","contentUrl":"https:\/\/infoecos.com.ar\/wp-content\/uploads\/2024\/03\/cropped-logo.png","width":374,"height":90,"caption":"Infoecos"},"image":{"@id":"https:\/\/infoecos.com.ar\/#\/schema\/logo\/image\/"},"sameAs":["https:\/\/www.facebook.com\/profile.php?id=100063200290284","https:\/\/x.com\/infoecos"]},{"@type":"Person","@id":"https:\/\/infoecos.com.ar\/#\/schema\/person\/8f5ace5ce73b4b4aac4b7245aee6f191","name":"Jorge Matheus","url":"https:\/\/infoecos.com.ar\/index.php\/author\/jomatheus\/"}]}},"featured_image_urls":{"full":["https:\/\/infoecos.com.ar\/wp-content\/uploads\/2021\/07\/2021_07_20-AK-Reunion-EmpresariosSGE_1983-scaled.jpg",2560,1704,false],"thumbnail":["https:\/\/infoecos.com.ar\/wp-content\/uploads\/2021\/07\/2021_07_20-AK-Reunion-EmpresariosSGE_1983-150x150.jpg",150,150,true],"medium":["https:\/\/infoecos.com.ar\/wp-content\/uploads\/2021\/07\/2021_07_20-AK-Reunion-EmpresariosSGE_1983-460x306.jpg",460,306,true],"medium_large":["https:\/\/infoecos.com.ar\/wp-content\/uploads\/2021\/07\/2021_07_20-AK-Reunion-EmpresariosSGE_1983-768x511.jpg",640,426,true],"large":["https:\/\/infoecos.com.ar\/wp-content\/uploads\/2021\/07\/2021_07_20-AK-Reunion-EmpresariosSGE_1983-920x612.jpg",640,426,true],"1536x1536":["https:\/\/infoecos.com.ar\/wp-content\/uploads\/2021\/07\/2021_07_20-AK-Reunion-EmpresariosSGE_1983-1536x1022.jpg",1536,1022,true],"2048x2048":["https:\/\/infoecos.com.ar\/wp-content\/uploads\/2021\/07\/2021_07_20-AK-Reunion-EmpresariosSGE_1983-2048x1363.jpg",2048,1363,true],"covernews-slider-full":["https:\/\/infoecos.com.ar\/wp-content\/uploads\/2021\/07\/2021_07_20-AK-Reunion-EmpresariosSGE_1983-1536x1020.jpg",1077,715,true],"covernews-slider-center":["https:\/\/infoecos.com.ar\/wp-content\/uploads\/2021\/07\/2021_07_20-AK-Reunion-EmpresariosSGE_1983-936x897.jpg",522,500,true],"covernews-featured":["https:\/\/infoecos.com.ar\/wp-content\/uploads\/2021\/07\/2021_07_20-AK-Reunion-EmpresariosSGE_1983-1024x682.jpg",1024,682,true],"covernews-medium":["https:\/\/infoecos.com.ar\/wp-content\/uploads\/2021\/07\/2021_07_20-AK-Reunion-EmpresariosSGE_1983-720x380.jpg",540,285,true],"covernews-medium-square":["https:\/\/infoecos.com.ar\/wp-content\/uploads\/2021\/07\/2021_07_20-AK-Reunion-EmpresariosSGE_1983-675x450.jpg",375,250,true]},"author_info":{"info":["Jorge Matheus"]},"category_info":"<a href=\"https:\/\/infoecos.com.ar\/index.php\/category\/inferior13\/\" rel=\"category tag\">Bloque inferior - 13<\/a>","tag_info":"Bloque inferior - 13","comment_count":"0","_links":{"self":[{"href":"https:\/\/infoecos.com.ar\/index.php\/wp-json\/wp\/v2\/posts\/81793"}],"collection":[{"href":"https:\/\/infoecos.com.ar\/index.php\/wp-json\/wp\/v2\/posts"}],"about":[{"href":"https:\/\/infoecos.com.ar\/index.php\/wp-json\/wp\/v2\/types\/post"}],"author":[{"embeddable":true,"href":"https:\/\/infoecos.com.ar\/index.php\/wp-json\/wp\/v2\/users\/2"}],"replies":[{"embeddable":true,"href":"https:\/\/infoecos.com.ar\/index.php\/wp-json\/wp\/v2\/comments?post=81793"}],"version-history":[{"count":1,"href":"https:\/\/infoecos.com.ar\/index.php\/wp-json\/wp\/v2\/posts\/81793\/revisions"}],"predecessor-version":[{"id":81796,"href":"https:\/\/infoecos.com.ar\/index.php\/wp-json\/wp\/v2\/posts\/81793\/revisions\/81796"}],"wp:featuredmedia":[{"embeddable":true,"href":"https:\/\/infoecos.com.ar\/index.php\/wp-json\/wp\/v2\/media\/81795"}],"wp:attachment":[{"href":"https:\/\/infoecos.com.ar\/index.php\/wp-json\/wp\/v2\/media?parent=81793"}],"wp:term":[{"taxonomy":"category","embeddable":true,"href":"https:\/\/infoecos.com.ar\/index.php\/wp-json\/wp\/v2\/categories?post=81793"},{"taxonomy":"post_tag","embeddable":true,"href":"https:\/\/infoecos.com.ar\/index.php\/wp-json\/wp\/v2\/tags?post=81793"}],"curies":[{"name":"wp","href":"https:\/\/api.w.org\/{rel}","templated":true}]}}