{"id":81798,"date":"2021-07-21T18:12:09","date_gmt":"2021-07-21T21:12:09","guid":{"rendered":"http:\/\/infoecos.com.ar\/?p=81798"},"modified":"2021-07-24T04:38:53","modified_gmt":"2021-07-24T07:38:53","slug":"fernandez-destaco-la-decision-del-gobierno-bonaerense-de-pavimentar-lo-que-resta-de-la-ruta-del-cereal","status":"publish","type":"post","link":"https:\/\/infoecos.com.ar\/index.php\/fernandez-destaco-la-decision-del-gobierno-bonaerense-de-pavimentar-lo-que-resta-de-la-ruta-del-cereal\/","title":{"rendered":"Fern\u00e1ndez destac\u00f3 la decisi\u00f3n del gobierno bonaerense de pavimentar lo que resta de la Ruta del Cereal"},"content":{"rendered":"\n<p>En el marco de la visita del gobernador de la provincia de Buenos Aires a la localidad de Garr\u00e9, en el distrito de Guamin\u00ed, para confirmar el anuncio de la pavimentaci\u00f3n del \u00faltimo tramo de la Ruta del Cereal, el intendente municipal de Trenque Lauquen, Miguel Fern\u00e1ndez, destac\u00f3 la importancia de la obra y tambi\u00e9n aprovech\u00f3 la presencia de funcionarios provinciales y nacionales para&nbsp; abordar distintos temas de inter\u00e9s para el distrito: arreglos en la Ruta Nacional n\u00ba 33, colectoras en la Ruta Nacional n\u00ba5 y revisi\u00f3n o readecuaci\u00f3n del sistema de fases que se est\u00e1 implementando por la situaci\u00f3n sanitaria y epidemiol\u00f3gica provocada por la Covid-19.&nbsp;&nbsp;&nbsp;&nbsp;<\/p>\n\n\n\n<div class=\"wp-block-image is-style-default\"><figure class=\"aligncenter size-medium\"><img loading=\"lazy\" decoding=\"async\" width=\"460\" height=\"345\" src=\"http:\/\/infoecos.com.ar\/wp-content\/uploads\/2021\/07\/WhatsApp-Image-2021-07-21-at-12.35.10-PM-2-460x345.jpeg\" alt=\"\" class=\"wp-image-81799\" srcset=\"https:\/\/infoecos.com.ar\/wp-content\/uploads\/2021\/07\/WhatsApp-Image-2021-07-21-at-12.35.10-PM-2-460x345.jpeg 460w, https:\/\/infoecos.com.ar\/wp-content\/uploads\/2021\/07\/WhatsApp-Image-2021-07-21-at-12.35.10-PM-2-920x690.jpeg 920w, https:\/\/infoecos.com.ar\/wp-content\/uploads\/2021\/07\/WhatsApp-Image-2021-07-21-at-12.35.10-PM-2-768x576.jpeg 768w, https:\/\/infoecos.com.ar\/wp-content\/uploads\/2021\/07\/WhatsApp-Image-2021-07-21-at-12.35.10-PM-2-1024x768.jpeg 1024w, https:\/\/infoecos.com.ar\/wp-content\/uploads\/2021\/07\/WhatsApp-Image-2021-07-21-at-12.35.10-PM-2.jpeg 1280w\" sizes=\"(max-width: 460px) 100vw, 460px\" \/><\/figure><\/div>\n\n\n\n<p>Con respecto a la pavimentaci\u00f3n del \u00faltimo tramo de la denominada Ruta del Cereal, unos 50 kil\u00f3metros, Fern\u00e1ndez dijo: \u00abEs una&nbsp; obra muy reclamada por much\u00edsimos a\u00f1os, ya ten\u00edamos un anuncio que el Gobernador (Kicillof) hab\u00eda hecho en Treinta de Agosto cuando se entregaron viviendas, pero ahora fue la confirmaci\u00f3n oficial, una licitaci\u00f3n que se abre a fin de mes con un plazo de obra muy ejecutivo, de un a\u00f1o, y 1.900 millones de pesos\u00bb.<\/p>\n\n\n\n<p>El jefe comunal de Trenque Lauquen record\u00f3 que \u00abesta obra lleva m\u00e1s de 40 a\u00f1os dando que hablar y se hicieron dos tramos por distintos gobiernos, uno por (Daniel) Scioli&nbsp; y otro por (Mar\u00eda Eugenia) Vidal, pero ahora est\u00e1 la decisi\u00f3n de este gobierno de darle forma a esta ruta tan reclamada y tan pedida por los vecinos\u00bb.<\/p>\n\n\n\n<p>Fern\u00e1ndez aprovech\u00f3 la presencia del Administrador General de Vialidad Nacional, Gustavo Arrieta, para \u00abconversar dos temas, uno, la Ruta 33, en el tramo que va de tramo de Trenque Lauquen a Rosario, y que ha dado varias reuniones en los \u00faltimos tiempos por parte de los intendentes y las Sociedades Rurales\u00bb.<\/p>\n\n\n\n<div class=\"wp-block-image is-style-default\"><figure class=\"aligncenter size-medium\"><img loading=\"lazy\" decoding=\"async\" width=\"460\" height=\"345\" src=\"http:\/\/infoecos.com.ar\/wp-content\/uploads\/2021\/07\/WhatsApp-Image-2021-07-21-at-12.35.10-PM-1-460x345.jpeg\" alt=\"\" class=\"wp-image-81805\" srcset=\"https:\/\/infoecos.com.ar\/wp-content\/uploads\/2021\/07\/WhatsApp-Image-2021-07-21-at-12.35.10-PM-1-460x345.jpeg 460w, https:\/\/infoecos.com.ar\/wp-content\/uploads\/2021\/07\/WhatsApp-Image-2021-07-21-at-12.35.10-PM-1-920x690.jpeg 920w, https:\/\/infoecos.com.ar\/wp-content\/uploads\/2021\/07\/WhatsApp-Image-2021-07-21-at-12.35.10-PM-1-768x576.jpeg 768w, https:\/\/infoecos.com.ar\/wp-content\/uploads\/2021\/07\/WhatsApp-Image-2021-07-21-at-12.35.10-PM-1-1024x768.jpeg 1024w, https:\/\/infoecos.com.ar\/wp-content\/uploads\/2021\/07\/WhatsApp-Image-2021-07-21-at-12.35.10-PM-1.jpeg 1280w\" sizes=\"(max-width: 460px) 100vw, 460px\" \/><figcaption>Fern\u00e1ndez con Arrieta<\/figcaption><\/figure><\/div>\n\n\n\n<p>Luego de recordarle al funcionario nacional que se hab\u00eda solicitado un encuentro y que el mismo estaba pendiente de realizaci\u00f3n, convinieron que \u00abla semana que viene, entre lunes y martes, estar\u00eda concurriendo a la ciudad de Buenos Aires junto con Javier Reynoso (intendente de Rivadavia), Eduardo Campana (intendente de Gral. Villegas)y Natalio Lattanzi (intendente de Rufino) para poner sobre la mesa el plan de obra que tiene Vialidad (Nacional) para este trabajo tan importante en el trayecto Trenque Lauquen Rosario\u00bb<\/p>\n\n\n\n<p>El segundo tema que Fern\u00e1ndez le plante\u00f3 \u00abmuy informalmente\u00bb a Arrieta es \u00ablo que hemos hablado varias veces con Patricio Garc\u00eda &nbsp;(Gerente&nbsp;de&nbsp;Regiones&nbsp;de Vialidad Nacional) , con respecto a las colectoras de Ruta n\u00ba5 en el tramo entre el Sector Industrial Planificado y el Acceso a la ciudad, y las futuras rotondas y obras que hay que hacer\u00bb.<\/p>\n\n\n\n<p>Entre los trabajos que necesitan realizarse, el Intendente de Trenque Lauquen hizo referencia a \u00abuna alcantarilla a la salida del pluvial de Trenque Lauquen que cruza la Ruta n\u00ba5 y es de un tama\u00f1o escaso, as\u00ed que eso lo vamos a discutir la semana que viene cuando estemos reunidos en Vialidad Nacional\u00bb con el Administrador General.<\/p>\n\n\n\n<figure class=\"wp-block-audio\"><audio controls src=\"http:\/\/infoecos.com.ar\/wp-content\/uploads\/2021\/07\/Audio-intendente.-20-7-21.mp3\"><\/audio><\/figure>\n","protected":false},"excerpt":{"rendered":"<p>Record\u00f3 que \u00abesta obra lleva m\u00e1s de 40 a\u00f1os dando que hablar y se hicieron dos tramos por distintos gobiernos,  pero ahora est\u00e1 la decisi\u00f3n de este gobierno de darle forma a esta ruta tan reclamada\u00bb<\/p>\n","protected":false},"author":2,"featured_media":81799,"comment_status":"closed","ping_status":"open","sticky":false,"template":"","format":"standard","meta":{"footnotes":""},"categories":[1327,1341],"tags":[4343],"class_list":["post-81798","post","type-post","status-publish","format-standard","has-post-thumbnail","hentry","category-audio","category-c1nota7","tag-ruta-33-y-colectoras-de-la-5-con-arrieta"],"yoast_head":"<!-- This site is optimized with the Yoast SEO plugin v23.4 - https:\/\/yoast.com\/wordpress\/plugins\/seo\/ -->\n<title>Fern\u00e1ndez destac\u00f3 la decisi\u00f3n del gobierno bonaerense de pavimentar lo que resta de la Ruta del Cereal - Infoecos<\/title>\n<meta name=\"robots\" content=\"index, follow, max-snippet:-1, max-image-preview:large, max-video-preview:-1\" \/>\n<link rel=\"canonical\" href=\"https:\/\/infoecos.com.ar\/index.php\/fernandez-destaco-la-decision-del-gobierno-bonaerense-de-pavimentar-lo-que-resta-de-la-ruta-del-cereal\/\" \/>\n<meta property=\"og:locale\" content=\"es_ES\" \/>\n<meta property=\"og:type\" content=\"article\" \/>\n<meta property=\"og:title\" content=\"Fern\u00e1ndez destac\u00f3 la decisi\u00f3n del gobierno bonaerense de pavimentar lo que resta de la Ruta del Cereal - Infoecos\" \/>\n<meta property=\"og:description\" content=\"Record\u00f3 que &quot;esta obra lleva m\u00e1s de 40 a\u00f1os dando que hablar y se hicieron dos tramos por distintos gobiernos, pero ahora est\u00e1 la decisi\u00f3n de este gobierno de darle forma a esta ruta tan reclamada&quot;\" \/>\n<meta property=\"og:url\" content=\"https:\/\/infoecos.com.ar\/index.php\/fernandez-destaco-la-decision-del-gobierno-bonaerense-de-pavimentar-lo-que-resta-de-la-ruta-del-cereal\/\" \/>\n<meta property=\"og:site_name\" content=\"Infoecos\" \/>\n<meta property=\"article:publisher\" content=\"https:\/\/www.facebook.com\/profile.php?id=100063200290284\" \/>\n<meta property=\"article:published_time\" content=\"2021-07-21T21:12:09+00:00\" \/>\n<meta property=\"article:modified_time\" content=\"2021-07-24T07:38:53+00:00\" \/>\n<meta property=\"og:image\" content=\"https:\/\/infoecos.com.ar\/wp-content\/uploads\/2021\/07\/WhatsApp-Image-2021-07-21-at-12.35.10-PM-2.jpeg\" \/>\n\t<meta property=\"og:image:width\" content=\"1280\" \/>\n\t<meta property=\"og:image:height\" content=\"960\" \/>\n\t<meta property=\"og:image:type\" content=\"image\/jpeg\" \/>\n<meta name=\"author\" content=\"Jorge Matheus\" \/>\n<meta name=\"twitter:card\" content=\"summary_large_image\" \/>\n<meta name=\"twitter:creator\" content=\"@infoecos\" \/>\n<meta name=\"twitter:site\" content=\"@infoecos\" \/>\n<meta name=\"twitter:label1\" content=\"Escrito por\" \/>\n\t<meta name=\"twitter:data1\" content=\"Jorge Matheus\" \/>\n\t<meta name=\"twitter:label2\" content=\"Tiempo de lectura\" \/>\n\t<meta name=\"twitter:data2\" content=\"3 minutos\" \/>\n<script type=\"application\/ld+json\" class=\"yoast-schema-graph\">{\"@context\":\"https:\/\/schema.org\",\"@graph\":[{\"@type\":\"Article\",\"@id\":\"https:\/\/infoecos.com.ar\/index.php\/fernandez-destaco-la-decision-del-gobierno-bonaerense-de-pavimentar-lo-que-resta-de-la-ruta-del-cereal\/#article\",\"isPartOf\":{\"@id\":\"https:\/\/infoecos.com.ar\/index.php\/fernandez-destaco-la-decision-del-gobierno-bonaerense-de-pavimentar-lo-que-resta-de-la-ruta-del-cereal\/\"},\"author\":{\"name\":\"Jorge Matheus\",\"@id\":\"https:\/\/infoecos.com.ar\/#\/schema\/person\/8f5ace5ce73b4b4aac4b7245aee6f191\"},\"headline\":\"Fern\u00e1ndez destac\u00f3 la decisi\u00f3n del gobierno bonaerense de pavimentar lo que resta de la Ruta del Cereal\",\"datePublished\":\"2021-07-21T21:12:09+00:00\",\"dateModified\":\"2021-07-24T07:38:53+00:00\",\"mainEntityOfPage\":{\"@id\":\"https:\/\/infoecos.com.ar\/index.php\/fernandez-destaco-la-decision-del-gobierno-bonaerense-de-pavimentar-lo-que-resta-de-la-ruta-del-cereal\/\"},\"wordCount\":545,\"publisher\":{\"@id\":\"https:\/\/infoecos.com.ar\/#organization\"},\"image\":{\"@id\":\"https:\/\/infoecos.com.ar\/index.php\/fernandez-destaco-la-decision-del-gobierno-bonaerense-de-pavimentar-lo-que-resta-de-la-ruta-del-cereal\/#primaryimage\"},\"thumbnailUrl\":\"https:\/\/infoecos.com.ar\/wp-content\/uploads\/2021\/07\/WhatsApp-Image-2021-07-21-at-12.35.10-PM-2.jpeg\",\"keywords\":[\"RUTA 33 Y COLECTORAS DE LA 5: CON ARRIETA\"],\"articleSection\":[\"Audio\",\"C1 nota 7\"],\"inLanguage\":\"es\"},{\"@type\":\"WebPage\",\"@id\":\"https:\/\/infoecos.com.ar\/index.php\/fernandez-destaco-la-decision-del-gobierno-bonaerense-de-pavimentar-lo-que-resta-de-la-ruta-del-cereal\/\",\"url\":\"https:\/\/infoecos.com.ar\/index.php\/fernandez-destaco-la-decision-del-gobierno-bonaerense-de-pavimentar-lo-que-resta-de-la-ruta-del-cereal\/\",\"name\":\"Fern\u00e1ndez destac\u00f3 la decisi\u00f3n del gobierno bonaerense de pavimentar lo que resta de la Ruta del Cereal - Infoecos\",\"isPartOf\":{\"@id\":\"https:\/\/infoecos.com.ar\/#website\"},\"primaryImageOfPage\":{\"@id\":\"https:\/\/infoecos.com.ar\/index.php\/fernandez-destaco-la-decision-del-gobierno-bonaerense-de-pavimentar-lo-que-resta-de-la-ruta-del-cereal\/#primaryimage\"},\"image\":{\"@id\":\"https:\/\/infoecos.com.ar\/index.php\/fernandez-destaco-la-decision-del-gobierno-bonaerense-de-pavimentar-lo-que-resta-de-la-ruta-del-cereal\/#primaryimage\"},\"thumbnailUrl\":\"https:\/\/infoecos.com.ar\/wp-content\/uploads\/2021\/07\/WhatsApp-Image-2021-07-21-at-12.35.10-PM-2.jpeg\",\"datePublished\":\"2021-07-21T21:12:09+00:00\",\"dateModified\":\"2021-07-24T07:38:53+00:00\",\"breadcrumb\":{\"@id\":\"https:\/\/infoecos.com.ar\/index.php\/fernandez-destaco-la-decision-del-gobierno-bonaerense-de-pavimentar-lo-que-resta-de-la-ruta-del-cereal\/#breadcrumb\"},\"inLanguage\":\"es\",\"potentialAction\":[{\"@type\":\"ReadAction\",\"target\":[\"https:\/\/infoecos.com.ar\/index.php\/fernandez-destaco-la-decision-del-gobierno-bonaerense-de-pavimentar-lo-que-resta-de-la-ruta-del-cereal\/\"]}]},{\"@type\":\"ImageObject\",\"inLanguage\":\"es\",\"@id\":\"https:\/\/infoecos.com.ar\/index.php\/fernandez-destaco-la-decision-del-gobierno-bonaerense-de-pavimentar-lo-que-resta-de-la-ruta-del-cereal\/#primaryimage\",\"url\":\"https:\/\/infoecos.com.ar\/wp-content\/uploads\/2021\/07\/WhatsApp-Image-2021-07-21-at-12.35.10-PM-2.jpeg\",\"contentUrl\":\"https:\/\/infoecos.com.ar\/wp-content\/uploads\/2021\/07\/WhatsApp-Image-2021-07-21-at-12.35.10-PM-2.jpeg\",\"width\":1280,\"height\":960},{\"@type\":\"BreadcrumbList\",\"@id\":\"https:\/\/infoecos.com.ar\/index.php\/fernandez-destaco-la-decision-del-gobierno-bonaerense-de-pavimentar-lo-que-resta-de-la-ruta-del-cereal\/#breadcrumb\",\"itemListElement\":[{\"@type\":\"ListItem\",\"position\":1,\"name\":\"Portada\",\"item\":\"https:\/\/infoecos.com.ar\/\"},{\"@type\":\"ListItem\",\"position\":2,\"name\":\"Fern\u00e1ndez destac\u00f3 la decisi\u00f3n del gobierno bonaerense de pavimentar lo que resta de la Ruta del Cereal\"}]},{\"@type\":\"WebSite\",\"@id\":\"https:\/\/infoecos.com.ar\/#website\",\"url\":\"https:\/\/infoecos.com.ar\/\",\"name\":\"Infoecos\",\"description\":\"Noticias de trenque lauquen y la zona\",\"publisher\":{\"@id\":\"https:\/\/infoecos.com.ar\/#organization\"},\"alternateName\":\"Noticias\",\"potentialAction\":[{\"@type\":\"SearchAction\",\"target\":{\"@type\":\"EntryPoint\",\"urlTemplate\":\"https:\/\/infoecos.com.ar\/?s={search_term_string}\"},\"query-input\":{\"@type\":\"PropertyValueSpecification\",\"valueRequired\":true,\"valueName\":\"search_term_string\"}}],\"inLanguage\":\"es\"},{\"@type\":\"Organization\",\"@id\":\"https:\/\/infoecos.com.ar\/#organization\",\"name\":\"Infoecos\",\"alternateName\":\"Noticias\",\"url\":\"https:\/\/infoecos.com.ar\/\",\"logo\":{\"@type\":\"ImageObject\",\"inLanguage\":\"es\",\"@id\":\"https:\/\/infoecos.com.ar\/#\/schema\/logo\/image\/\",\"url\":\"https:\/\/infoecos.com.ar\/wp-content\/uploads\/2024\/03\/cropped-logo.png\",\"contentUrl\":\"https:\/\/infoecos.com.ar\/wp-content\/uploads\/2024\/03\/cropped-logo.png\",\"width\":374,\"height\":90,\"caption\":\"Infoecos\"},\"image\":{\"@id\":\"https:\/\/infoecos.com.ar\/#\/schema\/logo\/image\/\"},\"sameAs\":[\"https:\/\/www.facebook.com\/profile.php?id=100063200290284\",\"https:\/\/x.com\/infoecos\"]},{\"@type\":\"Person\",\"@id\":\"https:\/\/infoecos.com.ar\/#\/schema\/person\/8f5ace5ce73b4b4aac4b7245aee6f191\",\"name\":\"Jorge Matheus\",\"url\":\"https:\/\/infoecos.com.ar\/index.php\/author\/jomatheus\/\"}]}<\/script>\n<!-- \/ Yoast SEO plugin. -->","yoast_head_json":{"title":"Fern\u00e1ndez destac\u00f3 la decisi\u00f3n del gobierno bonaerense de pavimentar lo que resta de la Ruta del Cereal - Infoecos","robots":{"index":"index","follow":"follow","max-snippet":"max-snippet:-1","max-image-preview":"max-image-preview:large","max-video-preview":"max-video-preview:-1"},"canonical":"https:\/\/infoecos.com.ar\/index.php\/fernandez-destaco-la-decision-del-gobierno-bonaerense-de-pavimentar-lo-que-resta-de-la-ruta-del-cereal\/","og_locale":"es_ES","og_type":"article","og_title":"Fern\u00e1ndez destac\u00f3 la decisi\u00f3n del gobierno bonaerense de pavimentar lo que resta de la Ruta del Cereal - Infoecos","og_description":"Record\u00f3 que \"esta obra lleva m\u00e1s de 40 a\u00f1os dando que hablar y se hicieron dos tramos por distintos gobiernos, pero ahora est\u00e1 la decisi\u00f3n de este gobierno de darle forma a esta ruta tan reclamada\"","og_url":"https:\/\/infoecos.com.ar\/index.php\/fernandez-destaco-la-decision-del-gobierno-bonaerense-de-pavimentar-lo-que-resta-de-la-ruta-del-cereal\/","og_site_name":"Infoecos","article_publisher":"https:\/\/www.facebook.com\/profile.php?id=100063200290284","article_published_time":"2021-07-21T21:12:09+00:00","article_modified_time":"2021-07-24T07:38:53+00:00","og_image":[{"width":1280,"height":960,"url":"https:\/\/infoecos.com.ar\/wp-content\/uploads\/2021\/07\/WhatsApp-Image-2021-07-21-at-12.35.10-PM-2.jpeg","type":"image\/jpeg"}],"author":"Jorge Matheus","twitter_card":"summary_large_image","twitter_creator":"@infoecos","twitter_site":"@infoecos","twitter_misc":{"Escrito por":"Jorge Matheus","Tiempo de lectura":"3 minutos"},"schema":{"@context":"https:\/\/schema.org","@graph":[{"@type":"Article","@id":"https:\/\/infoecos.com.ar\/index.php\/fernandez-destaco-la-decision-del-gobierno-bonaerense-de-pavimentar-lo-que-resta-de-la-ruta-del-cereal\/#article","isPartOf":{"@id":"https:\/\/infoecos.com.ar\/index.php\/fernandez-destaco-la-decision-del-gobierno-bonaerense-de-pavimentar-lo-que-resta-de-la-ruta-del-cereal\/"},"author":{"name":"Jorge Matheus","@id":"https:\/\/infoecos.com.ar\/#\/schema\/person\/8f5ace5ce73b4b4aac4b7245aee6f191"},"headline":"Fern\u00e1ndez destac\u00f3 la decisi\u00f3n del gobierno bonaerense de pavimentar lo que resta de la Ruta del Cereal","datePublished":"2021-07-21T21:12:09+00:00","dateModified":"2021-07-24T07:38:53+00:00","mainEntityOfPage":{"@id":"https:\/\/infoecos.com.ar\/index.php\/fernandez-destaco-la-decision-del-gobierno-bonaerense-de-pavimentar-lo-que-resta-de-la-ruta-del-cereal\/"},"wordCount":545,"publisher":{"@id":"https:\/\/infoecos.com.ar\/#organization"},"image":{"@id":"https:\/\/infoecos.com.ar\/index.php\/fernandez-destaco-la-decision-del-gobierno-bonaerense-de-pavimentar-lo-que-resta-de-la-ruta-del-cereal\/#primaryimage"},"thumbnailUrl":"https:\/\/infoecos.com.ar\/wp-content\/uploads\/2021\/07\/WhatsApp-Image-2021-07-21-at-12.35.10-PM-2.jpeg","keywords":["RUTA 33 Y COLECTORAS DE LA 5: CON ARRIETA"],"articleSection":["Audio","C1 nota 7"],"inLanguage":"es"},{"@type":"WebPage","@id":"https:\/\/infoecos.com.ar\/index.php\/fernandez-destaco-la-decision-del-gobierno-bonaerense-de-pavimentar-lo-que-resta-de-la-ruta-del-cereal\/","url":"https:\/\/infoecos.com.ar\/index.php\/fernandez-destaco-la-decision-del-gobierno-bonaerense-de-pavimentar-lo-que-resta-de-la-ruta-del-cereal\/","name":"Fern\u00e1ndez destac\u00f3 la decisi\u00f3n del gobierno bonaerense de pavimentar lo que resta de la Ruta del Cereal - Infoecos","isPartOf":{"@id":"https:\/\/infoecos.com.ar\/#website"},"primaryImageOfPage":{"@id":"https:\/\/infoecos.com.ar\/index.php\/fernandez-destaco-la-decision-del-gobierno-bonaerense-de-pavimentar-lo-que-resta-de-la-ruta-del-cereal\/#primaryimage"},"image":{"@id":"https:\/\/infoecos.com.ar\/index.php\/fernandez-destaco-la-decision-del-gobierno-bonaerense-de-pavimentar-lo-que-resta-de-la-ruta-del-cereal\/#primaryimage"},"thumbnailUrl":"https:\/\/infoecos.com.ar\/wp-content\/uploads\/2021\/07\/WhatsApp-Image-2021-07-21-at-12.35.10-PM-2.jpeg","datePublished":"2021-07-21T21:12:09+00:00","dateModified":"2021-07-24T07:38:53+00:00","breadcrumb":{"@id":"https:\/\/infoecos.com.ar\/index.php\/fernandez-destaco-la-decision-del-gobierno-bonaerense-de-pavimentar-lo-que-resta-de-la-ruta-del-cereal\/#breadcrumb"},"inLanguage":"es","potentialAction":[{"@type":"ReadAction","target":["https:\/\/infoecos.com.ar\/index.php\/fernandez-destaco-la-decision-del-gobierno-bonaerense-de-pavimentar-lo-que-resta-de-la-ruta-del-cereal\/"]}]},{"@type":"ImageObject","inLanguage":"es","@id":"https:\/\/infoecos.com.ar\/index.php\/fernandez-destaco-la-decision-del-gobierno-bonaerense-de-pavimentar-lo-que-resta-de-la-ruta-del-cereal\/#primaryimage","url":"https:\/\/infoecos.com.ar\/wp-content\/uploads\/2021\/07\/WhatsApp-Image-2021-07-21-at-12.35.10-PM-2.jpeg","contentUrl":"https:\/\/infoecos.com.ar\/wp-content\/uploads\/2021\/07\/WhatsApp-Image-2021-07-21-at-12.35.10-PM-2.jpeg","width":1280,"height":960},{"@type":"BreadcrumbList","@id":"https:\/\/infoecos.com.ar\/index.php\/fernandez-destaco-la-decision-del-gobierno-bonaerense-de-pavimentar-lo-que-resta-de-la-ruta-del-cereal\/#breadcrumb","itemListElement":[{"@type":"ListItem","position":1,"name":"Portada","item":"https:\/\/infoecos.com.ar\/"},{"@type":"ListItem","position":2,"name":"Fern\u00e1ndez destac\u00f3 la decisi\u00f3n del gobierno bonaerense de pavimentar lo que resta de la Ruta del Cereal"}]},{"@type":"WebSite","@id":"https:\/\/infoecos.com.ar\/#website","url":"https:\/\/infoecos.com.ar\/","name":"Infoecos","description":"Noticias de trenque lauquen y la zona","publisher":{"@id":"https:\/\/infoecos.com.ar\/#organization"},"alternateName":"Noticias","potentialAction":[{"@type":"SearchAction","target":{"@type":"EntryPoint","urlTemplate":"https:\/\/infoecos.com.ar\/?s={search_term_string}"},"query-input":{"@type":"PropertyValueSpecification","valueRequired":true,"valueName":"search_term_string"}}],"inLanguage":"es"},{"@type":"Organization","@id":"https:\/\/infoecos.com.ar\/#organization","name":"Infoecos","alternateName":"Noticias","url":"https:\/\/infoecos.com.ar\/","logo":{"@type":"ImageObject","inLanguage":"es","@id":"https:\/\/infoecos.com.ar\/#\/schema\/logo\/image\/","url":"https:\/\/infoecos.com.ar\/wp-content\/uploads\/2024\/03\/cropped-logo.png","contentUrl":"https:\/\/infoecos.com.ar\/wp-content\/uploads\/2024\/03\/cropped-logo.png","width":374,"height":90,"caption":"Infoecos"},"image":{"@id":"https:\/\/infoecos.com.ar\/#\/schema\/logo\/image\/"},"sameAs":["https:\/\/www.facebook.com\/profile.php?id=100063200290284","https:\/\/x.com\/infoecos"]},{"@type":"Person","@id":"https:\/\/infoecos.com.ar\/#\/schema\/person\/8f5ace5ce73b4b4aac4b7245aee6f191","name":"Jorge Matheus","url":"https:\/\/infoecos.com.ar\/index.php\/author\/jomatheus\/"}]}},"featured_image_urls":{"full":["https:\/\/infoecos.com.ar\/wp-content\/uploads\/2021\/07\/WhatsApp-Image-2021-07-21-at-12.35.10-PM-2.jpeg",1280,960,false],"thumbnail":["https:\/\/infoecos.com.ar\/wp-content\/uploads\/2021\/07\/WhatsApp-Image-2021-07-21-at-12.35.10-PM-2-150x150.jpeg",150,150,true],"medium":["https:\/\/infoecos.com.ar\/wp-content\/uploads\/2021\/07\/WhatsApp-Image-2021-07-21-at-12.35.10-PM-2-460x345.jpeg",460,345,true],"medium_large":["https:\/\/infoecos.com.ar\/wp-content\/uploads\/2021\/07\/WhatsApp-Image-2021-07-21-at-12.35.10-PM-2-768x576.jpeg",640,480,true],"large":["https:\/\/infoecos.com.ar\/wp-content\/uploads\/2021\/07\/WhatsApp-Image-2021-07-21-at-12.35.10-PM-2-920x690.jpeg",640,480,true],"1536x1536":["https:\/\/infoecos.com.ar\/wp-content\/uploads\/2021\/07\/WhatsApp-Image-2021-07-21-at-12.35.10-PM-2.jpeg",1280,960,false],"2048x2048":["https:\/\/infoecos.com.ar\/wp-content\/uploads\/2021\/07\/WhatsApp-Image-2021-07-21-at-12.35.10-PM-2.jpeg",1280,960,false],"covernews-slider-full":["https:\/\/infoecos.com.ar\/wp-content\/uploads\/2021\/07\/WhatsApp-Image-2021-07-21-at-12.35.10-PM-2.jpeg",953,715,false],"covernews-slider-center":["https:\/\/infoecos.com.ar\/wp-content\/uploads\/2021\/07\/WhatsApp-Image-2021-07-21-at-12.35.10-PM-2-936x897.jpeg",522,500,true],"covernews-featured":["https:\/\/infoecos.com.ar\/wp-content\/uploads\/2021\/07\/WhatsApp-Image-2021-07-21-at-12.35.10-PM-2-1024x768.jpeg",1024,768,true],"covernews-medium":["https:\/\/infoecos.com.ar\/wp-content\/uploads\/2021\/07\/WhatsApp-Image-2021-07-21-at-12.35.10-PM-2-720x380.jpeg",540,285,true],"covernews-medium-square":["https:\/\/infoecos.com.ar\/wp-content\/uploads\/2021\/07\/WhatsApp-Image-2021-07-21-at-12.35.10-PM-2-675x450.jpeg",375,250,true]},"author_info":{"info":["Jorge Matheus"]},"category_info":"<a href=\"https:\/\/infoecos.com.ar\/index.php\/category\/audio\/\" rel=\"category tag\">Audio<\/a> <a href=\"https:\/\/infoecos.com.ar\/index.php\/category\/c1nota7\/\" rel=\"category tag\">C1 nota 7<\/a>","tag_info":"C1 nota 7","comment_count":"0","_links":{"self":[{"href":"https:\/\/infoecos.com.ar\/index.php\/wp-json\/wp\/v2\/posts\/81798"}],"collection":[{"href":"https:\/\/infoecos.com.ar\/index.php\/wp-json\/wp\/v2\/posts"}],"about":[{"href":"https:\/\/infoecos.com.ar\/index.php\/wp-json\/wp\/v2\/types\/post"}],"author":[{"embeddable":true,"href":"https:\/\/infoecos.com.ar\/index.php\/wp-json\/wp\/v2\/users\/2"}],"replies":[{"embeddable":true,"href":"https:\/\/infoecos.com.ar\/index.php\/wp-json\/wp\/v2\/comments?post=81798"}],"version-history":[{"count":6,"href":"https:\/\/infoecos.com.ar\/index.php\/wp-json\/wp\/v2\/posts\/81798\/revisions"}],"predecessor-version":[{"id":81934,"href":"https:\/\/infoecos.com.ar\/index.php\/wp-json\/wp\/v2\/posts\/81798\/revisions\/81934"}],"wp:featuredmedia":[{"embeddable":true,"href":"https:\/\/infoecos.com.ar\/index.php\/wp-json\/wp\/v2\/media\/81799"}],"wp:attachment":[{"href":"https:\/\/infoecos.com.ar\/index.php\/wp-json\/wp\/v2\/media?parent=81798"}],"wp:term":[{"taxonomy":"category","embeddable":true,"href":"https:\/\/infoecos.com.ar\/index.php\/wp-json\/wp\/v2\/categories?post=81798"},{"taxonomy":"post_tag","embeddable":true,"href":"https:\/\/infoecos.com.ar\/index.php\/wp-json\/wp\/v2\/tags?post=81798"}],"curies":[{"name":"wp","href":"https:\/\/api.w.org\/{rel}","templated":true}]}}