{"id":81830,"date":"2021-07-22T01:40:35","date_gmt":"2021-07-22T04:40:35","guid":{"rendered":"http:\/\/infoecos.com.ar\/?p=81830"},"modified":"2021-07-27T04:06:41","modified_gmt":"2021-07-27T07:06:41","slug":"cine-nacional-impulsado-por-el-ministerio-de-las-mujeres-politicas-de-genero-y-diversidad-sexual-de-buenos-aires","status":"publish","type":"post","link":"https:\/\/infoecos.com.ar\/index.php\/cine-nacional-impulsado-por-el-ministerio-de-las-mujeres-politicas-de-genero-y-diversidad-sexual-de-buenos-aires\/","title":{"rendered":"Cine nacional impulsado por el Ministerio de las Mujeres, Pol\u00edticas de G\u00e9nero y Diversidad Sexual de Buenos Aires"},"content":{"rendered":"\n<p>El Ministerio de las Mujeres, Pol\u00edticas de G\u00e9nero y Diversidad Sexual impulsa su primer ciclo de cine nacional \u201cProyectando feminismos\u201d con el objetivo de abrir di\u00e1logos sobre diversas tem\u00e1ticas con perspectiva de g\u00e9nero a partir de documentales realizados por directoras argentinas.<\/p>\n\n\n\n<div class=\"wp-block-image is-style-default\"><figure class=\"aligncenter size-large\"><img loading=\"lazy\" decoding=\"async\" width=\"920\" height=\"920\" src=\"http:\/\/infoecos.com.ar\/wp-content\/uploads\/2021\/07\/JULIO-3-920x920.png\" alt=\"\" class=\"wp-image-81831\" srcset=\"https:\/\/infoecos.com.ar\/wp-content\/uploads\/2021\/07\/JULIO-3-920x920.png 920w, https:\/\/infoecos.com.ar\/wp-content\/uploads\/2021\/07\/JULIO-3-460x460.png 460w, https:\/\/infoecos.com.ar\/wp-content\/uploads\/2021\/07\/JULIO-3-150x150.png 150w, https:\/\/infoecos.com.ar\/wp-content\/uploads\/2021\/07\/JULIO-3-768x768.png 768w, https:\/\/infoecos.com.ar\/wp-content\/uploads\/2021\/07\/JULIO-3-1024x1024.png 1024w, https:\/\/infoecos.com.ar\/wp-content\/uploads\/2021\/07\/JULIO-3.png 1080w\" sizes=\"(max-width: 920px) 100vw, 920px\" \/><\/figure><\/div>\n\n\n\n<p>La propuesta incluye 18 pel\u00edculas que abordan distintas tem\u00e1ticas: diversidad sexual, ni\u00f1eces trans, maternidad, violencia, trabajo, participaci\u00f3n pol\u00edtica. Las producciones comenzaron a proyectarse el 1\u00ba de julio en el canal de YouTube <a href=\"https:\/\/www.youtube.com\/c\/MinMujeresPBA\" target=\"_blank\" rel=\"noreferrer noopener\">MinMujeresPBA<\/a> y con un estreno cada jueves, el ciclo se desarrollar\u00e1 hasta el 4 de noviembre.<\/p>\n\n\n\n<p>Con el objetivo de que en cada barrio y en cada pueblo de la provincia de Buenos Aires exista una herramienta de reflexi\u00f3n y debate sobre tem\u00e1ticas urgentes, el Ministerio propone, a trav\u00e9s del cine, abordar diferentes tem\u00e1ticas que funcionen como disparadores para el di\u00e1logo y la deconstrucci\u00f3n del sentido com\u00fan.<\/p>\n\n\n\n<p>Cada film estar\u00e1 disponible durante una semana, de jueves a jueves, para finalmente culminar en un encuentro virtual con las directoras, protagonistas, funcionarias, referentes de organizaciones y especialistas con el objetivo de debatir y profundizar sobre estos ejes tem\u00e1ticos, acerca de las realidades que presentan las pel\u00edculas, los modos en que se construyeron esas tramas y c\u00f3mo se inscriben en los relatos. Los conversatorios se transmiten en vivo cada jueves a las 17 horas tambi\u00e9n por el canal de YouTube del Ministerio.<\/p>\n\n\n\n<p>Durante esta semana y hasta el 22 de julio se encuentra disponible el documental \u201cEl Laberinto de las Lunas\u201d de Lucrecia Mastrangelo realizado en 2020. El film recupera los testimonios de vida de Karla Ojeda y Maira Ram\u00edrez, dos travestis que atraviesan la adopci\u00f3n y Gabriela Mansilla, mam\u00e1 de una ni\u00f1a trans. El conversatorio de esta proyecci\u00f3n se realizar\u00e1 el jueves 22 de julio a las 17 horas con la presencia de la subsecretaria de Pol\u00edticas de G\u00e9nero y Diversidad Sexual Luc\u00eda Portos, la protagonista Karla Ojeda, la directora Luc\u00eda Mastrangelo, y Jus Burgos de Gafas Violetas INCAA.<\/p>\n\n\n\n<p>En la semana del 22 al 29 de julio estar\u00e1 disponible el documental de Valeria Pavan \u201cYo Nena, yo princesa\u201d realizado en 2013. Este documental es m\u00e1s que una entrevista: es un fragmento privilegiado de una historia compleja y singular, no \u00fanica. Como todas las semanas el jueves a las 17 hs se realizar\u00e1 el conversatorio con directoras, protagonistas y funcionarias.<\/p>\n","protected":false},"excerpt":{"rendered":"<p>La propuesta incluye 18 pel\u00edculas que abordan distintas tem\u00e1ticas: diversidad sexual, ni\u00f1eces trans, maternidad, violencia, trabajo, participaci\u00f3n pol\u00edtica<\/p>\n","protected":false},"author":2,"featured_media":81831,"comment_status":"closed","ping_status":"open","sticky":false,"template":"","format":"standard","meta":{"footnotes":""},"categories":[1330],"tags":[4348],"class_list":["post-81830","post","type-post","status-publish","format-standard","has-post-thumbnail","hentry","category-inferior10","tag-proyectando-feminismo"],"yoast_head":"<!-- This site is optimized with the Yoast SEO plugin v23.4 - https:\/\/yoast.com\/wordpress\/plugins\/seo\/ -->\n<title>Cine nacional impulsado por el Ministerio de las Mujeres, Pol\u00edticas de G\u00e9nero y Diversidad Sexual de Buenos Aires - Infoecos<\/title>\n<meta name=\"robots\" content=\"index, follow, max-snippet:-1, max-image-preview:large, max-video-preview:-1\" \/>\n<link rel=\"canonical\" href=\"https:\/\/infoecos.com.ar\/index.php\/cine-nacional-impulsado-por-el-ministerio-de-las-mujeres-politicas-de-genero-y-diversidad-sexual-de-buenos-aires\/\" \/>\n<meta property=\"og:locale\" content=\"es_ES\" \/>\n<meta property=\"og:type\" content=\"article\" \/>\n<meta property=\"og:title\" content=\"Cine nacional impulsado por el Ministerio de las Mujeres, Pol\u00edticas de G\u00e9nero y Diversidad Sexual de Buenos Aires - Infoecos\" \/>\n<meta property=\"og:description\" content=\"La propuesta incluye 18 pel\u00edculas que abordan distintas tem\u00e1ticas: diversidad sexual, ni\u00f1eces trans, maternidad, violencia, trabajo, participaci\u00f3n pol\u00edtica\" \/>\n<meta property=\"og:url\" content=\"https:\/\/infoecos.com.ar\/index.php\/cine-nacional-impulsado-por-el-ministerio-de-las-mujeres-politicas-de-genero-y-diversidad-sexual-de-buenos-aires\/\" \/>\n<meta property=\"og:site_name\" content=\"Infoecos\" \/>\n<meta property=\"article:publisher\" content=\"https:\/\/www.facebook.com\/profile.php?id=100063200290284\" \/>\n<meta property=\"article:published_time\" content=\"2021-07-22T04:40:35+00:00\" \/>\n<meta property=\"article:modified_time\" content=\"2021-07-27T07:06:41+00:00\" \/>\n<meta property=\"og:image\" content=\"https:\/\/infoecos.com.ar\/wp-content\/uploads\/2021\/07\/JULIO-3.png\" \/>\n\t<meta property=\"og:image:width\" content=\"1080\" \/>\n\t<meta property=\"og:image:height\" content=\"1080\" \/>\n\t<meta property=\"og:image:type\" content=\"image\/png\" \/>\n<meta name=\"author\" content=\"Jorge Matheus\" \/>\n<meta name=\"twitter:card\" content=\"summary_large_image\" \/>\n<meta name=\"twitter:creator\" content=\"@infoecos\" \/>\n<meta name=\"twitter:site\" content=\"@infoecos\" \/>\n<meta name=\"twitter:label1\" content=\"Escrito por\" \/>\n\t<meta name=\"twitter:data1\" content=\"Jorge Matheus\" \/>\n\t<meta name=\"twitter:label2\" content=\"Tiempo de lectura\" \/>\n\t<meta name=\"twitter:data2\" content=\"2 minutos\" \/>\n<script type=\"application\/ld+json\" class=\"yoast-schema-graph\">{\"@context\":\"https:\/\/schema.org\",\"@graph\":[{\"@type\":\"Article\",\"@id\":\"https:\/\/infoecos.com.ar\/index.php\/cine-nacional-impulsado-por-el-ministerio-de-las-mujeres-politicas-de-genero-y-diversidad-sexual-de-buenos-aires\/#article\",\"isPartOf\":{\"@id\":\"https:\/\/infoecos.com.ar\/index.php\/cine-nacional-impulsado-por-el-ministerio-de-las-mujeres-politicas-de-genero-y-diversidad-sexual-de-buenos-aires\/\"},\"author\":{\"name\":\"Jorge Matheus\",\"@id\":\"https:\/\/infoecos.com.ar\/#\/schema\/person\/8f5ace5ce73b4b4aac4b7245aee6f191\"},\"headline\":\"Cine nacional impulsado por el Ministerio de las Mujeres, Pol\u00edticas de G\u00e9nero y Diversidad Sexual de Buenos Aires\",\"datePublished\":\"2021-07-22T04:40:35+00:00\",\"dateModified\":\"2021-07-27T07:06:41+00:00\",\"mainEntityOfPage\":{\"@id\":\"https:\/\/infoecos.com.ar\/index.php\/cine-nacional-impulsado-por-el-ministerio-de-las-mujeres-politicas-de-genero-y-diversidad-sexual-de-buenos-aires\/\"},\"wordCount\":419,\"publisher\":{\"@id\":\"https:\/\/infoecos.com.ar\/#organization\"},\"image\":{\"@id\":\"https:\/\/infoecos.com.ar\/index.php\/cine-nacional-impulsado-por-el-ministerio-de-las-mujeres-politicas-de-genero-y-diversidad-sexual-de-buenos-aires\/#primaryimage\"},\"thumbnailUrl\":\"https:\/\/infoecos.com.ar\/wp-content\/uploads\/2021\/07\/JULIO-3.png\",\"keywords\":[\"PROYECTANDO FEMINISMO\"],\"articleSection\":[\"Bloque inferior - 10\"],\"inLanguage\":\"es\"},{\"@type\":\"WebPage\",\"@id\":\"https:\/\/infoecos.com.ar\/index.php\/cine-nacional-impulsado-por-el-ministerio-de-las-mujeres-politicas-de-genero-y-diversidad-sexual-de-buenos-aires\/\",\"url\":\"https:\/\/infoecos.com.ar\/index.php\/cine-nacional-impulsado-por-el-ministerio-de-las-mujeres-politicas-de-genero-y-diversidad-sexual-de-buenos-aires\/\",\"name\":\"Cine nacional impulsado por el Ministerio de las Mujeres, Pol\u00edticas de G\u00e9nero y Diversidad Sexual de Buenos Aires - Infoecos\",\"isPartOf\":{\"@id\":\"https:\/\/infoecos.com.ar\/#website\"},\"primaryImageOfPage\":{\"@id\":\"https:\/\/infoecos.com.ar\/index.php\/cine-nacional-impulsado-por-el-ministerio-de-las-mujeres-politicas-de-genero-y-diversidad-sexual-de-buenos-aires\/#primaryimage\"},\"image\":{\"@id\":\"https:\/\/infoecos.com.ar\/index.php\/cine-nacional-impulsado-por-el-ministerio-de-las-mujeres-politicas-de-genero-y-diversidad-sexual-de-buenos-aires\/#primaryimage\"},\"thumbnailUrl\":\"https:\/\/infoecos.com.ar\/wp-content\/uploads\/2021\/07\/JULIO-3.png\",\"datePublished\":\"2021-07-22T04:40:35+00:00\",\"dateModified\":\"2021-07-27T07:06:41+00:00\",\"breadcrumb\":{\"@id\":\"https:\/\/infoecos.com.ar\/index.php\/cine-nacional-impulsado-por-el-ministerio-de-las-mujeres-politicas-de-genero-y-diversidad-sexual-de-buenos-aires\/#breadcrumb\"},\"inLanguage\":\"es\",\"potentialAction\":[{\"@type\":\"ReadAction\",\"target\":[\"https:\/\/infoecos.com.ar\/index.php\/cine-nacional-impulsado-por-el-ministerio-de-las-mujeres-politicas-de-genero-y-diversidad-sexual-de-buenos-aires\/\"]}]},{\"@type\":\"ImageObject\",\"inLanguage\":\"es\",\"@id\":\"https:\/\/infoecos.com.ar\/index.php\/cine-nacional-impulsado-por-el-ministerio-de-las-mujeres-politicas-de-genero-y-diversidad-sexual-de-buenos-aires\/#primaryimage\",\"url\":\"https:\/\/infoecos.com.ar\/wp-content\/uploads\/2021\/07\/JULIO-3.png\",\"contentUrl\":\"https:\/\/infoecos.com.ar\/wp-content\/uploads\/2021\/07\/JULIO-3.png\",\"width\":1080,\"height\":1080},{\"@type\":\"BreadcrumbList\",\"@id\":\"https:\/\/infoecos.com.ar\/index.php\/cine-nacional-impulsado-por-el-ministerio-de-las-mujeres-politicas-de-genero-y-diversidad-sexual-de-buenos-aires\/#breadcrumb\",\"itemListElement\":[{\"@type\":\"ListItem\",\"position\":1,\"name\":\"Portada\",\"item\":\"https:\/\/infoecos.com.ar\/\"},{\"@type\":\"ListItem\",\"position\":2,\"name\":\"Cine nacional impulsado por el Ministerio de las Mujeres, Pol\u00edticas de G\u00e9nero y Diversidad Sexual de Buenos Aires\"}]},{\"@type\":\"WebSite\",\"@id\":\"https:\/\/infoecos.com.ar\/#website\",\"url\":\"https:\/\/infoecos.com.ar\/\",\"name\":\"Infoecos\",\"description\":\"Noticias de trenque lauquen y la zona\",\"publisher\":{\"@id\":\"https:\/\/infoecos.com.ar\/#organization\"},\"alternateName\":\"Noticias\",\"potentialAction\":[{\"@type\":\"SearchAction\",\"target\":{\"@type\":\"EntryPoint\",\"urlTemplate\":\"https:\/\/infoecos.com.ar\/?s={search_term_string}\"},\"query-input\":{\"@type\":\"PropertyValueSpecification\",\"valueRequired\":true,\"valueName\":\"search_term_string\"}}],\"inLanguage\":\"es\"},{\"@type\":\"Organization\",\"@id\":\"https:\/\/infoecos.com.ar\/#organization\",\"name\":\"Infoecos\",\"alternateName\":\"Noticias\",\"url\":\"https:\/\/infoecos.com.ar\/\",\"logo\":{\"@type\":\"ImageObject\",\"inLanguage\":\"es\",\"@id\":\"https:\/\/infoecos.com.ar\/#\/schema\/logo\/image\/\",\"url\":\"https:\/\/infoecos.com.ar\/wp-content\/uploads\/2024\/03\/cropped-logo.png\",\"contentUrl\":\"https:\/\/infoecos.com.ar\/wp-content\/uploads\/2024\/03\/cropped-logo.png\",\"width\":374,\"height\":90,\"caption\":\"Infoecos\"},\"image\":{\"@id\":\"https:\/\/infoecos.com.ar\/#\/schema\/logo\/image\/\"},\"sameAs\":[\"https:\/\/www.facebook.com\/profile.php?id=100063200290284\",\"https:\/\/x.com\/infoecos\"]},{\"@type\":\"Person\",\"@id\":\"https:\/\/infoecos.com.ar\/#\/schema\/person\/8f5ace5ce73b4b4aac4b7245aee6f191\",\"name\":\"Jorge Matheus\",\"url\":\"https:\/\/infoecos.com.ar\/index.php\/author\/jomatheus\/\"}]}<\/script>\n<!-- \/ Yoast SEO plugin. -->","yoast_head_json":{"title":"Cine nacional impulsado por el Ministerio de las Mujeres, Pol\u00edticas de G\u00e9nero y Diversidad Sexual de Buenos Aires - Infoecos","robots":{"index":"index","follow":"follow","max-snippet":"max-snippet:-1","max-image-preview":"max-image-preview:large","max-video-preview":"max-video-preview:-1"},"canonical":"https:\/\/infoecos.com.ar\/index.php\/cine-nacional-impulsado-por-el-ministerio-de-las-mujeres-politicas-de-genero-y-diversidad-sexual-de-buenos-aires\/","og_locale":"es_ES","og_type":"article","og_title":"Cine nacional impulsado por el Ministerio de las Mujeres, Pol\u00edticas de G\u00e9nero y Diversidad Sexual de Buenos Aires - Infoecos","og_description":"La propuesta incluye 18 pel\u00edculas que abordan distintas tem\u00e1ticas: diversidad sexual, ni\u00f1eces trans, maternidad, violencia, trabajo, participaci\u00f3n pol\u00edtica","og_url":"https:\/\/infoecos.com.ar\/index.php\/cine-nacional-impulsado-por-el-ministerio-de-las-mujeres-politicas-de-genero-y-diversidad-sexual-de-buenos-aires\/","og_site_name":"Infoecos","article_publisher":"https:\/\/www.facebook.com\/profile.php?id=100063200290284","article_published_time":"2021-07-22T04:40:35+00:00","article_modified_time":"2021-07-27T07:06:41+00:00","og_image":[{"width":1080,"height":1080,"url":"https:\/\/infoecos.com.ar\/wp-content\/uploads\/2021\/07\/JULIO-3.png","type":"image\/png"}],"author":"Jorge Matheus","twitter_card":"summary_large_image","twitter_creator":"@infoecos","twitter_site":"@infoecos","twitter_misc":{"Escrito por":"Jorge Matheus","Tiempo de lectura":"2 minutos"},"schema":{"@context":"https:\/\/schema.org","@graph":[{"@type":"Article","@id":"https:\/\/infoecos.com.ar\/index.php\/cine-nacional-impulsado-por-el-ministerio-de-las-mujeres-politicas-de-genero-y-diversidad-sexual-de-buenos-aires\/#article","isPartOf":{"@id":"https:\/\/infoecos.com.ar\/index.php\/cine-nacional-impulsado-por-el-ministerio-de-las-mujeres-politicas-de-genero-y-diversidad-sexual-de-buenos-aires\/"},"author":{"name":"Jorge Matheus","@id":"https:\/\/infoecos.com.ar\/#\/schema\/person\/8f5ace5ce73b4b4aac4b7245aee6f191"},"headline":"Cine nacional impulsado por el Ministerio de las Mujeres, Pol\u00edticas de G\u00e9nero y Diversidad Sexual de Buenos Aires","datePublished":"2021-07-22T04:40:35+00:00","dateModified":"2021-07-27T07:06:41+00:00","mainEntityOfPage":{"@id":"https:\/\/infoecos.com.ar\/index.php\/cine-nacional-impulsado-por-el-ministerio-de-las-mujeres-politicas-de-genero-y-diversidad-sexual-de-buenos-aires\/"},"wordCount":419,"publisher":{"@id":"https:\/\/infoecos.com.ar\/#organization"},"image":{"@id":"https:\/\/infoecos.com.ar\/index.php\/cine-nacional-impulsado-por-el-ministerio-de-las-mujeres-politicas-de-genero-y-diversidad-sexual-de-buenos-aires\/#primaryimage"},"thumbnailUrl":"https:\/\/infoecos.com.ar\/wp-content\/uploads\/2021\/07\/JULIO-3.png","keywords":["PROYECTANDO FEMINISMO"],"articleSection":["Bloque inferior - 10"],"inLanguage":"es"},{"@type":"WebPage","@id":"https:\/\/infoecos.com.ar\/index.php\/cine-nacional-impulsado-por-el-ministerio-de-las-mujeres-politicas-de-genero-y-diversidad-sexual-de-buenos-aires\/","url":"https:\/\/infoecos.com.ar\/index.php\/cine-nacional-impulsado-por-el-ministerio-de-las-mujeres-politicas-de-genero-y-diversidad-sexual-de-buenos-aires\/","name":"Cine nacional impulsado por el Ministerio de las Mujeres, Pol\u00edticas de G\u00e9nero y Diversidad Sexual de Buenos Aires - Infoecos","isPartOf":{"@id":"https:\/\/infoecos.com.ar\/#website"},"primaryImageOfPage":{"@id":"https:\/\/infoecos.com.ar\/index.php\/cine-nacional-impulsado-por-el-ministerio-de-las-mujeres-politicas-de-genero-y-diversidad-sexual-de-buenos-aires\/#primaryimage"},"image":{"@id":"https:\/\/infoecos.com.ar\/index.php\/cine-nacional-impulsado-por-el-ministerio-de-las-mujeres-politicas-de-genero-y-diversidad-sexual-de-buenos-aires\/#primaryimage"},"thumbnailUrl":"https:\/\/infoecos.com.ar\/wp-content\/uploads\/2021\/07\/JULIO-3.png","datePublished":"2021-07-22T04:40:35+00:00","dateModified":"2021-07-27T07:06:41+00:00","breadcrumb":{"@id":"https:\/\/infoecos.com.ar\/index.php\/cine-nacional-impulsado-por-el-ministerio-de-las-mujeres-politicas-de-genero-y-diversidad-sexual-de-buenos-aires\/#breadcrumb"},"inLanguage":"es","potentialAction":[{"@type":"ReadAction","target":["https:\/\/infoecos.com.ar\/index.php\/cine-nacional-impulsado-por-el-ministerio-de-las-mujeres-politicas-de-genero-y-diversidad-sexual-de-buenos-aires\/"]}]},{"@type":"ImageObject","inLanguage":"es","@id":"https:\/\/infoecos.com.ar\/index.php\/cine-nacional-impulsado-por-el-ministerio-de-las-mujeres-politicas-de-genero-y-diversidad-sexual-de-buenos-aires\/#primaryimage","url":"https:\/\/infoecos.com.ar\/wp-content\/uploads\/2021\/07\/JULIO-3.png","contentUrl":"https:\/\/infoecos.com.ar\/wp-content\/uploads\/2021\/07\/JULIO-3.png","width":1080,"height":1080},{"@type":"BreadcrumbList","@id":"https:\/\/infoecos.com.ar\/index.php\/cine-nacional-impulsado-por-el-ministerio-de-las-mujeres-politicas-de-genero-y-diversidad-sexual-de-buenos-aires\/#breadcrumb","itemListElement":[{"@type":"ListItem","position":1,"name":"Portada","item":"https:\/\/infoecos.com.ar\/"},{"@type":"ListItem","position":2,"name":"Cine nacional impulsado por el Ministerio de las Mujeres, Pol\u00edticas de G\u00e9nero y Diversidad Sexual de Buenos Aires"}]},{"@type":"WebSite","@id":"https:\/\/infoecos.com.ar\/#website","url":"https:\/\/infoecos.com.ar\/","name":"Infoecos","description":"Noticias de trenque lauquen y la zona","publisher":{"@id":"https:\/\/infoecos.com.ar\/#organization"},"alternateName":"Noticias","potentialAction":[{"@type":"SearchAction","target":{"@type":"EntryPoint","urlTemplate":"https:\/\/infoecos.com.ar\/?s={search_term_string}"},"query-input":{"@type":"PropertyValueSpecification","valueRequired":true,"valueName":"search_term_string"}}],"inLanguage":"es"},{"@type":"Organization","@id":"https:\/\/infoecos.com.ar\/#organization","name":"Infoecos","alternateName":"Noticias","url":"https:\/\/infoecos.com.ar\/","logo":{"@type":"ImageObject","inLanguage":"es","@id":"https:\/\/infoecos.com.ar\/#\/schema\/logo\/image\/","url":"https:\/\/infoecos.com.ar\/wp-content\/uploads\/2024\/03\/cropped-logo.png","contentUrl":"https:\/\/infoecos.com.ar\/wp-content\/uploads\/2024\/03\/cropped-logo.png","width":374,"height":90,"caption":"Infoecos"},"image":{"@id":"https:\/\/infoecos.com.ar\/#\/schema\/logo\/image\/"},"sameAs":["https:\/\/www.facebook.com\/profile.php?id=100063200290284","https:\/\/x.com\/infoecos"]},{"@type":"Person","@id":"https:\/\/infoecos.com.ar\/#\/schema\/person\/8f5ace5ce73b4b4aac4b7245aee6f191","name":"Jorge Matheus","url":"https:\/\/infoecos.com.ar\/index.php\/author\/jomatheus\/"}]}},"featured_image_urls":{"full":["https:\/\/infoecos.com.ar\/wp-content\/uploads\/2021\/07\/JULIO-3.png",1080,1080,false],"thumbnail":["https:\/\/infoecos.com.ar\/wp-content\/uploads\/2021\/07\/JULIO-3-150x150.png",150,150,true],"medium":["https:\/\/infoecos.com.ar\/wp-content\/uploads\/2021\/07\/JULIO-3-460x460.png",460,460,true],"medium_large":["https:\/\/infoecos.com.ar\/wp-content\/uploads\/2021\/07\/JULIO-3-768x768.png",640,640,true],"large":["https:\/\/infoecos.com.ar\/wp-content\/uploads\/2021\/07\/JULIO-3-920x920.png",640,640,true],"1536x1536":["https:\/\/infoecos.com.ar\/wp-content\/uploads\/2021\/07\/JULIO-3.png",1080,1080,false],"2048x2048":["https:\/\/infoecos.com.ar\/wp-content\/uploads\/2021\/07\/JULIO-3.png",1080,1080,false],"covernews-slider-full":["https:\/\/infoecos.com.ar\/wp-content\/uploads\/2021\/07\/JULIO-3-1080x1020.png",757,715,true],"covernews-slider-center":["https:\/\/infoecos.com.ar\/wp-content\/uploads\/2021\/07\/JULIO-3-936x897.png",522,500,true],"covernews-featured":["https:\/\/infoecos.com.ar\/wp-content\/uploads\/2021\/07\/JULIO-3-1024x1024.png",1024,1024,true],"covernews-medium":["https:\/\/infoecos.com.ar\/wp-content\/uploads\/2021\/07\/JULIO-3-720x380.png",540,285,true],"covernews-medium-square":["https:\/\/infoecos.com.ar\/wp-content\/uploads\/2021\/07\/JULIO-3-675x450.png",375,250,true]},"author_info":{"info":["Jorge Matheus"]},"category_info":"<a href=\"https:\/\/infoecos.com.ar\/index.php\/category\/inferior10\/\" rel=\"category tag\">Bloque inferior - 10<\/a>","tag_info":"Bloque inferior - 10","comment_count":"0","_links":{"self":[{"href":"https:\/\/infoecos.com.ar\/index.php\/wp-json\/wp\/v2\/posts\/81830"}],"collection":[{"href":"https:\/\/infoecos.com.ar\/index.php\/wp-json\/wp\/v2\/posts"}],"about":[{"href":"https:\/\/infoecos.com.ar\/index.php\/wp-json\/wp\/v2\/types\/post"}],"author":[{"embeddable":true,"href":"https:\/\/infoecos.com.ar\/index.php\/wp-json\/wp\/v2\/users\/2"}],"replies":[{"embeddable":true,"href":"https:\/\/infoecos.com.ar\/index.php\/wp-json\/wp\/v2\/comments?post=81830"}],"version-history":[{"count":1,"href":"https:\/\/infoecos.com.ar\/index.php\/wp-json\/wp\/v2\/posts\/81830\/revisions"}],"predecessor-version":[{"id":81832,"href":"https:\/\/infoecos.com.ar\/index.php\/wp-json\/wp\/v2\/posts\/81830\/revisions\/81832"}],"wp:featuredmedia":[{"embeddable":true,"href":"https:\/\/infoecos.com.ar\/index.php\/wp-json\/wp\/v2\/media\/81831"}],"wp:attachment":[{"href":"https:\/\/infoecos.com.ar\/index.php\/wp-json\/wp\/v2\/media?parent=81830"}],"wp:term":[{"taxonomy":"category","embeddable":true,"href":"https:\/\/infoecos.com.ar\/index.php\/wp-json\/wp\/v2\/categories?post=81830"},{"taxonomy":"post_tag","embeddable":true,"href":"https:\/\/infoecos.com.ar\/index.php\/wp-json\/wp\/v2\/tags?post=81830"}],"curies":[{"name":"wp","href":"https:\/\/api.w.org\/{rel}","templated":true}]}}