{"id":81837,"date":"2021-07-22T02:04:29","date_gmt":"2021-07-22T05:04:29","guid":{"rendered":"http:\/\/infoecos.com.ar\/?p=81837"},"modified":"2021-07-23T04:20:01","modified_gmt":"2021-07-23T07:20:01","slug":"zurro-intendente-de-pehuajo-y-la-ruta-del-cereal-es-un-noticion","status":"publish","type":"post","link":"https:\/\/infoecos.com.ar\/index.php\/zurro-intendente-de-pehuajo-y-la-ruta-del-cereal-es-un-noticion\/","title":{"rendered":"Zurro, intendente de Pehuaj\u00f3 y la Ruta del Cereal: \u00abes un notici\u00f3n\u00bb"},"content":{"rendered":"\n<p>El intendente municipal de Pehuaj\u00f3, Pablo Zurro visit\u00f3 ayer la localidad de Mones Caz\u00f3n, para dar a conocer diferentes obras que se realizar\u00e1n en el lugar.<\/p>\n\n\n\n<div class=\"wp-block-image is-style-default\"><figure class=\"aligncenter size-medium\"><img loading=\"lazy\" decoding=\"async\" width=\"460\" height=\"306\" src=\"http:\/\/infoecos.com.ar\/wp-content\/uploads\/2021\/07\/zurropablorutadelcereal-460x306.jpg\" alt=\"\" class=\"wp-image-81838\" srcset=\"https:\/\/infoecos.com.ar\/wp-content\/uploads\/2021\/07\/zurropablorutadelcereal-460x306.jpg 460w, https:\/\/infoecos.com.ar\/wp-content\/uploads\/2021\/07\/zurropablorutadelcereal.jpg 640w\" sizes=\"(max-width: 460px) 100vw, 460px\" \/><\/figure><\/div>\n\n\n\n<p>Junto a la delegada Alicia Tobio, el mandatario, recorri\u00f3 la Ruta del Cereal \u00abEs un d\u00eda de much\u00edsima alegr\u00eda, cuando Axel me llam\u00f3 le dije que era clave la Ruta del Cereal, no pens\u00e9 que tan r\u00e1pidamente el gobernador iba a invertir mil novecientos millones en terminar la Ruta del Cereal\u00bb.<\/p>\n\n\n\n<p>\u00abMe gusta no dejar las cosas a medias, esto para la gente del Partido de Pehuaj\u00f3, de Guamin\u00ed, de Daireaux, de Trenque Lauquen, es un notici\u00f3n\u00bb, se\u00f1al\u00f3. &nbsp;<\/p>\n\n\n\n<p>Adem\u00e1s agradeci\u00f3 especialmente al gobernador Axel Kicillof&nbsp; \u00abQue vos sigas haciendo obras en el interior profundo de la Provincia de Buenos Aires, a pesar de la pandemia, energiza\u00bb.&nbsp;<\/p>\n","protected":false},"excerpt":{"rendered":"<p>Agradeci\u00f3 especialmente al gobernador Axel Kicillof  \u00abQue vos sigas haciendo obras en el interior profundo de la Provincia de Buenos Aires, a pesar de la pandemia, energiza\u00bb<\/p>\n","protected":false},"author":2,"featured_media":81838,"comment_status":"closed","ping_status":"open","sticky":false,"template":"","format":"standard","meta":{"footnotes":""},"categories":[1643],"tags":[4350],"class_list":["post-81837","post","type-post","status-publish","format-standard","has-post-thumbnail","hentry","category-inferior16","tag-de-visita-en-mones-cazon"],"yoast_head":"<!-- This site is optimized with the Yoast SEO plugin v23.4 - https:\/\/yoast.com\/wordpress\/plugins\/seo\/ -->\n<title>Zurro, intendente de Pehuaj\u00f3 y la Ruta del Cereal: &quot;es un notici\u00f3n&quot; - Infoecos<\/title>\n<meta name=\"robots\" content=\"index, follow, max-snippet:-1, max-image-preview:large, max-video-preview:-1\" \/>\n<link rel=\"canonical\" href=\"https:\/\/infoecos.com.ar\/index.php\/zurro-intendente-de-pehuajo-y-la-ruta-del-cereal-es-un-noticion\/\" \/>\n<meta property=\"og:locale\" content=\"es_ES\" \/>\n<meta property=\"og:type\" content=\"article\" \/>\n<meta property=\"og:title\" content=\"Zurro, intendente de Pehuaj\u00f3 y la Ruta del Cereal: &quot;es un notici\u00f3n&quot; - Infoecos\" \/>\n<meta property=\"og:description\" content=\"Agradeci\u00f3 especialmente al gobernador Axel Kicillof &quot;Que vos sigas haciendo obras en el interior profundo de la Provincia de Buenos Aires, a pesar de la pandemia, energiza&quot;\" \/>\n<meta property=\"og:url\" content=\"https:\/\/infoecos.com.ar\/index.php\/zurro-intendente-de-pehuajo-y-la-ruta-del-cereal-es-un-noticion\/\" \/>\n<meta property=\"og:site_name\" content=\"Infoecos\" \/>\n<meta property=\"article:publisher\" content=\"https:\/\/www.facebook.com\/profile.php?id=100063200290284\" \/>\n<meta property=\"article:published_time\" content=\"2021-07-22T05:04:29+00:00\" \/>\n<meta property=\"article:modified_time\" content=\"2021-07-23T07:20:01+00:00\" \/>\n<meta property=\"og:image\" content=\"https:\/\/infoecos.com.ar\/wp-content\/uploads\/2021\/07\/zurropablorutadelcereal.jpg\" \/>\n\t<meta property=\"og:image:width\" content=\"640\" \/>\n\t<meta property=\"og:image:height\" content=\"426\" \/>\n\t<meta property=\"og:image:type\" content=\"image\/jpeg\" \/>\n<meta name=\"author\" content=\"Jorge Matheus\" \/>\n<meta name=\"twitter:card\" content=\"summary_large_image\" \/>\n<meta name=\"twitter:creator\" content=\"@infoecos\" \/>\n<meta name=\"twitter:site\" content=\"@infoecos\" \/>\n<meta name=\"twitter:label1\" content=\"Escrito por\" \/>\n\t<meta name=\"twitter:data1\" content=\"Jorge Matheus\" \/>\n\t<meta name=\"twitter:label2\" content=\"Tiempo de lectura\" \/>\n\t<meta name=\"twitter:data2\" content=\"1 minuto\" \/>\n<script type=\"application\/ld+json\" class=\"yoast-schema-graph\">{\"@context\":\"https:\/\/schema.org\",\"@graph\":[{\"@type\":\"Article\",\"@id\":\"https:\/\/infoecos.com.ar\/index.php\/zurro-intendente-de-pehuajo-y-la-ruta-del-cereal-es-un-noticion\/#article\",\"isPartOf\":{\"@id\":\"https:\/\/infoecos.com.ar\/index.php\/zurro-intendente-de-pehuajo-y-la-ruta-del-cereal-es-un-noticion\/\"},\"author\":{\"name\":\"Jorge Matheus\",\"@id\":\"https:\/\/infoecos.com.ar\/#\/schema\/person\/8f5ace5ce73b4b4aac4b7245aee6f191\"},\"headline\":\"Zurro, intendente de Pehuaj\u00f3 y la Ruta del Cereal: \u00abes un notici\u00f3n\u00bb\",\"datePublished\":\"2021-07-22T05:04:29+00:00\",\"dateModified\":\"2021-07-23T07:20:01+00:00\",\"mainEntityOfPage\":{\"@id\":\"https:\/\/infoecos.com.ar\/index.php\/zurro-intendente-de-pehuajo-y-la-ruta-del-cereal-es-un-noticion\/\"},\"wordCount\":157,\"publisher\":{\"@id\":\"https:\/\/infoecos.com.ar\/#organization\"},\"image\":{\"@id\":\"https:\/\/infoecos.com.ar\/index.php\/zurro-intendente-de-pehuajo-y-la-ruta-del-cereal-es-un-noticion\/#primaryimage\"},\"thumbnailUrl\":\"https:\/\/infoecos.com.ar\/wp-content\/uploads\/2021\/07\/zurropablorutadelcereal.jpg\",\"keywords\":[\"DE VISITA EN MONES CAZ\u00d3N\"],\"articleSection\":[\"Bloque inferior - 16\"],\"inLanguage\":\"es\"},{\"@type\":\"WebPage\",\"@id\":\"https:\/\/infoecos.com.ar\/index.php\/zurro-intendente-de-pehuajo-y-la-ruta-del-cereal-es-un-noticion\/\",\"url\":\"https:\/\/infoecos.com.ar\/index.php\/zurro-intendente-de-pehuajo-y-la-ruta-del-cereal-es-un-noticion\/\",\"name\":\"Zurro, intendente de Pehuaj\u00f3 y la Ruta del Cereal: \\\"es un notici\u00f3n\\\" - Infoecos\",\"isPartOf\":{\"@id\":\"https:\/\/infoecos.com.ar\/#website\"},\"primaryImageOfPage\":{\"@id\":\"https:\/\/infoecos.com.ar\/index.php\/zurro-intendente-de-pehuajo-y-la-ruta-del-cereal-es-un-noticion\/#primaryimage\"},\"image\":{\"@id\":\"https:\/\/infoecos.com.ar\/index.php\/zurro-intendente-de-pehuajo-y-la-ruta-del-cereal-es-un-noticion\/#primaryimage\"},\"thumbnailUrl\":\"https:\/\/infoecos.com.ar\/wp-content\/uploads\/2021\/07\/zurropablorutadelcereal.jpg\",\"datePublished\":\"2021-07-22T05:04:29+00:00\",\"dateModified\":\"2021-07-23T07:20:01+00:00\",\"breadcrumb\":{\"@id\":\"https:\/\/infoecos.com.ar\/index.php\/zurro-intendente-de-pehuajo-y-la-ruta-del-cereal-es-un-noticion\/#breadcrumb\"},\"inLanguage\":\"es\",\"potentialAction\":[{\"@type\":\"ReadAction\",\"target\":[\"https:\/\/infoecos.com.ar\/index.php\/zurro-intendente-de-pehuajo-y-la-ruta-del-cereal-es-un-noticion\/\"]}]},{\"@type\":\"ImageObject\",\"inLanguage\":\"es\",\"@id\":\"https:\/\/infoecos.com.ar\/index.php\/zurro-intendente-de-pehuajo-y-la-ruta-del-cereal-es-un-noticion\/#primaryimage\",\"url\":\"https:\/\/infoecos.com.ar\/wp-content\/uploads\/2021\/07\/zurropablorutadelcereal.jpg\",\"contentUrl\":\"https:\/\/infoecos.com.ar\/wp-content\/uploads\/2021\/07\/zurropablorutadelcereal.jpg\",\"width\":640,\"height\":426},{\"@type\":\"BreadcrumbList\",\"@id\":\"https:\/\/infoecos.com.ar\/index.php\/zurro-intendente-de-pehuajo-y-la-ruta-del-cereal-es-un-noticion\/#breadcrumb\",\"itemListElement\":[{\"@type\":\"ListItem\",\"position\":1,\"name\":\"Portada\",\"item\":\"https:\/\/infoecos.com.ar\/\"},{\"@type\":\"ListItem\",\"position\":2,\"name\":\"Zurro, intendente de Pehuaj\u00f3 y la Ruta del Cereal: \u00abes un notici\u00f3n\u00bb\"}]},{\"@type\":\"WebSite\",\"@id\":\"https:\/\/infoecos.com.ar\/#website\",\"url\":\"https:\/\/infoecos.com.ar\/\",\"name\":\"Infoecos\",\"description\":\"Noticias de trenque lauquen y la zona\",\"publisher\":{\"@id\":\"https:\/\/infoecos.com.ar\/#organization\"},\"alternateName\":\"Noticias\",\"potentialAction\":[{\"@type\":\"SearchAction\",\"target\":{\"@type\":\"EntryPoint\",\"urlTemplate\":\"https:\/\/infoecos.com.ar\/?s={search_term_string}\"},\"query-input\":{\"@type\":\"PropertyValueSpecification\",\"valueRequired\":true,\"valueName\":\"search_term_string\"}}],\"inLanguage\":\"es\"},{\"@type\":\"Organization\",\"@id\":\"https:\/\/infoecos.com.ar\/#organization\",\"name\":\"Infoecos\",\"alternateName\":\"Noticias\",\"url\":\"https:\/\/infoecos.com.ar\/\",\"logo\":{\"@type\":\"ImageObject\",\"inLanguage\":\"es\",\"@id\":\"https:\/\/infoecos.com.ar\/#\/schema\/logo\/image\/\",\"url\":\"https:\/\/infoecos.com.ar\/wp-content\/uploads\/2024\/03\/cropped-logo.png\",\"contentUrl\":\"https:\/\/infoecos.com.ar\/wp-content\/uploads\/2024\/03\/cropped-logo.png\",\"width\":374,\"height\":90,\"caption\":\"Infoecos\"},\"image\":{\"@id\":\"https:\/\/infoecos.com.ar\/#\/schema\/logo\/image\/\"},\"sameAs\":[\"https:\/\/www.facebook.com\/profile.php?id=100063200290284\",\"https:\/\/x.com\/infoecos\"]},{\"@type\":\"Person\",\"@id\":\"https:\/\/infoecos.com.ar\/#\/schema\/person\/8f5ace5ce73b4b4aac4b7245aee6f191\",\"name\":\"Jorge Matheus\",\"url\":\"https:\/\/infoecos.com.ar\/index.php\/author\/jomatheus\/\"}]}<\/script>\n<!-- \/ Yoast SEO plugin. -->","yoast_head_json":{"title":"Zurro, intendente de Pehuaj\u00f3 y la Ruta del Cereal: \"es un notici\u00f3n\" - Infoecos","robots":{"index":"index","follow":"follow","max-snippet":"max-snippet:-1","max-image-preview":"max-image-preview:large","max-video-preview":"max-video-preview:-1"},"canonical":"https:\/\/infoecos.com.ar\/index.php\/zurro-intendente-de-pehuajo-y-la-ruta-del-cereal-es-un-noticion\/","og_locale":"es_ES","og_type":"article","og_title":"Zurro, intendente de Pehuaj\u00f3 y la Ruta del Cereal: \"es un notici\u00f3n\" - Infoecos","og_description":"Agradeci\u00f3 especialmente al gobernador Axel Kicillof \"Que vos sigas haciendo obras en el interior profundo de la Provincia de Buenos Aires, a pesar de la pandemia, energiza\"","og_url":"https:\/\/infoecos.com.ar\/index.php\/zurro-intendente-de-pehuajo-y-la-ruta-del-cereal-es-un-noticion\/","og_site_name":"Infoecos","article_publisher":"https:\/\/www.facebook.com\/profile.php?id=100063200290284","article_published_time":"2021-07-22T05:04:29+00:00","article_modified_time":"2021-07-23T07:20:01+00:00","og_image":[{"width":640,"height":426,"url":"https:\/\/infoecos.com.ar\/wp-content\/uploads\/2021\/07\/zurropablorutadelcereal.jpg","type":"image\/jpeg"}],"author":"Jorge Matheus","twitter_card":"summary_large_image","twitter_creator":"@infoecos","twitter_site":"@infoecos","twitter_misc":{"Escrito por":"Jorge Matheus","Tiempo de lectura":"1 minuto"},"schema":{"@context":"https:\/\/schema.org","@graph":[{"@type":"Article","@id":"https:\/\/infoecos.com.ar\/index.php\/zurro-intendente-de-pehuajo-y-la-ruta-del-cereal-es-un-noticion\/#article","isPartOf":{"@id":"https:\/\/infoecos.com.ar\/index.php\/zurro-intendente-de-pehuajo-y-la-ruta-del-cereal-es-un-noticion\/"},"author":{"name":"Jorge Matheus","@id":"https:\/\/infoecos.com.ar\/#\/schema\/person\/8f5ace5ce73b4b4aac4b7245aee6f191"},"headline":"Zurro, intendente de Pehuaj\u00f3 y la Ruta del Cereal: \u00abes un notici\u00f3n\u00bb","datePublished":"2021-07-22T05:04:29+00:00","dateModified":"2021-07-23T07:20:01+00:00","mainEntityOfPage":{"@id":"https:\/\/infoecos.com.ar\/index.php\/zurro-intendente-de-pehuajo-y-la-ruta-del-cereal-es-un-noticion\/"},"wordCount":157,"publisher":{"@id":"https:\/\/infoecos.com.ar\/#organization"},"image":{"@id":"https:\/\/infoecos.com.ar\/index.php\/zurro-intendente-de-pehuajo-y-la-ruta-del-cereal-es-un-noticion\/#primaryimage"},"thumbnailUrl":"https:\/\/infoecos.com.ar\/wp-content\/uploads\/2021\/07\/zurropablorutadelcereal.jpg","keywords":["DE VISITA EN MONES CAZ\u00d3N"],"articleSection":["Bloque inferior - 16"],"inLanguage":"es"},{"@type":"WebPage","@id":"https:\/\/infoecos.com.ar\/index.php\/zurro-intendente-de-pehuajo-y-la-ruta-del-cereal-es-un-noticion\/","url":"https:\/\/infoecos.com.ar\/index.php\/zurro-intendente-de-pehuajo-y-la-ruta-del-cereal-es-un-noticion\/","name":"Zurro, intendente de Pehuaj\u00f3 y la Ruta del Cereal: \"es un notici\u00f3n\" - Infoecos","isPartOf":{"@id":"https:\/\/infoecos.com.ar\/#website"},"primaryImageOfPage":{"@id":"https:\/\/infoecos.com.ar\/index.php\/zurro-intendente-de-pehuajo-y-la-ruta-del-cereal-es-un-noticion\/#primaryimage"},"image":{"@id":"https:\/\/infoecos.com.ar\/index.php\/zurro-intendente-de-pehuajo-y-la-ruta-del-cereal-es-un-noticion\/#primaryimage"},"thumbnailUrl":"https:\/\/infoecos.com.ar\/wp-content\/uploads\/2021\/07\/zurropablorutadelcereal.jpg","datePublished":"2021-07-22T05:04:29+00:00","dateModified":"2021-07-23T07:20:01+00:00","breadcrumb":{"@id":"https:\/\/infoecos.com.ar\/index.php\/zurro-intendente-de-pehuajo-y-la-ruta-del-cereal-es-un-noticion\/#breadcrumb"},"inLanguage":"es","potentialAction":[{"@type":"ReadAction","target":["https:\/\/infoecos.com.ar\/index.php\/zurro-intendente-de-pehuajo-y-la-ruta-del-cereal-es-un-noticion\/"]}]},{"@type":"ImageObject","inLanguage":"es","@id":"https:\/\/infoecos.com.ar\/index.php\/zurro-intendente-de-pehuajo-y-la-ruta-del-cereal-es-un-noticion\/#primaryimage","url":"https:\/\/infoecos.com.ar\/wp-content\/uploads\/2021\/07\/zurropablorutadelcereal.jpg","contentUrl":"https:\/\/infoecos.com.ar\/wp-content\/uploads\/2021\/07\/zurropablorutadelcereal.jpg","width":640,"height":426},{"@type":"BreadcrumbList","@id":"https:\/\/infoecos.com.ar\/index.php\/zurro-intendente-de-pehuajo-y-la-ruta-del-cereal-es-un-noticion\/#breadcrumb","itemListElement":[{"@type":"ListItem","position":1,"name":"Portada","item":"https:\/\/infoecos.com.ar\/"},{"@type":"ListItem","position":2,"name":"Zurro, intendente de Pehuaj\u00f3 y la Ruta del Cereal: \u00abes un notici\u00f3n\u00bb"}]},{"@type":"WebSite","@id":"https:\/\/infoecos.com.ar\/#website","url":"https:\/\/infoecos.com.ar\/","name":"Infoecos","description":"Noticias de trenque lauquen y la zona","publisher":{"@id":"https:\/\/infoecos.com.ar\/#organization"},"alternateName":"Noticias","potentialAction":[{"@type":"SearchAction","target":{"@type":"EntryPoint","urlTemplate":"https:\/\/infoecos.com.ar\/?s={search_term_string}"},"query-input":{"@type":"PropertyValueSpecification","valueRequired":true,"valueName":"search_term_string"}}],"inLanguage":"es"},{"@type":"Organization","@id":"https:\/\/infoecos.com.ar\/#organization","name":"Infoecos","alternateName":"Noticias","url":"https:\/\/infoecos.com.ar\/","logo":{"@type":"ImageObject","inLanguage":"es","@id":"https:\/\/infoecos.com.ar\/#\/schema\/logo\/image\/","url":"https:\/\/infoecos.com.ar\/wp-content\/uploads\/2024\/03\/cropped-logo.png","contentUrl":"https:\/\/infoecos.com.ar\/wp-content\/uploads\/2024\/03\/cropped-logo.png","width":374,"height":90,"caption":"Infoecos"},"image":{"@id":"https:\/\/infoecos.com.ar\/#\/schema\/logo\/image\/"},"sameAs":["https:\/\/www.facebook.com\/profile.php?id=100063200290284","https:\/\/x.com\/infoecos"]},{"@type":"Person","@id":"https:\/\/infoecos.com.ar\/#\/schema\/person\/8f5ace5ce73b4b4aac4b7245aee6f191","name":"Jorge Matheus","url":"https:\/\/infoecos.com.ar\/index.php\/author\/jomatheus\/"}]}},"featured_image_urls":{"full":["https:\/\/infoecos.com.ar\/wp-content\/uploads\/2021\/07\/zurropablorutadelcereal.jpg",640,426,false],"thumbnail":["https:\/\/infoecos.com.ar\/wp-content\/uploads\/2021\/07\/zurropablorutadelcereal-150x150.jpg",150,150,true],"medium":["https:\/\/infoecos.com.ar\/wp-content\/uploads\/2021\/07\/zurropablorutadelcereal-460x306.jpg",460,306,true],"medium_large":["https:\/\/infoecos.com.ar\/wp-content\/uploads\/2021\/07\/zurropablorutadelcereal.jpg",640,426,false],"large":["https:\/\/infoecos.com.ar\/wp-content\/uploads\/2021\/07\/zurropablorutadelcereal.jpg",640,426,false],"1536x1536":["https:\/\/infoecos.com.ar\/wp-content\/uploads\/2021\/07\/zurropablorutadelcereal.jpg",640,426,false],"2048x2048":["https:\/\/infoecos.com.ar\/wp-content\/uploads\/2021\/07\/zurropablorutadelcereal.jpg",640,426,false],"covernews-slider-full":["https:\/\/infoecos.com.ar\/wp-content\/uploads\/2021\/07\/zurropablorutadelcereal.jpg",640,426,false],"covernews-slider-center":["https:\/\/infoecos.com.ar\/wp-content\/uploads\/2021\/07\/zurropablorutadelcereal.jpg",640,426,false],"covernews-featured":["https:\/\/infoecos.com.ar\/wp-content\/uploads\/2021\/07\/zurropablorutadelcereal.jpg",640,426,false],"covernews-medium":["https:\/\/infoecos.com.ar\/wp-content\/uploads\/2021\/07\/zurropablorutadelcereal-640x380.jpg",540,321,true],"covernews-medium-square":["https:\/\/infoecos.com.ar\/wp-content\/uploads\/2021\/07\/zurropablorutadelcereal.jpg",376,250,false]},"author_info":{"info":["Jorge Matheus"]},"category_info":"<a href=\"https:\/\/infoecos.com.ar\/index.php\/category\/inferior16\/\" rel=\"category tag\">Bloque inferior - 16<\/a>","tag_info":"Bloque inferior - 16","comment_count":"0","_links":{"self":[{"href":"https:\/\/infoecos.com.ar\/index.php\/wp-json\/wp\/v2\/posts\/81837"}],"collection":[{"href":"https:\/\/infoecos.com.ar\/index.php\/wp-json\/wp\/v2\/posts"}],"about":[{"href":"https:\/\/infoecos.com.ar\/index.php\/wp-json\/wp\/v2\/types\/post"}],"author":[{"embeddable":true,"href":"https:\/\/infoecos.com.ar\/index.php\/wp-json\/wp\/v2\/users\/2"}],"replies":[{"embeddable":true,"href":"https:\/\/infoecos.com.ar\/index.php\/wp-json\/wp\/v2\/comments?post=81837"}],"version-history":[{"count":2,"href":"https:\/\/infoecos.com.ar\/index.php\/wp-json\/wp\/v2\/posts\/81837\/revisions"}],"predecessor-version":[{"id":81931,"href":"https:\/\/infoecos.com.ar\/index.php\/wp-json\/wp\/v2\/posts\/81837\/revisions\/81931"}],"wp:featuredmedia":[{"embeddable":true,"href":"https:\/\/infoecos.com.ar\/index.php\/wp-json\/wp\/v2\/media\/81838"}],"wp:attachment":[{"href":"https:\/\/infoecos.com.ar\/index.php\/wp-json\/wp\/v2\/media?parent=81837"}],"wp:term":[{"taxonomy":"category","embeddable":true,"href":"https:\/\/infoecos.com.ar\/index.php\/wp-json\/wp\/v2\/categories?post=81837"},{"taxonomy":"post_tag","embeddable":true,"href":"https:\/\/infoecos.com.ar\/index.php\/wp-json\/wp\/v2\/tags?post=81837"}],"curies":[{"name":"wp","href":"https:\/\/api.w.org\/{rel}","templated":true}]}}