{"id":81885,"date":"2021-07-23T01:46:12","date_gmt":"2021-07-23T04:46:12","guid":{"rendered":"http:\/\/infoecos.com.ar\/?p=81885"},"modified":"2021-07-23T01:46:13","modified_gmt":"2021-07-23T04:46:13","slug":"el-precio-de-la-canasta-basica-alimentaria-aumento-36-en-junio","status":"publish","type":"post","link":"https:\/\/infoecos.com.ar\/index.php\/el-precio-de-la-canasta-basica-alimentaria-aumento-36-en-junio\/","title":{"rendered":"El precio de la canasta b\u00e1sica alimentaria aument\u00f3 3,6 % en junio"},"content":{"rendered":"\n<p>El costo de la canasta b\u00e1sica alimentaria (CBA), que marca el umbral por debajo del cual se cae en la l\u00ednea de la indigencia, marc\u00f3 en junio un incremento de 3,6 % para una pareja con dos hijos, que necesit\u00f3 percibir ingresos por un monto estimado en $ 28.413,82, inform\u00f3 ayer el Instituto Nacional de Estad\u00edstica y Censos (Indec).<\/p>\n\n\n\n<div class=\"wp-block-image is-style-default\"><figure class=\"aligncenter size-large\"><img decoding=\"async\" src=\"http:\/\/infoecos.com.ar\/wp-content\/uploads\/58067ad53a47f_324x182.jpg\" alt=\"\" class=\"wp-image-36152\"\/><figcaption>INDEC<\/figcaption><\/figure><\/div>\n\n\n\n<p>En tanto, el costo de la canasta b\u00e1sica total (CBT), que marca la l\u00ednea de situaci\u00f3n de pobreza, fue en junio de $ 66.488,33, con un aumento del 3,2 % mensual<\/p>\n\n\n\n<p>En los primeros seis meses del a\u00f1o, el valor de la CBA se increment\u00f3 el 25,3 %, mientras que el de la CBT avanz\u00f3 22,7 %. Esta diferencia obedece a que los precios de las tarifas del transporte y los servicios p\u00fablicos tuvieron incrementos por debajo de los alimentos.<\/p>\n\n\n\n<p>En doce meses, el precio de la CBA se increment\u00f3 a 57,6 % y el de la CBT a 51,8 %.<\/p>\n\n\n\n<p><\/p>\n","protected":false},"excerpt":{"rendered":"<p>En tanto, el costo de la canasta b\u00e1sica total (CBT), que marca la l\u00ednea de situaci\u00f3n de pobreza, fue en junio de $ 66.488,33, con un aumento del 3,2 % mensual<\/p>\n","protected":false},"author":2,"featured_media":36152,"comment_status":"closed","ping_status":"open","sticky":false,"template":"","format":"standard","meta":{"footnotes":""},"categories":[25],"tags":[3663],"class_list":["post-81885","post","type-post","status-publish","format-standard","has-post-thumbnail","hentry","category-c3nota1","tag-lo-informo-el-indec"],"yoast_head":"<!-- This site is optimized with the Yoast SEO plugin v23.4 - https:\/\/yoast.com\/wordpress\/plugins\/seo\/ -->\n<title>El precio de la canasta b\u00e1sica alimentaria aument\u00f3 3,6 % en junio - Infoecos<\/title>\n<meta name=\"robots\" content=\"index, follow, max-snippet:-1, max-image-preview:large, max-video-preview:-1\" \/>\n<link rel=\"canonical\" href=\"https:\/\/infoecos.com.ar\/index.php\/el-precio-de-la-canasta-basica-alimentaria-aumento-36-en-junio\/\" \/>\n<meta property=\"og:locale\" content=\"es_ES\" \/>\n<meta property=\"og:type\" content=\"article\" \/>\n<meta property=\"og:title\" content=\"El precio de la canasta b\u00e1sica alimentaria aument\u00f3 3,6 % en junio - Infoecos\" \/>\n<meta property=\"og:description\" content=\"En tanto, el costo de la canasta b\u00e1sica total (CBT), que marca la l\u00ednea de situaci\u00f3n de pobreza, fue en junio de $ 66.488,33, con un aumento del 3,2 % mensual\" \/>\n<meta property=\"og:url\" content=\"https:\/\/infoecos.com.ar\/index.php\/el-precio-de-la-canasta-basica-alimentaria-aumento-36-en-junio\/\" \/>\n<meta property=\"og:site_name\" content=\"Infoecos\" \/>\n<meta property=\"article:publisher\" content=\"https:\/\/www.facebook.com\/profile.php?id=100063200290284\" \/>\n<meta property=\"article:published_time\" content=\"2021-07-23T04:46:12+00:00\" \/>\n<meta property=\"article:modified_time\" content=\"2021-07-23T04:46:13+00:00\" \/>\n<meta property=\"og:image\" content=\"https:\/\/infoecos.com.ar\/wp-content\/uploads\/58067ad53a47f_324x182.jpg\" \/>\n\t<meta property=\"og:image:width\" content=\"324\" \/>\n\t<meta property=\"og:image:height\" content=\"182\" \/>\n\t<meta property=\"og:image:type\" content=\"image\/jpeg\" \/>\n<meta name=\"author\" content=\"Jorge Matheus\" \/>\n<meta name=\"twitter:card\" content=\"summary_large_image\" \/>\n<meta name=\"twitter:creator\" content=\"@infoecos\" \/>\n<meta name=\"twitter:site\" content=\"@infoecos\" \/>\n<meta name=\"twitter:label1\" content=\"Escrito por\" \/>\n\t<meta name=\"twitter:data1\" content=\"Jorge Matheus\" \/>\n\t<meta name=\"twitter:label2\" content=\"Tiempo de lectura\" \/>\n\t<meta name=\"twitter:data2\" content=\"1 minuto\" \/>\n<script type=\"application\/ld+json\" class=\"yoast-schema-graph\">{\"@context\":\"https:\/\/schema.org\",\"@graph\":[{\"@type\":\"Article\",\"@id\":\"https:\/\/infoecos.com.ar\/index.php\/el-precio-de-la-canasta-basica-alimentaria-aumento-36-en-junio\/#article\",\"isPartOf\":{\"@id\":\"https:\/\/infoecos.com.ar\/index.php\/el-precio-de-la-canasta-basica-alimentaria-aumento-36-en-junio\/\"},\"author\":{\"name\":\"Jorge Matheus\",\"@id\":\"https:\/\/infoecos.com.ar\/#\/schema\/person\/8f5ace5ce73b4b4aac4b7245aee6f191\"},\"headline\":\"El precio de la canasta b\u00e1sica alimentaria aument\u00f3 3,6 % en junio\",\"datePublished\":\"2021-07-23T04:46:12+00:00\",\"dateModified\":\"2021-07-23T04:46:13+00:00\",\"mainEntityOfPage\":{\"@id\":\"https:\/\/infoecos.com.ar\/index.php\/el-precio-de-la-canasta-basica-alimentaria-aumento-36-en-junio\/\"},\"wordCount\":164,\"publisher\":{\"@id\":\"https:\/\/infoecos.com.ar\/#organization\"},\"image\":{\"@id\":\"https:\/\/infoecos.com.ar\/index.php\/el-precio-de-la-canasta-basica-alimentaria-aumento-36-en-junio\/#primaryimage\"},\"thumbnailUrl\":\"\",\"keywords\":[\"LO INFORM\u00d3 EL INDEC\"],\"articleSection\":[\"C3 N1\"],\"inLanguage\":\"es\"},{\"@type\":\"WebPage\",\"@id\":\"https:\/\/infoecos.com.ar\/index.php\/el-precio-de-la-canasta-basica-alimentaria-aumento-36-en-junio\/\",\"url\":\"https:\/\/infoecos.com.ar\/index.php\/el-precio-de-la-canasta-basica-alimentaria-aumento-36-en-junio\/\",\"name\":\"El precio de la canasta b\u00e1sica alimentaria aument\u00f3 3,6 % en junio - Infoecos\",\"isPartOf\":{\"@id\":\"https:\/\/infoecos.com.ar\/#website\"},\"primaryImageOfPage\":{\"@id\":\"https:\/\/infoecos.com.ar\/index.php\/el-precio-de-la-canasta-basica-alimentaria-aumento-36-en-junio\/#primaryimage\"},\"image\":{\"@id\":\"https:\/\/infoecos.com.ar\/index.php\/el-precio-de-la-canasta-basica-alimentaria-aumento-36-en-junio\/#primaryimage\"},\"thumbnailUrl\":\"\",\"datePublished\":\"2021-07-23T04:46:12+00:00\",\"dateModified\":\"2021-07-23T04:46:13+00:00\",\"breadcrumb\":{\"@id\":\"https:\/\/infoecos.com.ar\/index.php\/el-precio-de-la-canasta-basica-alimentaria-aumento-36-en-junio\/#breadcrumb\"},\"inLanguage\":\"es\",\"potentialAction\":[{\"@type\":\"ReadAction\",\"target\":[\"https:\/\/infoecos.com.ar\/index.php\/el-precio-de-la-canasta-basica-alimentaria-aumento-36-en-junio\/\"]}]},{\"@type\":\"ImageObject\",\"inLanguage\":\"es\",\"@id\":\"https:\/\/infoecos.com.ar\/index.php\/el-precio-de-la-canasta-basica-alimentaria-aumento-36-en-junio\/#primaryimage\",\"url\":\"\",\"contentUrl\":\"\"},{\"@type\":\"BreadcrumbList\",\"@id\":\"https:\/\/infoecos.com.ar\/index.php\/el-precio-de-la-canasta-basica-alimentaria-aumento-36-en-junio\/#breadcrumb\",\"itemListElement\":[{\"@type\":\"ListItem\",\"position\":1,\"name\":\"Portada\",\"item\":\"https:\/\/infoecos.com.ar\/\"},{\"@type\":\"ListItem\",\"position\":2,\"name\":\"El precio de la canasta b\u00e1sica alimentaria aument\u00f3 3,6 % en junio\"}]},{\"@type\":\"WebSite\",\"@id\":\"https:\/\/infoecos.com.ar\/#website\",\"url\":\"https:\/\/infoecos.com.ar\/\",\"name\":\"Infoecos\",\"description\":\"Noticias de trenque lauquen y la zona\",\"publisher\":{\"@id\":\"https:\/\/infoecos.com.ar\/#organization\"},\"alternateName\":\"Noticias\",\"potentialAction\":[{\"@type\":\"SearchAction\",\"target\":{\"@type\":\"EntryPoint\",\"urlTemplate\":\"https:\/\/infoecos.com.ar\/?s={search_term_string}\"},\"query-input\":{\"@type\":\"PropertyValueSpecification\",\"valueRequired\":true,\"valueName\":\"search_term_string\"}}],\"inLanguage\":\"es\"},{\"@type\":\"Organization\",\"@id\":\"https:\/\/infoecos.com.ar\/#organization\",\"name\":\"Infoecos\",\"alternateName\":\"Noticias\",\"url\":\"https:\/\/infoecos.com.ar\/\",\"logo\":{\"@type\":\"ImageObject\",\"inLanguage\":\"es\",\"@id\":\"https:\/\/infoecos.com.ar\/#\/schema\/logo\/image\/\",\"url\":\"https:\/\/infoecos.com.ar\/wp-content\/uploads\/2024\/03\/cropped-logo.png\",\"contentUrl\":\"https:\/\/infoecos.com.ar\/wp-content\/uploads\/2024\/03\/cropped-logo.png\",\"width\":374,\"height\":90,\"caption\":\"Infoecos\"},\"image\":{\"@id\":\"https:\/\/infoecos.com.ar\/#\/schema\/logo\/image\/\"},\"sameAs\":[\"https:\/\/www.facebook.com\/profile.php?id=100063200290284\",\"https:\/\/x.com\/infoecos\"]},{\"@type\":\"Person\",\"@id\":\"https:\/\/infoecos.com.ar\/#\/schema\/person\/8f5ace5ce73b4b4aac4b7245aee6f191\",\"name\":\"Jorge Matheus\",\"url\":\"https:\/\/infoecos.com.ar\/index.php\/author\/jomatheus\/\"}]}<\/script>\n<!-- \/ Yoast SEO plugin. -->","yoast_head_json":{"title":"El precio de la canasta b\u00e1sica alimentaria aument\u00f3 3,6 % en junio - Infoecos","robots":{"index":"index","follow":"follow","max-snippet":"max-snippet:-1","max-image-preview":"max-image-preview:large","max-video-preview":"max-video-preview:-1"},"canonical":"https:\/\/infoecos.com.ar\/index.php\/el-precio-de-la-canasta-basica-alimentaria-aumento-36-en-junio\/","og_locale":"es_ES","og_type":"article","og_title":"El precio de la canasta b\u00e1sica alimentaria aument\u00f3 3,6 % en junio - Infoecos","og_description":"En tanto, el costo de la canasta b\u00e1sica total (CBT), que marca la l\u00ednea de situaci\u00f3n de pobreza, fue en junio de $ 66.488,33, con un aumento del 3,2 % mensual","og_url":"https:\/\/infoecos.com.ar\/index.php\/el-precio-de-la-canasta-basica-alimentaria-aumento-36-en-junio\/","og_site_name":"Infoecos","article_publisher":"https:\/\/www.facebook.com\/profile.php?id=100063200290284","article_published_time":"2021-07-23T04:46:12+00:00","article_modified_time":"2021-07-23T04:46:13+00:00","og_image":[{"width":324,"height":182,"url":"https:\/\/infoecos.com.ar\/wp-content\/uploads\/58067ad53a47f_324x182.jpg","type":"image\/jpeg"}],"author":"Jorge Matheus","twitter_card":"summary_large_image","twitter_creator":"@infoecos","twitter_site":"@infoecos","twitter_misc":{"Escrito por":"Jorge Matheus","Tiempo de lectura":"1 minuto"},"schema":{"@context":"https:\/\/schema.org","@graph":[{"@type":"Article","@id":"https:\/\/infoecos.com.ar\/index.php\/el-precio-de-la-canasta-basica-alimentaria-aumento-36-en-junio\/#article","isPartOf":{"@id":"https:\/\/infoecos.com.ar\/index.php\/el-precio-de-la-canasta-basica-alimentaria-aumento-36-en-junio\/"},"author":{"name":"Jorge Matheus","@id":"https:\/\/infoecos.com.ar\/#\/schema\/person\/8f5ace5ce73b4b4aac4b7245aee6f191"},"headline":"El precio de la canasta b\u00e1sica alimentaria aument\u00f3 3,6 % en junio","datePublished":"2021-07-23T04:46:12+00:00","dateModified":"2021-07-23T04:46:13+00:00","mainEntityOfPage":{"@id":"https:\/\/infoecos.com.ar\/index.php\/el-precio-de-la-canasta-basica-alimentaria-aumento-36-en-junio\/"},"wordCount":164,"publisher":{"@id":"https:\/\/infoecos.com.ar\/#organization"},"image":{"@id":"https:\/\/infoecos.com.ar\/index.php\/el-precio-de-la-canasta-basica-alimentaria-aumento-36-en-junio\/#primaryimage"},"thumbnailUrl":"","keywords":["LO INFORM\u00d3 EL INDEC"],"articleSection":["C3 N1"],"inLanguage":"es"},{"@type":"WebPage","@id":"https:\/\/infoecos.com.ar\/index.php\/el-precio-de-la-canasta-basica-alimentaria-aumento-36-en-junio\/","url":"https:\/\/infoecos.com.ar\/index.php\/el-precio-de-la-canasta-basica-alimentaria-aumento-36-en-junio\/","name":"El precio de la canasta b\u00e1sica alimentaria aument\u00f3 3,6 % en junio - Infoecos","isPartOf":{"@id":"https:\/\/infoecos.com.ar\/#website"},"primaryImageOfPage":{"@id":"https:\/\/infoecos.com.ar\/index.php\/el-precio-de-la-canasta-basica-alimentaria-aumento-36-en-junio\/#primaryimage"},"image":{"@id":"https:\/\/infoecos.com.ar\/index.php\/el-precio-de-la-canasta-basica-alimentaria-aumento-36-en-junio\/#primaryimage"},"thumbnailUrl":"","datePublished":"2021-07-23T04:46:12+00:00","dateModified":"2021-07-23T04:46:13+00:00","breadcrumb":{"@id":"https:\/\/infoecos.com.ar\/index.php\/el-precio-de-la-canasta-basica-alimentaria-aumento-36-en-junio\/#breadcrumb"},"inLanguage":"es","potentialAction":[{"@type":"ReadAction","target":["https:\/\/infoecos.com.ar\/index.php\/el-precio-de-la-canasta-basica-alimentaria-aumento-36-en-junio\/"]}]},{"@type":"ImageObject","inLanguage":"es","@id":"https:\/\/infoecos.com.ar\/index.php\/el-precio-de-la-canasta-basica-alimentaria-aumento-36-en-junio\/#primaryimage","url":"","contentUrl":""},{"@type":"BreadcrumbList","@id":"https:\/\/infoecos.com.ar\/index.php\/el-precio-de-la-canasta-basica-alimentaria-aumento-36-en-junio\/#breadcrumb","itemListElement":[{"@type":"ListItem","position":1,"name":"Portada","item":"https:\/\/infoecos.com.ar\/"},{"@type":"ListItem","position":2,"name":"El precio de la canasta b\u00e1sica alimentaria aument\u00f3 3,6 % en junio"}]},{"@type":"WebSite","@id":"https:\/\/infoecos.com.ar\/#website","url":"https:\/\/infoecos.com.ar\/","name":"Infoecos","description":"Noticias de trenque lauquen y la zona","publisher":{"@id":"https:\/\/infoecos.com.ar\/#organization"},"alternateName":"Noticias","potentialAction":[{"@type":"SearchAction","target":{"@type":"EntryPoint","urlTemplate":"https:\/\/infoecos.com.ar\/?s={search_term_string}"},"query-input":{"@type":"PropertyValueSpecification","valueRequired":true,"valueName":"search_term_string"}}],"inLanguage":"es"},{"@type":"Organization","@id":"https:\/\/infoecos.com.ar\/#organization","name":"Infoecos","alternateName":"Noticias","url":"https:\/\/infoecos.com.ar\/","logo":{"@type":"ImageObject","inLanguage":"es","@id":"https:\/\/infoecos.com.ar\/#\/schema\/logo\/image\/","url":"https:\/\/infoecos.com.ar\/wp-content\/uploads\/2024\/03\/cropped-logo.png","contentUrl":"https:\/\/infoecos.com.ar\/wp-content\/uploads\/2024\/03\/cropped-logo.png","width":374,"height":90,"caption":"Infoecos"},"image":{"@id":"https:\/\/infoecos.com.ar\/#\/schema\/logo\/image\/"},"sameAs":["https:\/\/www.facebook.com\/profile.php?id=100063200290284","https:\/\/x.com\/infoecos"]},{"@type":"Person","@id":"https:\/\/infoecos.com.ar\/#\/schema\/person\/8f5ace5ce73b4b4aac4b7245aee6f191","name":"Jorge Matheus","url":"https:\/\/infoecos.com.ar\/index.php\/author\/jomatheus\/"}]}},"featured_image_urls":{"full":"","thumbnail":"","medium":"","medium_large":"","large":"","1536x1536":"","2048x2048":"","covernews-slider-full":"","covernews-slider-center":"","covernews-featured":"","covernews-medium":"","covernews-medium-square":""},"author_info":{"info":["Jorge Matheus"]},"category_info":"<a href=\"https:\/\/infoecos.com.ar\/index.php\/category\/c3nota1\/\" rel=\"category tag\">C3 N1<\/a>","tag_info":"C3 N1","comment_count":"0","_links":{"self":[{"href":"https:\/\/infoecos.com.ar\/index.php\/wp-json\/wp\/v2\/posts\/81885"}],"collection":[{"href":"https:\/\/infoecos.com.ar\/index.php\/wp-json\/wp\/v2\/posts"}],"about":[{"href":"https:\/\/infoecos.com.ar\/index.php\/wp-json\/wp\/v2\/types\/post"}],"author":[{"embeddable":true,"href":"https:\/\/infoecos.com.ar\/index.php\/wp-json\/wp\/v2\/users\/2"}],"replies":[{"embeddable":true,"href":"https:\/\/infoecos.com.ar\/index.php\/wp-json\/wp\/v2\/comments?post=81885"}],"version-history":[{"count":1,"href":"https:\/\/infoecos.com.ar\/index.php\/wp-json\/wp\/v2\/posts\/81885\/revisions"}],"predecessor-version":[{"id":81886,"href":"https:\/\/infoecos.com.ar\/index.php\/wp-json\/wp\/v2\/posts\/81885\/revisions\/81886"}],"wp:featuredmedia":[{"embeddable":true,"href":"https:\/\/infoecos.com.ar\/index.php\/wp-json\/"}],"wp:attachment":[{"href":"https:\/\/infoecos.com.ar\/index.php\/wp-json\/wp\/v2\/media?parent=81885"}],"wp:term":[{"taxonomy":"category","embeddable":true,"href":"https:\/\/infoecos.com.ar\/index.php\/wp-json\/wp\/v2\/categories?post=81885"},{"taxonomy":"post_tag","embeddable":true,"href":"https:\/\/infoecos.com.ar\/index.php\/wp-json\/wp\/v2\/tags?post=81885"}],"curies":[{"name":"wp","href":"https:\/\/api.w.org\/{rel}","templated":true}]}}