{"id":81895,"date":"2021-07-23T02:25:39","date_gmt":"2021-07-23T05:25:39","guid":{"rendered":"http:\/\/infoecos.com.ar\/?p=81895"},"modified":"2021-07-26T04:13:45","modified_gmt":"2021-07-26T07:13:45","slug":"kicillof-cuando-hicimos-campana-dijimos-que-nos-ibamos-a-ocupar-del-interior","status":"publish","type":"post","link":"https:\/\/infoecos.com.ar\/index.php\/kicillof-cuando-hicimos-campana-dijimos-que-nos-ibamos-a-ocupar-del-interior\/","title":{"rendered":"Kicillof: \u00abcuando hicimos campa\u00f1a dijimos que nos \u00edbamos a ocupar del interior\u00bb"},"content":{"rendered":"\n<p>\u201cSeg\u00fan un informe del FMI, durante los 12 a\u00f1os de N\u00e9stor y Cristina se duplic\u00f3 la clase media, no solo en Argentina sino tambi\u00e9n en otros pa\u00edses de Latinoam\u00e9rica\u201d, dijo Axel Kicillof en una entrevista que concedi\u00f3 al Canal 4 de Pig\u00fc\u00e9 en el transcurso de esta semana.<\/p>\n\n\n\n<div class=\"wp-block-image is-style-default\"><figure class=\"aligncenter size-medium\"><img loading=\"lazy\" decoding=\"async\" width=\"460\" height=\"255\" src=\"http:\/\/infoecos.com.ar\/wp-content\/uploads\/2021\/07\/kicillofcanal4pigue-460x255.jpg\" alt=\"\" class=\"wp-image-81896\" srcset=\"https:\/\/infoecos.com.ar\/wp-content\/uploads\/2021\/07\/kicillofcanal4pigue-460x255.jpg 460w, https:\/\/infoecos.com.ar\/wp-content\/uploads\/2021\/07\/kicillofcanal4pigue-920x510.jpg 920w, https:\/\/infoecos.com.ar\/wp-content\/uploads\/2021\/07\/kicillofcanal4pigue-768x426.jpg 768w, https:\/\/infoecos.com.ar\/wp-content\/uploads\/2021\/07\/kicillofcanal4pigue.jpg 998w\" sizes=\"(max-width: 460px) 100vw, 460px\" \/><\/figure><\/div>\n\n\n\n<p>El mandatario provincial enumer\u00f3 las pol\u00edticas que le sirven para el crecimiento de la clase media como pueden ser \u201cel acceso al cr\u00e9dito, que no haya&nbsp;tarifazos&nbsp;porque funden pymes, y tiene que haber mercado interno.<strong>&nbsp;El profesional trabaja para la pyme, para la industria nacional, y para que haya mercado interno tiene que haber buen salario y protecci\u00f3n ante las importaciones<\/strong>\u201d.<\/p>\n\n\n\n<p>\u201cCuando hicimos campa\u00f1a dijimos que nos \u00edbamos a ocupar del interior y hoy tengo que decirles que tenemos&nbsp;<strong>planes de Caminos Rurales, Universidades nuevas, acceso a la educaci\u00f3n<\/strong>. En el interior se necesita conectividad, para que la clase media este bien, para que puedas quedarte a vivir en tu ciudad y que tengas lo mismo que tendr\u00edas en una gran ciudad\u201d, remarc\u00f3 Kicillof.<\/p>\n\n\n\n<p>En esa misma l\u00ednea, el gobernador bonaerense sostuvo&nbsp;<strong>\u201cLa clase media es hija del industrializaci\u00f3n argentina<\/strong>&nbsp;y yo s\u00e9 que a muchos de la clase media no le gusta mucho el peronsimo, pero<strong>&nbsp;cuando mira porque hay tanta clase media en la argentina tiene que ver con la industria nacional<\/strong>, con el mercado interno; y ser\u00e1n peronistas o no, ser\u00e1n radicales Yrigoyenistas, todos creemos en la desarrollo de la industria nacional\u201d.<\/p>\n\n\n\n<p>\u201cNuestro objetivo es reintegrar la provincia de Buenos Aires, y no decir, yo gobierno para el conurbano y para la industria, gobernamos para el interior, para los productores rurales y para las industrias del interior\u201d, explic\u00f3 en la entrevista period\u00edstica<a rel=\"noreferrer noopener\" href=\"https:\/\/www.facebook.com\/cooperativaelectricapigue\/videos\/323893926084068\" target=\"_blank\">.<\/a><\/p>\n\n\n\n<p><strong>Fuente: diarioderivera.com.ar<\/strong><\/p>\n\n\n\n<p><strong>Nuestra direcci\u00f3n de correo electr\u00f3nico: infoecosnoticias@gmail.com<\/strong><\/p>\n","protected":false},"excerpt":{"rendered":"<p>\u201cNuestro objetivo es reintegrar la provincia de Buenos Aires, y no decir, yo gobierno para el conurbano y para la industria, gobernamos para el interior, para los productores rurales y para las industrias del interior\u201d, explic\u00f3<\/p>\n","protected":false},"author":2,"featured_media":81896,"comment_status":"closed","ping_status":"open","sticky":false,"template":"","format":"standard","meta":{"footnotes":""},"categories":[43,198],"tags":[4361],"class_list":["post-81895","post","type-post","status-publish","format-standard","has-post-thumbnail","hentry","category-inferior4","category-c1nota5","tag-en-canal-4-de-pigue"],"yoast_head":"<!-- This site is optimized with the Yoast SEO plugin v23.4 - https:\/\/yoast.com\/wordpress\/plugins\/seo\/ -->\n<title>Kicillof: &quot;cuando hicimos campa\u00f1a dijimos que nos \u00edbamos a ocupar del interior&quot; - Infoecos<\/title>\n<meta name=\"robots\" content=\"index, follow, max-snippet:-1, max-image-preview:large, max-video-preview:-1\" \/>\n<link rel=\"canonical\" href=\"https:\/\/infoecos.com.ar\/index.php\/kicillof-cuando-hicimos-campana-dijimos-que-nos-ibamos-a-ocupar-del-interior\/\" \/>\n<meta property=\"og:locale\" content=\"es_ES\" \/>\n<meta property=\"og:type\" content=\"article\" \/>\n<meta property=\"og:title\" content=\"Kicillof: &quot;cuando hicimos campa\u00f1a dijimos que nos \u00edbamos a ocupar del interior&quot; - Infoecos\" \/>\n<meta property=\"og:description\" content=\"\u201cNuestro objetivo es reintegrar la provincia de Buenos Aires, y no decir, yo gobierno para el conurbano y para la industria, gobernamos para el interior, para los productores rurales y para las industrias del interior\u201d, explic\u00f3\" \/>\n<meta property=\"og:url\" content=\"https:\/\/infoecos.com.ar\/index.php\/kicillof-cuando-hicimos-campana-dijimos-que-nos-ibamos-a-ocupar-del-interior\/\" \/>\n<meta property=\"og:site_name\" content=\"Infoecos\" \/>\n<meta property=\"article:publisher\" content=\"https:\/\/www.facebook.com\/profile.php?id=100063200290284\" \/>\n<meta property=\"article:published_time\" content=\"2021-07-23T05:25:39+00:00\" \/>\n<meta property=\"article:modified_time\" content=\"2021-07-26T07:13:45+00:00\" \/>\n<meta property=\"og:image\" content=\"https:\/\/infoecos.com.ar\/wp-content\/uploads\/2021\/07\/kicillofcanal4pigue.jpg\" \/>\n\t<meta property=\"og:image:width\" content=\"998\" \/>\n\t<meta property=\"og:image:height\" content=\"553\" \/>\n\t<meta property=\"og:image:type\" content=\"image\/jpeg\" \/>\n<meta name=\"author\" content=\"Jorge Matheus\" \/>\n<meta name=\"twitter:card\" content=\"summary_large_image\" \/>\n<meta name=\"twitter:creator\" content=\"@infoecos\" \/>\n<meta name=\"twitter:site\" content=\"@infoecos\" \/>\n<meta name=\"twitter:label1\" content=\"Escrito por\" \/>\n\t<meta name=\"twitter:data1\" content=\"Jorge Matheus\" \/>\n\t<meta name=\"twitter:label2\" content=\"Tiempo de lectura\" \/>\n\t<meta name=\"twitter:data2\" content=\"2 minutos\" \/>\n<script type=\"application\/ld+json\" class=\"yoast-schema-graph\">{\"@context\":\"https:\/\/schema.org\",\"@graph\":[{\"@type\":\"Article\",\"@id\":\"https:\/\/infoecos.com.ar\/index.php\/kicillof-cuando-hicimos-campana-dijimos-que-nos-ibamos-a-ocupar-del-interior\/#article\",\"isPartOf\":{\"@id\":\"https:\/\/infoecos.com.ar\/index.php\/kicillof-cuando-hicimos-campana-dijimos-que-nos-ibamos-a-ocupar-del-interior\/\"},\"author\":{\"name\":\"Jorge Matheus\",\"@id\":\"https:\/\/infoecos.com.ar\/#\/schema\/person\/8f5ace5ce73b4b4aac4b7245aee6f191\"},\"headline\":\"Kicillof: \u00abcuando hicimos campa\u00f1a dijimos que nos \u00edbamos a ocupar del interior\u00bb\",\"datePublished\":\"2021-07-23T05:25:39+00:00\",\"dateModified\":\"2021-07-26T07:13:45+00:00\",\"mainEntityOfPage\":{\"@id\":\"https:\/\/infoecos.com.ar\/index.php\/kicillof-cuando-hicimos-campana-dijimos-que-nos-ibamos-a-ocupar-del-interior\/\"},\"wordCount\":333,\"publisher\":{\"@id\":\"https:\/\/infoecos.com.ar\/#organization\"},\"image\":{\"@id\":\"https:\/\/infoecos.com.ar\/index.php\/kicillof-cuando-hicimos-campana-dijimos-que-nos-ibamos-a-ocupar-del-interior\/#primaryimage\"},\"thumbnailUrl\":\"https:\/\/infoecos.com.ar\/wp-content\/uploads\/2021\/07\/kicillofcanal4pigue.jpg\",\"keywords\":[\"EN CANAL 4 DE PIG\u00dc\u00c9\"],\"articleSection\":[\"Bloque inferior - 4\",\"C1 nota 5\"],\"inLanguage\":\"es\"},{\"@type\":\"WebPage\",\"@id\":\"https:\/\/infoecos.com.ar\/index.php\/kicillof-cuando-hicimos-campana-dijimos-que-nos-ibamos-a-ocupar-del-interior\/\",\"url\":\"https:\/\/infoecos.com.ar\/index.php\/kicillof-cuando-hicimos-campana-dijimos-que-nos-ibamos-a-ocupar-del-interior\/\",\"name\":\"Kicillof: \\\"cuando hicimos campa\u00f1a dijimos que nos \u00edbamos a ocupar del interior\\\" - Infoecos\",\"isPartOf\":{\"@id\":\"https:\/\/infoecos.com.ar\/#website\"},\"primaryImageOfPage\":{\"@id\":\"https:\/\/infoecos.com.ar\/index.php\/kicillof-cuando-hicimos-campana-dijimos-que-nos-ibamos-a-ocupar-del-interior\/#primaryimage\"},\"image\":{\"@id\":\"https:\/\/infoecos.com.ar\/index.php\/kicillof-cuando-hicimos-campana-dijimos-que-nos-ibamos-a-ocupar-del-interior\/#primaryimage\"},\"thumbnailUrl\":\"https:\/\/infoecos.com.ar\/wp-content\/uploads\/2021\/07\/kicillofcanal4pigue.jpg\",\"datePublished\":\"2021-07-23T05:25:39+00:00\",\"dateModified\":\"2021-07-26T07:13:45+00:00\",\"breadcrumb\":{\"@id\":\"https:\/\/infoecos.com.ar\/index.php\/kicillof-cuando-hicimos-campana-dijimos-que-nos-ibamos-a-ocupar-del-interior\/#breadcrumb\"},\"inLanguage\":\"es\",\"potentialAction\":[{\"@type\":\"ReadAction\",\"target\":[\"https:\/\/infoecos.com.ar\/index.php\/kicillof-cuando-hicimos-campana-dijimos-que-nos-ibamos-a-ocupar-del-interior\/\"]}]},{\"@type\":\"ImageObject\",\"inLanguage\":\"es\",\"@id\":\"https:\/\/infoecos.com.ar\/index.php\/kicillof-cuando-hicimos-campana-dijimos-que-nos-ibamos-a-ocupar-del-interior\/#primaryimage\",\"url\":\"https:\/\/infoecos.com.ar\/wp-content\/uploads\/2021\/07\/kicillofcanal4pigue.jpg\",\"contentUrl\":\"https:\/\/infoecos.com.ar\/wp-content\/uploads\/2021\/07\/kicillofcanal4pigue.jpg\",\"width\":998,\"height\":553},{\"@type\":\"BreadcrumbList\",\"@id\":\"https:\/\/infoecos.com.ar\/index.php\/kicillof-cuando-hicimos-campana-dijimos-que-nos-ibamos-a-ocupar-del-interior\/#breadcrumb\",\"itemListElement\":[{\"@type\":\"ListItem\",\"position\":1,\"name\":\"Portada\",\"item\":\"https:\/\/infoecos.com.ar\/\"},{\"@type\":\"ListItem\",\"position\":2,\"name\":\"Kicillof: \u00abcuando hicimos campa\u00f1a dijimos que nos \u00edbamos a ocupar del interior\u00bb\"}]},{\"@type\":\"WebSite\",\"@id\":\"https:\/\/infoecos.com.ar\/#website\",\"url\":\"https:\/\/infoecos.com.ar\/\",\"name\":\"Infoecos\",\"description\":\"Noticias de trenque lauquen y la zona\",\"publisher\":{\"@id\":\"https:\/\/infoecos.com.ar\/#organization\"},\"alternateName\":\"Noticias\",\"potentialAction\":[{\"@type\":\"SearchAction\",\"target\":{\"@type\":\"EntryPoint\",\"urlTemplate\":\"https:\/\/infoecos.com.ar\/?s={search_term_string}\"},\"query-input\":{\"@type\":\"PropertyValueSpecification\",\"valueRequired\":true,\"valueName\":\"search_term_string\"}}],\"inLanguage\":\"es\"},{\"@type\":\"Organization\",\"@id\":\"https:\/\/infoecos.com.ar\/#organization\",\"name\":\"Infoecos\",\"alternateName\":\"Noticias\",\"url\":\"https:\/\/infoecos.com.ar\/\",\"logo\":{\"@type\":\"ImageObject\",\"inLanguage\":\"es\",\"@id\":\"https:\/\/infoecos.com.ar\/#\/schema\/logo\/image\/\",\"url\":\"https:\/\/infoecos.com.ar\/wp-content\/uploads\/2024\/03\/cropped-logo.png\",\"contentUrl\":\"https:\/\/infoecos.com.ar\/wp-content\/uploads\/2024\/03\/cropped-logo.png\",\"width\":374,\"height\":90,\"caption\":\"Infoecos\"},\"image\":{\"@id\":\"https:\/\/infoecos.com.ar\/#\/schema\/logo\/image\/\"},\"sameAs\":[\"https:\/\/www.facebook.com\/profile.php?id=100063200290284\",\"https:\/\/x.com\/infoecos\"]},{\"@type\":\"Person\",\"@id\":\"https:\/\/infoecos.com.ar\/#\/schema\/person\/8f5ace5ce73b4b4aac4b7245aee6f191\",\"name\":\"Jorge Matheus\",\"url\":\"https:\/\/infoecos.com.ar\/index.php\/author\/jomatheus\/\"}]}<\/script>\n<!-- \/ Yoast SEO plugin. -->","yoast_head_json":{"title":"Kicillof: \"cuando hicimos campa\u00f1a dijimos que nos \u00edbamos a ocupar del interior\" - Infoecos","robots":{"index":"index","follow":"follow","max-snippet":"max-snippet:-1","max-image-preview":"max-image-preview:large","max-video-preview":"max-video-preview:-1"},"canonical":"https:\/\/infoecos.com.ar\/index.php\/kicillof-cuando-hicimos-campana-dijimos-que-nos-ibamos-a-ocupar-del-interior\/","og_locale":"es_ES","og_type":"article","og_title":"Kicillof: \"cuando hicimos campa\u00f1a dijimos que nos \u00edbamos a ocupar del interior\" - Infoecos","og_description":"\u201cNuestro objetivo es reintegrar la provincia de Buenos Aires, y no decir, yo gobierno para el conurbano y para la industria, gobernamos para el interior, para los productores rurales y para las industrias del interior\u201d, explic\u00f3","og_url":"https:\/\/infoecos.com.ar\/index.php\/kicillof-cuando-hicimos-campana-dijimos-que-nos-ibamos-a-ocupar-del-interior\/","og_site_name":"Infoecos","article_publisher":"https:\/\/www.facebook.com\/profile.php?id=100063200290284","article_published_time":"2021-07-23T05:25:39+00:00","article_modified_time":"2021-07-26T07:13:45+00:00","og_image":[{"width":998,"height":553,"url":"https:\/\/infoecos.com.ar\/wp-content\/uploads\/2021\/07\/kicillofcanal4pigue.jpg","type":"image\/jpeg"}],"author":"Jorge Matheus","twitter_card":"summary_large_image","twitter_creator":"@infoecos","twitter_site":"@infoecos","twitter_misc":{"Escrito por":"Jorge Matheus","Tiempo de lectura":"2 minutos"},"schema":{"@context":"https:\/\/schema.org","@graph":[{"@type":"Article","@id":"https:\/\/infoecos.com.ar\/index.php\/kicillof-cuando-hicimos-campana-dijimos-que-nos-ibamos-a-ocupar-del-interior\/#article","isPartOf":{"@id":"https:\/\/infoecos.com.ar\/index.php\/kicillof-cuando-hicimos-campana-dijimos-que-nos-ibamos-a-ocupar-del-interior\/"},"author":{"name":"Jorge Matheus","@id":"https:\/\/infoecos.com.ar\/#\/schema\/person\/8f5ace5ce73b4b4aac4b7245aee6f191"},"headline":"Kicillof: \u00abcuando hicimos campa\u00f1a dijimos que nos \u00edbamos a ocupar del interior\u00bb","datePublished":"2021-07-23T05:25:39+00:00","dateModified":"2021-07-26T07:13:45+00:00","mainEntityOfPage":{"@id":"https:\/\/infoecos.com.ar\/index.php\/kicillof-cuando-hicimos-campana-dijimos-que-nos-ibamos-a-ocupar-del-interior\/"},"wordCount":333,"publisher":{"@id":"https:\/\/infoecos.com.ar\/#organization"},"image":{"@id":"https:\/\/infoecos.com.ar\/index.php\/kicillof-cuando-hicimos-campana-dijimos-que-nos-ibamos-a-ocupar-del-interior\/#primaryimage"},"thumbnailUrl":"https:\/\/infoecos.com.ar\/wp-content\/uploads\/2021\/07\/kicillofcanal4pigue.jpg","keywords":["EN CANAL 4 DE PIG\u00dc\u00c9"],"articleSection":["Bloque inferior - 4","C1 nota 5"],"inLanguage":"es"},{"@type":"WebPage","@id":"https:\/\/infoecos.com.ar\/index.php\/kicillof-cuando-hicimos-campana-dijimos-que-nos-ibamos-a-ocupar-del-interior\/","url":"https:\/\/infoecos.com.ar\/index.php\/kicillof-cuando-hicimos-campana-dijimos-que-nos-ibamos-a-ocupar-del-interior\/","name":"Kicillof: \"cuando hicimos campa\u00f1a dijimos que nos \u00edbamos a ocupar del interior\" - Infoecos","isPartOf":{"@id":"https:\/\/infoecos.com.ar\/#website"},"primaryImageOfPage":{"@id":"https:\/\/infoecos.com.ar\/index.php\/kicillof-cuando-hicimos-campana-dijimos-que-nos-ibamos-a-ocupar-del-interior\/#primaryimage"},"image":{"@id":"https:\/\/infoecos.com.ar\/index.php\/kicillof-cuando-hicimos-campana-dijimos-que-nos-ibamos-a-ocupar-del-interior\/#primaryimage"},"thumbnailUrl":"https:\/\/infoecos.com.ar\/wp-content\/uploads\/2021\/07\/kicillofcanal4pigue.jpg","datePublished":"2021-07-23T05:25:39+00:00","dateModified":"2021-07-26T07:13:45+00:00","breadcrumb":{"@id":"https:\/\/infoecos.com.ar\/index.php\/kicillof-cuando-hicimos-campana-dijimos-que-nos-ibamos-a-ocupar-del-interior\/#breadcrumb"},"inLanguage":"es","potentialAction":[{"@type":"ReadAction","target":["https:\/\/infoecos.com.ar\/index.php\/kicillof-cuando-hicimos-campana-dijimos-que-nos-ibamos-a-ocupar-del-interior\/"]}]},{"@type":"ImageObject","inLanguage":"es","@id":"https:\/\/infoecos.com.ar\/index.php\/kicillof-cuando-hicimos-campana-dijimos-que-nos-ibamos-a-ocupar-del-interior\/#primaryimage","url":"https:\/\/infoecos.com.ar\/wp-content\/uploads\/2021\/07\/kicillofcanal4pigue.jpg","contentUrl":"https:\/\/infoecos.com.ar\/wp-content\/uploads\/2021\/07\/kicillofcanal4pigue.jpg","width":998,"height":553},{"@type":"BreadcrumbList","@id":"https:\/\/infoecos.com.ar\/index.php\/kicillof-cuando-hicimos-campana-dijimos-que-nos-ibamos-a-ocupar-del-interior\/#breadcrumb","itemListElement":[{"@type":"ListItem","position":1,"name":"Portada","item":"https:\/\/infoecos.com.ar\/"},{"@type":"ListItem","position":2,"name":"Kicillof: \u00abcuando hicimos campa\u00f1a dijimos que nos \u00edbamos a ocupar del interior\u00bb"}]},{"@type":"WebSite","@id":"https:\/\/infoecos.com.ar\/#website","url":"https:\/\/infoecos.com.ar\/","name":"Infoecos","description":"Noticias de trenque lauquen y la zona","publisher":{"@id":"https:\/\/infoecos.com.ar\/#organization"},"alternateName":"Noticias","potentialAction":[{"@type":"SearchAction","target":{"@type":"EntryPoint","urlTemplate":"https:\/\/infoecos.com.ar\/?s={search_term_string}"},"query-input":{"@type":"PropertyValueSpecification","valueRequired":true,"valueName":"search_term_string"}}],"inLanguage":"es"},{"@type":"Organization","@id":"https:\/\/infoecos.com.ar\/#organization","name":"Infoecos","alternateName":"Noticias","url":"https:\/\/infoecos.com.ar\/","logo":{"@type":"ImageObject","inLanguage":"es","@id":"https:\/\/infoecos.com.ar\/#\/schema\/logo\/image\/","url":"https:\/\/infoecos.com.ar\/wp-content\/uploads\/2024\/03\/cropped-logo.png","contentUrl":"https:\/\/infoecos.com.ar\/wp-content\/uploads\/2024\/03\/cropped-logo.png","width":374,"height":90,"caption":"Infoecos"},"image":{"@id":"https:\/\/infoecos.com.ar\/#\/schema\/logo\/image\/"},"sameAs":["https:\/\/www.facebook.com\/profile.php?id=100063200290284","https:\/\/x.com\/infoecos"]},{"@type":"Person","@id":"https:\/\/infoecos.com.ar\/#\/schema\/person\/8f5ace5ce73b4b4aac4b7245aee6f191","name":"Jorge Matheus","url":"https:\/\/infoecos.com.ar\/index.php\/author\/jomatheus\/"}]}},"featured_image_urls":{"full":["https:\/\/infoecos.com.ar\/wp-content\/uploads\/2021\/07\/kicillofcanal4pigue.jpg",998,553,false],"thumbnail":["https:\/\/infoecos.com.ar\/wp-content\/uploads\/2021\/07\/kicillofcanal4pigue-150x150.jpg",150,150,true],"medium":["https:\/\/infoecos.com.ar\/wp-content\/uploads\/2021\/07\/kicillofcanal4pigue-460x255.jpg",460,255,true],"medium_large":["https:\/\/infoecos.com.ar\/wp-content\/uploads\/2021\/07\/kicillofcanal4pigue-768x426.jpg",640,355,true],"large":["https:\/\/infoecos.com.ar\/wp-content\/uploads\/2021\/07\/kicillofcanal4pigue-920x510.jpg",640,355,true],"1536x1536":["https:\/\/infoecos.com.ar\/wp-content\/uploads\/2021\/07\/kicillofcanal4pigue.jpg",998,553,false],"2048x2048":["https:\/\/infoecos.com.ar\/wp-content\/uploads\/2021\/07\/kicillofcanal4pigue.jpg",998,553,false],"covernews-slider-full":["https:\/\/infoecos.com.ar\/wp-content\/uploads\/2021\/07\/kicillofcanal4pigue.jpg",998,553,false],"covernews-slider-center":["https:\/\/infoecos.com.ar\/wp-content\/uploads\/2021\/07\/kicillofcanal4pigue-936x553.jpg",800,473,true],"covernews-featured":["https:\/\/infoecos.com.ar\/wp-content\/uploads\/2021\/07\/kicillofcanal4pigue.jpg",998,553,false],"covernews-medium":["https:\/\/infoecos.com.ar\/wp-content\/uploads\/2021\/07\/kicillofcanal4pigue-720x380.jpg",540,285,true],"covernews-medium-square":["https:\/\/infoecos.com.ar\/wp-content\/uploads\/2021\/07\/kicillofcanal4pigue-675x450.jpg",375,250,true]},"author_info":{"info":["Jorge Matheus"]},"category_info":"<a href=\"https:\/\/infoecos.com.ar\/index.php\/category\/inferior4\/\" rel=\"category tag\">Bloque inferior - 4<\/a> <a href=\"https:\/\/infoecos.com.ar\/index.php\/category\/c1nota5\/\" rel=\"category tag\">C1 nota 5<\/a>","tag_info":"C1 nota 5","comment_count":"0","_links":{"self":[{"href":"https:\/\/infoecos.com.ar\/index.php\/wp-json\/wp\/v2\/posts\/81895"}],"collection":[{"href":"https:\/\/infoecos.com.ar\/index.php\/wp-json\/wp\/v2\/posts"}],"about":[{"href":"https:\/\/infoecos.com.ar\/index.php\/wp-json\/wp\/v2\/types\/post"}],"author":[{"embeddable":true,"href":"https:\/\/infoecos.com.ar\/index.php\/wp-json\/wp\/v2\/users\/2"}],"replies":[{"embeddable":true,"href":"https:\/\/infoecos.com.ar\/index.php\/wp-json\/wp\/v2\/comments?post=81895"}],"version-history":[{"count":2,"href":"https:\/\/infoecos.com.ar\/index.php\/wp-json\/wp\/v2\/posts\/81895\/revisions"}],"predecessor-version":[{"id":82063,"href":"https:\/\/infoecos.com.ar\/index.php\/wp-json\/wp\/v2\/posts\/81895\/revisions\/82063"}],"wp:featuredmedia":[{"embeddable":true,"href":"https:\/\/infoecos.com.ar\/index.php\/wp-json\/wp\/v2\/media\/81896"}],"wp:attachment":[{"href":"https:\/\/infoecos.com.ar\/index.php\/wp-json\/wp\/v2\/media?parent=81895"}],"wp:term":[{"taxonomy":"category","embeddable":true,"href":"https:\/\/infoecos.com.ar\/index.php\/wp-json\/wp\/v2\/categories?post=81895"},{"taxonomy":"post_tag","embeddable":true,"href":"https:\/\/infoecos.com.ar\/index.php\/wp-json\/wp\/v2\/tags?post=81895"}],"curies":[{"name":"wp","href":"https:\/\/api.w.org\/{rel}","templated":true}]}}