{"id":81900,"date":"2021-07-23T02:41:41","date_gmt":"2021-07-23T05:41:41","guid":{"rendered":"http:\/\/infoecos.com.ar\/?p=81900"},"modified":"2021-07-23T02:41:41","modified_gmt":"2021-07-23T05:41:41","slug":"el-presidente-visito-un-vacunatorio-en-florencio-varela","status":"publish","type":"post","link":"https:\/\/infoecos.com.ar\/index.php\/el-presidente-visito-un-vacunatorio-en-florencio-varela\/","title":{"rendered":"El Presidente visit\u00f3 un vacunatorio en Florencio Varela"},"content":{"rendered":"\n<p class=\"wp-block-paragraph\">El presidente Alberto Fern\u00e1ndez visit\u00f3 ayer una posta de vacunaci\u00f3n contra el Covid-19 que funciona en el predio de la Universidad Nacional Arturo Jauretche, con sede en Avenida Calchaqu\u00ed al 6200, en el partido bonaerense de Florencio Varela.<\/p>\n\n\n\n<div class=\"wp-block-image is-style-default\"><figure class=\"aligncenter size-medium\"><img loading=\"lazy\" decoding=\"async\" width=\"460\" height=\"307\" src=\"http:\/\/infoecos.com.ar\/wp-content\/uploads\/2021\/07\/fernandezkicienflovarela-460x307.jpg\" alt=\"\" class=\"wp-image-81901\" srcset=\"https:\/\/infoecos.com.ar\/wp-content\/uploads\/2021\/07\/fernandezkicienflovarela-460x307.jpg 460w, https:\/\/infoecos.com.ar\/wp-content\/uploads\/2021\/07\/fernandezkicienflovarela-920x614.jpg 920w, https:\/\/infoecos.com.ar\/wp-content\/uploads\/2021\/07\/fernandezkicienflovarela-768x512.jpg 768w, https:\/\/infoecos.com.ar\/wp-content\/uploads\/2021\/07\/fernandezkicienflovarela-1024x683.jpg 1024w, https:\/\/infoecos.com.ar\/wp-content\/uploads\/2021\/07\/fernandezkicienflovarela-675x450.jpg 675w, https:\/\/infoecos.com.ar\/wp-content\/uploads\/2021\/07\/fernandezkicienflovarela.jpg 1280w\" sizes=\"auto, (max-width: 460px) 100vw, 460px\" \/><\/figure><\/div>\n\n\n\n<p class=\"wp-block-paragraph\">La recorrida la realiz\u00f3 luego de que la Argentina alcanzara a cubrir el 50,41 por ciento de la poblaci\u00f3n total con al menos una dosis y el d\u00eda en que el pa\u00eds contabiliz\u00f3 la recepci\u00f3n de 40.713.430 vacunas contra el Covid-19.<\/p>\n\n\n\n<p class=\"wp-block-paragraph\">El Presidente fue a la posta de vacunaci\u00f3n acompa\u00f1ado por el gobernador Axel Kicillof y el intendente local, Andr\u00e9s Watson, en el marco del acto de entrega de becas estrat\u00e9gicas Manuel Belgrano, destinadas a estudiantes de universidades nacionales y provinciales, que se realiz\u00f3 en esa casa de altos estudios.<\/p>\n","protected":false},"excerpt":{"rendered":"<p>El Presidente fue a la posta de vacunaci\u00f3n acompa\u00f1ado por el gobernador Axel Kicillof y el intendente local, Andr\u00e9s Watson<\/p>\n","protected":false},"author":2,"featured_media":81901,"comment_status":"closed","ping_status":"open","sticky":false,"template":"","format":"standard","meta":{"footnotes":""},"categories":[1323],"tags":[4362],"class_list":["post-81900","post","type-post","status-publish","format-standard","has-post-thumbnail","hentry","category-c2nota5","tag-argentina-ya-recibio-40-millones-de-dosis"],"featured_image_urls":{"full":["https:\/\/infoecos.com.ar\/wp-content\/uploads\/2021\/07\/fernandezkicienflovarela.jpg",1280,854,false],"thumbnail":["https:\/\/infoecos.com.ar\/wp-content\/uploads\/2021\/07\/fernandezkicienflovarela-150x150.jpg",150,150,true],"medium":["https:\/\/infoecos.com.ar\/wp-content\/uploads\/2021\/07\/fernandezkicienflovarela-460x307.jpg",460,307,true],"medium_large":["https:\/\/infoecos.com.ar\/wp-content\/uploads\/2021\/07\/fernandezkicienflovarela-768x512.jpg",640,427,true],"large":["https:\/\/infoecos.com.ar\/wp-content\/uploads\/2021\/07\/fernandezkicienflovarela-920x614.jpg",640,427,true],"1536x1536":["https:\/\/infoecos.com.ar\/wp-content\/uploads\/2021\/07\/fernandezkicienflovarela.jpg",1280,854,false],"2048x2048":["https:\/\/infoecos.com.ar\/wp-content\/uploads\/2021\/07\/fernandezkicienflovarela.jpg",1280,854,false],"covernews-slider-full":["https:\/\/infoecos.com.ar\/wp-content\/uploads\/2021\/07\/fernandezkicienflovarela.jpg",1072,715,false],"covernews-slider-center":["https:\/\/infoecos.com.ar\/wp-content\/uploads\/2021\/07\/fernandezkicienflovarela-936x854.jpg",548,500,true],"covernews-featured":["https:\/\/infoecos.com.ar\/wp-content\/uploads\/2021\/07\/fernandezkicienflovarela-1024x683.jpg",1024,683,true],"covernews-medium":["https:\/\/infoecos.com.ar\/wp-content\/uploads\/2021\/07\/fernandezkicienflovarela-720x380.jpg",540,285,true],"covernews-medium-square":["https:\/\/infoecos.com.ar\/wp-content\/uploads\/2021\/07\/fernandezkicienflovarela-675x450.jpg",375,250,true]},"author_info":{"info":["Jorge Matheus"]},"category_info":"<a href=\"https:\/\/infoecos.com.ar\/index.php\/category\/c2nota5\/\" rel=\"category tag\">C2 N5<\/a>","tag_info":"C2 N5","comment_count":"0","_links":{"self":[{"href":"https:\/\/infoecos.com.ar\/index.php\/wp-json\/wp\/v2\/posts\/81900","targetHints":{"allow":["GET"]}}],"collection":[{"href":"https:\/\/infoecos.com.ar\/index.php\/wp-json\/wp\/v2\/posts"}],"about":[{"href":"https:\/\/infoecos.com.ar\/index.php\/wp-json\/wp\/v2\/types\/post"}],"author":[{"embeddable":true,"href":"https:\/\/infoecos.com.ar\/index.php\/wp-json\/wp\/v2\/users\/2"}],"replies":[{"embeddable":true,"href":"https:\/\/infoecos.com.ar\/index.php\/wp-json\/wp\/v2\/comments?post=81900"}],"version-history":[{"count":1,"href":"https:\/\/infoecos.com.ar\/index.php\/wp-json\/wp\/v2\/posts\/81900\/revisions"}],"predecessor-version":[{"id":81902,"href":"https:\/\/infoecos.com.ar\/index.php\/wp-json\/wp\/v2\/posts\/81900\/revisions\/81902"}],"wp:featuredmedia":[{"embeddable":true,"href":"https:\/\/infoecos.com.ar\/index.php\/wp-json\/wp\/v2\/media\/81901"}],"wp:attachment":[{"href":"https:\/\/infoecos.com.ar\/index.php\/wp-json\/wp\/v2\/media?parent=81900"}],"wp:term":[{"taxonomy":"category","embeddable":true,"href":"https:\/\/infoecos.com.ar\/index.php\/wp-json\/wp\/v2\/categories?post=81900"},{"taxonomy":"post_tag","embeddable":true,"href":"https:\/\/infoecos.com.ar\/index.php\/wp-json\/wp\/v2\/tags?post=81900"}],"curies":[{"name":"wp","href":"https:\/\/api.w.org\/{rel}","templated":true}]}}