{"id":81918,"date":"2021-07-23T03:53:23","date_gmt":"2021-07-23T06:53:23","guid":{"rendered":"http:\/\/infoecos.com.ar\/?p=81918"},"modified":"2021-07-24T04:36:44","modified_gmt":"2021-07-24T07:36:44","slug":"ya-esta-definida-la-lista-completa-de-candidatos-a-concejales-por-rivadavia-primero","status":"publish","type":"post","link":"https:\/\/infoecos.com.ar\/index.php\/ya-esta-definida-la-lista-completa-de-candidatos-a-concejales-por-rivadavia-primero\/","title":{"rendered":"Ya est\u00e1 definida la lista completa de candidatos a concejales por Rivadavia Primero"},"content":{"rendered":"\n<p>Rivadavia Primero defini\u00f3 en una asamblea la lista completa de candidatos a concejales para las pr\u00f3ximas elecciones. Encabezar\u00e1 la lista Mar\u00eda Carmona, ganadora de la grilla de Am\u00e9rica; la sigue Guido Inza, en representaci\u00f3n de Gonz\u00e1lez Moreno; en tercer lugar ir\u00e1 Magal\u00ed P\u00e9rez, segunda en la grilla de la ciudad cabecera; y en cuarto lugar ir\u00e1 Fabio Aurnague, ganador de la grilla de Fort\u00edn Olavarr\u00eda.<\/p>\n\n\n\n<div class=\"wp-block-image is-style-default\"><figure class=\"aligncenter size-medium\"><img loading=\"lazy\" decoding=\"async\" width=\"460\" height=\"240\" src=\"http:\/\/infoecos.com.ar\/wp-content\/uploads\/2021\/07\/rivadaviaprimero-1-460x240.jpg\" alt=\"\" class=\"wp-image-81919\" srcset=\"https:\/\/infoecos.com.ar\/wp-content\/uploads\/2021\/07\/rivadaviaprimero-1-460x240.jpg 460w, https:\/\/infoecos.com.ar\/wp-content\/uploads\/2021\/07\/rivadaviaprimero-1-768x400.jpg 768w, https:\/\/infoecos.com.ar\/wp-content\/uploads\/2021\/07\/rivadaviaprimero-1.jpg 787w\" sizes=\"(max-width: 460px) 100vw, 460px\" \/><\/figure><\/div>\n\n\n\n<p>En la Asamblea se escucharon las propuestas de referentes partidarios de las localidades quienes pidieron los lugares para sus presentantes. El intendente, Javier Reynoso, valor\u00f3 la generosidad de Leonardo Paterno quien sali\u00f3 tercero en la grilla de Am\u00e9rica.<\/p>\n\n\n\n<p>Paterno podr\u00eda haber ido segundo o cuarto e ir\u00e1 sexto para lograr una boleta m\u00e1s \u201cfederal\u201d, como se mencion\u00f3 en varias oportunidades. Lo mismo ocurri\u00f3 con V\u00edctor Lo Bianco, que cedi\u00f3 el segundo lugar de consejero titular para que vaya Esteban \u00c1lvarez, representante de Sansinena.<\/p>\n\n\n\n<p><strong>Fuente: tiempodeloeste.com<\/strong><\/p>\n\n\n\n<p><strong>Nuestro correo electr\u00f3nico: infoecosnoticias@gmail.com<\/strong><\/p>\n","protected":false},"excerpt":{"rendered":"<p>Encabezar\u00e1 la lista Mar\u00eda Carmona, ganadora de la grilla de Am\u00e9rica; la sigue Guido Inza, en representaci\u00f3n de Gonz\u00e1lez Moreno; en tercer lugar ir\u00e1 Magal\u00ed P\u00e9rez<\/p>\n","protected":false},"author":2,"featured_media":81919,"comment_status":"closed","ping_status":"open","sticky":false,"template":"","format":"standard","meta":{"footnotes":""},"categories":[50],"tags":[4366],"class_list":["post-81918","post","type-post","status-publish","format-standard","has-post-thumbnail","hentry","category-c1nota4","tag-camino-a-las-paso"],"yoast_head":"<!-- This site is optimized with the Yoast SEO plugin v23.4 - https:\/\/yoast.com\/wordpress\/plugins\/seo\/ -->\n<title>Ya est\u00e1 definida la lista completa de candidatos a concejales por Rivadavia Primero - Infoecos<\/title>\n<meta name=\"robots\" content=\"index, follow, max-snippet:-1, max-image-preview:large, max-video-preview:-1\" \/>\n<link rel=\"canonical\" href=\"https:\/\/infoecos.com.ar\/index.php\/ya-esta-definida-la-lista-completa-de-candidatos-a-concejales-por-rivadavia-primero\/\" \/>\n<meta property=\"og:locale\" content=\"es_ES\" \/>\n<meta property=\"og:type\" content=\"article\" \/>\n<meta property=\"og:title\" content=\"Ya est\u00e1 definida la lista completa de candidatos a concejales por Rivadavia Primero - Infoecos\" \/>\n<meta property=\"og:description\" content=\"Encabezar\u00e1 la lista Mar\u00eda Carmona, ganadora de la grilla de Am\u00e9rica; la sigue Guido Inza, en representaci\u00f3n de Gonz\u00e1lez Moreno; en tercer lugar ir\u00e1 Magal\u00ed P\u00e9rez\" \/>\n<meta property=\"og:url\" content=\"https:\/\/infoecos.com.ar\/index.php\/ya-esta-definida-la-lista-completa-de-candidatos-a-concejales-por-rivadavia-primero\/\" \/>\n<meta property=\"og:site_name\" content=\"Infoecos\" \/>\n<meta property=\"article:publisher\" content=\"https:\/\/www.facebook.com\/profile.php?id=100063200290284\" \/>\n<meta property=\"article:published_time\" content=\"2021-07-23T06:53:23+00:00\" \/>\n<meta property=\"article:modified_time\" content=\"2021-07-24T07:36:44+00:00\" \/>\n<meta property=\"og:image\" content=\"https:\/\/infoecos.com.ar\/wp-content\/uploads\/2021\/07\/rivadaviaprimero-1.jpg\" \/>\n\t<meta property=\"og:image:width\" content=\"787\" \/>\n\t<meta property=\"og:image:height\" content=\"410\" \/>\n\t<meta property=\"og:image:type\" content=\"image\/jpeg\" \/>\n<meta name=\"author\" content=\"Jorge Matheus\" \/>\n<meta name=\"twitter:card\" content=\"summary_large_image\" \/>\n<meta name=\"twitter:creator\" content=\"@infoecos\" \/>\n<meta name=\"twitter:site\" content=\"@infoecos\" \/>\n<meta name=\"twitter:label1\" content=\"Escrito por\" \/>\n\t<meta name=\"twitter:data1\" content=\"Jorge Matheus\" \/>\n\t<meta name=\"twitter:label2\" content=\"Tiempo de lectura\" \/>\n\t<meta name=\"twitter:data2\" content=\"1 minuto\" \/>\n<script type=\"application\/ld+json\" class=\"yoast-schema-graph\">{\"@context\":\"https:\/\/schema.org\",\"@graph\":[{\"@type\":\"Article\",\"@id\":\"https:\/\/infoecos.com.ar\/index.php\/ya-esta-definida-la-lista-completa-de-candidatos-a-concejales-por-rivadavia-primero\/#article\",\"isPartOf\":{\"@id\":\"https:\/\/infoecos.com.ar\/index.php\/ya-esta-definida-la-lista-completa-de-candidatos-a-concejales-por-rivadavia-primero\/\"},\"author\":{\"name\":\"Jorge Matheus\",\"@id\":\"https:\/\/infoecos.com.ar\/#\/schema\/person\/8f5ace5ce73b4b4aac4b7245aee6f191\"},\"headline\":\"Ya est\u00e1 definida la lista completa de candidatos a concejales por Rivadavia Primero\",\"datePublished\":\"2021-07-23T06:53:23+00:00\",\"dateModified\":\"2021-07-24T07:36:44+00:00\",\"mainEntityOfPage\":{\"@id\":\"https:\/\/infoecos.com.ar\/index.php\/ya-esta-definida-la-lista-completa-de-candidatos-a-concejales-por-rivadavia-primero\/\"},\"wordCount\":183,\"publisher\":{\"@id\":\"https:\/\/infoecos.com.ar\/#organization\"},\"image\":{\"@id\":\"https:\/\/infoecos.com.ar\/index.php\/ya-esta-definida-la-lista-completa-de-candidatos-a-concejales-por-rivadavia-primero\/#primaryimage\"},\"thumbnailUrl\":\"https:\/\/infoecos.com.ar\/wp-content\/uploads\/2021\/07\/rivadaviaprimero-1.jpg\",\"keywords\":[\"camino a las PASO\"],\"articleSection\":[\"C1 N4\"],\"inLanguage\":\"es\"},{\"@type\":\"WebPage\",\"@id\":\"https:\/\/infoecos.com.ar\/index.php\/ya-esta-definida-la-lista-completa-de-candidatos-a-concejales-por-rivadavia-primero\/\",\"url\":\"https:\/\/infoecos.com.ar\/index.php\/ya-esta-definida-la-lista-completa-de-candidatos-a-concejales-por-rivadavia-primero\/\",\"name\":\"Ya est\u00e1 definida la lista completa de candidatos a concejales por Rivadavia Primero - Infoecos\",\"isPartOf\":{\"@id\":\"https:\/\/infoecos.com.ar\/#website\"},\"primaryImageOfPage\":{\"@id\":\"https:\/\/infoecos.com.ar\/index.php\/ya-esta-definida-la-lista-completa-de-candidatos-a-concejales-por-rivadavia-primero\/#primaryimage\"},\"image\":{\"@id\":\"https:\/\/infoecos.com.ar\/index.php\/ya-esta-definida-la-lista-completa-de-candidatos-a-concejales-por-rivadavia-primero\/#primaryimage\"},\"thumbnailUrl\":\"https:\/\/infoecos.com.ar\/wp-content\/uploads\/2021\/07\/rivadaviaprimero-1.jpg\",\"datePublished\":\"2021-07-23T06:53:23+00:00\",\"dateModified\":\"2021-07-24T07:36:44+00:00\",\"breadcrumb\":{\"@id\":\"https:\/\/infoecos.com.ar\/index.php\/ya-esta-definida-la-lista-completa-de-candidatos-a-concejales-por-rivadavia-primero\/#breadcrumb\"},\"inLanguage\":\"es\",\"potentialAction\":[{\"@type\":\"ReadAction\",\"target\":[\"https:\/\/infoecos.com.ar\/index.php\/ya-esta-definida-la-lista-completa-de-candidatos-a-concejales-por-rivadavia-primero\/\"]}]},{\"@type\":\"ImageObject\",\"inLanguage\":\"es\",\"@id\":\"https:\/\/infoecos.com.ar\/index.php\/ya-esta-definida-la-lista-completa-de-candidatos-a-concejales-por-rivadavia-primero\/#primaryimage\",\"url\":\"https:\/\/infoecos.com.ar\/wp-content\/uploads\/2021\/07\/rivadaviaprimero-1.jpg\",\"contentUrl\":\"https:\/\/infoecos.com.ar\/wp-content\/uploads\/2021\/07\/rivadaviaprimero-1.jpg\",\"width\":787,\"height\":410},{\"@type\":\"BreadcrumbList\",\"@id\":\"https:\/\/infoecos.com.ar\/index.php\/ya-esta-definida-la-lista-completa-de-candidatos-a-concejales-por-rivadavia-primero\/#breadcrumb\",\"itemListElement\":[{\"@type\":\"ListItem\",\"position\":1,\"name\":\"Portada\",\"item\":\"https:\/\/infoecos.com.ar\/\"},{\"@type\":\"ListItem\",\"position\":2,\"name\":\"Ya est\u00e1 definida la lista completa de candidatos a concejales por Rivadavia Primero\"}]},{\"@type\":\"WebSite\",\"@id\":\"https:\/\/infoecos.com.ar\/#website\",\"url\":\"https:\/\/infoecos.com.ar\/\",\"name\":\"Infoecos\",\"description\":\"Noticias de trenque lauquen y la zona\",\"publisher\":{\"@id\":\"https:\/\/infoecos.com.ar\/#organization\"},\"alternateName\":\"Noticias\",\"potentialAction\":[{\"@type\":\"SearchAction\",\"target\":{\"@type\":\"EntryPoint\",\"urlTemplate\":\"https:\/\/infoecos.com.ar\/?s={search_term_string}\"},\"query-input\":{\"@type\":\"PropertyValueSpecification\",\"valueRequired\":true,\"valueName\":\"search_term_string\"}}],\"inLanguage\":\"es\"},{\"@type\":\"Organization\",\"@id\":\"https:\/\/infoecos.com.ar\/#organization\",\"name\":\"Infoecos\",\"alternateName\":\"Noticias\",\"url\":\"https:\/\/infoecos.com.ar\/\",\"logo\":{\"@type\":\"ImageObject\",\"inLanguage\":\"es\",\"@id\":\"https:\/\/infoecos.com.ar\/#\/schema\/logo\/image\/\",\"url\":\"https:\/\/infoecos.com.ar\/wp-content\/uploads\/2024\/03\/cropped-logo.png\",\"contentUrl\":\"https:\/\/infoecos.com.ar\/wp-content\/uploads\/2024\/03\/cropped-logo.png\",\"width\":374,\"height\":90,\"caption\":\"Infoecos\"},\"image\":{\"@id\":\"https:\/\/infoecos.com.ar\/#\/schema\/logo\/image\/\"},\"sameAs\":[\"https:\/\/www.facebook.com\/profile.php?id=100063200290284\",\"https:\/\/x.com\/infoecos\"]},{\"@type\":\"Person\",\"@id\":\"https:\/\/infoecos.com.ar\/#\/schema\/person\/8f5ace5ce73b4b4aac4b7245aee6f191\",\"name\":\"Jorge Matheus\",\"url\":\"https:\/\/infoecos.com.ar\/index.php\/author\/jomatheus\/\"}]}<\/script>\n<!-- \/ Yoast SEO plugin. -->","yoast_head_json":{"title":"Ya est\u00e1 definida la lista completa de candidatos a concejales por Rivadavia Primero - Infoecos","robots":{"index":"index","follow":"follow","max-snippet":"max-snippet:-1","max-image-preview":"max-image-preview:large","max-video-preview":"max-video-preview:-1"},"canonical":"https:\/\/infoecos.com.ar\/index.php\/ya-esta-definida-la-lista-completa-de-candidatos-a-concejales-por-rivadavia-primero\/","og_locale":"es_ES","og_type":"article","og_title":"Ya est\u00e1 definida la lista completa de candidatos a concejales por Rivadavia Primero - Infoecos","og_description":"Encabezar\u00e1 la lista Mar\u00eda Carmona, ganadora de la grilla de Am\u00e9rica; la sigue Guido Inza, en representaci\u00f3n de Gonz\u00e1lez Moreno; en tercer lugar ir\u00e1 Magal\u00ed P\u00e9rez","og_url":"https:\/\/infoecos.com.ar\/index.php\/ya-esta-definida-la-lista-completa-de-candidatos-a-concejales-por-rivadavia-primero\/","og_site_name":"Infoecos","article_publisher":"https:\/\/www.facebook.com\/profile.php?id=100063200290284","article_published_time":"2021-07-23T06:53:23+00:00","article_modified_time":"2021-07-24T07:36:44+00:00","og_image":[{"width":787,"height":410,"url":"https:\/\/infoecos.com.ar\/wp-content\/uploads\/2021\/07\/rivadaviaprimero-1.jpg","type":"image\/jpeg"}],"author":"Jorge Matheus","twitter_card":"summary_large_image","twitter_creator":"@infoecos","twitter_site":"@infoecos","twitter_misc":{"Escrito por":"Jorge Matheus","Tiempo de lectura":"1 minuto"},"schema":{"@context":"https:\/\/schema.org","@graph":[{"@type":"Article","@id":"https:\/\/infoecos.com.ar\/index.php\/ya-esta-definida-la-lista-completa-de-candidatos-a-concejales-por-rivadavia-primero\/#article","isPartOf":{"@id":"https:\/\/infoecos.com.ar\/index.php\/ya-esta-definida-la-lista-completa-de-candidatos-a-concejales-por-rivadavia-primero\/"},"author":{"name":"Jorge Matheus","@id":"https:\/\/infoecos.com.ar\/#\/schema\/person\/8f5ace5ce73b4b4aac4b7245aee6f191"},"headline":"Ya est\u00e1 definida la lista completa de candidatos a concejales por Rivadavia Primero","datePublished":"2021-07-23T06:53:23+00:00","dateModified":"2021-07-24T07:36:44+00:00","mainEntityOfPage":{"@id":"https:\/\/infoecos.com.ar\/index.php\/ya-esta-definida-la-lista-completa-de-candidatos-a-concejales-por-rivadavia-primero\/"},"wordCount":183,"publisher":{"@id":"https:\/\/infoecos.com.ar\/#organization"},"image":{"@id":"https:\/\/infoecos.com.ar\/index.php\/ya-esta-definida-la-lista-completa-de-candidatos-a-concejales-por-rivadavia-primero\/#primaryimage"},"thumbnailUrl":"https:\/\/infoecos.com.ar\/wp-content\/uploads\/2021\/07\/rivadaviaprimero-1.jpg","keywords":["camino a las PASO"],"articleSection":["C1 N4"],"inLanguage":"es"},{"@type":"WebPage","@id":"https:\/\/infoecos.com.ar\/index.php\/ya-esta-definida-la-lista-completa-de-candidatos-a-concejales-por-rivadavia-primero\/","url":"https:\/\/infoecos.com.ar\/index.php\/ya-esta-definida-la-lista-completa-de-candidatos-a-concejales-por-rivadavia-primero\/","name":"Ya est\u00e1 definida la lista completa de candidatos a concejales por Rivadavia Primero - Infoecos","isPartOf":{"@id":"https:\/\/infoecos.com.ar\/#website"},"primaryImageOfPage":{"@id":"https:\/\/infoecos.com.ar\/index.php\/ya-esta-definida-la-lista-completa-de-candidatos-a-concejales-por-rivadavia-primero\/#primaryimage"},"image":{"@id":"https:\/\/infoecos.com.ar\/index.php\/ya-esta-definida-la-lista-completa-de-candidatos-a-concejales-por-rivadavia-primero\/#primaryimage"},"thumbnailUrl":"https:\/\/infoecos.com.ar\/wp-content\/uploads\/2021\/07\/rivadaviaprimero-1.jpg","datePublished":"2021-07-23T06:53:23+00:00","dateModified":"2021-07-24T07:36:44+00:00","breadcrumb":{"@id":"https:\/\/infoecos.com.ar\/index.php\/ya-esta-definida-la-lista-completa-de-candidatos-a-concejales-por-rivadavia-primero\/#breadcrumb"},"inLanguage":"es","potentialAction":[{"@type":"ReadAction","target":["https:\/\/infoecos.com.ar\/index.php\/ya-esta-definida-la-lista-completa-de-candidatos-a-concejales-por-rivadavia-primero\/"]}]},{"@type":"ImageObject","inLanguage":"es","@id":"https:\/\/infoecos.com.ar\/index.php\/ya-esta-definida-la-lista-completa-de-candidatos-a-concejales-por-rivadavia-primero\/#primaryimage","url":"https:\/\/infoecos.com.ar\/wp-content\/uploads\/2021\/07\/rivadaviaprimero-1.jpg","contentUrl":"https:\/\/infoecos.com.ar\/wp-content\/uploads\/2021\/07\/rivadaviaprimero-1.jpg","width":787,"height":410},{"@type":"BreadcrumbList","@id":"https:\/\/infoecos.com.ar\/index.php\/ya-esta-definida-la-lista-completa-de-candidatos-a-concejales-por-rivadavia-primero\/#breadcrumb","itemListElement":[{"@type":"ListItem","position":1,"name":"Portada","item":"https:\/\/infoecos.com.ar\/"},{"@type":"ListItem","position":2,"name":"Ya est\u00e1 definida la lista completa de candidatos a concejales por Rivadavia Primero"}]},{"@type":"WebSite","@id":"https:\/\/infoecos.com.ar\/#website","url":"https:\/\/infoecos.com.ar\/","name":"Infoecos","description":"Noticias de trenque lauquen y la zona","publisher":{"@id":"https:\/\/infoecos.com.ar\/#organization"},"alternateName":"Noticias","potentialAction":[{"@type":"SearchAction","target":{"@type":"EntryPoint","urlTemplate":"https:\/\/infoecos.com.ar\/?s={search_term_string}"},"query-input":{"@type":"PropertyValueSpecification","valueRequired":true,"valueName":"search_term_string"}}],"inLanguage":"es"},{"@type":"Organization","@id":"https:\/\/infoecos.com.ar\/#organization","name":"Infoecos","alternateName":"Noticias","url":"https:\/\/infoecos.com.ar\/","logo":{"@type":"ImageObject","inLanguage":"es","@id":"https:\/\/infoecos.com.ar\/#\/schema\/logo\/image\/","url":"https:\/\/infoecos.com.ar\/wp-content\/uploads\/2024\/03\/cropped-logo.png","contentUrl":"https:\/\/infoecos.com.ar\/wp-content\/uploads\/2024\/03\/cropped-logo.png","width":374,"height":90,"caption":"Infoecos"},"image":{"@id":"https:\/\/infoecos.com.ar\/#\/schema\/logo\/image\/"},"sameAs":["https:\/\/www.facebook.com\/profile.php?id=100063200290284","https:\/\/x.com\/infoecos"]},{"@type":"Person","@id":"https:\/\/infoecos.com.ar\/#\/schema\/person\/8f5ace5ce73b4b4aac4b7245aee6f191","name":"Jorge Matheus","url":"https:\/\/infoecos.com.ar\/index.php\/author\/jomatheus\/"}]}},"featured_image_urls":{"full":["https:\/\/infoecos.com.ar\/wp-content\/uploads\/2021\/07\/rivadaviaprimero-1.jpg",787,410,false],"thumbnail":["https:\/\/infoecos.com.ar\/wp-content\/uploads\/2021\/07\/rivadaviaprimero-1-150x150.jpg",150,150,true],"medium":["https:\/\/infoecos.com.ar\/wp-content\/uploads\/2021\/07\/rivadaviaprimero-1-460x240.jpg",460,240,true],"medium_large":["https:\/\/infoecos.com.ar\/wp-content\/uploads\/2021\/07\/rivadaviaprimero-1-768x400.jpg",640,333,true],"large":["https:\/\/infoecos.com.ar\/wp-content\/uploads\/2021\/07\/rivadaviaprimero-1.jpg",640,333,false],"1536x1536":["https:\/\/infoecos.com.ar\/wp-content\/uploads\/2021\/07\/rivadaviaprimero-1.jpg",787,410,false],"2048x2048":["https:\/\/infoecos.com.ar\/wp-content\/uploads\/2021\/07\/rivadaviaprimero-1.jpg",787,410,false],"covernews-slider-full":["https:\/\/infoecos.com.ar\/wp-content\/uploads\/2021\/07\/rivadaviaprimero-1.jpg",787,410,false],"covernews-slider-center":["https:\/\/infoecos.com.ar\/wp-content\/uploads\/2021\/07\/rivadaviaprimero-1.jpg",787,410,false],"covernews-featured":["https:\/\/infoecos.com.ar\/wp-content\/uploads\/2021\/07\/rivadaviaprimero-1.jpg",787,410,false],"covernews-medium":["https:\/\/infoecos.com.ar\/wp-content\/uploads\/2021\/07\/rivadaviaprimero-1-720x380.jpg",540,285,true],"covernews-medium-square":["https:\/\/infoecos.com.ar\/wp-content\/uploads\/2021\/07\/rivadaviaprimero-1-675x410.jpg",400,243,true]},"author_info":{"info":["Jorge Matheus"]},"category_info":"<a href=\"https:\/\/infoecos.com.ar\/index.php\/category\/c1nota4\/\" rel=\"category tag\">C1 N4<\/a>","tag_info":"C1 N4","comment_count":"0","_links":{"self":[{"href":"https:\/\/infoecos.com.ar\/index.php\/wp-json\/wp\/v2\/posts\/81918"}],"collection":[{"href":"https:\/\/infoecos.com.ar\/index.php\/wp-json\/wp\/v2\/posts"}],"about":[{"href":"https:\/\/infoecos.com.ar\/index.php\/wp-json\/wp\/v2\/types\/post"}],"author":[{"embeddable":true,"href":"https:\/\/infoecos.com.ar\/index.php\/wp-json\/wp\/v2\/users\/2"}],"replies":[{"embeddable":true,"href":"https:\/\/infoecos.com.ar\/index.php\/wp-json\/wp\/v2\/comments?post=81918"}],"version-history":[{"count":1,"href":"https:\/\/infoecos.com.ar\/index.php\/wp-json\/wp\/v2\/posts\/81918\/revisions"}],"predecessor-version":[{"id":81920,"href":"https:\/\/infoecos.com.ar\/index.php\/wp-json\/wp\/v2\/posts\/81918\/revisions\/81920"}],"wp:featuredmedia":[{"embeddable":true,"href":"https:\/\/infoecos.com.ar\/index.php\/wp-json\/wp\/v2\/media\/81919"}],"wp:attachment":[{"href":"https:\/\/infoecos.com.ar\/index.php\/wp-json\/wp\/v2\/media?parent=81918"}],"wp:term":[{"taxonomy":"category","embeddable":true,"href":"https:\/\/infoecos.com.ar\/index.php\/wp-json\/wp\/v2\/categories?post=81918"},{"taxonomy":"post_tag","embeddable":true,"href":"https:\/\/infoecos.com.ar\/index.php\/wp-json\/wp\/v2\/tags?post=81918"}],"curies":[{"name":"wp","href":"https:\/\/api.w.org\/{rel}","templated":true}]}}