{"id":81923,"date":"2021-07-23T04:08:13","date_gmt":"2021-07-23T07:08:13","guid":{"rendered":"http:\/\/infoecos.com.ar\/?p=81923"},"modified":"2021-07-23T04:08:16","modified_gmt":"2021-07-23T07:08:16","slug":"el-frente-de-todos-tendra-internas-en-el-distrito-de-general-villegas-de-un-lado-sol-fernandez-del-otro-horacio-pascual","status":"publish","type":"post","link":"https:\/\/infoecos.com.ar\/index.php\/el-frente-de-todos-tendra-internas-en-el-distrito-de-general-villegas-de-un-lado-sol-fernandez-del-otro-horacio-pascual\/","title":{"rendered":"El Frente de Todos tendr\u00e1 internas en el distrito de General Villegas: de un lado, Sol Fern\u00e1ndez, del otro Horacio Pascual"},"content":{"rendered":"\n<p>El Frente de Todos tendr\u00e1 internas en el distrito de General Villegas. Una de las listas ser\u00e1 encabezada por la actual concejal, Sol Fern\u00e1ndez, alineada con el camporismo. Por otro lado, el ex intendente municipal Horacio Pascual, alineado con el Frente Renovador ser\u00e1 su adversario.<\/p>\n\n\n\n<div class=\"wp-block-image is-style-default\"><figure class=\"aligncenter size-medium\"><img loading=\"lazy\" decoding=\"async\" width=\"460\" height=\"306\" src=\"http:\/\/infoecos.com.ar\/wp-content\/uploads\/2021\/07\/solfernandez-460x306.jpg\" alt=\"\" class=\"wp-image-81924\" srcset=\"https:\/\/infoecos.com.ar\/wp-content\/uploads\/2021\/07\/solfernandez-460x306.jpg 460w, https:\/\/infoecos.com.ar\/wp-content\/uploads\/2021\/07\/solfernandez.jpg 593w\" sizes=\"(max-width: 460px) 100vw, 460px\" \/><figcaption>Sol Fern\u00e1ndez<\/figcaption><\/figure><\/div>\n\n\n\n<p>Aunque no se pudo saber, tanto una como otra corriente tienen confirmados los primeros cuatro lugares.<\/p>\n\n\n\n<div class=\"wp-block-image is-style-default\"><figure class=\"aligncenter size-medium\"><img loading=\"lazy\" decoding=\"async\" width=\"460\" height=\"460\" src=\"http:\/\/infoecos.com.ar\/wp-content\/uploads\/2021\/07\/pascualhoracio-460x460.jpg\" alt=\"\" class=\"wp-image-81925\" srcset=\"https:\/\/infoecos.com.ar\/wp-content\/uploads\/2021\/07\/pascualhoracio-460x460.jpg 460w, https:\/\/infoecos.com.ar\/wp-content\/uploads\/2021\/07\/pascualhoracio-150x150.jpg 150w, https:\/\/infoecos.com.ar\/wp-content\/uploads\/2021\/07\/pascualhoracio.jpg 768w\" sizes=\"(max-width: 460px) 100vw, 460px\" \/><figcaption>Horacio Pascual<\/figcaption><\/figure><\/div>\n\n\n\n<p><\/p>\n","protected":false},"excerpt":{"rendered":"<p>Aunque no se pudieron conocer los otros nombres, tanto una como otra corriente tienen confirmados los primeros cuatro lugares<\/p>\n","protected":false},"author":2,"featured_media":18884,"comment_status":"closed","ping_status":"open","sticky":false,"template":"","format":"standard","meta":{"footnotes":""},"categories":[197],"tags":[4366],"class_list":["post-81923","post","type-post","status-publish","format-standard","has-post-thumbnail","hentry","category-c3nota4","tag-camino-a-las-paso"],"yoast_head":"<!-- This site is optimized with the Yoast SEO plugin v23.4 - https:\/\/yoast.com\/wordpress\/plugins\/seo\/ -->\n<title>El Frente de Todos tendr\u00e1 internas en el distrito de General Villegas: de un lado, Sol Fern\u00e1ndez, del otro Horacio Pascual - Infoecos<\/title>\n<meta name=\"robots\" content=\"index, follow, max-snippet:-1, max-image-preview:large, max-video-preview:-1\" \/>\n<link rel=\"canonical\" href=\"https:\/\/infoecos.com.ar\/index.php\/el-frente-de-todos-tendra-internas-en-el-distrito-de-general-villegas-de-un-lado-sol-fernandez-del-otro-horacio-pascual\/\" \/>\n<meta property=\"og:locale\" content=\"es_ES\" \/>\n<meta property=\"og:type\" content=\"article\" \/>\n<meta property=\"og:title\" content=\"El Frente de Todos tendr\u00e1 internas en el distrito de General Villegas: de un lado, Sol Fern\u00e1ndez, del otro Horacio Pascual - Infoecos\" \/>\n<meta property=\"og:description\" content=\"Aunque no se pudieron conocer los otros nombres, tanto una como otra corriente tienen confirmados los primeros cuatro lugares\" \/>\n<meta property=\"og:url\" content=\"https:\/\/infoecos.com.ar\/index.php\/el-frente-de-todos-tendra-internas-en-el-distrito-de-general-villegas-de-un-lado-sol-fernandez-del-otro-horacio-pascual\/\" \/>\n<meta property=\"og:site_name\" content=\"Infoecos\" \/>\n<meta property=\"article:publisher\" content=\"https:\/\/www.facebook.com\/profile.php?id=100063200290284\" \/>\n<meta property=\"article:published_time\" content=\"2021-07-23T07:08:13+00:00\" \/>\n<meta property=\"article:modified_time\" content=\"2021-07-23T07:08:16+00:00\" \/>\n<meta property=\"og:image\" content=\"https:\/\/infoecos.com.ar\/wp-content\/uploads\/URNA-3-e1502769652391.jpg\" \/>\n\t<meta property=\"og:image:width\" content=\"400\" \/>\n\t<meta property=\"og:image:height\" content=\"346\" \/>\n\t<meta property=\"og:image:type\" content=\"image\/jpeg\" \/>\n<meta name=\"author\" content=\"Jorge Matheus\" \/>\n<meta name=\"twitter:card\" content=\"summary_large_image\" \/>\n<meta name=\"twitter:creator\" content=\"@infoecos\" \/>\n<meta name=\"twitter:site\" content=\"@infoecos\" \/>\n<meta name=\"twitter:label1\" content=\"Escrito por\" \/>\n\t<meta name=\"twitter:data1\" content=\"Jorge Matheus\" \/>\n<script type=\"application\/ld+json\" class=\"yoast-schema-graph\">{\"@context\":\"https:\/\/schema.org\",\"@graph\":[{\"@type\":\"Article\",\"@id\":\"https:\/\/infoecos.com.ar\/index.php\/el-frente-de-todos-tendra-internas-en-el-distrito-de-general-villegas-de-un-lado-sol-fernandez-del-otro-horacio-pascual\/#article\",\"isPartOf\":{\"@id\":\"https:\/\/infoecos.com.ar\/index.php\/el-frente-de-todos-tendra-internas-en-el-distrito-de-general-villegas-de-un-lado-sol-fernandez-del-otro-horacio-pascual\/\"},\"author\":{\"name\":\"Jorge Matheus\",\"@id\":\"https:\/\/infoecos.com.ar\/#\/schema\/person\/8f5ace5ce73b4b4aac4b7245aee6f191\"},\"headline\":\"El Frente de Todos tendr\u00e1 internas en el distrito de General Villegas: de un lado, Sol Fern\u00e1ndez, del otro Horacio Pascual\",\"datePublished\":\"2021-07-23T07:08:13+00:00\",\"dateModified\":\"2021-07-23T07:08:16+00:00\",\"mainEntityOfPage\":{\"@id\":\"https:\/\/infoecos.com.ar\/index.php\/el-frente-de-todos-tendra-internas-en-el-distrito-de-general-villegas-de-un-lado-sol-fernandez-del-otro-horacio-pascual\/\"},\"wordCount\":89,\"publisher\":{\"@id\":\"https:\/\/infoecos.com.ar\/#organization\"},\"image\":{\"@id\":\"https:\/\/infoecos.com.ar\/index.php\/el-frente-de-todos-tendra-internas-en-el-distrito-de-general-villegas-de-un-lado-sol-fernandez-del-otro-horacio-pascual\/#primaryimage\"},\"thumbnailUrl\":\"\",\"keywords\":[\"camino a las PASO\"],\"articleSection\":[\"C3 N4\"],\"inLanguage\":\"es\"},{\"@type\":\"WebPage\",\"@id\":\"https:\/\/infoecos.com.ar\/index.php\/el-frente-de-todos-tendra-internas-en-el-distrito-de-general-villegas-de-un-lado-sol-fernandez-del-otro-horacio-pascual\/\",\"url\":\"https:\/\/infoecos.com.ar\/index.php\/el-frente-de-todos-tendra-internas-en-el-distrito-de-general-villegas-de-un-lado-sol-fernandez-del-otro-horacio-pascual\/\",\"name\":\"El Frente de Todos tendr\u00e1 internas en el distrito de General Villegas: de un lado, Sol Fern\u00e1ndez, del otro Horacio Pascual - Infoecos\",\"isPartOf\":{\"@id\":\"https:\/\/infoecos.com.ar\/#website\"},\"primaryImageOfPage\":{\"@id\":\"https:\/\/infoecos.com.ar\/index.php\/el-frente-de-todos-tendra-internas-en-el-distrito-de-general-villegas-de-un-lado-sol-fernandez-del-otro-horacio-pascual\/#primaryimage\"},\"image\":{\"@id\":\"https:\/\/infoecos.com.ar\/index.php\/el-frente-de-todos-tendra-internas-en-el-distrito-de-general-villegas-de-un-lado-sol-fernandez-del-otro-horacio-pascual\/#primaryimage\"},\"thumbnailUrl\":\"\",\"datePublished\":\"2021-07-23T07:08:13+00:00\",\"dateModified\":\"2021-07-23T07:08:16+00:00\",\"breadcrumb\":{\"@id\":\"https:\/\/infoecos.com.ar\/index.php\/el-frente-de-todos-tendra-internas-en-el-distrito-de-general-villegas-de-un-lado-sol-fernandez-del-otro-horacio-pascual\/#breadcrumb\"},\"inLanguage\":\"es\",\"potentialAction\":[{\"@type\":\"ReadAction\",\"target\":[\"https:\/\/infoecos.com.ar\/index.php\/el-frente-de-todos-tendra-internas-en-el-distrito-de-general-villegas-de-un-lado-sol-fernandez-del-otro-horacio-pascual\/\"]}]},{\"@type\":\"ImageObject\",\"inLanguage\":\"es\",\"@id\":\"https:\/\/infoecos.com.ar\/index.php\/el-frente-de-todos-tendra-internas-en-el-distrito-de-general-villegas-de-un-lado-sol-fernandez-del-otro-horacio-pascual\/#primaryimage\",\"url\":\"\",\"contentUrl\":\"\"},{\"@type\":\"BreadcrumbList\",\"@id\":\"https:\/\/infoecos.com.ar\/index.php\/el-frente-de-todos-tendra-internas-en-el-distrito-de-general-villegas-de-un-lado-sol-fernandez-del-otro-horacio-pascual\/#breadcrumb\",\"itemListElement\":[{\"@type\":\"ListItem\",\"position\":1,\"name\":\"Portada\",\"item\":\"https:\/\/infoecos.com.ar\/\"},{\"@type\":\"ListItem\",\"position\":2,\"name\":\"El Frente de Todos tendr\u00e1 internas en el distrito de General Villegas: de un lado, Sol Fern\u00e1ndez, del otro Horacio Pascual\"}]},{\"@type\":\"WebSite\",\"@id\":\"https:\/\/infoecos.com.ar\/#website\",\"url\":\"https:\/\/infoecos.com.ar\/\",\"name\":\"Infoecos\",\"description\":\"Noticias de trenque lauquen y la zona\",\"publisher\":{\"@id\":\"https:\/\/infoecos.com.ar\/#organization\"},\"alternateName\":\"Noticias\",\"potentialAction\":[{\"@type\":\"SearchAction\",\"target\":{\"@type\":\"EntryPoint\",\"urlTemplate\":\"https:\/\/infoecos.com.ar\/?s={search_term_string}\"},\"query-input\":{\"@type\":\"PropertyValueSpecification\",\"valueRequired\":true,\"valueName\":\"search_term_string\"}}],\"inLanguage\":\"es\"},{\"@type\":\"Organization\",\"@id\":\"https:\/\/infoecos.com.ar\/#organization\",\"name\":\"Infoecos\",\"alternateName\":\"Noticias\",\"url\":\"https:\/\/infoecos.com.ar\/\",\"logo\":{\"@type\":\"ImageObject\",\"inLanguage\":\"es\",\"@id\":\"https:\/\/infoecos.com.ar\/#\/schema\/logo\/image\/\",\"url\":\"https:\/\/infoecos.com.ar\/wp-content\/uploads\/2024\/03\/cropped-logo.png\",\"contentUrl\":\"https:\/\/infoecos.com.ar\/wp-content\/uploads\/2024\/03\/cropped-logo.png\",\"width\":374,\"height\":90,\"caption\":\"Infoecos\"},\"image\":{\"@id\":\"https:\/\/infoecos.com.ar\/#\/schema\/logo\/image\/\"},\"sameAs\":[\"https:\/\/www.facebook.com\/profile.php?id=100063200290284\",\"https:\/\/x.com\/infoecos\"]},{\"@type\":\"Person\",\"@id\":\"https:\/\/infoecos.com.ar\/#\/schema\/person\/8f5ace5ce73b4b4aac4b7245aee6f191\",\"name\":\"Jorge Matheus\",\"url\":\"https:\/\/infoecos.com.ar\/index.php\/author\/jomatheus\/\"}]}<\/script>\n<!-- \/ Yoast SEO plugin. -->","yoast_head_json":{"title":"El Frente de Todos tendr\u00e1 internas en el distrito de General Villegas: de un lado, Sol Fern\u00e1ndez, del otro Horacio Pascual - Infoecos","robots":{"index":"index","follow":"follow","max-snippet":"max-snippet:-1","max-image-preview":"max-image-preview:large","max-video-preview":"max-video-preview:-1"},"canonical":"https:\/\/infoecos.com.ar\/index.php\/el-frente-de-todos-tendra-internas-en-el-distrito-de-general-villegas-de-un-lado-sol-fernandez-del-otro-horacio-pascual\/","og_locale":"es_ES","og_type":"article","og_title":"El Frente de Todos tendr\u00e1 internas en el distrito de General Villegas: de un lado, Sol Fern\u00e1ndez, del otro Horacio Pascual - Infoecos","og_description":"Aunque no se pudieron conocer los otros nombres, tanto una como otra corriente tienen confirmados los primeros cuatro lugares","og_url":"https:\/\/infoecos.com.ar\/index.php\/el-frente-de-todos-tendra-internas-en-el-distrito-de-general-villegas-de-un-lado-sol-fernandez-del-otro-horacio-pascual\/","og_site_name":"Infoecos","article_publisher":"https:\/\/www.facebook.com\/profile.php?id=100063200290284","article_published_time":"2021-07-23T07:08:13+00:00","article_modified_time":"2021-07-23T07:08:16+00:00","og_image":[{"width":400,"height":346,"url":"https:\/\/infoecos.com.ar\/wp-content\/uploads\/URNA-3-e1502769652391.jpg","type":"image\/jpeg"}],"author":"Jorge Matheus","twitter_card":"summary_large_image","twitter_creator":"@infoecos","twitter_site":"@infoecos","twitter_misc":{"Escrito por":"Jorge Matheus"},"schema":{"@context":"https:\/\/schema.org","@graph":[{"@type":"Article","@id":"https:\/\/infoecos.com.ar\/index.php\/el-frente-de-todos-tendra-internas-en-el-distrito-de-general-villegas-de-un-lado-sol-fernandez-del-otro-horacio-pascual\/#article","isPartOf":{"@id":"https:\/\/infoecos.com.ar\/index.php\/el-frente-de-todos-tendra-internas-en-el-distrito-de-general-villegas-de-un-lado-sol-fernandez-del-otro-horacio-pascual\/"},"author":{"name":"Jorge Matheus","@id":"https:\/\/infoecos.com.ar\/#\/schema\/person\/8f5ace5ce73b4b4aac4b7245aee6f191"},"headline":"El Frente de Todos tendr\u00e1 internas en el distrito de General Villegas: de un lado, Sol Fern\u00e1ndez, del otro Horacio Pascual","datePublished":"2021-07-23T07:08:13+00:00","dateModified":"2021-07-23T07:08:16+00:00","mainEntityOfPage":{"@id":"https:\/\/infoecos.com.ar\/index.php\/el-frente-de-todos-tendra-internas-en-el-distrito-de-general-villegas-de-un-lado-sol-fernandez-del-otro-horacio-pascual\/"},"wordCount":89,"publisher":{"@id":"https:\/\/infoecos.com.ar\/#organization"},"image":{"@id":"https:\/\/infoecos.com.ar\/index.php\/el-frente-de-todos-tendra-internas-en-el-distrito-de-general-villegas-de-un-lado-sol-fernandez-del-otro-horacio-pascual\/#primaryimage"},"thumbnailUrl":"","keywords":["camino a las PASO"],"articleSection":["C3 N4"],"inLanguage":"es"},{"@type":"WebPage","@id":"https:\/\/infoecos.com.ar\/index.php\/el-frente-de-todos-tendra-internas-en-el-distrito-de-general-villegas-de-un-lado-sol-fernandez-del-otro-horacio-pascual\/","url":"https:\/\/infoecos.com.ar\/index.php\/el-frente-de-todos-tendra-internas-en-el-distrito-de-general-villegas-de-un-lado-sol-fernandez-del-otro-horacio-pascual\/","name":"El Frente de Todos tendr\u00e1 internas en el distrito de General Villegas: de un lado, Sol Fern\u00e1ndez, del otro Horacio Pascual - Infoecos","isPartOf":{"@id":"https:\/\/infoecos.com.ar\/#website"},"primaryImageOfPage":{"@id":"https:\/\/infoecos.com.ar\/index.php\/el-frente-de-todos-tendra-internas-en-el-distrito-de-general-villegas-de-un-lado-sol-fernandez-del-otro-horacio-pascual\/#primaryimage"},"image":{"@id":"https:\/\/infoecos.com.ar\/index.php\/el-frente-de-todos-tendra-internas-en-el-distrito-de-general-villegas-de-un-lado-sol-fernandez-del-otro-horacio-pascual\/#primaryimage"},"thumbnailUrl":"","datePublished":"2021-07-23T07:08:13+00:00","dateModified":"2021-07-23T07:08:16+00:00","breadcrumb":{"@id":"https:\/\/infoecos.com.ar\/index.php\/el-frente-de-todos-tendra-internas-en-el-distrito-de-general-villegas-de-un-lado-sol-fernandez-del-otro-horacio-pascual\/#breadcrumb"},"inLanguage":"es","potentialAction":[{"@type":"ReadAction","target":["https:\/\/infoecos.com.ar\/index.php\/el-frente-de-todos-tendra-internas-en-el-distrito-de-general-villegas-de-un-lado-sol-fernandez-del-otro-horacio-pascual\/"]}]},{"@type":"ImageObject","inLanguage":"es","@id":"https:\/\/infoecos.com.ar\/index.php\/el-frente-de-todos-tendra-internas-en-el-distrito-de-general-villegas-de-un-lado-sol-fernandez-del-otro-horacio-pascual\/#primaryimage","url":"","contentUrl":""},{"@type":"BreadcrumbList","@id":"https:\/\/infoecos.com.ar\/index.php\/el-frente-de-todos-tendra-internas-en-el-distrito-de-general-villegas-de-un-lado-sol-fernandez-del-otro-horacio-pascual\/#breadcrumb","itemListElement":[{"@type":"ListItem","position":1,"name":"Portada","item":"https:\/\/infoecos.com.ar\/"},{"@type":"ListItem","position":2,"name":"El Frente de Todos tendr\u00e1 internas en el distrito de General Villegas: de un lado, Sol Fern\u00e1ndez, del otro Horacio Pascual"}]},{"@type":"WebSite","@id":"https:\/\/infoecos.com.ar\/#website","url":"https:\/\/infoecos.com.ar\/","name":"Infoecos","description":"Noticias de trenque lauquen y la zona","publisher":{"@id":"https:\/\/infoecos.com.ar\/#organization"},"alternateName":"Noticias","potentialAction":[{"@type":"SearchAction","target":{"@type":"EntryPoint","urlTemplate":"https:\/\/infoecos.com.ar\/?s={search_term_string}"},"query-input":{"@type":"PropertyValueSpecification","valueRequired":true,"valueName":"search_term_string"}}],"inLanguage":"es"},{"@type":"Organization","@id":"https:\/\/infoecos.com.ar\/#organization","name":"Infoecos","alternateName":"Noticias","url":"https:\/\/infoecos.com.ar\/","logo":{"@type":"ImageObject","inLanguage":"es","@id":"https:\/\/infoecos.com.ar\/#\/schema\/logo\/image\/","url":"https:\/\/infoecos.com.ar\/wp-content\/uploads\/2024\/03\/cropped-logo.png","contentUrl":"https:\/\/infoecos.com.ar\/wp-content\/uploads\/2024\/03\/cropped-logo.png","width":374,"height":90,"caption":"Infoecos"},"image":{"@id":"https:\/\/infoecos.com.ar\/#\/schema\/logo\/image\/"},"sameAs":["https:\/\/www.facebook.com\/profile.php?id=100063200290284","https:\/\/x.com\/infoecos"]},{"@type":"Person","@id":"https:\/\/infoecos.com.ar\/#\/schema\/person\/8f5ace5ce73b4b4aac4b7245aee6f191","name":"Jorge Matheus","url":"https:\/\/infoecos.com.ar\/index.php\/author\/jomatheus\/"}]}},"featured_image_urls":{"full":"","thumbnail":"","medium":"","medium_large":"","large":"","1536x1536":"","2048x2048":"","covernews-slider-full":"","covernews-slider-center":"","covernews-featured":"","covernews-medium":"","covernews-medium-square":""},"author_info":{"info":["Jorge Matheus"]},"category_info":"<a href=\"https:\/\/infoecos.com.ar\/index.php\/category\/c3nota4\/\" rel=\"category tag\">C3 N4<\/a>","tag_info":"C3 N4","comment_count":"0","_links":{"self":[{"href":"https:\/\/infoecos.com.ar\/index.php\/wp-json\/wp\/v2\/posts\/81923"}],"collection":[{"href":"https:\/\/infoecos.com.ar\/index.php\/wp-json\/wp\/v2\/posts"}],"about":[{"href":"https:\/\/infoecos.com.ar\/index.php\/wp-json\/wp\/v2\/types\/post"}],"author":[{"embeddable":true,"href":"https:\/\/infoecos.com.ar\/index.php\/wp-json\/wp\/v2\/users\/2"}],"replies":[{"embeddable":true,"href":"https:\/\/infoecos.com.ar\/index.php\/wp-json\/wp\/v2\/comments?post=81923"}],"version-history":[{"count":1,"href":"https:\/\/infoecos.com.ar\/index.php\/wp-json\/wp\/v2\/posts\/81923\/revisions"}],"predecessor-version":[{"id":81926,"href":"https:\/\/infoecos.com.ar\/index.php\/wp-json\/wp\/v2\/posts\/81923\/revisions\/81926"}],"wp:featuredmedia":[{"embeddable":true,"href":"https:\/\/infoecos.com.ar\/index.php\/wp-json\/"}],"wp:attachment":[{"href":"https:\/\/infoecos.com.ar\/index.php\/wp-json\/wp\/v2\/media?parent=81923"}],"wp:term":[{"taxonomy":"category","embeddable":true,"href":"https:\/\/infoecos.com.ar\/index.php\/wp-json\/wp\/v2\/categories?post=81923"},{"taxonomy":"post_tag","embeddable":true,"href":"https:\/\/infoecos.com.ar\/index.php\/wp-json\/wp\/v2\/tags?post=81923"}],"curies":[{"name":"wp","href":"https:\/\/api.w.org\/{rel}","templated":true}]}}