{"id":81935,"date":"2021-07-23T17:20:33","date_gmt":"2021-07-23T20:20:33","guid":{"rendered":"http:\/\/infoecos.com.ar\/?p=81935"},"modified":"2021-07-23T17:20:38","modified_gmt":"2021-07-23T20:20:38","slug":"sigue-el-descenso-en-el-numero-de-casos-activos-en-el-distrito-de-trenque-lauquen","status":"publish","type":"post","link":"https:\/\/infoecos.com.ar\/index.php\/sigue-el-descenso-en-el-numero-de-casos-activos-en-el-distrito-de-trenque-lauquen\/","title":{"rendered":"Sigue el descenso en el n\u00famero de casos activos en el distrito de Trenque Lauquen"},"content":{"rendered":"\n<p class=\"wp-block-paragraph\">La subsecretar\u00eda de Salud municipal de Trenque Lauquen inform\u00f3 este viernes que los casos activos de Covid-19 en el distrito son 470 luego de haberse reportado 50 nuevos casos positivos, 70 personas m\u00e1s recuperadas y 116 casos descartados, quedando ahora 54 casos sospechosos y 383 personas en aislamiento.<\/p>\n\n\n\n<p class=\"wp-block-paragraph\">Cuarenta y dos (42) de los nuevos casos confirmados fueron diagnosticados por hisopado y ocho (8) por nexo o criterio epidemiol\u00f3gico seg\u00fan protocolo actualizado vigente, y 43 corresponden a Trenque Lauquen, cuatro (4) a Treinta de Agosto y tres (3) a Beruti.<\/p>\n\n\n\n<div class=\"wp-block-image is-style-default\"><figure class=\"aligncenter size-medium\"><img loading=\"lazy\" decoding=\"async\" width=\"460\" height=\"423\" src=\"http:\/\/infoecos.com.ar\/wp-content\/uploads\/2021\/07\/reporteviernes-3-460x423.jpg\" alt=\"\" class=\"wp-image-81936\" srcset=\"https:\/\/infoecos.com.ar\/wp-content\/uploads\/2021\/07\/reporteviernes-3-460x423.jpg 460w, https:\/\/infoecos.com.ar\/wp-content\/uploads\/2021\/07\/reporteviernes-3-768x706.jpg 768w, https:\/\/infoecos.com.ar\/wp-content\/uploads\/2021\/07\/reporteviernes-3.jpg 800w\" sizes=\"auto, (max-width: 460px) 100vw, 460px\" \/><\/figure><\/div>\n\n\n\n<p class=\"wp-block-paragraph\">Entre los 470 casos activos, 416 pertenecen a la ciudad cabecera, 45 a Treinta de Agosto, ocho (8) a Beruti y uno (1) a Girod\u00edas: 20 se encuentran internados en el Hospital Municipal, seis (6) est\u00e1n en el Centro Extrahospitalario que funciona en el ex Hotel Pailla Hu\u00e9 y 444 en sus domicilios particulares.<\/p>\n\n\n\n<p class=\"wp-block-paragraph\">Con las 70 personas recuperadas en la fecha, 63 de Trenque Lauquen, seis (6) de Treinta de Agosto y una (1) de Beruti, suman 8.768 las que recibieron el alta entre marzo de 2020 y hoy, mientras que en ese mismo per\u00edodo fueron descartados 15.377 casos, incluidos los 116 de la fecha, 111 de Trenque Lauquen, cuatro (4) de Treinta de Agosto y uno (1) de Beruti.<\/p>\n\n\n\n<p class=\"wp-block-paragraph\">Los 54 casos sospechosos se distribuyen del siguiente modo: 42 en Trenque Lauquen y 12 en Treinta de Agosto, y de las 383 personas en aislamiento, 345 son de la ciudad cabecera, 29 de Treinta de Agosto y nueve (9) de Beruti.<\/p>\n","protected":false},"excerpt":{"rendered":"<p>Entre los 470 casos activos, 416 pertenecen a la ciudad cabecera, 45 a Treinta de Agosto, ocho (8) a Beruti y uno (1) a Girod\u00edas: 20 se encuentran internados en el Hospital Municipal, seis (6) est\u00e1n en el Centro Extrahospitalario que funciona en el ex Hotel Pailla Hu\u00e9 y 444 en sus domicilios particulares<\/p>\n","protected":false},"author":2,"featured_media":59511,"comment_status":"closed","ping_status":"open","sticky":false,"template":"","format":"standard","meta":{"footnotes":""},"categories":[1613],"tags":[4368],"class_list":["post-81935","post","type-post","status-publish","format-standard","has-post-thumbnail","hentry","category-noticia-secundaria","tag-coronavirus-reporte-viernes"],"featured_image_urls":{"full":["https:\/\/infoecos.com.ar\/wp-content\/uploads\/Guardia13.jpg",912,608,false],"thumbnail":["https:\/\/infoecos.com.ar\/wp-content\/uploads\/Guardia13-150x150.jpg",150,150,true],"medium":["https:\/\/infoecos.com.ar\/wp-content\/uploads\/Guardia13-460x307.jpg",460,307,true],"medium_large":["https:\/\/infoecos.com.ar\/wp-content\/uploads\/Guardia13-768x512.jpg",640,427,true],"large":["https:\/\/infoecos.com.ar\/wp-content\/uploads\/Guardia13.jpg",640,427,false],"1536x1536":["https:\/\/infoecos.com.ar\/wp-content\/uploads\/Guardia13.jpg",912,608,false],"2048x2048":["https:\/\/infoecos.com.ar\/wp-content\/uploads\/Guardia13.jpg",912,608,false],"covernews-slider-full":["https:\/\/infoecos.com.ar\/wp-content\/uploads\/Guardia13.jpg",912,608,false],"covernews-slider-center":["https:\/\/infoecos.com.ar\/wp-content\/uploads\/Guardia13.jpg",750,500,false],"covernews-featured":["https:\/\/infoecos.com.ar\/wp-content\/uploads\/Guardia13.jpg",912,608,false],"covernews-medium":["https:\/\/infoecos.com.ar\/wp-content\/uploads\/Guardia13-720x380.jpg",540,285,true],"covernews-medium-square":["https:\/\/infoecos.com.ar\/wp-content\/uploads\/Guardia13-675x450.jpg",375,250,true]},"author_info":{"info":["Jorge Matheus"]},"category_info":"<a href=\"https:\/\/infoecos.com.ar\/index.php\/category\/noticia-secundaria\/\" rel=\"category tag\">Noticia Secundaria<\/a>","tag_info":"Noticia Secundaria","comment_count":"0","_links":{"self":[{"href":"https:\/\/infoecos.com.ar\/index.php\/wp-json\/wp\/v2\/posts\/81935","targetHints":{"allow":["GET"]}}],"collection":[{"href":"https:\/\/infoecos.com.ar\/index.php\/wp-json\/wp\/v2\/posts"}],"about":[{"href":"https:\/\/infoecos.com.ar\/index.php\/wp-json\/wp\/v2\/types\/post"}],"author":[{"embeddable":true,"href":"https:\/\/infoecos.com.ar\/index.php\/wp-json\/wp\/v2\/users\/2"}],"replies":[{"embeddable":true,"href":"https:\/\/infoecos.com.ar\/index.php\/wp-json\/wp\/v2\/comments?post=81935"}],"version-history":[{"count":1,"href":"https:\/\/infoecos.com.ar\/index.php\/wp-json\/wp\/v2\/posts\/81935\/revisions"}],"predecessor-version":[{"id":81937,"href":"https:\/\/infoecos.com.ar\/index.php\/wp-json\/wp\/v2\/posts\/81935\/revisions\/81937"}],"wp:featuredmedia":[{"embeddable":true,"href":"https:\/\/infoecos.com.ar\/index.php\/wp-json\/wp\/v2\/media\/59511"}],"wp:attachment":[{"href":"https:\/\/infoecos.com.ar\/index.php\/wp-json\/wp\/v2\/media?parent=81935"}],"wp:term":[{"taxonomy":"category","embeddable":true,"href":"https:\/\/infoecos.com.ar\/index.php\/wp-json\/wp\/v2\/categories?post=81935"},{"taxonomy":"post_tag","embeddable":true,"href":"https:\/\/infoecos.com.ar\/index.php\/wp-json\/wp\/v2\/tags?post=81935"}],"curies":[{"name":"wp","href":"https:\/\/api.w.org\/{rel}","templated":true}]}}