{"id":81950,"date":"2021-07-24T02:44:38","date_gmt":"2021-07-24T05:44:38","guid":{"rendered":"http:\/\/infoecos.com.ar\/?p=81950"},"modified":"2021-07-31T04:14:39","modified_gmt":"2021-07-31T07:14:39","slug":"vialidad-nacional-llamo-a-licitacion-para-la-repavimentacion-integral-de-la-ruta-33-entre-general-villegas-y-rufino","status":"publish","type":"post","link":"https:\/\/infoecos.com.ar\/index.php\/vialidad-nacional-llamo-a-licitacion-para-la-repavimentacion-integral-de-la-ruta-33-entre-general-villegas-y-rufino\/","title":{"rendered":"Vialidad Nacional llam\u00f3 a licitaci\u00f3n para la repavimentaci\u00f3n integral de la Ruta 33 entre General Villegas y Rufino"},"content":{"rendered":"\n<p>El Ministerio de Obras P\u00fablicas, a trav\u00e9s de Vialidad Nacional, lanz\u00f3 este viernes el llamado a licitaci\u00f3n de la repavimentaci\u00f3n integral de la Ruta Nacional 33 entre General Villegas y Rufino, en Santa Fe. El proyecto demandar\u00e1 una inversi\u00f3n nacional superior a los $2.800 millones y tendr\u00e1 un plazo de ejecuci\u00f3n de 24 meses.<\/p>\n\n\n\n<div class=\"wp-block-image is-style-default\"><figure class=\"aligncenter size-medium\"><img loading=\"lazy\" decoding=\"async\" width=\"460\" height=\"224\" src=\"http:\/\/infoecos.com.ar\/wp-content\/uploads\/2021\/06\/repavimentacion-460x224.jpg\" alt=\"\" class=\"wp-image-79018\" srcset=\"https:\/\/infoecos.com.ar\/wp-content\/uploads\/2021\/06\/repavimentacion-460x224.jpg 460w, https:\/\/infoecos.com.ar\/wp-content\/uploads\/2021\/06\/repavimentacion-920x447.jpg 920w, https:\/\/infoecos.com.ar\/wp-content\/uploads\/2021\/06\/repavimentacion-768x374.jpg 768w, https:\/\/infoecos.com.ar\/wp-content\/uploads\/2021\/06\/repavimentacion.jpg 1024w\" sizes=\"(max-width: 460px) 100vw, 460px\" \/><\/figure><\/div>\n\n\n\n<p>Las obras se desarrollar\u00e1n a lo largo de un segmento de 97 km e incluir\u00e1n la repavimentaci\u00f3n de la calzada en todo el tramo y la construcci\u00f3n de nuevas banquinas pavimentadas en distintos accesos\u2014como el de Piedritas y el de Ca\u00f1ada Seca\u2014 entre otros trabajos. La longitud total de banquinas a pavimentar es de 8 kil\u00f3metros. La apertura de ofertas tendr\u00e1 lugar el jueves 26 de agosto a las 10:00 a trav\u00e9s del de la plataforma digital del sistema&nbsp;<a href=\"http:\/\/contrat.ar\/\">CONTRAT.AR<\/a>&nbsp;(<a href=\"https:\/\/contratar.gob.ar\/\"><strong>https:\/\/contratar.gob.ar<\/strong><\/a>).<\/p>\n\n\n\n<p>Al respecto, el administrador general de Vialidad Nacional,&nbsp;Gustavo Arrieta, asegur\u00f3 que \u201ceste proyecto viene a resolver un reclamo hist\u00f3rico de los vecinos de General Villegas y Rufino, quienes vienen luchando hace a\u00f1os contra el abandono y la falta de mantenimiento de la principal v\u00eda de comunicaci\u00f3n entre ambas ciudades\u201d.<\/p>\n\n\n\n<p>\u201cEste Gobierno nacional asumi\u00f3 desde el principio el compromiso de escuchar a la gente y sus reclamos, y por eso dentro de poco est\u00e1 obra ser\u00e1 realidad. Esta obra no solo mejorar\u00e1 la calidad de vida de miles de personas, sino que tambi\u00e9n contribuir\u00e1 al crecimiento de una de las zonas agroindustriales m\u00e1s productivas del pa\u00eds\u201d, agreg\u00f3 el funcionario.<\/p>\n\n\n\n<div class=\"wp-block-image is-style-default\"><figure class=\"aligncenter size-large\"><img decoding=\"async\" src=\"http:\/\/infoecos.com.ar\/wp-content\/uploads\/84595677_2593453710979536_8160780355977084928_o-696x284-1.jpg\" alt=\"\" class=\"wp-image-58136\"\/><figcaption>Ruta 33<\/figcaption><\/figure><\/div>\n\n\n\n<p>El gerente ejecutivo de Regiones y Distritos de Vialidad Nacional,&nbsp;<strong>Patricio Garc\u00eda<\/strong>, sostuvo que \u201cdesde el inicio de esta gesti\u00f3n, por instrucci\u00f3n del presidente Alberto Fern\u00e1ndez y del ministro Gabriel Katopodis, y bajo la conducci\u00f3n de Gustavo Arrieta nos pusimos a trabajar en la revitalizaci\u00f3n de todas las obras detenidas\u201d.<\/p>\n\n\n\n<p>En particular, Garc\u00eda indic\u00f3 que \u201caquellas obras que se encontraban bajo el esquema de participaci\u00f3n p\u00fablico privada demandaron algo m\u00e1s de tiempo y trabajo luego del fracaso del sistema implementado por la gesti\u00f3n anterior. Este corredor fue transferido a Vialidad Nacional a finales del a\u00f1o pasado y es la primera licitaci\u00f3n que llevamos a cabo de las ex PPP\u201d.<\/p>\n\n\n\n<p>En relaci\u00f3n al llamado a licitaci\u00f3n, el gerente ejecutivo destac\u00f3 que \u201ctenemos la tranquilidad de haber cumplido con las distintas etapas que nos propusimos y la alegr\u00eda de poder llevar adelante esta obra tan emblem\u00e1tica para el noroeste de la provincia de Buenos Aires, en un tramo que en los \u00faltimos a\u00f1os tuvo muy poco mantenimiento\u201d. \u201cHoy venimos a reforzar nuestro compromiso con esta regi\u00f3n\u201d, a\u00f1adi\u00f3.<\/p>\n\n\n\n<div class=\"wp-block-image is-style-default\"><figure class=\"aligncenter size-medium\"><img loading=\"lazy\" decoding=\"async\" width=\"460\" height=\"319\" src=\"http:\/\/infoecos.com.ar\/wp-content\/uploads\/2021\/05\/Alberdi-460x319.jpeg\" alt=\"\" class=\"wp-image-77783\" srcset=\"https:\/\/infoecos.com.ar\/wp-content\/uploads\/2021\/05\/Alberdi-460x319.jpeg 460w, https:\/\/infoecos.com.ar\/wp-content\/uploads\/2021\/05\/Alberdi-920x639.jpeg 920w, https:\/\/infoecos.com.ar\/wp-content\/uploads\/2021\/05\/Alberdi-768x533.jpeg 768w, https:\/\/infoecos.com.ar\/wp-content\/uploads\/2021\/05\/Alberdi-1024x711.jpeg 1024w, https:\/\/infoecos.com.ar\/wp-content\/uploads\/2021\/05\/Alberdi.jpeg 1280w\" sizes=\"(max-width: 460px) 100vw, 460px\" \/><\/figure><\/div>\n\n\n\n<p>Desde principios de 2020, Vialidad Nacional se encuentra realizando tareas de bacheo de emergencia de la Ruta Nacional 33 entre General Villegas y Rufino. En ambas zonas, los trabajos continuar\u00e1n en desarrollo hasta que la repavimentaci\u00f3n integral del corredor sea adjudicada y se conozca la empresa contratista que resulte ganadora del proceso de licitaci\u00f3n.<\/p>\n\n\n\n<p>La repavimentaci\u00f3n integral de la Ruta Nacional 33 se complementar\u00e1 con dos obras de conservaci\u00f3n mejorativa entre Trenque Lauquen y General Villegas. Las tareas incluir\u00e1n bacheo con concreto asf\u00e1ltico y la reparaci\u00f3n de la calzada para brindar mayor seguridad y comodidad a los usuarios del corredor. Cada obra demandar\u00e1 una inversi\u00f3n superior a los $89 millones.<\/p>\n","protected":false},"excerpt":{"rendered":"<p>La repavimentaci\u00f3n integral de la Ruta Nacional 33 se complementar\u00e1 con dos obras de conservaci\u00f3n mejorativa entre Trenque Lauquen y General Villegas. Las tareas incluir\u00e1n bacheo con concreto asf\u00e1ltico y la reparaci\u00f3n de la calzada para brindar mayor seguridad y comodidad a los usuarios del corredor. Cada obra demandar\u00e1 una inversi\u00f3n superior a los $89 millones<\/p>\n","protected":false},"author":2,"featured_media":67453,"comment_status":"closed","ping_status":"open","sticky":false,"template":"","format":"standard","meta":{"footnotes":""},"categories":[1643],"tags":[4372],"class_list":["post-81950","post","type-post","status-publish","format-standard","has-post-thumbnail","hentry","category-inferior16","tag-obras-de-mejorado-entre-villegas-y-t-lauquen"],"yoast_head":"<!-- This site is optimized with the Yoast SEO plugin v23.4 - https:\/\/yoast.com\/wordpress\/plugins\/seo\/ -->\n<title>Vialidad Nacional llam\u00f3 a licitaci\u00f3n para la repavimentaci\u00f3n integral de la Ruta 33 entre General Villegas y Rufino - Infoecos<\/title>\n<meta name=\"robots\" content=\"index, follow, max-snippet:-1, max-image-preview:large, max-video-preview:-1\" \/>\n<link rel=\"canonical\" href=\"https:\/\/infoecos.com.ar\/index.php\/vialidad-nacional-llamo-a-licitacion-para-la-repavimentacion-integral-de-la-ruta-33-entre-general-villegas-y-rufino\/\" \/>\n<meta property=\"og:locale\" content=\"es_ES\" \/>\n<meta property=\"og:type\" content=\"article\" \/>\n<meta property=\"og:title\" content=\"Vialidad Nacional llam\u00f3 a licitaci\u00f3n para la repavimentaci\u00f3n integral de la Ruta 33 entre General Villegas y Rufino - Infoecos\" \/>\n<meta property=\"og:description\" content=\"La repavimentaci\u00f3n integral de la Ruta Nacional 33 se complementar\u00e1 con dos obras de conservaci\u00f3n mejorativa entre Trenque Lauquen y General Villegas. Las tareas incluir\u00e1n bacheo con concreto asf\u00e1ltico y la reparaci\u00f3n de la calzada para brindar mayor seguridad y comodidad a los usuarios del corredor. Cada obra demandar\u00e1 una inversi\u00f3n superior a los $89 millones\" \/>\n<meta property=\"og:url\" content=\"https:\/\/infoecos.com.ar\/index.php\/vialidad-nacional-llamo-a-licitacion-para-la-repavimentacion-integral-de-la-ruta-33-entre-general-villegas-y-rufino\/\" \/>\n<meta property=\"og:site_name\" content=\"Infoecos\" \/>\n<meta property=\"article:publisher\" content=\"https:\/\/www.facebook.com\/profile.php?id=100063200290284\" \/>\n<meta property=\"article:published_time\" content=\"2021-07-24T05:44:38+00:00\" \/>\n<meta property=\"article:modified_time\" content=\"2021-07-31T07:14:39+00:00\" \/>\n<meta property=\"og:image\" content=\"https:\/\/infoecos.com.ar\/wp-content\/uploads\/2020\/09\/repavimentacion-690x500-1.jpg\" \/>\n\t<meta property=\"og:image:width\" content=\"690\" \/>\n\t<meta property=\"og:image:height\" content=\"500\" \/>\n\t<meta property=\"og:image:type\" content=\"image\/jpeg\" \/>\n<meta name=\"author\" content=\"Jorge Matheus\" \/>\n<meta name=\"twitter:card\" content=\"summary_large_image\" \/>\n<meta name=\"twitter:creator\" content=\"@infoecos\" \/>\n<meta name=\"twitter:site\" content=\"@infoecos\" \/>\n<meta name=\"twitter:label1\" content=\"Escrito por\" \/>\n\t<meta name=\"twitter:data1\" content=\"Jorge Matheus\" \/>\n\t<meta name=\"twitter:label2\" content=\"Tiempo de lectura\" \/>\n\t<meta name=\"twitter:data2\" content=\"3 minutos\" \/>\n<script type=\"application\/ld+json\" class=\"yoast-schema-graph\">{\"@context\":\"https:\/\/schema.org\",\"@graph\":[{\"@type\":\"Article\",\"@id\":\"https:\/\/infoecos.com.ar\/index.php\/vialidad-nacional-llamo-a-licitacion-para-la-repavimentacion-integral-de-la-ruta-33-entre-general-villegas-y-rufino\/#article\",\"isPartOf\":{\"@id\":\"https:\/\/infoecos.com.ar\/index.php\/vialidad-nacional-llamo-a-licitacion-para-la-repavimentacion-integral-de-la-ruta-33-entre-general-villegas-y-rufino\/\"},\"author\":{\"name\":\"Jorge Matheus\",\"@id\":\"https:\/\/infoecos.com.ar\/#\/schema\/person\/8f5ace5ce73b4b4aac4b7245aee6f191\"},\"headline\":\"Vialidad Nacional llam\u00f3 a licitaci\u00f3n para la repavimentaci\u00f3n integral de la Ruta 33 entre General Villegas y Rufino\",\"datePublished\":\"2021-07-24T05:44:38+00:00\",\"dateModified\":\"2021-07-31T07:14:39+00:00\",\"mainEntityOfPage\":{\"@id\":\"https:\/\/infoecos.com.ar\/index.php\/vialidad-nacional-llamo-a-licitacion-para-la-repavimentacion-integral-de-la-ruta-33-entre-general-villegas-y-rufino\/\"},\"wordCount\":596,\"publisher\":{\"@id\":\"https:\/\/infoecos.com.ar\/#organization\"},\"image\":{\"@id\":\"https:\/\/infoecos.com.ar\/index.php\/vialidad-nacional-llamo-a-licitacion-para-la-repavimentacion-integral-de-la-ruta-33-entre-general-villegas-y-rufino\/#primaryimage\"},\"thumbnailUrl\":\"https:\/\/infoecos.com.ar\/wp-content\/uploads\/2020\/09\/repavimentacion-690x500-1.jpg\",\"keywords\":[\"OBRAS DE MEJORADO ENTRE VILLEGAS Y T.LAUQUEN\"],\"articleSection\":[\"Bloque inferior - 16\"],\"inLanguage\":\"es\"},{\"@type\":\"WebPage\",\"@id\":\"https:\/\/infoecos.com.ar\/index.php\/vialidad-nacional-llamo-a-licitacion-para-la-repavimentacion-integral-de-la-ruta-33-entre-general-villegas-y-rufino\/\",\"url\":\"https:\/\/infoecos.com.ar\/index.php\/vialidad-nacional-llamo-a-licitacion-para-la-repavimentacion-integral-de-la-ruta-33-entre-general-villegas-y-rufino\/\",\"name\":\"Vialidad Nacional llam\u00f3 a licitaci\u00f3n para la repavimentaci\u00f3n integral de la Ruta 33 entre General Villegas y Rufino - Infoecos\",\"isPartOf\":{\"@id\":\"https:\/\/infoecos.com.ar\/#website\"},\"primaryImageOfPage\":{\"@id\":\"https:\/\/infoecos.com.ar\/index.php\/vialidad-nacional-llamo-a-licitacion-para-la-repavimentacion-integral-de-la-ruta-33-entre-general-villegas-y-rufino\/#primaryimage\"},\"image\":{\"@id\":\"https:\/\/infoecos.com.ar\/index.php\/vialidad-nacional-llamo-a-licitacion-para-la-repavimentacion-integral-de-la-ruta-33-entre-general-villegas-y-rufino\/#primaryimage\"},\"thumbnailUrl\":\"https:\/\/infoecos.com.ar\/wp-content\/uploads\/2020\/09\/repavimentacion-690x500-1.jpg\",\"datePublished\":\"2021-07-24T05:44:38+00:00\",\"dateModified\":\"2021-07-31T07:14:39+00:00\",\"breadcrumb\":{\"@id\":\"https:\/\/infoecos.com.ar\/index.php\/vialidad-nacional-llamo-a-licitacion-para-la-repavimentacion-integral-de-la-ruta-33-entre-general-villegas-y-rufino\/#breadcrumb\"},\"inLanguage\":\"es\",\"potentialAction\":[{\"@type\":\"ReadAction\",\"target\":[\"https:\/\/infoecos.com.ar\/index.php\/vialidad-nacional-llamo-a-licitacion-para-la-repavimentacion-integral-de-la-ruta-33-entre-general-villegas-y-rufino\/\"]}]},{\"@type\":\"ImageObject\",\"inLanguage\":\"es\",\"@id\":\"https:\/\/infoecos.com.ar\/index.php\/vialidad-nacional-llamo-a-licitacion-para-la-repavimentacion-integral-de-la-ruta-33-entre-general-villegas-y-rufino\/#primaryimage\",\"url\":\"https:\/\/infoecos.com.ar\/wp-content\/uploads\/2020\/09\/repavimentacion-690x500-1.jpg\",\"contentUrl\":\"https:\/\/infoecos.com.ar\/wp-content\/uploads\/2020\/09\/repavimentacion-690x500-1.jpg\",\"width\":690,\"height\":500},{\"@type\":\"BreadcrumbList\",\"@id\":\"https:\/\/infoecos.com.ar\/index.php\/vialidad-nacional-llamo-a-licitacion-para-la-repavimentacion-integral-de-la-ruta-33-entre-general-villegas-y-rufino\/#breadcrumb\",\"itemListElement\":[{\"@type\":\"ListItem\",\"position\":1,\"name\":\"Portada\",\"item\":\"https:\/\/infoecos.com.ar\/\"},{\"@type\":\"ListItem\",\"position\":2,\"name\":\"Vialidad Nacional llam\u00f3 a licitaci\u00f3n para la repavimentaci\u00f3n integral de la Ruta 33 entre General Villegas y Rufino\"}]},{\"@type\":\"WebSite\",\"@id\":\"https:\/\/infoecos.com.ar\/#website\",\"url\":\"https:\/\/infoecos.com.ar\/\",\"name\":\"Infoecos\",\"description\":\"Noticias de trenque lauquen y la zona\",\"publisher\":{\"@id\":\"https:\/\/infoecos.com.ar\/#organization\"},\"alternateName\":\"Noticias\",\"potentialAction\":[{\"@type\":\"SearchAction\",\"target\":{\"@type\":\"EntryPoint\",\"urlTemplate\":\"https:\/\/infoecos.com.ar\/?s={search_term_string}\"},\"query-input\":{\"@type\":\"PropertyValueSpecification\",\"valueRequired\":true,\"valueName\":\"search_term_string\"}}],\"inLanguage\":\"es\"},{\"@type\":\"Organization\",\"@id\":\"https:\/\/infoecos.com.ar\/#organization\",\"name\":\"Infoecos\",\"alternateName\":\"Noticias\",\"url\":\"https:\/\/infoecos.com.ar\/\",\"logo\":{\"@type\":\"ImageObject\",\"inLanguage\":\"es\",\"@id\":\"https:\/\/infoecos.com.ar\/#\/schema\/logo\/image\/\",\"url\":\"https:\/\/infoecos.com.ar\/wp-content\/uploads\/2024\/03\/cropped-logo.png\",\"contentUrl\":\"https:\/\/infoecos.com.ar\/wp-content\/uploads\/2024\/03\/cropped-logo.png\",\"width\":374,\"height\":90,\"caption\":\"Infoecos\"},\"image\":{\"@id\":\"https:\/\/infoecos.com.ar\/#\/schema\/logo\/image\/\"},\"sameAs\":[\"https:\/\/www.facebook.com\/profile.php?id=100063200290284\",\"https:\/\/x.com\/infoecos\"]},{\"@type\":\"Person\",\"@id\":\"https:\/\/infoecos.com.ar\/#\/schema\/person\/8f5ace5ce73b4b4aac4b7245aee6f191\",\"name\":\"Jorge Matheus\",\"url\":\"https:\/\/infoecos.com.ar\/index.php\/author\/jomatheus\/\"}]}<\/script>\n<!-- \/ Yoast SEO plugin. -->","yoast_head_json":{"title":"Vialidad Nacional llam\u00f3 a licitaci\u00f3n para la repavimentaci\u00f3n integral de la Ruta 33 entre General Villegas y Rufino - Infoecos","robots":{"index":"index","follow":"follow","max-snippet":"max-snippet:-1","max-image-preview":"max-image-preview:large","max-video-preview":"max-video-preview:-1"},"canonical":"https:\/\/infoecos.com.ar\/index.php\/vialidad-nacional-llamo-a-licitacion-para-la-repavimentacion-integral-de-la-ruta-33-entre-general-villegas-y-rufino\/","og_locale":"es_ES","og_type":"article","og_title":"Vialidad Nacional llam\u00f3 a licitaci\u00f3n para la repavimentaci\u00f3n integral de la Ruta 33 entre General Villegas y Rufino - Infoecos","og_description":"La repavimentaci\u00f3n integral de la Ruta Nacional 33 se complementar\u00e1 con dos obras de conservaci\u00f3n mejorativa entre Trenque Lauquen y General Villegas. Las tareas incluir\u00e1n bacheo con concreto asf\u00e1ltico y la reparaci\u00f3n de la calzada para brindar mayor seguridad y comodidad a los usuarios del corredor. Cada obra demandar\u00e1 una inversi\u00f3n superior a los $89 millones","og_url":"https:\/\/infoecos.com.ar\/index.php\/vialidad-nacional-llamo-a-licitacion-para-la-repavimentacion-integral-de-la-ruta-33-entre-general-villegas-y-rufino\/","og_site_name":"Infoecos","article_publisher":"https:\/\/www.facebook.com\/profile.php?id=100063200290284","article_published_time":"2021-07-24T05:44:38+00:00","article_modified_time":"2021-07-31T07:14:39+00:00","og_image":[{"width":690,"height":500,"url":"https:\/\/infoecos.com.ar\/wp-content\/uploads\/2020\/09\/repavimentacion-690x500-1.jpg","type":"image\/jpeg"}],"author":"Jorge Matheus","twitter_card":"summary_large_image","twitter_creator":"@infoecos","twitter_site":"@infoecos","twitter_misc":{"Escrito por":"Jorge Matheus","Tiempo de lectura":"3 minutos"},"schema":{"@context":"https:\/\/schema.org","@graph":[{"@type":"Article","@id":"https:\/\/infoecos.com.ar\/index.php\/vialidad-nacional-llamo-a-licitacion-para-la-repavimentacion-integral-de-la-ruta-33-entre-general-villegas-y-rufino\/#article","isPartOf":{"@id":"https:\/\/infoecos.com.ar\/index.php\/vialidad-nacional-llamo-a-licitacion-para-la-repavimentacion-integral-de-la-ruta-33-entre-general-villegas-y-rufino\/"},"author":{"name":"Jorge Matheus","@id":"https:\/\/infoecos.com.ar\/#\/schema\/person\/8f5ace5ce73b4b4aac4b7245aee6f191"},"headline":"Vialidad Nacional llam\u00f3 a licitaci\u00f3n para la repavimentaci\u00f3n integral de la Ruta 33 entre General Villegas y Rufino","datePublished":"2021-07-24T05:44:38+00:00","dateModified":"2021-07-31T07:14:39+00:00","mainEntityOfPage":{"@id":"https:\/\/infoecos.com.ar\/index.php\/vialidad-nacional-llamo-a-licitacion-para-la-repavimentacion-integral-de-la-ruta-33-entre-general-villegas-y-rufino\/"},"wordCount":596,"publisher":{"@id":"https:\/\/infoecos.com.ar\/#organization"},"image":{"@id":"https:\/\/infoecos.com.ar\/index.php\/vialidad-nacional-llamo-a-licitacion-para-la-repavimentacion-integral-de-la-ruta-33-entre-general-villegas-y-rufino\/#primaryimage"},"thumbnailUrl":"https:\/\/infoecos.com.ar\/wp-content\/uploads\/2020\/09\/repavimentacion-690x500-1.jpg","keywords":["OBRAS DE MEJORADO ENTRE VILLEGAS Y T.LAUQUEN"],"articleSection":["Bloque inferior - 16"],"inLanguage":"es"},{"@type":"WebPage","@id":"https:\/\/infoecos.com.ar\/index.php\/vialidad-nacional-llamo-a-licitacion-para-la-repavimentacion-integral-de-la-ruta-33-entre-general-villegas-y-rufino\/","url":"https:\/\/infoecos.com.ar\/index.php\/vialidad-nacional-llamo-a-licitacion-para-la-repavimentacion-integral-de-la-ruta-33-entre-general-villegas-y-rufino\/","name":"Vialidad Nacional llam\u00f3 a licitaci\u00f3n para la repavimentaci\u00f3n integral de la Ruta 33 entre General Villegas y Rufino - Infoecos","isPartOf":{"@id":"https:\/\/infoecos.com.ar\/#website"},"primaryImageOfPage":{"@id":"https:\/\/infoecos.com.ar\/index.php\/vialidad-nacional-llamo-a-licitacion-para-la-repavimentacion-integral-de-la-ruta-33-entre-general-villegas-y-rufino\/#primaryimage"},"image":{"@id":"https:\/\/infoecos.com.ar\/index.php\/vialidad-nacional-llamo-a-licitacion-para-la-repavimentacion-integral-de-la-ruta-33-entre-general-villegas-y-rufino\/#primaryimage"},"thumbnailUrl":"https:\/\/infoecos.com.ar\/wp-content\/uploads\/2020\/09\/repavimentacion-690x500-1.jpg","datePublished":"2021-07-24T05:44:38+00:00","dateModified":"2021-07-31T07:14:39+00:00","breadcrumb":{"@id":"https:\/\/infoecos.com.ar\/index.php\/vialidad-nacional-llamo-a-licitacion-para-la-repavimentacion-integral-de-la-ruta-33-entre-general-villegas-y-rufino\/#breadcrumb"},"inLanguage":"es","potentialAction":[{"@type":"ReadAction","target":["https:\/\/infoecos.com.ar\/index.php\/vialidad-nacional-llamo-a-licitacion-para-la-repavimentacion-integral-de-la-ruta-33-entre-general-villegas-y-rufino\/"]}]},{"@type":"ImageObject","inLanguage":"es","@id":"https:\/\/infoecos.com.ar\/index.php\/vialidad-nacional-llamo-a-licitacion-para-la-repavimentacion-integral-de-la-ruta-33-entre-general-villegas-y-rufino\/#primaryimage","url":"https:\/\/infoecos.com.ar\/wp-content\/uploads\/2020\/09\/repavimentacion-690x500-1.jpg","contentUrl":"https:\/\/infoecos.com.ar\/wp-content\/uploads\/2020\/09\/repavimentacion-690x500-1.jpg","width":690,"height":500},{"@type":"BreadcrumbList","@id":"https:\/\/infoecos.com.ar\/index.php\/vialidad-nacional-llamo-a-licitacion-para-la-repavimentacion-integral-de-la-ruta-33-entre-general-villegas-y-rufino\/#breadcrumb","itemListElement":[{"@type":"ListItem","position":1,"name":"Portada","item":"https:\/\/infoecos.com.ar\/"},{"@type":"ListItem","position":2,"name":"Vialidad Nacional llam\u00f3 a licitaci\u00f3n para la repavimentaci\u00f3n integral de la Ruta 33 entre General Villegas y Rufino"}]},{"@type":"WebSite","@id":"https:\/\/infoecos.com.ar\/#website","url":"https:\/\/infoecos.com.ar\/","name":"Infoecos","description":"Noticias de trenque lauquen y la zona","publisher":{"@id":"https:\/\/infoecos.com.ar\/#organization"},"alternateName":"Noticias","potentialAction":[{"@type":"SearchAction","target":{"@type":"EntryPoint","urlTemplate":"https:\/\/infoecos.com.ar\/?s={search_term_string}"},"query-input":{"@type":"PropertyValueSpecification","valueRequired":true,"valueName":"search_term_string"}}],"inLanguage":"es"},{"@type":"Organization","@id":"https:\/\/infoecos.com.ar\/#organization","name":"Infoecos","alternateName":"Noticias","url":"https:\/\/infoecos.com.ar\/","logo":{"@type":"ImageObject","inLanguage":"es","@id":"https:\/\/infoecos.com.ar\/#\/schema\/logo\/image\/","url":"https:\/\/infoecos.com.ar\/wp-content\/uploads\/2024\/03\/cropped-logo.png","contentUrl":"https:\/\/infoecos.com.ar\/wp-content\/uploads\/2024\/03\/cropped-logo.png","width":374,"height":90,"caption":"Infoecos"},"image":{"@id":"https:\/\/infoecos.com.ar\/#\/schema\/logo\/image\/"},"sameAs":["https:\/\/www.facebook.com\/profile.php?id=100063200290284","https:\/\/x.com\/infoecos"]},{"@type":"Person","@id":"https:\/\/infoecos.com.ar\/#\/schema\/person\/8f5ace5ce73b4b4aac4b7245aee6f191","name":"Jorge Matheus","url":"https:\/\/infoecos.com.ar\/index.php\/author\/jomatheus\/"}]}},"featured_image_urls":{"full":["https:\/\/infoecos.com.ar\/wp-content\/uploads\/2020\/09\/repavimentacion-690x500-1.jpg",690,500,false],"thumbnail":["https:\/\/infoecos.com.ar\/wp-content\/uploads\/2020\/09\/repavimentacion-690x500-1-150x150.jpg",150,150,true],"medium":["https:\/\/infoecos.com.ar\/wp-content\/uploads\/2020\/09\/repavimentacion-690x500-1-460x333.jpg",460,333,true],"medium_large":["https:\/\/infoecos.com.ar\/wp-content\/uploads\/2020\/09\/repavimentacion-690x500-1.jpg",640,464,false],"large":["https:\/\/infoecos.com.ar\/wp-content\/uploads\/2020\/09\/repavimentacion-690x500-1.jpg",640,464,false],"1536x1536":["https:\/\/infoecos.com.ar\/wp-content\/uploads\/2020\/09\/repavimentacion-690x500-1.jpg",690,500,false],"2048x2048":["https:\/\/infoecos.com.ar\/wp-content\/uploads\/2020\/09\/repavimentacion-690x500-1.jpg",690,500,false],"covernews-slider-full":["https:\/\/infoecos.com.ar\/wp-content\/uploads\/2020\/09\/repavimentacion-690x500-1.jpg",690,500,false],"covernews-slider-center":["https:\/\/infoecos.com.ar\/wp-content\/uploads\/2020\/09\/repavimentacion-690x500-1.jpg",690,500,false],"covernews-featured":["https:\/\/infoecos.com.ar\/wp-content\/uploads\/2020\/09\/repavimentacion-690x500-1.jpg",690,500,false],"covernews-medium":["https:\/\/infoecos.com.ar\/wp-content\/uploads\/2020\/09\/repavimentacion-690x500-1-690x380.jpg",540,297,true],"covernews-medium-square":["https:\/\/infoecos.com.ar\/wp-content\/uploads\/2020\/09\/repavimentacion-690x500-1-675x450.jpg",375,250,true]},"author_info":{"info":["Jorge Matheus"]},"category_info":"<a href=\"https:\/\/infoecos.com.ar\/index.php\/category\/inferior16\/\" rel=\"category tag\">Bloque inferior - 16<\/a>","tag_info":"Bloque inferior - 16","comment_count":"0","_links":{"self":[{"href":"https:\/\/infoecos.com.ar\/index.php\/wp-json\/wp\/v2\/posts\/81950"}],"collection":[{"href":"https:\/\/infoecos.com.ar\/index.php\/wp-json\/wp\/v2\/posts"}],"about":[{"href":"https:\/\/infoecos.com.ar\/index.php\/wp-json\/wp\/v2\/types\/post"}],"author":[{"embeddable":true,"href":"https:\/\/infoecos.com.ar\/index.php\/wp-json\/wp\/v2\/users\/2"}],"replies":[{"embeddable":true,"href":"https:\/\/infoecos.com.ar\/index.php\/wp-json\/wp\/v2\/comments?post=81950"}],"version-history":[{"count":1,"href":"https:\/\/infoecos.com.ar\/index.php\/wp-json\/wp\/v2\/posts\/81950\/revisions"}],"predecessor-version":[{"id":81951,"href":"https:\/\/infoecos.com.ar\/index.php\/wp-json\/wp\/v2\/posts\/81950\/revisions\/81951"}],"wp:featuredmedia":[{"embeddable":true,"href":"https:\/\/infoecos.com.ar\/index.php\/wp-json\/wp\/v2\/media\/67453"}],"wp:attachment":[{"href":"https:\/\/infoecos.com.ar\/index.php\/wp-json\/wp\/v2\/media?parent=81950"}],"wp:term":[{"taxonomy":"category","embeddable":true,"href":"https:\/\/infoecos.com.ar\/index.php\/wp-json\/wp\/v2\/categories?post=81950"},{"taxonomy":"post_tag","embeddable":true,"href":"https:\/\/infoecos.com.ar\/index.php\/wp-json\/wp\/v2\/tags?post=81950"}],"curies":[{"name":"wp","href":"https:\/\/api.w.org\/{rel}","templated":true}]}}