{"id":81957,"date":"2021-07-24T03:58:13","date_gmt":"2021-07-24T06:58:13","guid":{"rendered":"http:\/\/infoecos.com.ar\/?p=81957"},"modified":"2021-07-24T03:58:20","modified_gmt":"2021-07-24T06:58:20","slug":"el-frente-de-todos-y-juntos-no-habian-terminado-de-definir-la-listas-de-candidatos-a-senadores-provinciales-por-la-4-seccion","status":"publish","type":"post","link":"https:\/\/infoecos.com.ar\/index.php\/el-frente-de-todos-y-juntos-no-habian-terminado-de-definir-la-listas-de-candidatos-a-senadores-provinciales-por-la-4-seccion\/","title":{"rendered":"El Frente de Todos y Juntos no hab\u00edan terminado de definir la listas de candidatos a senadores provinciales por la 4\u00b0 Secci\u00f3n"},"content":{"rendered":"\n<p>Por la cuarta secci\u00f3n electoral se renuevan senadores provinciales. Hasta las \u00faltimas horas del viernes no se conoc\u00eda como pod\u00edan estar compuestas las listas, especialmente de los dos frentes con posibilidades de sumar el mayor n\u00famero de aspirantes a la c\u00e1mara alta bonaerense: \u00abJuntos\u00bb y el \u00abFrente de Todos\u00bb.<\/p>\n\n\n\n<div class=\"wp-block-image is-style-default\"><figure class=\"aligncenter size-medium\"><img decoding=\"async\" src=\"http:\/\/infoecos.com.ar\/wp-content\/uploads\/20191226160245_senadores-bonaerenses-460x258.jpg\" alt=\"\" class=\"wp-image-56995\"\/><figcaption>C\u00e1mara de Senadores provincia de Buenos Aires<\/figcaption><\/figure><\/div>\n\n\n\n<p>Las versiones que circularon en distintos medios de La Plata y la regi\u00f3n suponen que Germ\u00e1n Lago, actual intendente de Alberti encabezar\u00eda la lista del oficialismo provincial. Algunos especularon con los nombres de los intendentes de Carlos Casares, Walter Torchio y de Pehuaj\u00f3, Pablo Zurro. Por otra parte tambi\u00e9n se mencionan como posibles integrantes de la misma a Laura Oliva, la esposa del fallecido ministro de Transportes de la Naci\u00f3n, Mario Meoni y Pablo Michelli. \u00c9ste \u00faltimo aseveran ven\u00eda presionando con un lugar expectante o presentar\u00eda una lista propia.<\/p>\n\n\n\n<p>En tanto en \u00abJuntos\u00bb se asegura que Erica Revilla, actual intendente municipal de General Arenales y vicepresidenta del radicalismo bonaerense encabezar\u00eda el Frente, mientras que Marcelo Daletto, el principal armador de Monz\u00f3 en la provincia, ir\u00eda segundo.<\/p>\n\n\n\n<p>El PRO, en ese contexto, pretende que est\u00e9n incorporados a la lista de aspirantes, Juan Carlos Fiorini y Melina Fiel de Jun\u00edn, como as\u00ed tambi\u00e9n Felicitas Beccar Varela de <\/p>\n\n\n\n<p>Mientras tanto que, en lo que respecta al PRO la idea ser\u00eda intentar renovar las bancas de\u00a0Juan Carlos Fiorini (Jun\u00edn)\u00a0y Felicitas Beccar Varela (Pehuaj\u00f3). Suenan tambi\u00e9n los nombres de Melina Fiel de Jun\u00edn y Mariano Barroso de 9 de Julio\u00a0Melina Fiel de Jun\u00edn, Felicitas Beccar Varela.<\/p>\n\n\n\n<p>No se conoc\u00eda hasta anoche que otros nombres aportar\u00edan en la lista que encabeza Facundo Manes, Joaqu\u00edn De La Torre y Emilio Monz\u00f3. <\/p>\n\n\n\n<p>En tanto, tambi\u00e9n se desconoce quienes ser\u00e1n las mujeres y hombres de la cuarta secci\u00f3n electoral que se encolumnar\u00e1n detr\u00e1s de Diego Santilli.<\/p>\n","protected":false},"excerpt":{"rendered":"<p>Las versiones que circularon en distintos medios de La Plata y la regi\u00f3n suponen que Germ\u00e1n Lago, actual intendente de Alberti encabezar\u00eda la lista del oficialismo provincial. Erica Revilla la de Juntos<\/p>\n","protected":false},"author":2,"featured_media":56995,"comment_status":"closed","ping_status":"open","sticky":false,"template":"","format":"standard","meta":{"footnotes":""},"categories":[48],"tags":[4376],"class_list":["post-81957","post","type-post","status-publish","format-standard","has-post-thumbnail","hentry","category-c2nota3","tag-camino-a-la-legislatura-bonaerense"],"yoast_head":"<!-- This site is optimized with the Yoast SEO plugin v23.4 - https:\/\/yoast.com\/wordpress\/plugins\/seo\/ -->\n<title>El Frente de Todos y Juntos no hab\u00edan terminado de definir la listas de candidatos a senadores provinciales por la 4\u00b0 Secci\u00f3n - Infoecos<\/title>\n<meta name=\"robots\" content=\"index, follow, max-snippet:-1, max-image-preview:large, max-video-preview:-1\" \/>\n<link rel=\"canonical\" href=\"https:\/\/infoecos.com.ar\/index.php\/el-frente-de-todos-y-juntos-no-habian-terminado-de-definir-la-listas-de-candidatos-a-senadores-provinciales-por-la-4-seccion\/\" \/>\n<meta property=\"og:locale\" content=\"es_ES\" \/>\n<meta property=\"og:type\" content=\"article\" \/>\n<meta property=\"og:title\" content=\"El Frente de Todos y Juntos no hab\u00edan terminado de definir la listas de candidatos a senadores provinciales por la 4\u00b0 Secci\u00f3n - Infoecos\" \/>\n<meta property=\"og:description\" content=\"Las versiones que circularon en distintos medios de La Plata y la regi\u00f3n suponen que Germ\u00e1n Lago, actual intendente de Alberti encabezar\u00eda la lista del oficialismo provincial. Erica Revilla la de Juntos\" \/>\n<meta property=\"og:url\" content=\"https:\/\/infoecos.com.ar\/index.php\/el-frente-de-todos-y-juntos-no-habian-terminado-de-definir-la-listas-de-candidatos-a-senadores-provinciales-por-la-4-seccion\/\" \/>\n<meta property=\"og:site_name\" content=\"Infoecos\" \/>\n<meta property=\"article:publisher\" content=\"https:\/\/www.facebook.com\/profile.php?id=100063200290284\" \/>\n<meta property=\"article:published_time\" content=\"2021-07-24T06:58:13+00:00\" \/>\n<meta property=\"article:modified_time\" content=\"2021-07-24T06:58:20+00:00\" \/>\n<meta property=\"og:image\" content=\"https:\/\/infoecos.com.ar\/wp-content\/uploads\/20191226160245_senadores-bonaerenses.jpg\" \/>\n\t<meta property=\"og:image:width\" content=\"880\" \/>\n\t<meta property=\"og:image:height\" content=\"493\" \/>\n\t<meta property=\"og:image:type\" content=\"image\/jpeg\" \/>\n<meta name=\"author\" content=\"Jorge Matheus\" \/>\n<meta name=\"twitter:card\" content=\"summary_large_image\" \/>\n<meta name=\"twitter:creator\" content=\"@infoecos\" \/>\n<meta name=\"twitter:site\" content=\"@infoecos\" \/>\n<meta name=\"twitter:label1\" content=\"Escrito por\" \/>\n\t<meta name=\"twitter:data1\" content=\"Jorge Matheus\" \/>\n\t<meta name=\"twitter:label2\" content=\"Tiempo de lectura\" \/>\n\t<meta name=\"twitter:data2\" content=\"2 minutos\" \/>\n<script type=\"application\/ld+json\" class=\"yoast-schema-graph\">{\"@context\":\"https:\/\/schema.org\",\"@graph\":[{\"@type\":\"Article\",\"@id\":\"https:\/\/infoecos.com.ar\/index.php\/el-frente-de-todos-y-juntos-no-habian-terminado-de-definir-la-listas-de-candidatos-a-senadores-provinciales-por-la-4-seccion\/#article\",\"isPartOf\":{\"@id\":\"https:\/\/infoecos.com.ar\/index.php\/el-frente-de-todos-y-juntos-no-habian-terminado-de-definir-la-listas-de-candidatos-a-senadores-provinciales-por-la-4-seccion\/\"},\"author\":{\"name\":\"Jorge Matheus\",\"@id\":\"https:\/\/infoecos.com.ar\/#\/schema\/person\/8f5ace5ce73b4b4aac4b7245aee6f191\"},\"headline\":\"El Frente de Todos y Juntos no hab\u00edan terminado de definir la listas de candidatos a senadores provinciales por la 4\u00b0 Secci\u00f3n\",\"datePublished\":\"2021-07-24T06:58:13+00:00\",\"dateModified\":\"2021-07-24T06:58:20+00:00\",\"mainEntityOfPage\":{\"@id\":\"https:\/\/infoecos.com.ar\/index.php\/el-frente-de-todos-y-juntos-no-habian-terminado-de-definir-la-listas-de-candidatos-a-senadores-provinciales-por-la-4-seccion\/\"},\"wordCount\":359,\"publisher\":{\"@id\":\"https:\/\/infoecos.com.ar\/#organization\"},\"image\":{\"@id\":\"https:\/\/infoecos.com.ar\/index.php\/el-frente-de-todos-y-juntos-no-habian-terminado-de-definir-la-listas-de-candidatos-a-senadores-provinciales-por-la-4-seccion\/#primaryimage\"},\"thumbnailUrl\":\"\",\"keywords\":[\"CAMINO A LA LEGISLATURA BONAERENSE\"],\"articleSection\":[\"C2 N3\"],\"inLanguage\":\"es\"},{\"@type\":\"WebPage\",\"@id\":\"https:\/\/infoecos.com.ar\/index.php\/el-frente-de-todos-y-juntos-no-habian-terminado-de-definir-la-listas-de-candidatos-a-senadores-provinciales-por-la-4-seccion\/\",\"url\":\"https:\/\/infoecos.com.ar\/index.php\/el-frente-de-todos-y-juntos-no-habian-terminado-de-definir-la-listas-de-candidatos-a-senadores-provinciales-por-la-4-seccion\/\",\"name\":\"El Frente de Todos y Juntos no hab\u00edan terminado de definir la listas de candidatos a senadores provinciales por la 4\u00b0 Secci\u00f3n - Infoecos\",\"isPartOf\":{\"@id\":\"https:\/\/infoecos.com.ar\/#website\"},\"primaryImageOfPage\":{\"@id\":\"https:\/\/infoecos.com.ar\/index.php\/el-frente-de-todos-y-juntos-no-habian-terminado-de-definir-la-listas-de-candidatos-a-senadores-provinciales-por-la-4-seccion\/#primaryimage\"},\"image\":{\"@id\":\"https:\/\/infoecos.com.ar\/index.php\/el-frente-de-todos-y-juntos-no-habian-terminado-de-definir-la-listas-de-candidatos-a-senadores-provinciales-por-la-4-seccion\/#primaryimage\"},\"thumbnailUrl\":\"\",\"datePublished\":\"2021-07-24T06:58:13+00:00\",\"dateModified\":\"2021-07-24T06:58:20+00:00\",\"breadcrumb\":{\"@id\":\"https:\/\/infoecos.com.ar\/index.php\/el-frente-de-todos-y-juntos-no-habian-terminado-de-definir-la-listas-de-candidatos-a-senadores-provinciales-por-la-4-seccion\/#breadcrumb\"},\"inLanguage\":\"es\",\"potentialAction\":[{\"@type\":\"ReadAction\",\"target\":[\"https:\/\/infoecos.com.ar\/index.php\/el-frente-de-todos-y-juntos-no-habian-terminado-de-definir-la-listas-de-candidatos-a-senadores-provinciales-por-la-4-seccion\/\"]}]},{\"@type\":\"ImageObject\",\"inLanguage\":\"es\",\"@id\":\"https:\/\/infoecos.com.ar\/index.php\/el-frente-de-todos-y-juntos-no-habian-terminado-de-definir-la-listas-de-candidatos-a-senadores-provinciales-por-la-4-seccion\/#primaryimage\",\"url\":\"\",\"contentUrl\":\"\"},{\"@type\":\"BreadcrumbList\",\"@id\":\"https:\/\/infoecos.com.ar\/index.php\/el-frente-de-todos-y-juntos-no-habian-terminado-de-definir-la-listas-de-candidatos-a-senadores-provinciales-por-la-4-seccion\/#breadcrumb\",\"itemListElement\":[{\"@type\":\"ListItem\",\"position\":1,\"name\":\"Portada\",\"item\":\"https:\/\/infoecos.com.ar\/\"},{\"@type\":\"ListItem\",\"position\":2,\"name\":\"El Frente de Todos y Juntos no hab\u00edan terminado de definir la listas de candidatos a senadores provinciales por la 4\u00b0 Secci\u00f3n\"}]},{\"@type\":\"WebSite\",\"@id\":\"https:\/\/infoecos.com.ar\/#website\",\"url\":\"https:\/\/infoecos.com.ar\/\",\"name\":\"Infoecos\",\"description\":\"Noticias de trenque lauquen y la zona\",\"publisher\":{\"@id\":\"https:\/\/infoecos.com.ar\/#organization\"},\"alternateName\":\"Noticias\",\"potentialAction\":[{\"@type\":\"SearchAction\",\"target\":{\"@type\":\"EntryPoint\",\"urlTemplate\":\"https:\/\/infoecos.com.ar\/?s={search_term_string}\"},\"query-input\":{\"@type\":\"PropertyValueSpecification\",\"valueRequired\":true,\"valueName\":\"search_term_string\"}}],\"inLanguage\":\"es\"},{\"@type\":\"Organization\",\"@id\":\"https:\/\/infoecos.com.ar\/#organization\",\"name\":\"Infoecos\",\"alternateName\":\"Noticias\",\"url\":\"https:\/\/infoecos.com.ar\/\",\"logo\":{\"@type\":\"ImageObject\",\"inLanguage\":\"es\",\"@id\":\"https:\/\/infoecos.com.ar\/#\/schema\/logo\/image\/\",\"url\":\"https:\/\/infoecos.com.ar\/wp-content\/uploads\/2024\/03\/cropped-logo.png\",\"contentUrl\":\"https:\/\/infoecos.com.ar\/wp-content\/uploads\/2024\/03\/cropped-logo.png\",\"width\":374,\"height\":90,\"caption\":\"Infoecos\"},\"image\":{\"@id\":\"https:\/\/infoecos.com.ar\/#\/schema\/logo\/image\/\"},\"sameAs\":[\"https:\/\/www.facebook.com\/profile.php?id=100063200290284\",\"https:\/\/x.com\/infoecos\"]},{\"@type\":\"Person\",\"@id\":\"https:\/\/infoecos.com.ar\/#\/schema\/person\/8f5ace5ce73b4b4aac4b7245aee6f191\",\"name\":\"Jorge Matheus\",\"url\":\"https:\/\/infoecos.com.ar\/index.php\/author\/jomatheus\/\"}]}<\/script>\n<!-- \/ Yoast SEO plugin. -->","yoast_head_json":{"title":"El Frente de Todos y Juntos no hab\u00edan terminado de definir la listas de candidatos a senadores provinciales por la 4\u00b0 Secci\u00f3n - Infoecos","robots":{"index":"index","follow":"follow","max-snippet":"max-snippet:-1","max-image-preview":"max-image-preview:large","max-video-preview":"max-video-preview:-1"},"canonical":"https:\/\/infoecos.com.ar\/index.php\/el-frente-de-todos-y-juntos-no-habian-terminado-de-definir-la-listas-de-candidatos-a-senadores-provinciales-por-la-4-seccion\/","og_locale":"es_ES","og_type":"article","og_title":"El Frente de Todos y Juntos no hab\u00edan terminado de definir la listas de candidatos a senadores provinciales por la 4\u00b0 Secci\u00f3n - Infoecos","og_description":"Las versiones que circularon en distintos medios de La Plata y la regi\u00f3n suponen que Germ\u00e1n Lago, actual intendente de Alberti encabezar\u00eda la lista del oficialismo provincial. Erica Revilla la de Juntos","og_url":"https:\/\/infoecos.com.ar\/index.php\/el-frente-de-todos-y-juntos-no-habian-terminado-de-definir-la-listas-de-candidatos-a-senadores-provinciales-por-la-4-seccion\/","og_site_name":"Infoecos","article_publisher":"https:\/\/www.facebook.com\/profile.php?id=100063200290284","article_published_time":"2021-07-24T06:58:13+00:00","article_modified_time":"2021-07-24T06:58:20+00:00","og_image":[{"width":880,"height":493,"url":"https:\/\/infoecos.com.ar\/wp-content\/uploads\/20191226160245_senadores-bonaerenses.jpg","type":"image\/jpeg"}],"author":"Jorge Matheus","twitter_card":"summary_large_image","twitter_creator":"@infoecos","twitter_site":"@infoecos","twitter_misc":{"Escrito por":"Jorge Matheus","Tiempo de lectura":"2 minutos"},"schema":{"@context":"https:\/\/schema.org","@graph":[{"@type":"Article","@id":"https:\/\/infoecos.com.ar\/index.php\/el-frente-de-todos-y-juntos-no-habian-terminado-de-definir-la-listas-de-candidatos-a-senadores-provinciales-por-la-4-seccion\/#article","isPartOf":{"@id":"https:\/\/infoecos.com.ar\/index.php\/el-frente-de-todos-y-juntos-no-habian-terminado-de-definir-la-listas-de-candidatos-a-senadores-provinciales-por-la-4-seccion\/"},"author":{"name":"Jorge Matheus","@id":"https:\/\/infoecos.com.ar\/#\/schema\/person\/8f5ace5ce73b4b4aac4b7245aee6f191"},"headline":"El Frente de Todos y Juntos no hab\u00edan terminado de definir la listas de candidatos a senadores provinciales por la 4\u00b0 Secci\u00f3n","datePublished":"2021-07-24T06:58:13+00:00","dateModified":"2021-07-24T06:58:20+00:00","mainEntityOfPage":{"@id":"https:\/\/infoecos.com.ar\/index.php\/el-frente-de-todos-y-juntos-no-habian-terminado-de-definir-la-listas-de-candidatos-a-senadores-provinciales-por-la-4-seccion\/"},"wordCount":359,"publisher":{"@id":"https:\/\/infoecos.com.ar\/#organization"},"image":{"@id":"https:\/\/infoecos.com.ar\/index.php\/el-frente-de-todos-y-juntos-no-habian-terminado-de-definir-la-listas-de-candidatos-a-senadores-provinciales-por-la-4-seccion\/#primaryimage"},"thumbnailUrl":"","keywords":["CAMINO A LA LEGISLATURA BONAERENSE"],"articleSection":["C2 N3"],"inLanguage":"es"},{"@type":"WebPage","@id":"https:\/\/infoecos.com.ar\/index.php\/el-frente-de-todos-y-juntos-no-habian-terminado-de-definir-la-listas-de-candidatos-a-senadores-provinciales-por-la-4-seccion\/","url":"https:\/\/infoecos.com.ar\/index.php\/el-frente-de-todos-y-juntos-no-habian-terminado-de-definir-la-listas-de-candidatos-a-senadores-provinciales-por-la-4-seccion\/","name":"El Frente de Todos y Juntos no hab\u00edan terminado de definir la listas de candidatos a senadores provinciales por la 4\u00b0 Secci\u00f3n - Infoecos","isPartOf":{"@id":"https:\/\/infoecos.com.ar\/#website"},"primaryImageOfPage":{"@id":"https:\/\/infoecos.com.ar\/index.php\/el-frente-de-todos-y-juntos-no-habian-terminado-de-definir-la-listas-de-candidatos-a-senadores-provinciales-por-la-4-seccion\/#primaryimage"},"image":{"@id":"https:\/\/infoecos.com.ar\/index.php\/el-frente-de-todos-y-juntos-no-habian-terminado-de-definir-la-listas-de-candidatos-a-senadores-provinciales-por-la-4-seccion\/#primaryimage"},"thumbnailUrl":"","datePublished":"2021-07-24T06:58:13+00:00","dateModified":"2021-07-24T06:58:20+00:00","breadcrumb":{"@id":"https:\/\/infoecos.com.ar\/index.php\/el-frente-de-todos-y-juntos-no-habian-terminado-de-definir-la-listas-de-candidatos-a-senadores-provinciales-por-la-4-seccion\/#breadcrumb"},"inLanguage":"es","potentialAction":[{"@type":"ReadAction","target":["https:\/\/infoecos.com.ar\/index.php\/el-frente-de-todos-y-juntos-no-habian-terminado-de-definir-la-listas-de-candidatos-a-senadores-provinciales-por-la-4-seccion\/"]}]},{"@type":"ImageObject","inLanguage":"es","@id":"https:\/\/infoecos.com.ar\/index.php\/el-frente-de-todos-y-juntos-no-habian-terminado-de-definir-la-listas-de-candidatos-a-senadores-provinciales-por-la-4-seccion\/#primaryimage","url":"","contentUrl":""},{"@type":"BreadcrumbList","@id":"https:\/\/infoecos.com.ar\/index.php\/el-frente-de-todos-y-juntos-no-habian-terminado-de-definir-la-listas-de-candidatos-a-senadores-provinciales-por-la-4-seccion\/#breadcrumb","itemListElement":[{"@type":"ListItem","position":1,"name":"Portada","item":"https:\/\/infoecos.com.ar\/"},{"@type":"ListItem","position":2,"name":"El Frente de Todos y Juntos no hab\u00edan terminado de definir la listas de candidatos a senadores provinciales por la 4\u00b0 Secci\u00f3n"}]},{"@type":"WebSite","@id":"https:\/\/infoecos.com.ar\/#website","url":"https:\/\/infoecos.com.ar\/","name":"Infoecos","description":"Noticias de trenque lauquen y la zona","publisher":{"@id":"https:\/\/infoecos.com.ar\/#organization"},"alternateName":"Noticias","potentialAction":[{"@type":"SearchAction","target":{"@type":"EntryPoint","urlTemplate":"https:\/\/infoecos.com.ar\/?s={search_term_string}"},"query-input":{"@type":"PropertyValueSpecification","valueRequired":true,"valueName":"search_term_string"}}],"inLanguage":"es"},{"@type":"Organization","@id":"https:\/\/infoecos.com.ar\/#organization","name":"Infoecos","alternateName":"Noticias","url":"https:\/\/infoecos.com.ar\/","logo":{"@type":"ImageObject","inLanguage":"es","@id":"https:\/\/infoecos.com.ar\/#\/schema\/logo\/image\/","url":"https:\/\/infoecos.com.ar\/wp-content\/uploads\/2024\/03\/cropped-logo.png","contentUrl":"https:\/\/infoecos.com.ar\/wp-content\/uploads\/2024\/03\/cropped-logo.png","width":374,"height":90,"caption":"Infoecos"},"image":{"@id":"https:\/\/infoecos.com.ar\/#\/schema\/logo\/image\/"},"sameAs":["https:\/\/www.facebook.com\/profile.php?id=100063200290284","https:\/\/x.com\/infoecos"]},{"@type":"Person","@id":"https:\/\/infoecos.com.ar\/#\/schema\/person\/8f5ace5ce73b4b4aac4b7245aee6f191","name":"Jorge Matheus","url":"https:\/\/infoecos.com.ar\/index.php\/author\/jomatheus\/"}]}},"featured_image_urls":{"full":"","thumbnail":"","medium":"","medium_large":"","large":"","1536x1536":"","2048x2048":"","covernews-slider-full":"","covernews-slider-center":"","covernews-featured":"","covernews-medium":"","covernews-medium-square":""},"author_info":{"info":["Jorge Matheus"]},"category_info":"<a href=\"https:\/\/infoecos.com.ar\/index.php\/category\/c2nota3\/\" rel=\"category tag\">C2 N3<\/a>","tag_info":"C2 N3","comment_count":"0","_links":{"self":[{"href":"https:\/\/infoecos.com.ar\/index.php\/wp-json\/wp\/v2\/posts\/81957"}],"collection":[{"href":"https:\/\/infoecos.com.ar\/index.php\/wp-json\/wp\/v2\/posts"}],"about":[{"href":"https:\/\/infoecos.com.ar\/index.php\/wp-json\/wp\/v2\/types\/post"}],"author":[{"embeddable":true,"href":"https:\/\/infoecos.com.ar\/index.php\/wp-json\/wp\/v2\/users\/2"}],"replies":[{"embeddable":true,"href":"https:\/\/infoecos.com.ar\/index.php\/wp-json\/wp\/v2\/comments?post=81957"}],"version-history":[{"count":1,"href":"https:\/\/infoecos.com.ar\/index.php\/wp-json\/wp\/v2\/posts\/81957\/revisions"}],"predecessor-version":[{"id":81958,"href":"https:\/\/infoecos.com.ar\/index.php\/wp-json\/wp\/v2\/posts\/81957\/revisions\/81958"}],"wp:featuredmedia":[{"embeddable":true,"href":"https:\/\/infoecos.com.ar\/index.php\/wp-json\/"}],"wp:attachment":[{"href":"https:\/\/infoecos.com.ar\/index.php\/wp-json\/wp\/v2\/media?parent=81957"}],"wp:term":[{"taxonomy":"category","embeddable":true,"href":"https:\/\/infoecos.com.ar\/index.php\/wp-json\/wp\/v2\/categories?post=81957"},{"taxonomy":"post_tag","embeddable":true,"href":"https:\/\/infoecos.com.ar\/index.php\/wp-json\/wp\/v2\/tags?post=81957"}],"curies":[{"name":"wp","href":"https:\/\/api.w.org\/{rel}","templated":true}]}}