{"id":81959,"date":"2021-07-24T04:10:00","date_gmt":"2021-07-24T07:10:00","guid":{"rendered":"http:\/\/infoecos.com.ar\/?p=81959"},"modified":"2021-07-24T04:10:04","modified_gmt":"2021-07-24T07:10:04","slug":"suenan-los-nombres-de-nestor-alvarez-y-alejandro-dichiara-para-encabezar-la-lista-de-precandidatos-a-senadores","status":"publish","type":"post","link":"https:\/\/infoecos.com.ar\/index.php\/suenan-los-nombres-de-nestor-alvarez-y-alejandro-dichiara-para-encabezar-la-lista-de-precandidatos-a-senadores\/","title":{"rendered":"Suenan los nombres de N\u00e9stor \u00c1lvarez y Alejandro Dichiara para encabezar la lista de precandidatos a senadores"},"content":{"rendered":"\n<p class=\"wp-block-paragraph\">Carlos \u00abCuto\u00bb Moreno de Tres Arroyos encabezar\u00eda la lista de candidatos a diputados provinciales del Frente de Todos por la Sexta Secci\u00f3n Electoral, mientras que Fernanda Bevilacqua lo secundar\u00eda. Ambos van por la reelecci\u00f3n. A Bevilacqua le inquietaban hasta las \u00faltimas horas del viernes las versiones sobre las aspiraciones de Maite Alvarado, directora de Asociaciones Civiles y Mutuales de la provincia de Buenos Aires.<\/p>\n\n\n\n<div class=\"wp-block-image is-style-default\"><figure class=\"aligncenter size-medium\"><img loading=\"lazy\" decoding=\"async\" width=\"460\" height=\"358\" src=\"http:\/\/infoecos.com.ar\/wp-content\/uploads\/ESxPt-bWsAEln0b-460x358.jpg\" alt=\"\" class=\"wp-image-59175\" srcset=\"https:\/\/infoecos.com.ar\/wp-content\/uploads\/ESxPt-bWsAEln0b-460x358.jpg 460w, https:\/\/infoecos.com.ar\/wp-content\/uploads\/ESxPt-bWsAEln0b-920x716.jpg 920w, https:\/\/infoecos.com.ar\/wp-content\/uploads\/ESxPt-bWsAEln0b-768x598.jpg 768w, https:\/\/infoecos.com.ar\/wp-content\/uploads\/ESxPt-bWsAEln0b-1024x797.jpg 1024w, https:\/\/infoecos.com.ar\/wp-content\/uploads\/ESxPt-bWsAEln0b.jpg 1280w\" sizes=\"auto, (max-width: 460px) 100vw, 460px\" \/><figcaption>Dichiara, Alejandro<\/figcaption><\/figure><\/div>\n\n\n\n<p class=\"wp-block-paragraph\">Para el resto de la lista sonaban los nombres de Fernando Campagnoli de Bah\u00eda Blanca, Alejandro Dichiara de Monte Hermoso, N\u00e9stor \u00c1lvarez de Guamin\u00ed y Carlos Quiroga de Bah\u00eda Blanca. <\/p>\n\n\n\n<p class=\"wp-block-paragraph\">En Juntos, se insist\u00eda que encabezar\u00eda Fernando Compagnoni de Bah\u00eda Blanca, seguido por Abigail G\u00f3mez de Coronel Rosales y Rosio Antinori que intentar\u00eda renovar su banca.<\/p>\n","protected":false},"excerpt":{"rendered":"<p>En Juntos, se insist\u00eda que encabezar\u00eda Fernando Compagnoni de Bah\u00eda Blanca, seguido por Abigail G\u00f3mez de Coronel Rosales y Rosio Antinori que intentar\u00eda renovar su banca<\/p>\n","protected":false},"author":2,"featured_media":16481,"comment_status":"closed","ping_status":"open","sticky":false,"template":"","format":"standard","meta":{"footnotes":""},"categories":[51],"tags":[4377],"class_list":["post-81959","post","type-post","status-publish","format-standard","has-post-thumbnail","hentry","category-c2nota4","tag-en-la-sexta-seccion-electoral"],"featured_image_urls":{"full":"","thumbnail":"","medium":"","medium_large":"","large":"","1536x1536":"","2048x2048":"","covernews-slider-full":"","covernews-slider-center":"","covernews-featured":"","covernews-medium":"","covernews-medium-square":""},"author_info":{"info":["Jorge Matheus"]},"category_info":"<a href=\"https:\/\/infoecos.com.ar\/index.php\/category\/c2nota4\/\" rel=\"category tag\">C2 N4<\/a>","tag_info":"C2 N4","comment_count":"0","_links":{"self":[{"href":"https:\/\/infoecos.com.ar\/index.php\/wp-json\/wp\/v2\/posts\/81959","targetHints":{"allow":["GET"]}}],"collection":[{"href":"https:\/\/infoecos.com.ar\/index.php\/wp-json\/wp\/v2\/posts"}],"about":[{"href":"https:\/\/infoecos.com.ar\/index.php\/wp-json\/wp\/v2\/types\/post"}],"author":[{"embeddable":true,"href":"https:\/\/infoecos.com.ar\/index.php\/wp-json\/wp\/v2\/users\/2"}],"replies":[{"embeddable":true,"href":"https:\/\/infoecos.com.ar\/index.php\/wp-json\/wp\/v2\/comments?post=81959"}],"version-history":[{"count":1,"href":"https:\/\/infoecos.com.ar\/index.php\/wp-json\/wp\/v2\/posts\/81959\/revisions"}],"predecessor-version":[{"id":81960,"href":"https:\/\/infoecos.com.ar\/index.php\/wp-json\/wp\/v2\/posts\/81959\/revisions\/81960"}],"wp:attachment":[{"href":"https:\/\/infoecos.com.ar\/index.php\/wp-json\/wp\/v2\/media?parent=81959"}],"wp:term":[{"taxonomy":"category","embeddable":true,"href":"https:\/\/infoecos.com.ar\/index.php\/wp-json\/wp\/v2\/categories?post=81959"},{"taxonomy":"post_tag","embeddable":true,"href":"https:\/\/infoecos.com.ar\/index.php\/wp-json\/wp\/v2\/tags?post=81959"}],"curies":[{"name":"wp","href":"https:\/\/api.w.org\/{rel}","templated":true}]}}