{"id":81969,"date":"2021-07-25T02:37:58","date_gmt":"2021-07-25T05:37:58","guid":{"rendered":"http:\/\/infoecos.com.ar\/?p=81969"},"modified":"2021-07-26T03:09:48","modified_gmt":"2021-07-26T06:09:48","slug":"camino-a-las-paso-se-presentaron-los-precandidatos-a-diputados-nacionales-por-la-provincia-de-buenos-aires","status":"publish","type":"post","link":"https:\/\/infoecos.com.ar\/index.php\/camino-a-las-paso-se-presentaron-los-precandidatos-a-diputados-nacionales-por-la-provincia-de-buenos-aires\/","title":{"rendered":"Camino a las PASO se presentaron los precandidatos a Diputados Nacionales por la provincia de Buenos Aires"},"content":{"rendered":"\n<p>Se presentaron las listas de precandidatos para las PASO que se habr\u00e1n de concretar en septiembre. <\/p>\n\n\n\n<p>El <strong>Frente de Todos<\/strong> concurrir\u00e1 con una lista de unidad. La encabeza Victoria Tolosa Paz y la secunda Daniel Gollan. Se completa con los primeros quince lugares con Marcela Passo del Frente Renovador; Sergio Palazzo, secretario general de los bancarios; Agustina Propatto del PJ; Leopoldo Moreau de la UCR; Vanesa Siley del Frente de Todos; Hugo Yasky de la CTA; Costanza Alonso de La C\u00e1mpora; Julio Pereyra del PJ; M\u00f3nica Litza del Frente Renovador; Daniel Arroyo del Frente Renovador; Liliana Pintos del PJ; Rodrigo Iparraguirre de La C\u00e1mpora y M\u00f3nica Macha de Nuevo Encuentro.<\/p>\n\n\n\n<div class=\"wp-block-image is-style-default\"><figure class=\"aligncenter size-medium\"><img loading=\"lazy\" decoding=\"async\" width=\"460\" height=\"258\" src=\"http:\/\/infoecos.com.ar\/wp-content\/uploads\/2021\/07\/tolosapaz-460x258.jpg\" alt=\"\" class=\"wp-image-81970\" srcset=\"https:\/\/infoecos.com.ar\/wp-content\/uploads\/2021\/07\/tolosapaz-460x258.jpg 460w, https:\/\/infoecos.com.ar\/wp-content\/uploads\/2021\/07\/tolosapaz.jpg 600w\" sizes=\"(max-width: 460px) 100vw, 460px\" \/><\/figure><\/div>\n\n\n\n<p><strong>\u00abJuntos\u00bb<\/strong> que se denominaba Juntos por el Cambio tendr\u00e1 internas. Una de las listas es encabezada por Diego Santilli. Lo secunda Graciela Oca\u00f1a. Los primeros diez casilleros se completan con Juan L\u00f3pez&nbsp;de la Coalici\u00f3n C\u00edvica; Marcela Campagnoli de la Coalici\u00f3n C\u00edvica; Gerardo Millman del PRO; Mar\u00eda Sotolano del PRO; Hern\u00e1n Lombardi del PRO; Gabriela Besana del PRO; Alejandro Finochiaro del PRO y Victoria Borrego de la Coalici\u00f3n C\u00edvica. En estos puestos expectantes, no figura ning\u00fan radical.    <\/p>\n\n\n\n<div class=\"wp-block-image is-style-default\"><figure class=\"aligncenter size-medium\"><img loading=\"lazy\" decoding=\"async\" width=\"460\" height=\"258\" src=\"http:\/\/infoecos.com.ar\/wp-content\/uploads\/2021\/07\/santilli-1-460x258.jpg\" alt=\"\" class=\"wp-image-81971\" srcset=\"https:\/\/infoecos.com.ar\/wp-content\/uploads\/2021\/07\/santilli-1-460x258.jpg 460w, https:\/\/infoecos.com.ar\/wp-content\/uploads\/2021\/07\/santilli-1.jpg 600w\" sizes=\"(max-width: 460px) 100vw, 460px\" \/><\/figure><\/div>\n\n\n\n<p>La otra lista de<strong> \u00abJuntos\u00bb<\/strong> lleva como cabeza de lista a Facundo Manes, secundado por Dayna Tavella de la Uni\u00f3n C\u00edvica Radical, ambos propuestos por el radicalismo. Infoecos pudo conocer hasta el quinto lugar. Luego de los dos mencionados, Emilio Monz\u00f3 ex PRO; Margarita Stolbizer del Gen y Fabio Quetglas de la Uni\u00f3n C\u00edvica Radical. <\/p>\n\n\n\n<div class=\"wp-block-image is-style-default\"><figure class=\"aligncenter size-medium\"><img loading=\"lazy\" decoding=\"async\" width=\"460\" height=\"259\" src=\"http:\/\/infoecos.com.ar\/wp-content\/uploads\/2021\/07\/manes-460x259.jpg\" alt=\"\" class=\"wp-image-81962\" srcset=\"https:\/\/infoecos.com.ar\/wp-content\/uploads\/2021\/07\/manes-460x259.jpg 460w, https:\/\/infoecos.com.ar\/wp-content\/uploads\/2021\/07\/manes-920x518.jpg 920w, https:\/\/infoecos.com.ar\/wp-content\/uploads\/2021\/07\/manes-768x432.jpg 768w, https:\/\/infoecos.com.ar\/wp-content\/uploads\/2021\/07\/manes-1024x576.jpg 1024w, https:\/\/infoecos.com.ar\/wp-content\/uploads\/2021\/07\/manes.jpg 1280w\" sizes=\"(max-width: 460px) 100vw, 460px\" \/><\/figure><\/div>\n\n\n\n<p>La izquierda va a internas. Participar\u00e1n el <strong>Frente de Izquierda<\/strong>. Nuestra redacci\u00f3n tuvo acceso a los primeros tres lugares. Nicol\u00e1s del Ca\u00f1o; Romina Del Pl\u00e1 y N\u00e9stor Pitrola. El otro sector es del MTS. Encabeza Alejandro Bodart y lo secunda Vilma Ripoll. <\/p>\n\n\n\n<div class=\"wp-block-image is-style-default\"><figure class=\"aligncenter size-medium\"><img loading=\"lazy\" decoding=\"async\" width=\"460\" height=\"258\" src=\"http:\/\/infoecos.com.ar\/wp-content\/uploads\/2021\/07\/frentedeizquierda-460x258.jpg\" alt=\"\" class=\"wp-image-81972\" srcset=\"https:\/\/infoecos.com.ar\/wp-content\/uploads\/2021\/07\/frentedeizquierda-460x258.jpg 460w, https:\/\/infoecos.com.ar\/wp-content\/uploads\/2021\/07\/frentedeizquierda.jpg 600w\" sizes=\"(max-width: 460px) 100vw, 460px\" \/><\/figure><\/div>\n\n\n\n<p>El <strong>Frente Vamos con Vos<\/strong> tiene como cabeza de lista a Florencio Randazzo. Lo seguir\u00e1n en los primeros diez lugares Carolina Castro, Gustavo Pulti, Valeria Iglesias, Adri\u00e1n Verdini, Julieta Rizzolo, Juan de Dios Cincunegui, Mariana L\u00f3pez, Carlos Legnani, Maite Crespo Bjerg.<\/p>\n\n\n\n<p><strong>Avanza Libertad<\/strong> es encabezado por Jos\u00e9 Luis Espert. Lo siguen en los primeros cinco lugares, Carolina P\u00edparo, Hugo Bontempo, Karina Garc\u00eda y Luis Green.<\/p>\n\n\n\n<div class=\"wp-block-image is-style-default\"><figure class=\"aligncenter size-large is-resized\"><img loading=\"lazy\" decoding=\"async\" src=\"http:\/\/infoecos.com.ar\/wp-content\/uploads\/espert-jose-luis-263x177-1.png\" alt=\"\" class=\"wp-image-64962\" width=\"457\" height=\"308\"\/><\/figure><\/div>\n\n\n\n<p>Tambi\u00e9n oficializaron lista a diputados nacionales en la provincia de Buenos Aires <strong>Principios y Valores<\/strong>, encabezado por Guillermo Moreno. <strong>Nuevo M\u00e1s<\/strong> por Manuela Casta\u00f1eira,. <strong>Frente Patriota <\/strong>por Alejandro Biondini. <strong>Valores para mi Pa\u00eds <\/strong>con Cynthia Hotton en el primer lugar, <\/p>\n","protected":false},"excerpt":{"rendered":"<p>El Frente de Todos concurrir\u00e1 con una lista de unidad. \u00abJuntos\u00bb que se denominaba Juntos por el Cambio tendr\u00e1 internas. La izquierda va a internas. El Frente Vamos con Vos tiene lista de Unidad.<\/p>\n","protected":false},"author":2,"featured_media":81973,"comment_status":"closed","ping_status":"open","sticky":false,"template":"","format":"standard","meta":{"footnotes":""},"categories":[50],"tags":[4379],"class_list":["post-81969","post","type-post","status-publish","format-standard","has-post-thumbnail","hentry","category-c1nota4","tag-se-realizaran-en-septiembre"],"yoast_head":"<!-- This site is optimized with the Yoast SEO plugin v23.4 - https:\/\/yoast.com\/wordpress\/plugins\/seo\/ -->\n<title>Camino a las PASO se presentaron los precandidatos a Diputados Nacionales por la provincia de Buenos Aires - Infoecos<\/title>\n<meta name=\"robots\" content=\"index, follow, max-snippet:-1, max-image-preview:large, max-video-preview:-1\" \/>\n<link rel=\"canonical\" href=\"https:\/\/infoecos.com.ar\/index.php\/camino-a-las-paso-se-presentaron-los-precandidatos-a-diputados-nacionales-por-la-provincia-de-buenos-aires\/\" \/>\n<meta property=\"og:locale\" content=\"es_ES\" \/>\n<meta property=\"og:type\" content=\"article\" \/>\n<meta property=\"og:title\" content=\"Camino a las PASO se presentaron los precandidatos a Diputados Nacionales por la provincia de Buenos Aires - Infoecos\" \/>\n<meta property=\"og:description\" content=\"El Frente de Todos concurrir\u00e1 con una lista de unidad. &quot;Juntos&quot; que se denominaba Juntos por el Cambio tendr\u00e1 internas. La izquierda va a internas. El Frente Vamos con Vos tiene lista de Unidad.\" \/>\n<meta property=\"og:url\" content=\"https:\/\/infoecos.com.ar\/index.php\/camino-a-las-paso-se-presentaron-los-precandidatos-a-diputados-nacionales-por-la-provincia-de-buenos-aires\/\" \/>\n<meta property=\"og:site_name\" content=\"Infoecos\" \/>\n<meta property=\"article:publisher\" content=\"https:\/\/www.facebook.com\/profile.php?id=100063200290284\" \/>\n<meta property=\"article:published_time\" content=\"2021-07-25T05:37:58+00:00\" \/>\n<meta property=\"article:modified_time\" content=\"2021-07-26T06:09:48+00:00\" \/>\n<meta property=\"og:image\" content=\"https:\/\/infoecos.com.ar\/wp-content\/uploads\/2021\/07\/eleccionesurnas.png\" \/>\n\t<meta property=\"og:image:width\" content=\"1278\" \/>\n\t<meta property=\"og:image:height\" content=\"549\" \/>\n\t<meta property=\"og:image:type\" content=\"image\/png\" \/>\n<meta name=\"author\" content=\"Jorge Matheus\" \/>\n<meta name=\"twitter:card\" content=\"summary_large_image\" \/>\n<meta name=\"twitter:creator\" content=\"@infoecos\" \/>\n<meta name=\"twitter:site\" content=\"@infoecos\" \/>\n<meta name=\"twitter:label1\" content=\"Escrito por\" \/>\n\t<meta name=\"twitter:data1\" content=\"Jorge Matheus\" \/>\n\t<meta name=\"twitter:label2\" content=\"Tiempo de lectura\" \/>\n\t<meta name=\"twitter:data2\" content=\"2 minutos\" \/>\n<script type=\"application\/ld+json\" class=\"yoast-schema-graph\">{\"@context\":\"https:\/\/schema.org\",\"@graph\":[{\"@type\":\"Article\",\"@id\":\"https:\/\/infoecos.com.ar\/index.php\/camino-a-las-paso-se-presentaron-los-precandidatos-a-diputados-nacionales-por-la-provincia-de-buenos-aires\/#article\",\"isPartOf\":{\"@id\":\"https:\/\/infoecos.com.ar\/index.php\/camino-a-las-paso-se-presentaron-los-precandidatos-a-diputados-nacionales-por-la-provincia-de-buenos-aires\/\"},\"author\":{\"name\":\"Jorge Matheus\",\"@id\":\"https:\/\/infoecos.com.ar\/#\/schema\/person\/8f5ace5ce73b4b4aac4b7245aee6f191\"},\"headline\":\"Camino a las PASO se presentaron los precandidatos a Diputados Nacionales por la provincia de Buenos Aires\",\"datePublished\":\"2021-07-25T05:37:58+00:00\",\"dateModified\":\"2021-07-26T06:09:48+00:00\",\"mainEntityOfPage\":{\"@id\":\"https:\/\/infoecos.com.ar\/index.php\/camino-a-las-paso-se-presentaron-los-precandidatos-a-diputados-nacionales-por-la-provincia-de-buenos-aires\/\"},\"wordCount\":441,\"publisher\":{\"@id\":\"https:\/\/infoecos.com.ar\/#organization\"},\"image\":{\"@id\":\"https:\/\/infoecos.com.ar\/index.php\/camino-a-las-paso-se-presentaron-los-precandidatos-a-diputados-nacionales-por-la-provincia-de-buenos-aires\/#primaryimage\"},\"thumbnailUrl\":\"https:\/\/infoecos.com.ar\/wp-content\/uploads\/2021\/07\/eleccionesurnas.png\",\"keywords\":[\"SE REALIZAR\u00c1N EN SEPTIEMBRE\"],\"articleSection\":[\"C1 N4\"],\"inLanguage\":\"es\"},{\"@type\":\"WebPage\",\"@id\":\"https:\/\/infoecos.com.ar\/index.php\/camino-a-las-paso-se-presentaron-los-precandidatos-a-diputados-nacionales-por-la-provincia-de-buenos-aires\/\",\"url\":\"https:\/\/infoecos.com.ar\/index.php\/camino-a-las-paso-se-presentaron-los-precandidatos-a-diputados-nacionales-por-la-provincia-de-buenos-aires\/\",\"name\":\"Camino a las PASO se presentaron los precandidatos a Diputados Nacionales por la provincia de Buenos Aires - Infoecos\",\"isPartOf\":{\"@id\":\"https:\/\/infoecos.com.ar\/#website\"},\"primaryImageOfPage\":{\"@id\":\"https:\/\/infoecos.com.ar\/index.php\/camino-a-las-paso-se-presentaron-los-precandidatos-a-diputados-nacionales-por-la-provincia-de-buenos-aires\/#primaryimage\"},\"image\":{\"@id\":\"https:\/\/infoecos.com.ar\/index.php\/camino-a-las-paso-se-presentaron-los-precandidatos-a-diputados-nacionales-por-la-provincia-de-buenos-aires\/#primaryimage\"},\"thumbnailUrl\":\"https:\/\/infoecos.com.ar\/wp-content\/uploads\/2021\/07\/eleccionesurnas.png\",\"datePublished\":\"2021-07-25T05:37:58+00:00\",\"dateModified\":\"2021-07-26T06:09:48+00:00\",\"breadcrumb\":{\"@id\":\"https:\/\/infoecos.com.ar\/index.php\/camino-a-las-paso-se-presentaron-los-precandidatos-a-diputados-nacionales-por-la-provincia-de-buenos-aires\/#breadcrumb\"},\"inLanguage\":\"es\",\"potentialAction\":[{\"@type\":\"ReadAction\",\"target\":[\"https:\/\/infoecos.com.ar\/index.php\/camino-a-las-paso-se-presentaron-los-precandidatos-a-diputados-nacionales-por-la-provincia-de-buenos-aires\/\"]}]},{\"@type\":\"ImageObject\",\"inLanguage\":\"es\",\"@id\":\"https:\/\/infoecos.com.ar\/index.php\/camino-a-las-paso-se-presentaron-los-precandidatos-a-diputados-nacionales-por-la-provincia-de-buenos-aires\/#primaryimage\",\"url\":\"https:\/\/infoecos.com.ar\/wp-content\/uploads\/2021\/07\/eleccionesurnas.png\",\"contentUrl\":\"https:\/\/infoecos.com.ar\/wp-content\/uploads\/2021\/07\/eleccionesurnas.png\",\"width\":1278,\"height\":549},{\"@type\":\"BreadcrumbList\",\"@id\":\"https:\/\/infoecos.com.ar\/index.php\/camino-a-las-paso-se-presentaron-los-precandidatos-a-diputados-nacionales-por-la-provincia-de-buenos-aires\/#breadcrumb\",\"itemListElement\":[{\"@type\":\"ListItem\",\"position\":1,\"name\":\"Portada\",\"item\":\"https:\/\/infoecos.com.ar\/\"},{\"@type\":\"ListItem\",\"position\":2,\"name\":\"Camino a las PASO se presentaron los precandidatos a Diputados Nacionales por la provincia de Buenos Aires\"}]},{\"@type\":\"WebSite\",\"@id\":\"https:\/\/infoecos.com.ar\/#website\",\"url\":\"https:\/\/infoecos.com.ar\/\",\"name\":\"Infoecos\",\"description\":\"Noticias de trenque lauquen y la zona\",\"publisher\":{\"@id\":\"https:\/\/infoecos.com.ar\/#organization\"},\"alternateName\":\"Noticias\",\"potentialAction\":[{\"@type\":\"SearchAction\",\"target\":{\"@type\":\"EntryPoint\",\"urlTemplate\":\"https:\/\/infoecos.com.ar\/?s={search_term_string}\"},\"query-input\":{\"@type\":\"PropertyValueSpecification\",\"valueRequired\":true,\"valueName\":\"search_term_string\"}}],\"inLanguage\":\"es\"},{\"@type\":\"Organization\",\"@id\":\"https:\/\/infoecos.com.ar\/#organization\",\"name\":\"Infoecos\",\"alternateName\":\"Noticias\",\"url\":\"https:\/\/infoecos.com.ar\/\",\"logo\":{\"@type\":\"ImageObject\",\"inLanguage\":\"es\",\"@id\":\"https:\/\/infoecos.com.ar\/#\/schema\/logo\/image\/\",\"url\":\"https:\/\/infoecos.com.ar\/wp-content\/uploads\/2024\/03\/cropped-logo.png\",\"contentUrl\":\"https:\/\/infoecos.com.ar\/wp-content\/uploads\/2024\/03\/cropped-logo.png\",\"width\":374,\"height\":90,\"caption\":\"Infoecos\"},\"image\":{\"@id\":\"https:\/\/infoecos.com.ar\/#\/schema\/logo\/image\/\"},\"sameAs\":[\"https:\/\/www.facebook.com\/profile.php?id=100063200290284\",\"https:\/\/x.com\/infoecos\"]},{\"@type\":\"Person\",\"@id\":\"https:\/\/infoecos.com.ar\/#\/schema\/person\/8f5ace5ce73b4b4aac4b7245aee6f191\",\"name\":\"Jorge Matheus\",\"url\":\"https:\/\/infoecos.com.ar\/index.php\/author\/jomatheus\/\"}]}<\/script>\n<!-- \/ Yoast SEO plugin. -->","yoast_head_json":{"title":"Camino a las PASO se presentaron los precandidatos a Diputados Nacionales por la provincia de Buenos Aires - Infoecos","robots":{"index":"index","follow":"follow","max-snippet":"max-snippet:-1","max-image-preview":"max-image-preview:large","max-video-preview":"max-video-preview:-1"},"canonical":"https:\/\/infoecos.com.ar\/index.php\/camino-a-las-paso-se-presentaron-los-precandidatos-a-diputados-nacionales-por-la-provincia-de-buenos-aires\/","og_locale":"es_ES","og_type":"article","og_title":"Camino a las PASO se presentaron los precandidatos a Diputados Nacionales por la provincia de Buenos Aires - Infoecos","og_description":"El Frente de Todos concurrir\u00e1 con una lista de unidad. \"Juntos\" que se denominaba Juntos por el Cambio tendr\u00e1 internas. La izquierda va a internas. El Frente Vamos con Vos tiene lista de Unidad.","og_url":"https:\/\/infoecos.com.ar\/index.php\/camino-a-las-paso-se-presentaron-los-precandidatos-a-diputados-nacionales-por-la-provincia-de-buenos-aires\/","og_site_name":"Infoecos","article_publisher":"https:\/\/www.facebook.com\/profile.php?id=100063200290284","article_published_time":"2021-07-25T05:37:58+00:00","article_modified_time":"2021-07-26T06:09:48+00:00","og_image":[{"width":1278,"height":549,"url":"https:\/\/infoecos.com.ar\/wp-content\/uploads\/2021\/07\/eleccionesurnas.png","type":"image\/png"}],"author":"Jorge Matheus","twitter_card":"summary_large_image","twitter_creator":"@infoecos","twitter_site":"@infoecos","twitter_misc":{"Escrito por":"Jorge Matheus","Tiempo de lectura":"2 minutos"},"schema":{"@context":"https:\/\/schema.org","@graph":[{"@type":"Article","@id":"https:\/\/infoecos.com.ar\/index.php\/camino-a-las-paso-se-presentaron-los-precandidatos-a-diputados-nacionales-por-la-provincia-de-buenos-aires\/#article","isPartOf":{"@id":"https:\/\/infoecos.com.ar\/index.php\/camino-a-las-paso-se-presentaron-los-precandidatos-a-diputados-nacionales-por-la-provincia-de-buenos-aires\/"},"author":{"name":"Jorge Matheus","@id":"https:\/\/infoecos.com.ar\/#\/schema\/person\/8f5ace5ce73b4b4aac4b7245aee6f191"},"headline":"Camino a las PASO se presentaron los precandidatos a Diputados Nacionales por la provincia de Buenos Aires","datePublished":"2021-07-25T05:37:58+00:00","dateModified":"2021-07-26T06:09:48+00:00","mainEntityOfPage":{"@id":"https:\/\/infoecos.com.ar\/index.php\/camino-a-las-paso-se-presentaron-los-precandidatos-a-diputados-nacionales-por-la-provincia-de-buenos-aires\/"},"wordCount":441,"publisher":{"@id":"https:\/\/infoecos.com.ar\/#organization"},"image":{"@id":"https:\/\/infoecos.com.ar\/index.php\/camino-a-las-paso-se-presentaron-los-precandidatos-a-diputados-nacionales-por-la-provincia-de-buenos-aires\/#primaryimage"},"thumbnailUrl":"https:\/\/infoecos.com.ar\/wp-content\/uploads\/2021\/07\/eleccionesurnas.png","keywords":["SE REALIZAR\u00c1N EN SEPTIEMBRE"],"articleSection":["C1 N4"],"inLanguage":"es"},{"@type":"WebPage","@id":"https:\/\/infoecos.com.ar\/index.php\/camino-a-las-paso-se-presentaron-los-precandidatos-a-diputados-nacionales-por-la-provincia-de-buenos-aires\/","url":"https:\/\/infoecos.com.ar\/index.php\/camino-a-las-paso-se-presentaron-los-precandidatos-a-diputados-nacionales-por-la-provincia-de-buenos-aires\/","name":"Camino a las PASO se presentaron los precandidatos a Diputados Nacionales por la provincia de Buenos Aires - Infoecos","isPartOf":{"@id":"https:\/\/infoecos.com.ar\/#website"},"primaryImageOfPage":{"@id":"https:\/\/infoecos.com.ar\/index.php\/camino-a-las-paso-se-presentaron-los-precandidatos-a-diputados-nacionales-por-la-provincia-de-buenos-aires\/#primaryimage"},"image":{"@id":"https:\/\/infoecos.com.ar\/index.php\/camino-a-las-paso-se-presentaron-los-precandidatos-a-diputados-nacionales-por-la-provincia-de-buenos-aires\/#primaryimage"},"thumbnailUrl":"https:\/\/infoecos.com.ar\/wp-content\/uploads\/2021\/07\/eleccionesurnas.png","datePublished":"2021-07-25T05:37:58+00:00","dateModified":"2021-07-26T06:09:48+00:00","breadcrumb":{"@id":"https:\/\/infoecos.com.ar\/index.php\/camino-a-las-paso-se-presentaron-los-precandidatos-a-diputados-nacionales-por-la-provincia-de-buenos-aires\/#breadcrumb"},"inLanguage":"es","potentialAction":[{"@type":"ReadAction","target":["https:\/\/infoecos.com.ar\/index.php\/camino-a-las-paso-se-presentaron-los-precandidatos-a-diputados-nacionales-por-la-provincia-de-buenos-aires\/"]}]},{"@type":"ImageObject","inLanguage":"es","@id":"https:\/\/infoecos.com.ar\/index.php\/camino-a-las-paso-se-presentaron-los-precandidatos-a-diputados-nacionales-por-la-provincia-de-buenos-aires\/#primaryimage","url":"https:\/\/infoecos.com.ar\/wp-content\/uploads\/2021\/07\/eleccionesurnas.png","contentUrl":"https:\/\/infoecos.com.ar\/wp-content\/uploads\/2021\/07\/eleccionesurnas.png","width":1278,"height":549},{"@type":"BreadcrumbList","@id":"https:\/\/infoecos.com.ar\/index.php\/camino-a-las-paso-se-presentaron-los-precandidatos-a-diputados-nacionales-por-la-provincia-de-buenos-aires\/#breadcrumb","itemListElement":[{"@type":"ListItem","position":1,"name":"Portada","item":"https:\/\/infoecos.com.ar\/"},{"@type":"ListItem","position":2,"name":"Camino a las PASO se presentaron los precandidatos a Diputados Nacionales por la provincia de Buenos Aires"}]},{"@type":"WebSite","@id":"https:\/\/infoecos.com.ar\/#website","url":"https:\/\/infoecos.com.ar\/","name":"Infoecos","description":"Noticias de trenque lauquen y la zona","publisher":{"@id":"https:\/\/infoecos.com.ar\/#organization"},"alternateName":"Noticias","potentialAction":[{"@type":"SearchAction","target":{"@type":"EntryPoint","urlTemplate":"https:\/\/infoecos.com.ar\/?s={search_term_string}"},"query-input":{"@type":"PropertyValueSpecification","valueRequired":true,"valueName":"search_term_string"}}],"inLanguage":"es"},{"@type":"Organization","@id":"https:\/\/infoecos.com.ar\/#organization","name":"Infoecos","alternateName":"Noticias","url":"https:\/\/infoecos.com.ar\/","logo":{"@type":"ImageObject","inLanguage":"es","@id":"https:\/\/infoecos.com.ar\/#\/schema\/logo\/image\/","url":"https:\/\/infoecos.com.ar\/wp-content\/uploads\/2024\/03\/cropped-logo.png","contentUrl":"https:\/\/infoecos.com.ar\/wp-content\/uploads\/2024\/03\/cropped-logo.png","width":374,"height":90,"caption":"Infoecos"},"image":{"@id":"https:\/\/infoecos.com.ar\/#\/schema\/logo\/image\/"},"sameAs":["https:\/\/www.facebook.com\/profile.php?id=100063200290284","https:\/\/x.com\/infoecos"]},{"@type":"Person","@id":"https:\/\/infoecos.com.ar\/#\/schema\/person\/8f5ace5ce73b4b4aac4b7245aee6f191","name":"Jorge Matheus","url":"https:\/\/infoecos.com.ar\/index.php\/author\/jomatheus\/"}]}},"featured_image_urls":{"full":["https:\/\/infoecos.com.ar\/wp-content\/uploads\/2021\/07\/eleccionesurnas.png",1278,549,false],"thumbnail":["https:\/\/infoecos.com.ar\/wp-content\/uploads\/2021\/07\/eleccionesurnas-150x150.png",150,150,true],"medium":["https:\/\/infoecos.com.ar\/wp-content\/uploads\/2021\/07\/eleccionesurnas-460x198.png",460,198,true],"medium_large":["https:\/\/infoecos.com.ar\/wp-content\/uploads\/2021\/07\/eleccionesurnas-768x330.png",640,275,true],"large":["https:\/\/infoecos.com.ar\/wp-content\/uploads\/2021\/07\/eleccionesurnas-920x395.png",640,275,true],"1536x1536":["https:\/\/infoecos.com.ar\/wp-content\/uploads\/2021\/07\/eleccionesurnas.png",1278,549,false],"2048x2048":["https:\/\/infoecos.com.ar\/wp-content\/uploads\/2021\/07\/eleccionesurnas.png",1278,549,false],"covernews-slider-full":["https:\/\/infoecos.com.ar\/wp-content\/uploads\/2021\/07\/eleccionesurnas.png",1115,479,false],"covernews-slider-center":["https:\/\/infoecos.com.ar\/wp-content\/uploads\/2021\/07\/eleccionesurnas-936x549.png",800,469,true],"covernews-featured":["https:\/\/infoecos.com.ar\/wp-content\/uploads\/2021\/07\/eleccionesurnas-1024x440.png",1024,440,true],"covernews-medium":["https:\/\/infoecos.com.ar\/wp-content\/uploads\/2021\/07\/eleccionesurnas-720x380.png",540,285,true],"covernews-medium-square":["https:\/\/infoecos.com.ar\/wp-content\/uploads\/2021\/07\/eleccionesurnas-675x450.png",375,250,true]},"author_info":{"info":["Jorge Matheus"]},"category_info":"<a href=\"https:\/\/infoecos.com.ar\/index.php\/category\/c1nota4\/\" rel=\"category tag\">C1 N4<\/a>","tag_info":"C1 N4","comment_count":"0","_links":{"self":[{"href":"https:\/\/infoecos.com.ar\/index.php\/wp-json\/wp\/v2\/posts\/81969"}],"collection":[{"href":"https:\/\/infoecos.com.ar\/index.php\/wp-json\/wp\/v2\/posts"}],"about":[{"href":"https:\/\/infoecos.com.ar\/index.php\/wp-json\/wp\/v2\/types\/post"}],"author":[{"embeddable":true,"href":"https:\/\/infoecos.com.ar\/index.php\/wp-json\/wp\/v2\/users\/2"}],"replies":[{"embeddable":true,"href":"https:\/\/infoecos.com.ar\/index.php\/wp-json\/wp\/v2\/comments?post=81969"}],"version-history":[{"count":2,"href":"https:\/\/infoecos.com.ar\/index.php\/wp-json\/wp\/v2\/posts\/81969\/revisions"}],"predecessor-version":[{"id":82032,"href":"https:\/\/infoecos.com.ar\/index.php\/wp-json\/wp\/v2\/posts\/81969\/revisions\/82032"}],"wp:featuredmedia":[{"embeddable":true,"href":"https:\/\/infoecos.com.ar\/index.php\/wp-json\/wp\/v2\/media\/81973"}],"wp:attachment":[{"href":"https:\/\/infoecos.com.ar\/index.php\/wp-json\/wp\/v2\/media?parent=81969"}],"wp:term":[{"taxonomy":"category","embeddable":true,"href":"https:\/\/infoecos.com.ar\/index.php\/wp-json\/wp\/v2\/categories?post=81969"},{"taxonomy":"post_tag","embeddable":true,"href":"https:\/\/infoecos.com.ar\/index.php\/wp-json\/wp\/v2\/tags?post=81969"}],"curies":[{"name":"wp","href":"https:\/\/api.w.org\/{rel}","templated":true}]}}