{"id":81975,"date":"2021-07-25T03:00:19","date_gmt":"2021-07-25T06:00:19","guid":{"rendered":"http:\/\/infoecos.com.ar\/?p=81975"},"modified":"2021-07-27T04:02:54","modified_gmt":"2021-07-27T07:02:54","slug":"walter-torchio-encabeza-la-lista-de-precandidatos-a-senadores-de-la-cuarta-seccion-por-el-frente-de-todos","status":"publish","type":"post","link":"https:\/\/infoecos.com.ar\/index.php\/walter-torchio-encabeza-la-lista-de-precandidatos-a-senadores-de-la-cuarta-seccion-por-el-frente-de-todos\/","title":{"rendered":"Internas del FDT para senadores en la 4\u00b0 Secci\u00f3n: Torchio y Michelli. Unidad en la 6\u00b0:  encabeza Alejandro Dichiara"},"content":{"rendered":"\n<p>Una de las listas de candidatos a senadores provinciales por el Frente de Todos en la cuarta secci\u00f3n electoral ser\u00e1 encabezada por el intendente de Carlos Casares, Walter Torchio. Lo habr\u00e1n de secundar Malena Defunchio, camporista de 9 de Julio;  Juanci Mart\u00ednez, del Frente Renovador de Rivadavia; Daniel Aguilera; Ariel Scolari de Alberti; Laura Oliva de Jun\u00edn y Jorge Carpineti del sindicalismo. Logr\u00f3 el objetivo de poder presentarse el gremialista Pablo Michelli. Alcanz\u00f3 todos los avales que le exig\u00eda la Junta Electoral. Encabezar\u00e1 la lista secundado en los primeros lugares por Andrea Buceta y Pedro Ben\u00edtez.<\/p>\n\n\n\n<div class=\"wp-block-image is-style-default\"><figure class=\"aligncenter size-medium\"><img loading=\"lazy\" decoding=\"async\" width=\"1029\" height=\"683\" src=\"http:\/\/infoecos.com.ar\/wp-content\/uploads\/2021\/01\/5-460x305.jpg\" alt=\"\" class=\"wp-image-72413\" srcset=\"https:\/\/infoecos.com.ar\/wp-content\/uploads\/2021\/01\/5-460x305.jpg 460w, https:\/\/infoecos.com.ar\/wp-content\/uploads\/2021\/01\/5-920x611.jpg 920w, https:\/\/infoecos.com.ar\/wp-content\/uploads\/2021\/01\/5-768x510.jpg 768w, https:\/\/infoecos.com.ar\/wp-content\/uploads\/2021\/01\/5-1024x680.jpg 1024w, https:\/\/infoecos.com.ar\/wp-content\/uploads\/2021\/01\/5.jpg 1029w\" sizes=\"(max-width: 1029px) 100vw, 1029px\" \/><\/figure><\/div>\n\n\n\n<p>Logr\u00f3 el objetivo de poder presentarse por el Frente de Todos en la cuarta secci\u00f3n, el gremialista Pablo Michelli. Alcanz\u00f3 todos los avales que le exig\u00eda la Junta Electoral. Encabezar\u00e1 la lista secundado en los primeros lugares por Andrea Buceta y Pedro Ben\u00edtez. En el d\u00e9cimo cuarto lugar est\u00e1 inscripta Mar\u00eda Agustina Martino, militante del peronismo de Trenque Lauquen.<\/p>\n\n\n\n<div class=\"wp-block-image is-style-default\"><figure class=\"aligncenter size-medium\"><img loading=\"lazy\" decoding=\"async\" width=\"460\" height=\"460\" src=\"http:\/\/infoecos.com.ar\/wp-content\/uploads\/2021\/07\/castrillonymichelli-460x460.jpg\" alt=\"\" class=\"wp-image-81538\" srcset=\"https:\/\/infoecos.com.ar\/wp-content\/uploads\/2021\/07\/castrillonymichelli-460x460.jpg 460w, https:\/\/infoecos.com.ar\/wp-content\/uploads\/2021\/07\/castrillonymichelli-150x150.jpg 150w, https:\/\/infoecos.com.ar\/wp-content\/uploads\/2021\/07\/castrillonymichelli-768x768.jpg 768w, https:\/\/infoecos.com.ar\/wp-content\/uploads\/2021\/07\/castrillonymichelli.jpg 774w\" sizes=\"(max-width: 460px) 100vw, 460px\" \/><\/figure><\/div>\n\n\n\n<p>En la sexta secci\u00f3n electoral donde se eligen diputados la lista ser\u00e1 encabezada por Alejandro Dichiara, actual  intendente de Monte Hermoso. Lo seguir\u00e1n en los primeros lugares Maite Alvado camporista, Directora de Asociaciones Civiles y Mutuales del ministerio de Justicia; Carlos Cuto Moreno hombre de Kicillof de Tres Arroyos; Carlos Battista de Pellegrini por el Frente Renovador; Camila Lorenzo camporista de de Bah\u00eda Blanca y Carlos Quiroga de Bah\u00eda Blanca, periodista y del ri\u00f1\u00f3n del Frente de Todos. <\/p>\n\n\n\n<div class=\"wp-block-image is-style-default\"><figure class=\"aligncenter size-medium\"><img loading=\"lazy\" decoding=\"async\" width=\"460\" height=\"258\" src=\"http:\/\/infoecos.com.ar\/wp-content\/uploads\/20200318133737_intendente-460x258.jpg\" alt=\"\" class=\"wp-image-59227\" srcset=\"https:\/\/infoecos.com.ar\/wp-content\/uploads\/20200318133737_intendente-460x258.jpg 460w, https:\/\/infoecos.com.ar\/wp-content\/uploads\/20200318133737_intendente-768x430.jpg 768w, https:\/\/infoecos.com.ar\/wp-content\/uploads\/20200318133737_intendente.jpg 880w\" sizes=\"(max-width: 460px) 100vw, 460px\" \/><figcaption>Dichiara, Alejandro<\/figcaption><\/figure><\/div>\n","protected":false},"excerpt":{"rendered":"<p>En la sexta secci\u00f3n electoral donde se eligen diputados la lista ser\u00e1 encabezada por Alejandro Dichiara, actual  intendente de Monte Hermoso<\/p>\n","protected":false},"author":2,"featured_media":72413,"comment_status":"closed","ping_status":"open","sticky":false,"template":"","format":"standard","meta":{"footnotes":""},"categories":[1323],"tags":[4385],"class_list":["post-81975","post","type-post","status-publish","format-standard","has-post-thumbnail","hentry","category-c2nota5","tag-cuarta-y-sexta-seccion"],"yoast_head":"<!-- This site is optimized with the Yoast SEO plugin v23.4 - https:\/\/yoast.com\/wordpress\/plugins\/seo\/ -->\n<title>Internas del FDT para senadores en la 4\u00b0 Secci\u00f3n: Torchio y Michelli. Unidad en la 6\u00b0: encabeza Alejandro Dichiara - Infoecos<\/title>\n<meta name=\"robots\" content=\"index, follow, max-snippet:-1, max-image-preview:large, max-video-preview:-1\" \/>\n<link rel=\"canonical\" href=\"https:\/\/infoecos.com.ar\/index.php\/walter-torchio-encabeza-la-lista-de-precandidatos-a-senadores-de-la-cuarta-seccion-por-el-frente-de-todos\/\" \/>\n<meta property=\"og:locale\" content=\"es_ES\" \/>\n<meta property=\"og:type\" content=\"article\" \/>\n<meta property=\"og:title\" content=\"Internas del FDT para senadores en la 4\u00b0 Secci\u00f3n: Torchio y Michelli. Unidad en la 6\u00b0: encabeza Alejandro Dichiara - Infoecos\" \/>\n<meta property=\"og:description\" content=\"En la sexta secci\u00f3n electoral donde se eligen diputados la lista ser\u00e1 encabezada por Alejandro Dichiara, actual intendente de Monte Hermoso\" \/>\n<meta property=\"og:url\" content=\"https:\/\/infoecos.com.ar\/index.php\/walter-torchio-encabeza-la-lista-de-precandidatos-a-senadores-de-la-cuarta-seccion-por-el-frente-de-todos\/\" \/>\n<meta property=\"og:site_name\" content=\"Infoecos\" \/>\n<meta property=\"article:publisher\" content=\"https:\/\/www.facebook.com\/profile.php?id=100063200290284\" \/>\n<meta property=\"article:published_time\" content=\"2021-07-25T06:00:19+00:00\" \/>\n<meta property=\"article:modified_time\" content=\"2021-07-27T07:02:54+00:00\" \/>\n<meta property=\"og:image\" content=\"https:\/\/infoecos.com.ar\/wp-content\/uploads\/2021\/01\/5.jpg\" \/>\n\t<meta property=\"og:image:width\" content=\"1029\" \/>\n\t<meta property=\"og:image:height\" content=\"683\" \/>\n\t<meta property=\"og:image:type\" content=\"image\/jpeg\" \/>\n<meta name=\"author\" content=\"Jorge Matheus\" \/>\n<meta name=\"twitter:card\" content=\"summary_large_image\" \/>\n<meta name=\"twitter:creator\" content=\"@infoecos\" \/>\n<meta name=\"twitter:site\" content=\"@infoecos\" \/>\n<meta name=\"twitter:label1\" content=\"Escrito por\" \/>\n\t<meta name=\"twitter:data1\" content=\"Jorge Matheus\" \/>\n\t<meta name=\"twitter:label2\" content=\"Tiempo de lectura\" \/>\n\t<meta name=\"twitter:data2\" content=\"1 minuto\" \/>\n<script type=\"application\/ld+json\" class=\"yoast-schema-graph\">{\"@context\":\"https:\/\/schema.org\",\"@graph\":[{\"@type\":\"Article\",\"@id\":\"https:\/\/infoecos.com.ar\/index.php\/walter-torchio-encabeza-la-lista-de-precandidatos-a-senadores-de-la-cuarta-seccion-por-el-frente-de-todos\/#article\",\"isPartOf\":{\"@id\":\"https:\/\/infoecos.com.ar\/index.php\/walter-torchio-encabeza-la-lista-de-precandidatos-a-senadores-de-la-cuarta-seccion-por-el-frente-de-todos\/\"},\"author\":{\"name\":\"Jorge Matheus\",\"@id\":\"https:\/\/infoecos.com.ar\/#\/schema\/person\/8f5ace5ce73b4b4aac4b7245aee6f191\"},\"headline\":\"Internas del FDT para senadores en la 4\u00b0 Secci\u00f3n: Torchio y Michelli. Unidad en la 6\u00b0: encabeza Alejandro Dichiara\",\"datePublished\":\"2021-07-25T06:00:19+00:00\",\"dateModified\":\"2021-07-27T07:02:54+00:00\",\"mainEntityOfPage\":{\"@id\":\"https:\/\/infoecos.com.ar\/index.php\/walter-torchio-encabeza-la-lista-de-precandidatos-a-senadores-de-la-cuarta-seccion-por-el-frente-de-todos\/\"},\"wordCount\":268,\"publisher\":{\"@id\":\"https:\/\/infoecos.com.ar\/#organization\"},\"image\":{\"@id\":\"https:\/\/infoecos.com.ar\/index.php\/walter-torchio-encabeza-la-lista-de-precandidatos-a-senadores-de-la-cuarta-seccion-por-el-frente-de-todos\/#primaryimage\"},\"thumbnailUrl\":\"https:\/\/infoecos.com.ar\/wp-content\/uploads\/2021\/01\/5.jpg\",\"keywords\":[\"cuarta y sexta secci\u00f3n\"],\"articleSection\":[\"C2 N5\"],\"inLanguage\":\"es\"},{\"@type\":\"WebPage\",\"@id\":\"https:\/\/infoecos.com.ar\/index.php\/walter-torchio-encabeza-la-lista-de-precandidatos-a-senadores-de-la-cuarta-seccion-por-el-frente-de-todos\/\",\"url\":\"https:\/\/infoecos.com.ar\/index.php\/walter-torchio-encabeza-la-lista-de-precandidatos-a-senadores-de-la-cuarta-seccion-por-el-frente-de-todos\/\",\"name\":\"Internas del FDT para senadores en la 4\u00b0 Secci\u00f3n: Torchio y Michelli. Unidad en la 6\u00b0: encabeza Alejandro Dichiara - Infoecos\",\"isPartOf\":{\"@id\":\"https:\/\/infoecos.com.ar\/#website\"},\"primaryImageOfPage\":{\"@id\":\"https:\/\/infoecos.com.ar\/index.php\/walter-torchio-encabeza-la-lista-de-precandidatos-a-senadores-de-la-cuarta-seccion-por-el-frente-de-todos\/#primaryimage\"},\"image\":{\"@id\":\"https:\/\/infoecos.com.ar\/index.php\/walter-torchio-encabeza-la-lista-de-precandidatos-a-senadores-de-la-cuarta-seccion-por-el-frente-de-todos\/#primaryimage\"},\"thumbnailUrl\":\"https:\/\/infoecos.com.ar\/wp-content\/uploads\/2021\/01\/5.jpg\",\"datePublished\":\"2021-07-25T06:00:19+00:00\",\"dateModified\":\"2021-07-27T07:02:54+00:00\",\"breadcrumb\":{\"@id\":\"https:\/\/infoecos.com.ar\/index.php\/walter-torchio-encabeza-la-lista-de-precandidatos-a-senadores-de-la-cuarta-seccion-por-el-frente-de-todos\/#breadcrumb\"},\"inLanguage\":\"es\",\"potentialAction\":[{\"@type\":\"ReadAction\",\"target\":[\"https:\/\/infoecos.com.ar\/index.php\/walter-torchio-encabeza-la-lista-de-precandidatos-a-senadores-de-la-cuarta-seccion-por-el-frente-de-todos\/\"]}]},{\"@type\":\"ImageObject\",\"inLanguage\":\"es\",\"@id\":\"https:\/\/infoecos.com.ar\/index.php\/walter-torchio-encabeza-la-lista-de-precandidatos-a-senadores-de-la-cuarta-seccion-por-el-frente-de-todos\/#primaryimage\",\"url\":\"https:\/\/infoecos.com.ar\/wp-content\/uploads\/2021\/01\/5.jpg\",\"contentUrl\":\"https:\/\/infoecos.com.ar\/wp-content\/uploads\/2021\/01\/5.jpg\",\"width\":1029,\"height\":683},{\"@type\":\"BreadcrumbList\",\"@id\":\"https:\/\/infoecos.com.ar\/index.php\/walter-torchio-encabeza-la-lista-de-precandidatos-a-senadores-de-la-cuarta-seccion-por-el-frente-de-todos\/#breadcrumb\",\"itemListElement\":[{\"@type\":\"ListItem\",\"position\":1,\"name\":\"Portada\",\"item\":\"https:\/\/infoecos.com.ar\/\"},{\"@type\":\"ListItem\",\"position\":2,\"name\":\"Internas del FDT para senadores en la 4\u00b0 Secci\u00f3n: Torchio y Michelli. Unidad en la 6\u00b0: encabeza Alejandro Dichiara\"}]},{\"@type\":\"WebSite\",\"@id\":\"https:\/\/infoecos.com.ar\/#website\",\"url\":\"https:\/\/infoecos.com.ar\/\",\"name\":\"Infoecos\",\"description\":\"Noticias de trenque lauquen y la zona\",\"publisher\":{\"@id\":\"https:\/\/infoecos.com.ar\/#organization\"},\"alternateName\":\"Noticias\",\"potentialAction\":[{\"@type\":\"SearchAction\",\"target\":{\"@type\":\"EntryPoint\",\"urlTemplate\":\"https:\/\/infoecos.com.ar\/?s={search_term_string}\"},\"query-input\":{\"@type\":\"PropertyValueSpecification\",\"valueRequired\":true,\"valueName\":\"search_term_string\"}}],\"inLanguage\":\"es\"},{\"@type\":\"Organization\",\"@id\":\"https:\/\/infoecos.com.ar\/#organization\",\"name\":\"Infoecos\",\"alternateName\":\"Noticias\",\"url\":\"https:\/\/infoecos.com.ar\/\",\"logo\":{\"@type\":\"ImageObject\",\"inLanguage\":\"es\",\"@id\":\"https:\/\/infoecos.com.ar\/#\/schema\/logo\/image\/\",\"url\":\"https:\/\/infoecos.com.ar\/wp-content\/uploads\/2024\/03\/cropped-logo.png\",\"contentUrl\":\"https:\/\/infoecos.com.ar\/wp-content\/uploads\/2024\/03\/cropped-logo.png\",\"width\":374,\"height\":90,\"caption\":\"Infoecos\"},\"image\":{\"@id\":\"https:\/\/infoecos.com.ar\/#\/schema\/logo\/image\/\"},\"sameAs\":[\"https:\/\/www.facebook.com\/profile.php?id=100063200290284\",\"https:\/\/x.com\/infoecos\"]},{\"@type\":\"Person\",\"@id\":\"https:\/\/infoecos.com.ar\/#\/schema\/person\/8f5ace5ce73b4b4aac4b7245aee6f191\",\"name\":\"Jorge Matheus\",\"url\":\"https:\/\/infoecos.com.ar\/index.php\/author\/jomatheus\/\"}]}<\/script>\n<!-- \/ Yoast SEO plugin. -->","yoast_head_json":{"title":"Internas del FDT para senadores en la 4\u00b0 Secci\u00f3n: Torchio y Michelli. Unidad en la 6\u00b0: encabeza Alejandro Dichiara - Infoecos","robots":{"index":"index","follow":"follow","max-snippet":"max-snippet:-1","max-image-preview":"max-image-preview:large","max-video-preview":"max-video-preview:-1"},"canonical":"https:\/\/infoecos.com.ar\/index.php\/walter-torchio-encabeza-la-lista-de-precandidatos-a-senadores-de-la-cuarta-seccion-por-el-frente-de-todos\/","og_locale":"es_ES","og_type":"article","og_title":"Internas del FDT para senadores en la 4\u00b0 Secci\u00f3n: Torchio y Michelli. Unidad en la 6\u00b0: encabeza Alejandro Dichiara - Infoecos","og_description":"En la sexta secci\u00f3n electoral donde se eligen diputados la lista ser\u00e1 encabezada por Alejandro Dichiara, actual intendente de Monte Hermoso","og_url":"https:\/\/infoecos.com.ar\/index.php\/walter-torchio-encabeza-la-lista-de-precandidatos-a-senadores-de-la-cuarta-seccion-por-el-frente-de-todos\/","og_site_name":"Infoecos","article_publisher":"https:\/\/www.facebook.com\/profile.php?id=100063200290284","article_published_time":"2021-07-25T06:00:19+00:00","article_modified_time":"2021-07-27T07:02:54+00:00","og_image":[{"width":1029,"height":683,"url":"https:\/\/infoecos.com.ar\/wp-content\/uploads\/2021\/01\/5.jpg","type":"image\/jpeg"}],"author":"Jorge Matheus","twitter_card":"summary_large_image","twitter_creator":"@infoecos","twitter_site":"@infoecos","twitter_misc":{"Escrito por":"Jorge Matheus","Tiempo de lectura":"1 minuto"},"schema":{"@context":"https:\/\/schema.org","@graph":[{"@type":"Article","@id":"https:\/\/infoecos.com.ar\/index.php\/walter-torchio-encabeza-la-lista-de-precandidatos-a-senadores-de-la-cuarta-seccion-por-el-frente-de-todos\/#article","isPartOf":{"@id":"https:\/\/infoecos.com.ar\/index.php\/walter-torchio-encabeza-la-lista-de-precandidatos-a-senadores-de-la-cuarta-seccion-por-el-frente-de-todos\/"},"author":{"name":"Jorge Matheus","@id":"https:\/\/infoecos.com.ar\/#\/schema\/person\/8f5ace5ce73b4b4aac4b7245aee6f191"},"headline":"Internas del FDT para senadores en la 4\u00b0 Secci\u00f3n: Torchio y Michelli. Unidad en la 6\u00b0: encabeza Alejandro Dichiara","datePublished":"2021-07-25T06:00:19+00:00","dateModified":"2021-07-27T07:02:54+00:00","mainEntityOfPage":{"@id":"https:\/\/infoecos.com.ar\/index.php\/walter-torchio-encabeza-la-lista-de-precandidatos-a-senadores-de-la-cuarta-seccion-por-el-frente-de-todos\/"},"wordCount":268,"publisher":{"@id":"https:\/\/infoecos.com.ar\/#organization"},"image":{"@id":"https:\/\/infoecos.com.ar\/index.php\/walter-torchio-encabeza-la-lista-de-precandidatos-a-senadores-de-la-cuarta-seccion-por-el-frente-de-todos\/#primaryimage"},"thumbnailUrl":"https:\/\/infoecos.com.ar\/wp-content\/uploads\/2021\/01\/5.jpg","keywords":["cuarta y sexta secci\u00f3n"],"articleSection":["C2 N5"],"inLanguage":"es"},{"@type":"WebPage","@id":"https:\/\/infoecos.com.ar\/index.php\/walter-torchio-encabeza-la-lista-de-precandidatos-a-senadores-de-la-cuarta-seccion-por-el-frente-de-todos\/","url":"https:\/\/infoecos.com.ar\/index.php\/walter-torchio-encabeza-la-lista-de-precandidatos-a-senadores-de-la-cuarta-seccion-por-el-frente-de-todos\/","name":"Internas del FDT para senadores en la 4\u00b0 Secci\u00f3n: Torchio y Michelli. Unidad en la 6\u00b0: encabeza Alejandro Dichiara - Infoecos","isPartOf":{"@id":"https:\/\/infoecos.com.ar\/#website"},"primaryImageOfPage":{"@id":"https:\/\/infoecos.com.ar\/index.php\/walter-torchio-encabeza-la-lista-de-precandidatos-a-senadores-de-la-cuarta-seccion-por-el-frente-de-todos\/#primaryimage"},"image":{"@id":"https:\/\/infoecos.com.ar\/index.php\/walter-torchio-encabeza-la-lista-de-precandidatos-a-senadores-de-la-cuarta-seccion-por-el-frente-de-todos\/#primaryimage"},"thumbnailUrl":"https:\/\/infoecos.com.ar\/wp-content\/uploads\/2021\/01\/5.jpg","datePublished":"2021-07-25T06:00:19+00:00","dateModified":"2021-07-27T07:02:54+00:00","breadcrumb":{"@id":"https:\/\/infoecos.com.ar\/index.php\/walter-torchio-encabeza-la-lista-de-precandidatos-a-senadores-de-la-cuarta-seccion-por-el-frente-de-todos\/#breadcrumb"},"inLanguage":"es","potentialAction":[{"@type":"ReadAction","target":["https:\/\/infoecos.com.ar\/index.php\/walter-torchio-encabeza-la-lista-de-precandidatos-a-senadores-de-la-cuarta-seccion-por-el-frente-de-todos\/"]}]},{"@type":"ImageObject","inLanguage":"es","@id":"https:\/\/infoecos.com.ar\/index.php\/walter-torchio-encabeza-la-lista-de-precandidatos-a-senadores-de-la-cuarta-seccion-por-el-frente-de-todos\/#primaryimage","url":"https:\/\/infoecos.com.ar\/wp-content\/uploads\/2021\/01\/5.jpg","contentUrl":"https:\/\/infoecos.com.ar\/wp-content\/uploads\/2021\/01\/5.jpg","width":1029,"height":683},{"@type":"BreadcrumbList","@id":"https:\/\/infoecos.com.ar\/index.php\/walter-torchio-encabeza-la-lista-de-precandidatos-a-senadores-de-la-cuarta-seccion-por-el-frente-de-todos\/#breadcrumb","itemListElement":[{"@type":"ListItem","position":1,"name":"Portada","item":"https:\/\/infoecos.com.ar\/"},{"@type":"ListItem","position":2,"name":"Internas del FDT para senadores en la 4\u00b0 Secci\u00f3n: Torchio y Michelli. Unidad en la 6\u00b0: encabeza Alejandro Dichiara"}]},{"@type":"WebSite","@id":"https:\/\/infoecos.com.ar\/#website","url":"https:\/\/infoecos.com.ar\/","name":"Infoecos","description":"Noticias de trenque lauquen y la zona","publisher":{"@id":"https:\/\/infoecos.com.ar\/#organization"},"alternateName":"Noticias","potentialAction":[{"@type":"SearchAction","target":{"@type":"EntryPoint","urlTemplate":"https:\/\/infoecos.com.ar\/?s={search_term_string}"},"query-input":{"@type":"PropertyValueSpecification","valueRequired":true,"valueName":"search_term_string"}}],"inLanguage":"es"},{"@type":"Organization","@id":"https:\/\/infoecos.com.ar\/#organization","name":"Infoecos","alternateName":"Noticias","url":"https:\/\/infoecos.com.ar\/","logo":{"@type":"ImageObject","inLanguage":"es","@id":"https:\/\/infoecos.com.ar\/#\/schema\/logo\/image\/","url":"https:\/\/infoecos.com.ar\/wp-content\/uploads\/2024\/03\/cropped-logo.png","contentUrl":"https:\/\/infoecos.com.ar\/wp-content\/uploads\/2024\/03\/cropped-logo.png","width":374,"height":90,"caption":"Infoecos"},"image":{"@id":"https:\/\/infoecos.com.ar\/#\/schema\/logo\/image\/"},"sameAs":["https:\/\/www.facebook.com\/profile.php?id=100063200290284","https:\/\/x.com\/infoecos"]},{"@type":"Person","@id":"https:\/\/infoecos.com.ar\/#\/schema\/person\/8f5ace5ce73b4b4aac4b7245aee6f191","name":"Jorge Matheus","url":"https:\/\/infoecos.com.ar\/index.php\/author\/jomatheus\/"}]}},"featured_image_urls":{"full":["https:\/\/infoecos.com.ar\/wp-content\/uploads\/2021\/01\/5.jpg",1029,683,false],"thumbnail":["https:\/\/infoecos.com.ar\/wp-content\/uploads\/2021\/01\/5-150x150.jpg",150,150,true],"medium":["https:\/\/infoecos.com.ar\/wp-content\/uploads\/2021\/01\/5-460x305.jpg",460,305,true],"medium_large":["https:\/\/infoecos.com.ar\/wp-content\/uploads\/2021\/01\/5-768x510.jpg",640,425,true],"large":["https:\/\/infoecos.com.ar\/wp-content\/uploads\/2021\/01\/5-920x611.jpg",640,425,true],"1536x1536":["https:\/\/infoecos.com.ar\/wp-content\/uploads\/2021\/01\/5.jpg",1029,683,false],"2048x2048":["https:\/\/infoecos.com.ar\/wp-content\/uploads\/2021\/01\/5.jpg",1029,683,false],"covernews-slider-full":["https:\/\/infoecos.com.ar\/wp-content\/uploads\/2021\/01\/5.jpg",1029,683,false],"covernews-slider-center":["https:\/\/infoecos.com.ar\/wp-content\/uploads\/2021\/01\/5-936x683.jpg",685,500,true],"covernews-featured":["https:\/\/infoecos.com.ar\/wp-content\/uploads\/2021\/01\/5-1024x680.jpg",1024,680,true],"covernews-medium":["https:\/\/infoecos.com.ar\/wp-content\/uploads\/2021\/01\/5-720x380.jpg",540,285,true],"covernews-medium-square":["https:\/\/infoecos.com.ar\/wp-content\/uploads\/2021\/01\/5-675x450.jpg",375,250,true]},"author_info":{"info":["Jorge Matheus"]},"category_info":"<a href=\"https:\/\/infoecos.com.ar\/index.php\/category\/c2nota5\/\" rel=\"category tag\">C2 N5<\/a>","tag_info":"C2 N5","comment_count":"0","_links":{"self":[{"href":"https:\/\/infoecos.com.ar\/index.php\/wp-json\/wp\/v2\/posts\/81975"}],"collection":[{"href":"https:\/\/infoecos.com.ar\/index.php\/wp-json\/wp\/v2\/posts"}],"about":[{"href":"https:\/\/infoecos.com.ar\/index.php\/wp-json\/wp\/v2\/types\/post"}],"author":[{"embeddable":true,"href":"https:\/\/infoecos.com.ar\/index.php\/wp-json\/wp\/v2\/users\/2"}],"replies":[{"embeddable":true,"href":"https:\/\/infoecos.com.ar\/index.php\/wp-json\/wp\/v2\/comments?post=81975"}],"version-history":[{"count":4,"href":"https:\/\/infoecos.com.ar\/index.php\/wp-json\/wp\/v2\/posts\/81975\/revisions"}],"predecessor-version":[{"id":82020,"href":"https:\/\/infoecos.com.ar\/index.php\/wp-json\/wp\/v2\/posts\/81975\/revisions\/82020"}],"wp:featuredmedia":[{"embeddable":true,"href":"https:\/\/infoecos.com.ar\/index.php\/wp-json\/wp\/v2\/media\/72413"}],"wp:attachment":[{"href":"https:\/\/infoecos.com.ar\/index.php\/wp-json\/wp\/v2\/media?parent=81975"}],"wp:term":[{"taxonomy":"category","embeddable":true,"href":"https:\/\/infoecos.com.ar\/index.php\/wp-json\/wp\/v2\/categories?post=81975"},{"taxonomy":"post_tag","embeddable":true,"href":"https:\/\/infoecos.com.ar\/index.php\/wp-json\/wp\/v2\/tags?post=81975"}],"curies":[{"name":"wp","href":"https:\/\/api.w.org\/{rel}","templated":true}]}}