{"id":81983,"date":"2021-07-25T03:27:04","date_gmt":"2021-07-25T06:27:04","guid":{"rendered":"http:\/\/infoecos.com.ar\/?p=81983"},"modified":"2021-07-27T03:59:33","modified_gmt":"2021-07-27T06:59:33","slug":"ariel-franetovich-encabezara-la-lista-de-precandidatos-a-senadores-provinciales-de-florencio-randazzo","status":"publish","type":"post","link":"https:\/\/infoecos.com.ar\/index.php\/ariel-franetovich-encabezara-la-lista-de-precandidatos-a-senadores-provinciales-de-florencio-randazzo\/","title":{"rendered":"\u00abVamos con Vos\u00bb presenta lista en Trenque Lauquen: encabeza Ignacio Sabando y Juan Pablo Ripamonti candidato a senador"},"content":{"rendered":"\n<p>Ariel Franetovich, ex intendente municipal de Chivilcoy, encabezar\u00e1 la lista de precandidatos a senadores provinciales por Vamos con Vos que lidera Florencio Randazzo.<\/p>\n\n\n\n<div class=\"wp-block-image is-style-default\"><figure class=\"aligncenter size-large\"><img decoding=\"async\" src=\"http:\/\/infoecos.com.ar\/wp-content\/uploads\/frane-e1504237156649.jpg\" alt=\"\" class=\"wp-image-41495\"\/><figcaption>Franetovich, Ariel<\/figcaption><\/figure><\/div>\n\n\n\n<p>En segundo lugar ir\u00e1 Roc\u00edo Giaccone de Jun\u00edn, ex diputada provincial.<\/p>\n\n\n\n<p>Se confirm\u00f3 el domingo que Juan Pablo Ripamonti de Trenque Lauquen ir\u00e1 en el tercer lugar.<\/p>\n\n\n\n<div class=\"wp-block-image is-style-default\"><figure class=\"aligncenter size-large\"><img decoding=\"async\" src=\"http:\/\/infoecos.com.ar\/wp-content\/uploads\/13590313_1207611072585264_141444595434108023_n-e1507853034920.jpg\" alt=\"\" class=\"wp-image-26158\"\/><figcaption>Ripamonti, Juan Pablo<\/figcaption><\/figure><\/div>\n\n\n\n<p>&nbsp;La lista de candidatos a concejales en Trenque Lauquen ser\u00e1 encabezada por el odont\u00f3logo Ignacio Sabando, secundado por Aldana Zarria y Mariano Luzzi.<\/p>\n","protected":false},"excerpt":{"rendered":"<p>Se confirm\u00f3 lo del abogado y pol\u00edtico trenquelauquense el domingo en horas de la ma\u00f1ana, una vez conocida la lista completa<\/p>\n","protected":false},"author":2,"featured_media":39092,"comment_status":"closed","ping_status":"open","sticky":false,"template":"","format":"standard","meta":{"footnotes":""},"categories":[199],"tags":[1139],"class_list":["post-81983","post","type-post","status-publish","format-standard","has-post-thumbnail","hentry","category-inferior7","tag-cuarta-seccion-electoral"],"yoast_head":"<!-- This site is optimized with the Yoast SEO plugin v23.4 - https:\/\/yoast.com\/wordpress\/plugins\/seo\/ -->\n<title>&quot;Vamos con Vos&quot; presenta lista en Trenque Lauquen: encabeza Ignacio Sabando y Juan Pablo Ripamonti candidato a senador - Infoecos<\/title>\n<meta name=\"robots\" content=\"index, follow, max-snippet:-1, max-image-preview:large, max-video-preview:-1\" \/>\n<link rel=\"canonical\" href=\"https:\/\/infoecos.com.ar\/index.php\/ariel-franetovich-encabezara-la-lista-de-precandidatos-a-senadores-provinciales-de-florencio-randazzo\/\" \/>\n<meta property=\"og:locale\" content=\"es_ES\" \/>\n<meta property=\"og:type\" content=\"article\" \/>\n<meta property=\"og:title\" content=\"&quot;Vamos con Vos&quot; presenta lista en Trenque Lauquen: encabeza Ignacio Sabando y Juan Pablo Ripamonti candidato a senador - Infoecos\" \/>\n<meta property=\"og:description\" content=\"Se confirm\u00f3 lo del abogado y pol\u00edtico trenquelauquense el domingo en horas de la ma\u00f1ana, una vez conocida la lista completa\" \/>\n<meta property=\"og:url\" content=\"https:\/\/infoecos.com.ar\/index.php\/ariel-franetovich-encabezara-la-lista-de-precandidatos-a-senadores-provinciales-de-florencio-randazzo\/\" \/>\n<meta property=\"og:site_name\" content=\"Infoecos\" \/>\n<meta property=\"article:publisher\" content=\"https:\/\/www.facebook.com\/profile.php?id=100063200290284\" \/>\n<meta property=\"article:published_time\" content=\"2021-07-25T06:27:04+00:00\" \/>\n<meta property=\"article:modified_time\" content=\"2021-07-27T06:59:33+00:00\" \/>\n<meta property=\"og:image\" content=\"https:\/\/infoecos.com.ar\/wp-content\/uploads\/20106776_325762797861951_662004765623614076_n.jpg\" \/>\n\t<meta property=\"og:image:width\" content=\"640\" \/>\n\t<meta property=\"og:image:height\" content=\"480\" \/>\n\t<meta property=\"og:image:type\" content=\"image\/jpeg\" \/>\n<meta name=\"author\" content=\"Jorge Matheus\" \/>\n<meta name=\"twitter:card\" content=\"summary_large_image\" \/>\n<meta name=\"twitter:creator\" content=\"@infoecos\" \/>\n<meta name=\"twitter:site\" content=\"@infoecos\" \/>\n<meta name=\"twitter:label1\" content=\"Escrito por\" \/>\n\t<meta name=\"twitter:data1\" content=\"Jorge Matheus\" \/>\n<script type=\"application\/ld+json\" class=\"yoast-schema-graph\">{\"@context\":\"https:\/\/schema.org\",\"@graph\":[{\"@type\":\"Article\",\"@id\":\"https:\/\/infoecos.com.ar\/index.php\/ariel-franetovich-encabezara-la-lista-de-precandidatos-a-senadores-provinciales-de-florencio-randazzo\/#article\",\"isPartOf\":{\"@id\":\"https:\/\/infoecos.com.ar\/index.php\/ariel-franetovich-encabezara-la-lista-de-precandidatos-a-senadores-provinciales-de-florencio-randazzo\/\"},\"author\":{\"name\":\"Jorge Matheus\",\"@id\":\"https:\/\/infoecos.com.ar\/#\/schema\/person\/8f5ace5ce73b4b4aac4b7245aee6f191\"},\"headline\":\"\u00abVamos con Vos\u00bb presenta lista en Trenque Lauquen: encabeza Ignacio Sabando y Juan Pablo Ripamonti candidato a senador\",\"datePublished\":\"2021-07-25T06:27:04+00:00\",\"dateModified\":\"2021-07-27T06:59:33+00:00\",\"mainEntityOfPage\":{\"@id\":\"https:\/\/infoecos.com.ar\/index.php\/ariel-franetovich-encabezara-la-lista-de-precandidatos-a-senadores-provinciales-de-florencio-randazzo\/\"},\"wordCount\":100,\"publisher\":{\"@id\":\"https:\/\/infoecos.com.ar\/#organization\"},\"image\":{\"@id\":\"https:\/\/infoecos.com.ar\/index.php\/ariel-franetovich-encabezara-la-lista-de-precandidatos-a-senadores-provinciales-de-florencio-randazzo\/#primaryimage\"},\"thumbnailUrl\":\"\",\"keywords\":[\"CUARTA SECCI\u00d3N ELECTORAL\"],\"articleSection\":[\"Bloque inferior - 7\"],\"inLanguage\":\"es\"},{\"@type\":\"WebPage\",\"@id\":\"https:\/\/infoecos.com.ar\/index.php\/ariel-franetovich-encabezara-la-lista-de-precandidatos-a-senadores-provinciales-de-florencio-randazzo\/\",\"url\":\"https:\/\/infoecos.com.ar\/index.php\/ariel-franetovich-encabezara-la-lista-de-precandidatos-a-senadores-provinciales-de-florencio-randazzo\/\",\"name\":\"\\\"Vamos con Vos\\\" presenta lista en Trenque Lauquen: encabeza Ignacio Sabando y Juan Pablo Ripamonti candidato a senador - Infoecos\",\"isPartOf\":{\"@id\":\"https:\/\/infoecos.com.ar\/#website\"},\"primaryImageOfPage\":{\"@id\":\"https:\/\/infoecos.com.ar\/index.php\/ariel-franetovich-encabezara-la-lista-de-precandidatos-a-senadores-provinciales-de-florencio-randazzo\/#primaryimage\"},\"image\":{\"@id\":\"https:\/\/infoecos.com.ar\/index.php\/ariel-franetovich-encabezara-la-lista-de-precandidatos-a-senadores-provinciales-de-florencio-randazzo\/#primaryimage\"},\"thumbnailUrl\":\"\",\"datePublished\":\"2021-07-25T06:27:04+00:00\",\"dateModified\":\"2021-07-27T06:59:33+00:00\",\"breadcrumb\":{\"@id\":\"https:\/\/infoecos.com.ar\/index.php\/ariel-franetovich-encabezara-la-lista-de-precandidatos-a-senadores-provinciales-de-florencio-randazzo\/#breadcrumb\"},\"inLanguage\":\"es\",\"potentialAction\":[{\"@type\":\"ReadAction\",\"target\":[\"https:\/\/infoecos.com.ar\/index.php\/ariel-franetovich-encabezara-la-lista-de-precandidatos-a-senadores-provinciales-de-florencio-randazzo\/\"]}]},{\"@type\":\"ImageObject\",\"inLanguage\":\"es\",\"@id\":\"https:\/\/infoecos.com.ar\/index.php\/ariel-franetovich-encabezara-la-lista-de-precandidatos-a-senadores-provinciales-de-florencio-randazzo\/#primaryimage\",\"url\":\"\",\"contentUrl\":\"\"},{\"@type\":\"BreadcrumbList\",\"@id\":\"https:\/\/infoecos.com.ar\/index.php\/ariel-franetovich-encabezara-la-lista-de-precandidatos-a-senadores-provinciales-de-florencio-randazzo\/#breadcrumb\",\"itemListElement\":[{\"@type\":\"ListItem\",\"position\":1,\"name\":\"Portada\",\"item\":\"https:\/\/infoecos.com.ar\/\"},{\"@type\":\"ListItem\",\"position\":2,\"name\":\"\u00abVamos con Vos\u00bb presenta lista en Trenque Lauquen: encabeza Ignacio Sabando y Juan Pablo Ripamonti candidato a senador\"}]},{\"@type\":\"WebSite\",\"@id\":\"https:\/\/infoecos.com.ar\/#website\",\"url\":\"https:\/\/infoecos.com.ar\/\",\"name\":\"Infoecos\",\"description\":\"Noticias de trenque lauquen y la zona\",\"publisher\":{\"@id\":\"https:\/\/infoecos.com.ar\/#organization\"},\"alternateName\":\"Noticias\",\"potentialAction\":[{\"@type\":\"SearchAction\",\"target\":{\"@type\":\"EntryPoint\",\"urlTemplate\":\"https:\/\/infoecos.com.ar\/?s={search_term_string}\"},\"query-input\":{\"@type\":\"PropertyValueSpecification\",\"valueRequired\":true,\"valueName\":\"search_term_string\"}}],\"inLanguage\":\"es\"},{\"@type\":\"Organization\",\"@id\":\"https:\/\/infoecos.com.ar\/#organization\",\"name\":\"Infoecos\",\"alternateName\":\"Noticias\",\"url\":\"https:\/\/infoecos.com.ar\/\",\"logo\":{\"@type\":\"ImageObject\",\"inLanguage\":\"es\",\"@id\":\"https:\/\/infoecos.com.ar\/#\/schema\/logo\/image\/\",\"url\":\"https:\/\/infoecos.com.ar\/wp-content\/uploads\/2024\/03\/cropped-logo.png\",\"contentUrl\":\"https:\/\/infoecos.com.ar\/wp-content\/uploads\/2024\/03\/cropped-logo.png\",\"width\":374,\"height\":90,\"caption\":\"Infoecos\"},\"image\":{\"@id\":\"https:\/\/infoecos.com.ar\/#\/schema\/logo\/image\/\"},\"sameAs\":[\"https:\/\/www.facebook.com\/profile.php?id=100063200290284\",\"https:\/\/x.com\/infoecos\"]},{\"@type\":\"Person\",\"@id\":\"https:\/\/infoecos.com.ar\/#\/schema\/person\/8f5ace5ce73b4b4aac4b7245aee6f191\",\"name\":\"Jorge Matheus\",\"url\":\"https:\/\/infoecos.com.ar\/index.php\/author\/jomatheus\/\"}]}<\/script>\n<!-- \/ Yoast SEO plugin. -->","yoast_head_json":{"title":"\"Vamos con Vos\" presenta lista en Trenque Lauquen: encabeza Ignacio Sabando y Juan Pablo Ripamonti candidato a senador - Infoecos","robots":{"index":"index","follow":"follow","max-snippet":"max-snippet:-1","max-image-preview":"max-image-preview:large","max-video-preview":"max-video-preview:-1"},"canonical":"https:\/\/infoecos.com.ar\/index.php\/ariel-franetovich-encabezara-la-lista-de-precandidatos-a-senadores-provinciales-de-florencio-randazzo\/","og_locale":"es_ES","og_type":"article","og_title":"\"Vamos con Vos\" presenta lista en Trenque Lauquen: encabeza Ignacio Sabando y Juan Pablo Ripamonti candidato a senador - Infoecos","og_description":"Se confirm\u00f3 lo del abogado y pol\u00edtico trenquelauquense el domingo en horas de la ma\u00f1ana, una vez conocida la lista completa","og_url":"https:\/\/infoecos.com.ar\/index.php\/ariel-franetovich-encabezara-la-lista-de-precandidatos-a-senadores-provinciales-de-florencio-randazzo\/","og_site_name":"Infoecos","article_publisher":"https:\/\/www.facebook.com\/profile.php?id=100063200290284","article_published_time":"2021-07-25T06:27:04+00:00","article_modified_time":"2021-07-27T06:59:33+00:00","og_image":[{"width":640,"height":480,"url":"https:\/\/infoecos.com.ar\/wp-content\/uploads\/20106776_325762797861951_662004765623614076_n.jpg","type":"image\/jpeg"}],"author":"Jorge Matheus","twitter_card":"summary_large_image","twitter_creator":"@infoecos","twitter_site":"@infoecos","twitter_misc":{"Escrito por":"Jorge Matheus"},"schema":{"@context":"https:\/\/schema.org","@graph":[{"@type":"Article","@id":"https:\/\/infoecos.com.ar\/index.php\/ariel-franetovich-encabezara-la-lista-de-precandidatos-a-senadores-provinciales-de-florencio-randazzo\/#article","isPartOf":{"@id":"https:\/\/infoecos.com.ar\/index.php\/ariel-franetovich-encabezara-la-lista-de-precandidatos-a-senadores-provinciales-de-florencio-randazzo\/"},"author":{"name":"Jorge Matheus","@id":"https:\/\/infoecos.com.ar\/#\/schema\/person\/8f5ace5ce73b4b4aac4b7245aee6f191"},"headline":"\u00abVamos con Vos\u00bb presenta lista en Trenque Lauquen: encabeza Ignacio Sabando y Juan Pablo Ripamonti candidato a senador","datePublished":"2021-07-25T06:27:04+00:00","dateModified":"2021-07-27T06:59:33+00:00","mainEntityOfPage":{"@id":"https:\/\/infoecos.com.ar\/index.php\/ariel-franetovich-encabezara-la-lista-de-precandidatos-a-senadores-provinciales-de-florencio-randazzo\/"},"wordCount":100,"publisher":{"@id":"https:\/\/infoecos.com.ar\/#organization"},"image":{"@id":"https:\/\/infoecos.com.ar\/index.php\/ariel-franetovich-encabezara-la-lista-de-precandidatos-a-senadores-provinciales-de-florencio-randazzo\/#primaryimage"},"thumbnailUrl":"","keywords":["CUARTA SECCI\u00d3N ELECTORAL"],"articleSection":["Bloque inferior - 7"],"inLanguage":"es"},{"@type":"WebPage","@id":"https:\/\/infoecos.com.ar\/index.php\/ariel-franetovich-encabezara-la-lista-de-precandidatos-a-senadores-provinciales-de-florencio-randazzo\/","url":"https:\/\/infoecos.com.ar\/index.php\/ariel-franetovich-encabezara-la-lista-de-precandidatos-a-senadores-provinciales-de-florencio-randazzo\/","name":"\"Vamos con Vos\" presenta lista en Trenque Lauquen: encabeza Ignacio Sabando y Juan Pablo Ripamonti candidato a senador - Infoecos","isPartOf":{"@id":"https:\/\/infoecos.com.ar\/#website"},"primaryImageOfPage":{"@id":"https:\/\/infoecos.com.ar\/index.php\/ariel-franetovich-encabezara-la-lista-de-precandidatos-a-senadores-provinciales-de-florencio-randazzo\/#primaryimage"},"image":{"@id":"https:\/\/infoecos.com.ar\/index.php\/ariel-franetovich-encabezara-la-lista-de-precandidatos-a-senadores-provinciales-de-florencio-randazzo\/#primaryimage"},"thumbnailUrl":"","datePublished":"2021-07-25T06:27:04+00:00","dateModified":"2021-07-27T06:59:33+00:00","breadcrumb":{"@id":"https:\/\/infoecos.com.ar\/index.php\/ariel-franetovich-encabezara-la-lista-de-precandidatos-a-senadores-provinciales-de-florencio-randazzo\/#breadcrumb"},"inLanguage":"es","potentialAction":[{"@type":"ReadAction","target":["https:\/\/infoecos.com.ar\/index.php\/ariel-franetovich-encabezara-la-lista-de-precandidatos-a-senadores-provinciales-de-florencio-randazzo\/"]}]},{"@type":"ImageObject","inLanguage":"es","@id":"https:\/\/infoecos.com.ar\/index.php\/ariel-franetovich-encabezara-la-lista-de-precandidatos-a-senadores-provinciales-de-florencio-randazzo\/#primaryimage","url":"","contentUrl":""},{"@type":"BreadcrumbList","@id":"https:\/\/infoecos.com.ar\/index.php\/ariel-franetovich-encabezara-la-lista-de-precandidatos-a-senadores-provinciales-de-florencio-randazzo\/#breadcrumb","itemListElement":[{"@type":"ListItem","position":1,"name":"Portada","item":"https:\/\/infoecos.com.ar\/"},{"@type":"ListItem","position":2,"name":"\u00abVamos con Vos\u00bb presenta lista en Trenque Lauquen: encabeza Ignacio Sabando y Juan Pablo Ripamonti candidato a senador"}]},{"@type":"WebSite","@id":"https:\/\/infoecos.com.ar\/#website","url":"https:\/\/infoecos.com.ar\/","name":"Infoecos","description":"Noticias de trenque lauquen y la zona","publisher":{"@id":"https:\/\/infoecos.com.ar\/#organization"},"alternateName":"Noticias","potentialAction":[{"@type":"SearchAction","target":{"@type":"EntryPoint","urlTemplate":"https:\/\/infoecos.com.ar\/?s={search_term_string}"},"query-input":{"@type":"PropertyValueSpecification","valueRequired":true,"valueName":"search_term_string"}}],"inLanguage":"es"},{"@type":"Organization","@id":"https:\/\/infoecos.com.ar\/#organization","name":"Infoecos","alternateName":"Noticias","url":"https:\/\/infoecos.com.ar\/","logo":{"@type":"ImageObject","inLanguage":"es","@id":"https:\/\/infoecos.com.ar\/#\/schema\/logo\/image\/","url":"https:\/\/infoecos.com.ar\/wp-content\/uploads\/2024\/03\/cropped-logo.png","contentUrl":"https:\/\/infoecos.com.ar\/wp-content\/uploads\/2024\/03\/cropped-logo.png","width":374,"height":90,"caption":"Infoecos"},"image":{"@id":"https:\/\/infoecos.com.ar\/#\/schema\/logo\/image\/"},"sameAs":["https:\/\/www.facebook.com\/profile.php?id=100063200290284","https:\/\/x.com\/infoecos"]},{"@type":"Person","@id":"https:\/\/infoecos.com.ar\/#\/schema\/person\/8f5ace5ce73b4b4aac4b7245aee6f191","name":"Jorge Matheus","url":"https:\/\/infoecos.com.ar\/index.php\/author\/jomatheus\/"}]}},"featured_image_urls":{"full":"","thumbnail":"","medium":"","medium_large":"","large":"","1536x1536":"","2048x2048":"","covernews-slider-full":"","covernews-slider-center":"","covernews-featured":"","covernews-medium":"","covernews-medium-square":""},"author_info":{"info":["Jorge Matheus"]},"category_info":"<a href=\"https:\/\/infoecos.com.ar\/index.php\/category\/inferior7\/\" rel=\"category tag\">Bloque inferior - 7<\/a>","tag_info":"Bloque inferior - 7","comment_count":"0","_links":{"self":[{"href":"https:\/\/infoecos.com.ar\/index.php\/wp-json\/wp\/v2\/posts\/81983"}],"collection":[{"href":"https:\/\/infoecos.com.ar\/index.php\/wp-json\/wp\/v2\/posts"}],"about":[{"href":"https:\/\/infoecos.com.ar\/index.php\/wp-json\/wp\/v2\/types\/post"}],"author":[{"embeddable":true,"href":"https:\/\/infoecos.com.ar\/index.php\/wp-json\/wp\/v2\/users\/2"}],"replies":[{"embeddable":true,"href":"https:\/\/infoecos.com.ar\/index.php\/wp-json\/wp\/v2\/comments?post=81983"}],"version-history":[{"count":6,"href":"https:\/\/infoecos.com.ar\/index.php\/wp-json\/wp\/v2\/posts\/81983\/revisions"}],"predecessor-version":[{"id":82048,"href":"https:\/\/infoecos.com.ar\/index.php\/wp-json\/wp\/v2\/posts\/81983\/revisions\/82048"}],"wp:featuredmedia":[{"embeddable":true,"href":"https:\/\/infoecos.com.ar\/index.php\/wp-json\/"}],"wp:attachment":[{"href":"https:\/\/infoecos.com.ar\/index.php\/wp-json\/wp\/v2\/media?parent=81983"}],"wp:term":[{"taxonomy":"category","embeddable":true,"href":"https:\/\/infoecos.com.ar\/index.php\/wp-json\/wp\/v2\/categories?post=81983"},{"taxonomy":"post_tag","embeddable":true,"href":"https:\/\/infoecos.com.ar\/index.php\/wp-json\/wp\/v2\/tags?post=81983"}],"curies":[{"name":"wp","href":"https:\/\/api.w.org\/{rel}","templated":true}]}}