{"id":81990,"date":"2021-07-25T03:56:08","date_gmt":"2021-07-25T06:56:08","guid":{"rendered":"http:\/\/infoecos.com.ar\/?p=81990"},"modified":"2021-07-25T03:56:10","modified_gmt":"2021-07-25T06:56:10","slug":"en-trenque-lauquen-leticia-badino-encabeza-una-de-las-listas-del-frente-de-todos","status":"publish","type":"post","link":"https:\/\/infoecos.com.ar\/index.php\/en-trenque-lauquen-leticia-badino-encabeza-una-de-las-listas-del-frente-de-todos\/","title":{"rendered":"En Trenque Lauquen, Leticia Badino encabeza una de las listas del Frente de Todos"},"content":{"rendered":"\n<p>Como se hab\u00eda venido anticipando habr\u00e1 internas en el Frente de Todos Trenque Lauquen. No competir\u00e1 Julio Collado. Leticia Badino encabezar\u00e1, como muchos preve\u00edan, una de las listas.<\/p>\n\n\n\n<p>Secundar\u00e1n a quien tiene la responsabilidad del Plan de Vacunaci\u00f3n contra el coronavirus: Ariel Troya, Betina Arias, Jorge L\u00e9pori, Bel\u00e9n Ricciardi y Mat\u00edas T\u00e1rtara.<\/p>\n\n\n\n<div class=\"wp-block-image is-style-default\"><figure class=\"aligncenter size-medium\"><img loading=\"lazy\" decoding=\"async\" width=\"460\" height=\"306\" src=\"http:\/\/infoecos.com.ar\/wp-content\/uploads\/2021\/07\/badinoleticia1-460x306.jpg\" alt=\"\" class=\"wp-image-81612\" srcset=\"https:\/\/infoecos.com.ar\/wp-content\/uploads\/2021\/07\/badinoleticia1-460x306.jpg 460w, https:\/\/infoecos.com.ar\/wp-content\/uploads\/2021\/07\/badinoleticia1-768x511.jpg 768w, https:\/\/infoecos.com.ar\/wp-content\/uploads\/2021\/07\/badinoleticia1-675x450.jpg 675w, https:\/\/infoecos.com.ar\/wp-content\/uploads\/2021\/07\/badinoleticia1.jpg 853w\" sizes=\"(max-width: 460px) 100vw, 460px\" \/><\/figure><\/div>\n","protected":false},"excerpt":{"rendered":"<p>Secundar\u00e1n a quien tiene la responsabilidad del Plan de Vacunaci\u00f3n contra el coronavirus: Ariel Troya, Betina Arias, Jorge L\u00e9pori, Bel\u00e9n Ricciardi y Mat\u00edas T\u00e1rtara<\/p>\n","protected":false},"author":2,"featured_media":81612,"comment_status":"closed","ping_status":"open","sticky":false,"template":"","format":"standard","meta":{"footnotes":""},"categories":[45],"tags":[4380],"class_list":["post-81990","post","type-post","status-publish","format-standard","has-post-thumbnail","hentry","category-c1nota2","tag-elecciones-paso"],"yoast_head":"<!-- This site is optimized with the Yoast SEO plugin v23.4 - https:\/\/yoast.com\/wordpress\/plugins\/seo\/ -->\n<title>En Trenque Lauquen, Leticia Badino encabeza una de las listas del Frente de Todos - Infoecos<\/title>\n<meta name=\"robots\" content=\"index, follow, max-snippet:-1, max-image-preview:large, max-video-preview:-1\" \/>\n<link rel=\"canonical\" href=\"https:\/\/infoecos.com.ar\/index.php\/en-trenque-lauquen-leticia-badino-encabeza-una-de-las-listas-del-frente-de-todos\/\" \/>\n<meta property=\"og:locale\" content=\"es_ES\" \/>\n<meta property=\"og:type\" content=\"article\" \/>\n<meta property=\"og:title\" content=\"En Trenque Lauquen, Leticia Badino encabeza una de las listas del Frente de Todos - Infoecos\" \/>\n<meta property=\"og:description\" content=\"Secundar\u00e1n a quien tiene la responsabilidad del Plan de Vacunaci\u00f3n contra el coronavirus: Ariel Troya, Betina Arias, Jorge L\u00e9pori, Bel\u00e9n Ricciardi y Mat\u00edas T\u00e1rtara\" \/>\n<meta property=\"og:url\" content=\"https:\/\/infoecos.com.ar\/index.php\/en-trenque-lauquen-leticia-badino-encabeza-una-de-las-listas-del-frente-de-todos\/\" \/>\n<meta property=\"og:site_name\" content=\"Infoecos\" \/>\n<meta property=\"article:publisher\" content=\"https:\/\/www.facebook.com\/profile.php?id=100063200290284\" \/>\n<meta property=\"article:published_time\" content=\"2021-07-25T06:56:08+00:00\" \/>\n<meta property=\"article:modified_time\" content=\"2021-07-25T06:56:10+00:00\" \/>\n<meta property=\"og:image\" content=\"https:\/\/infoecos.com.ar\/wp-content\/uploads\/2021\/07\/badinoleticia1.jpg\" \/>\n\t<meta property=\"og:image:width\" content=\"853\" \/>\n\t<meta property=\"og:image:height\" content=\"568\" \/>\n\t<meta property=\"og:image:type\" content=\"image\/jpeg\" \/>\n<meta name=\"author\" content=\"Jorge Matheus\" \/>\n<meta name=\"twitter:card\" content=\"summary_large_image\" \/>\n<meta name=\"twitter:creator\" content=\"@infoecos\" \/>\n<meta name=\"twitter:site\" content=\"@infoecos\" \/>\n<meta name=\"twitter:label1\" content=\"Escrito por\" \/>\n\t<meta name=\"twitter:data1\" content=\"Jorge Matheus\" \/>\n<script type=\"application\/ld+json\" class=\"yoast-schema-graph\">{\"@context\":\"https:\/\/schema.org\",\"@graph\":[{\"@type\":\"Article\",\"@id\":\"https:\/\/infoecos.com.ar\/index.php\/en-trenque-lauquen-leticia-badino-encabeza-una-de-las-listas-del-frente-de-todos\/#article\",\"isPartOf\":{\"@id\":\"https:\/\/infoecos.com.ar\/index.php\/en-trenque-lauquen-leticia-badino-encabeza-una-de-las-listas-del-frente-de-todos\/\"},\"author\":{\"name\":\"Jorge Matheus\",\"@id\":\"https:\/\/infoecos.com.ar\/#\/schema\/person\/8f5ace5ce73b4b4aac4b7245aee6f191\"},\"headline\":\"En Trenque Lauquen, Leticia Badino encabeza una de las listas del Frente de Todos\",\"datePublished\":\"2021-07-25T06:56:08+00:00\",\"dateModified\":\"2021-07-25T06:56:10+00:00\",\"mainEntityOfPage\":{\"@id\":\"https:\/\/infoecos.com.ar\/index.php\/en-trenque-lauquen-leticia-badino-encabeza-una-de-las-listas-del-frente-de-todos\/\"},\"wordCount\":74,\"publisher\":{\"@id\":\"https:\/\/infoecos.com.ar\/#organization\"},\"image\":{\"@id\":\"https:\/\/infoecos.com.ar\/index.php\/en-trenque-lauquen-leticia-badino-encabeza-una-de-las-listas-del-frente-de-todos\/#primaryimage\"},\"thumbnailUrl\":\"https:\/\/infoecos.com.ar\/wp-content\/uploads\/2021\/07\/badinoleticia1.jpg\",\"keywords\":[\"ELECCIONES PASO\"],\"articleSection\":[\"C1 N2\"],\"inLanguage\":\"es\"},{\"@type\":\"WebPage\",\"@id\":\"https:\/\/infoecos.com.ar\/index.php\/en-trenque-lauquen-leticia-badino-encabeza-una-de-las-listas-del-frente-de-todos\/\",\"url\":\"https:\/\/infoecos.com.ar\/index.php\/en-trenque-lauquen-leticia-badino-encabeza-una-de-las-listas-del-frente-de-todos\/\",\"name\":\"En Trenque Lauquen, Leticia Badino encabeza una de las listas del Frente de Todos - Infoecos\",\"isPartOf\":{\"@id\":\"https:\/\/infoecos.com.ar\/#website\"},\"primaryImageOfPage\":{\"@id\":\"https:\/\/infoecos.com.ar\/index.php\/en-trenque-lauquen-leticia-badino-encabeza-una-de-las-listas-del-frente-de-todos\/#primaryimage\"},\"image\":{\"@id\":\"https:\/\/infoecos.com.ar\/index.php\/en-trenque-lauquen-leticia-badino-encabeza-una-de-las-listas-del-frente-de-todos\/#primaryimage\"},\"thumbnailUrl\":\"https:\/\/infoecos.com.ar\/wp-content\/uploads\/2021\/07\/badinoleticia1.jpg\",\"datePublished\":\"2021-07-25T06:56:08+00:00\",\"dateModified\":\"2021-07-25T06:56:10+00:00\",\"breadcrumb\":{\"@id\":\"https:\/\/infoecos.com.ar\/index.php\/en-trenque-lauquen-leticia-badino-encabeza-una-de-las-listas-del-frente-de-todos\/#breadcrumb\"},\"inLanguage\":\"es\",\"potentialAction\":[{\"@type\":\"ReadAction\",\"target\":[\"https:\/\/infoecos.com.ar\/index.php\/en-trenque-lauquen-leticia-badino-encabeza-una-de-las-listas-del-frente-de-todos\/\"]}]},{\"@type\":\"ImageObject\",\"inLanguage\":\"es\",\"@id\":\"https:\/\/infoecos.com.ar\/index.php\/en-trenque-lauquen-leticia-badino-encabeza-una-de-las-listas-del-frente-de-todos\/#primaryimage\",\"url\":\"https:\/\/infoecos.com.ar\/wp-content\/uploads\/2021\/07\/badinoleticia1.jpg\",\"contentUrl\":\"https:\/\/infoecos.com.ar\/wp-content\/uploads\/2021\/07\/badinoleticia1.jpg\",\"width\":853,\"height\":568},{\"@type\":\"BreadcrumbList\",\"@id\":\"https:\/\/infoecos.com.ar\/index.php\/en-trenque-lauquen-leticia-badino-encabeza-una-de-las-listas-del-frente-de-todos\/#breadcrumb\",\"itemListElement\":[{\"@type\":\"ListItem\",\"position\":1,\"name\":\"Portada\",\"item\":\"https:\/\/infoecos.com.ar\/\"},{\"@type\":\"ListItem\",\"position\":2,\"name\":\"En Trenque Lauquen, Leticia Badino encabeza una de las listas del Frente de Todos\"}]},{\"@type\":\"WebSite\",\"@id\":\"https:\/\/infoecos.com.ar\/#website\",\"url\":\"https:\/\/infoecos.com.ar\/\",\"name\":\"Infoecos\",\"description\":\"Noticias de trenque lauquen y la zona\",\"publisher\":{\"@id\":\"https:\/\/infoecos.com.ar\/#organization\"},\"alternateName\":\"Noticias\",\"potentialAction\":[{\"@type\":\"SearchAction\",\"target\":{\"@type\":\"EntryPoint\",\"urlTemplate\":\"https:\/\/infoecos.com.ar\/?s={search_term_string}\"},\"query-input\":{\"@type\":\"PropertyValueSpecification\",\"valueRequired\":true,\"valueName\":\"search_term_string\"}}],\"inLanguage\":\"es\"},{\"@type\":\"Organization\",\"@id\":\"https:\/\/infoecos.com.ar\/#organization\",\"name\":\"Infoecos\",\"alternateName\":\"Noticias\",\"url\":\"https:\/\/infoecos.com.ar\/\",\"logo\":{\"@type\":\"ImageObject\",\"inLanguage\":\"es\",\"@id\":\"https:\/\/infoecos.com.ar\/#\/schema\/logo\/image\/\",\"url\":\"https:\/\/infoecos.com.ar\/wp-content\/uploads\/2024\/03\/cropped-logo.png\",\"contentUrl\":\"https:\/\/infoecos.com.ar\/wp-content\/uploads\/2024\/03\/cropped-logo.png\",\"width\":374,\"height\":90,\"caption\":\"Infoecos\"},\"image\":{\"@id\":\"https:\/\/infoecos.com.ar\/#\/schema\/logo\/image\/\"},\"sameAs\":[\"https:\/\/www.facebook.com\/profile.php?id=100063200290284\",\"https:\/\/x.com\/infoecos\"]},{\"@type\":\"Person\",\"@id\":\"https:\/\/infoecos.com.ar\/#\/schema\/person\/8f5ace5ce73b4b4aac4b7245aee6f191\",\"name\":\"Jorge Matheus\",\"url\":\"https:\/\/infoecos.com.ar\/index.php\/author\/jomatheus\/\"}]}<\/script>\n<!-- \/ Yoast SEO plugin. -->","yoast_head_json":{"title":"En Trenque Lauquen, Leticia Badino encabeza una de las listas del Frente de Todos - Infoecos","robots":{"index":"index","follow":"follow","max-snippet":"max-snippet:-1","max-image-preview":"max-image-preview:large","max-video-preview":"max-video-preview:-1"},"canonical":"https:\/\/infoecos.com.ar\/index.php\/en-trenque-lauquen-leticia-badino-encabeza-una-de-las-listas-del-frente-de-todos\/","og_locale":"es_ES","og_type":"article","og_title":"En Trenque Lauquen, Leticia Badino encabeza una de las listas del Frente de Todos - Infoecos","og_description":"Secundar\u00e1n a quien tiene la responsabilidad del Plan de Vacunaci\u00f3n contra el coronavirus: Ariel Troya, Betina Arias, Jorge L\u00e9pori, Bel\u00e9n Ricciardi y Mat\u00edas T\u00e1rtara","og_url":"https:\/\/infoecos.com.ar\/index.php\/en-trenque-lauquen-leticia-badino-encabeza-una-de-las-listas-del-frente-de-todos\/","og_site_name":"Infoecos","article_publisher":"https:\/\/www.facebook.com\/profile.php?id=100063200290284","article_published_time":"2021-07-25T06:56:08+00:00","article_modified_time":"2021-07-25T06:56:10+00:00","og_image":[{"width":853,"height":568,"url":"https:\/\/infoecos.com.ar\/wp-content\/uploads\/2021\/07\/badinoleticia1.jpg","type":"image\/jpeg"}],"author":"Jorge Matheus","twitter_card":"summary_large_image","twitter_creator":"@infoecos","twitter_site":"@infoecos","twitter_misc":{"Escrito por":"Jorge Matheus"},"schema":{"@context":"https:\/\/schema.org","@graph":[{"@type":"Article","@id":"https:\/\/infoecos.com.ar\/index.php\/en-trenque-lauquen-leticia-badino-encabeza-una-de-las-listas-del-frente-de-todos\/#article","isPartOf":{"@id":"https:\/\/infoecos.com.ar\/index.php\/en-trenque-lauquen-leticia-badino-encabeza-una-de-las-listas-del-frente-de-todos\/"},"author":{"name":"Jorge Matheus","@id":"https:\/\/infoecos.com.ar\/#\/schema\/person\/8f5ace5ce73b4b4aac4b7245aee6f191"},"headline":"En Trenque Lauquen, Leticia Badino encabeza una de las listas del Frente de Todos","datePublished":"2021-07-25T06:56:08+00:00","dateModified":"2021-07-25T06:56:10+00:00","mainEntityOfPage":{"@id":"https:\/\/infoecos.com.ar\/index.php\/en-trenque-lauquen-leticia-badino-encabeza-una-de-las-listas-del-frente-de-todos\/"},"wordCount":74,"publisher":{"@id":"https:\/\/infoecos.com.ar\/#organization"},"image":{"@id":"https:\/\/infoecos.com.ar\/index.php\/en-trenque-lauquen-leticia-badino-encabeza-una-de-las-listas-del-frente-de-todos\/#primaryimage"},"thumbnailUrl":"https:\/\/infoecos.com.ar\/wp-content\/uploads\/2021\/07\/badinoleticia1.jpg","keywords":["ELECCIONES PASO"],"articleSection":["C1 N2"],"inLanguage":"es"},{"@type":"WebPage","@id":"https:\/\/infoecos.com.ar\/index.php\/en-trenque-lauquen-leticia-badino-encabeza-una-de-las-listas-del-frente-de-todos\/","url":"https:\/\/infoecos.com.ar\/index.php\/en-trenque-lauquen-leticia-badino-encabeza-una-de-las-listas-del-frente-de-todos\/","name":"En Trenque Lauquen, Leticia Badino encabeza una de las listas del Frente de Todos - Infoecos","isPartOf":{"@id":"https:\/\/infoecos.com.ar\/#website"},"primaryImageOfPage":{"@id":"https:\/\/infoecos.com.ar\/index.php\/en-trenque-lauquen-leticia-badino-encabeza-una-de-las-listas-del-frente-de-todos\/#primaryimage"},"image":{"@id":"https:\/\/infoecos.com.ar\/index.php\/en-trenque-lauquen-leticia-badino-encabeza-una-de-las-listas-del-frente-de-todos\/#primaryimage"},"thumbnailUrl":"https:\/\/infoecos.com.ar\/wp-content\/uploads\/2021\/07\/badinoleticia1.jpg","datePublished":"2021-07-25T06:56:08+00:00","dateModified":"2021-07-25T06:56:10+00:00","breadcrumb":{"@id":"https:\/\/infoecos.com.ar\/index.php\/en-trenque-lauquen-leticia-badino-encabeza-una-de-las-listas-del-frente-de-todos\/#breadcrumb"},"inLanguage":"es","potentialAction":[{"@type":"ReadAction","target":["https:\/\/infoecos.com.ar\/index.php\/en-trenque-lauquen-leticia-badino-encabeza-una-de-las-listas-del-frente-de-todos\/"]}]},{"@type":"ImageObject","inLanguage":"es","@id":"https:\/\/infoecos.com.ar\/index.php\/en-trenque-lauquen-leticia-badino-encabeza-una-de-las-listas-del-frente-de-todos\/#primaryimage","url":"https:\/\/infoecos.com.ar\/wp-content\/uploads\/2021\/07\/badinoleticia1.jpg","contentUrl":"https:\/\/infoecos.com.ar\/wp-content\/uploads\/2021\/07\/badinoleticia1.jpg","width":853,"height":568},{"@type":"BreadcrumbList","@id":"https:\/\/infoecos.com.ar\/index.php\/en-trenque-lauquen-leticia-badino-encabeza-una-de-las-listas-del-frente-de-todos\/#breadcrumb","itemListElement":[{"@type":"ListItem","position":1,"name":"Portada","item":"https:\/\/infoecos.com.ar\/"},{"@type":"ListItem","position":2,"name":"En Trenque Lauquen, Leticia Badino encabeza una de las listas del Frente de Todos"}]},{"@type":"WebSite","@id":"https:\/\/infoecos.com.ar\/#website","url":"https:\/\/infoecos.com.ar\/","name":"Infoecos","description":"Noticias de trenque lauquen y la zona","publisher":{"@id":"https:\/\/infoecos.com.ar\/#organization"},"alternateName":"Noticias","potentialAction":[{"@type":"SearchAction","target":{"@type":"EntryPoint","urlTemplate":"https:\/\/infoecos.com.ar\/?s={search_term_string}"},"query-input":{"@type":"PropertyValueSpecification","valueRequired":true,"valueName":"search_term_string"}}],"inLanguage":"es"},{"@type":"Organization","@id":"https:\/\/infoecos.com.ar\/#organization","name":"Infoecos","alternateName":"Noticias","url":"https:\/\/infoecos.com.ar\/","logo":{"@type":"ImageObject","inLanguage":"es","@id":"https:\/\/infoecos.com.ar\/#\/schema\/logo\/image\/","url":"https:\/\/infoecos.com.ar\/wp-content\/uploads\/2024\/03\/cropped-logo.png","contentUrl":"https:\/\/infoecos.com.ar\/wp-content\/uploads\/2024\/03\/cropped-logo.png","width":374,"height":90,"caption":"Infoecos"},"image":{"@id":"https:\/\/infoecos.com.ar\/#\/schema\/logo\/image\/"},"sameAs":["https:\/\/www.facebook.com\/profile.php?id=100063200290284","https:\/\/x.com\/infoecos"]},{"@type":"Person","@id":"https:\/\/infoecos.com.ar\/#\/schema\/person\/8f5ace5ce73b4b4aac4b7245aee6f191","name":"Jorge Matheus","url":"https:\/\/infoecos.com.ar\/index.php\/author\/jomatheus\/"}]}},"featured_image_urls":{"full":["https:\/\/infoecos.com.ar\/wp-content\/uploads\/2021\/07\/badinoleticia1.jpg",853,568,false],"thumbnail":["https:\/\/infoecos.com.ar\/wp-content\/uploads\/2021\/07\/badinoleticia1-150x150.jpg",150,150,true],"medium":["https:\/\/infoecos.com.ar\/wp-content\/uploads\/2021\/07\/badinoleticia1-460x306.jpg",460,306,true],"medium_large":["https:\/\/infoecos.com.ar\/wp-content\/uploads\/2021\/07\/badinoleticia1-768x511.jpg",640,426,true],"large":["https:\/\/infoecos.com.ar\/wp-content\/uploads\/2021\/07\/badinoleticia1.jpg",640,426,false],"1536x1536":["https:\/\/infoecos.com.ar\/wp-content\/uploads\/2021\/07\/badinoleticia1.jpg",853,568,false],"2048x2048":["https:\/\/infoecos.com.ar\/wp-content\/uploads\/2021\/07\/badinoleticia1.jpg",853,568,false],"covernews-slider-full":["https:\/\/infoecos.com.ar\/wp-content\/uploads\/2021\/07\/badinoleticia1.jpg",853,568,false],"covernews-slider-center":["https:\/\/infoecos.com.ar\/wp-content\/uploads\/2021\/07\/badinoleticia1.jpg",751,500,false],"covernews-featured":["https:\/\/infoecos.com.ar\/wp-content\/uploads\/2021\/07\/badinoleticia1.jpg",853,568,false],"covernews-medium":["https:\/\/infoecos.com.ar\/wp-content\/uploads\/2021\/07\/badinoleticia1-720x380.jpg",540,285,true],"covernews-medium-square":["https:\/\/infoecos.com.ar\/wp-content\/uploads\/2021\/07\/badinoleticia1-675x450.jpg",375,250,true]},"author_info":{"info":["Jorge Matheus"]},"category_info":"<a href=\"https:\/\/infoecos.com.ar\/index.php\/category\/c1nota2\/\" rel=\"category tag\">C1 N2<\/a>","tag_info":"C1 N2","comment_count":"0","_links":{"self":[{"href":"https:\/\/infoecos.com.ar\/index.php\/wp-json\/wp\/v2\/posts\/81990"}],"collection":[{"href":"https:\/\/infoecos.com.ar\/index.php\/wp-json\/wp\/v2\/posts"}],"about":[{"href":"https:\/\/infoecos.com.ar\/index.php\/wp-json\/wp\/v2\/types\/post"}],"author":[{"embeddable":true,"href":"https:\/\/infoecos.com.ar\/index.php\/wp-json\/wp\/v2\/users\/2"}],"replies":[{"embeddable":true,"href":"https:\/\/infoecos.com.ar\/index.php\/wp-json\/wp\/v2\/comments?post=81990"}],"version-history":[{"count":1,"href":"https:\/\/infoecos.com.ar\/index.php\/wp-json\/wp\/v2\/posts\/81990\/revisions"}],"predecessor-version":[{"id":81991,"href":"https:\/\/infoecos.com.ar\/index.php\/wp-json\/wp\/v2\/posts\/81990\/revisions\/81991"}],"wp:featuredmedia":[{"embeddable":true,"href":"https:\/\/infoecos.com.ar\/index.php\/wp-json\/wp\/v2\/media\/81612"}],"wp:attachment":[{"href":"https:\/\/infoecos.com.ar\/index.php\/wp-json\/wp\/v2\/media?parent=81990"}],"wp:term":[{"taxonomy":"category","embeddable":true,"href":"https:\/\/infoecos.com.ar\/index.php\/wp-json\/wp\/v2\/categories?post=81990"},{"taxonomy":"post_tag","embeddable":true,"href":"https:\/\/infoecos.com.ar\/index.php\/wp-json\/wp\/v2\/tags?post=81990"}],"curies":[{"name":"wp","href":"https:\/\/api.w.org\/{rel}","templated":true}]}}