{"id":82002,"date":"2021-07-25T04:42:50","date_gmt":"2021-07-25T07:42:50","guid":{"rendered":"http:\/\/infoecos.com.ar\/?p=82002"},"modified":"2021-07-27T03:59:10","modified_gmt":"2021-07-27T06:59:10","slug":"dos-jovenes-trenquelauquenses-integran-listas-de-juntos-para-las-paso-sanchez-wrba-y-martin-borrazas","status":"publish","type":"post","link":"https:\/\/infoecos.com.ar\/index.php\/dos-jovenes-trenquelauquenses-integran-listas-de-juntos-para-las-paso-sanchez-wrba-y-martin-borrazas\/","title":{"rendered":"Los trenquelauquenses Mart\u00edn Borrazas y S\u00e1nchez Wrba integran listas de \u00abJuntos\u00bb a Diputados Nacionales"},"content":{"rendered":"\n<p>Dos j\u00f3venes trenquelauquenses aparecen en las listas de \u00abJuntos\u00bb como precandidatos a diputados nacionales. Javier S\u00e1nchez Wrba, qui\u00e9n ha sido colaborador directo de Federico Pinedo y forma parte, ahora, del equipo del senador Esteban Bullrich ir\u00e1 en el d\u00e9cimo primer lugar de la lista que encabeza Diego Santilli.<\/p>\n\n\n\n<div class=\"wp-block-image is-style-default\"><figure class=\"aligncenter size-medium\"><img loading=\"lazy\" decoding=\"async\" width=\"460\" height=\"460\" src=\"http:\/\/infoecos.com.ar\/wp-content\/uploads\/2021\/07\/sanchezwrba-460x460.jpg\" alt=\"\" class=\"wp-image-82003\" srcset=\"https:\/\/infoecos.com.ar\/wp-content\/uploads\/2021\/07\/sanchezwrba-460x460.jpg 460w, https:\/\/infoecos.com.ar\/wp-content\/uploads\/2021\/07\/sanchezwrba-150x150.jpg 150w, https:\/\/infoecos.com.ar\/wp-content\/uploads\/2021\/07\/sanchezwrba.jpg 526w\" sizes=\"(max-width: 460px) 100vw, 460px\" \/><figcaption>S\u00e1nchez Wrba<\/figcaption><\/figure><\/div>\n\n\n\n<p>Por otro lado, tambi\u00e9n se conoci\u00f3 anoche que Mart\u00edn Borrazas, ex presidente de la Juventud Radical de la provincia de Buenos Aires, fue inscripto en el vig\u00e9simo primer lugar de la lista que encabeza Facundo Manes.<\/p>\n\n\n\n<p>Ambos dirigentes que residen en la ciudad de Buenos Aires y La Plata, se manifestaron congratulados por estas nominaciones. <\/p>\n\n\n\n<div class=\"wp-block-image is-style-default\"><figure class=\"aligncenter size-medium\"><img loading=\"lazy\" decoding=\"async\" width=\"368\" height=\"460\" src=\"http:\/\/infoecos.com.ar\/wp-content\/uploads\/2021\/07\/martinborrazas-368x460.jpg\" alt=\"\" class=\"wp-image-82004\" srcset=\"https:\/\/infoecos.com.ar\/wp-content\/uploads\/2021\/07\/martinborrazas-368x460.jpg 368w, https:\/\/infoecos.com.ar\/wp-content\/uploads\/2021\/07\/martinborrazas.jpg 480w\" sizes=\"(max-width: 368px) 100vw, 368px\" \/><\/figure><\/div>\n","protected":false},"excerpt":{"rendered":"<p>Ambos dirigentes que residen en la ciudad de Buenos Aires y La Plata, se manifestaron congratulados por estas nominaciones<\/p>\n","protected":false},"author":2,"featured_media":82004,"comment_status":"closed","ping_status":"open","sticky":false,"template":"","format":"standard","meta":{"footnotes":""},"categories":[26],"tags":[4380],"class_list":["post-82002","post","type-post","status-publish","format-standard","has-post-thumbnail","hentry","category-inferior6","tag-elecciones-paso"],"yoast_head":"<!-- This site is optimized with the Yoast SEO plugin v23.4 - https:\/\/yoast.com\/wordpress\/plugins\/seo\/ -->\n<title>Los trenquelauquenses Mart\u00edn Borrazas y S\u00e1nchez Wrba integran listas de &quot;Juntos&quot; a Diputados Nacionales - Infoecos<\/title>\n<meta name=\"robots\" content=\"index, follow, max-snippet:-1, max-image-preview:large, max-video-preview:-1\" \/>\n<link rel=\"canonical\" href=\"https:\/\/infoecos.com.ar\/index.php\/dos-jovenes-trenquelauquenses-integran-listas-de-juntos-para-las-paso-sanchez-wrba-y-martin-borrazas\/\" \/>\n<meta property=\"og:locale\" content=\"es_ES\" \/>\n<meta property=\"og:type\" content=\"article\" \/>\n<meta property=\"og:title\" content=\"Los trenquelauquenses Mart\u00edn Borrazas y S\u00e1nchez Wrba integran listas de &quot;Juntos&quot; a Diputados Nacionales - Infoecos\" \/>\n<meta property=\"og:description\" content=\"Ambos dirigentes que residen en la ciudad de Buenos Aires y La Plata, se manifestaron congratulados por estas nominaciones\" \/>\n<meta property=\"og:url\" content=\"https:\/\/infoecos.com.ar\/index.php\/dos-jovenes-trenquelauquenses-integran-listas-de-juntos-para-las-paso-sanchez-wrba-y-martin-borrazas\/\" \/>\n<meta property=\"og:site_name\" content=\"Infoecos\" \/>\n<meta property=\"article:publisher\" content=\"https:\/\/www.facebook.com\/profile.php?id=100063200290284\" \/>\n<meta property=\"article:published_time\" content=\"2021-07-25T07:42:50+00:00\" \/>\n<meta property=\"article:modified_time\" content=\"2021-07-27T06:59:10+00:00\" \/>\n<meta property=\"og:image\" content=\"https:\/\/infoecos.com.ar\/wp-content\/uploads\/2021\/07\/martinborrazas.jpg\" \/>\n\t<meta property=\"og:image:width\" content=\"480\" \/>\n\t<meta property=\"og:image:height\" content=\"600\" \/>\n\t<meta property=\"og:image:type\" content=\"image\/jpeg\" \/>\n<meta name=\"author\" content=\"Jorge Matheus\" \/>\n<meta name=\"twitter:card\" content=\"summary_large_image\" \/>\n<meta name=\"twitter:creator\" content=\"@infoecos\" \/>\n<meta name=\"twitter:site\" content=\"@infoecos\" \/>\n<meta name=\"twitter:label1\" content=\"Escrito por\" \/>\n\t<meta name=\"twitter:data1\" content=\"Jorge Matheus\" \/>\n\t<meta name=\"twitter:label2\" content=\"Tiempo de lectura\" \/>\n\t<meta name=\"twitter:data2\" content=\"1 minuto\" \/>\n<script type=\"application\/ld+json\" class=\"yoast-schema-graph\">{\"@context\":\"https:\/\/schema.org\",\"@graph\":[{\"@type\":\"Article\",\"@id\":\"https:\/\/infoecos.com.ar\/index.php\/dos-jovenes-trenquelauquenses-integran-listas-de-juntos-para-las-paso-sanchez-wrba-y-martin-borrazas\/#article\",\"isPartOf\":{\"@id\":\"https:\/\/infoecos.com.ar\/index.php\/dos-jovenes-trenquelauquenses-integran-listas-de-juntos-para-las-paso-sanchez-wrba-y-martin-borrazas\/\"},\"author\":{\"name\":\"Jorge Matheus\",\"@id\":\"https:\/\/infoecos.com.ar\/#\/schema\/person\/8f5ace5ce73b4b4aac4b7245aee6f191\"},\"headline\":\"Los trenquelauquenses Mart\u00edn Borrazas y S\u00e1nchez Wrba integran listas de \u00abJuntos\u00bb a Diputados Nacionales\",\"datePublished\":\"2021-07-25T07:42:50+00:00\",\"dateModified\":\"2021-07-27T06:59:10+00:00\",\"mainEntityOfPage\":{\"@id\":\"https:\/\/infoecos.com.ar\/index.php\/dos-jovenes-trenquelauquenses-integran-listas-de-juntos-para-las-paso-sanchez-wrba-y-martin-borrazas\/\"},\"wordCount\":129,\"publisher\":{\"@id\":\"https:\/\/infoecos.com.ar\/#organization\"},\"image\":{\"@id\":\"https:\/\/infoecos.com.ar\/index.php\/dos-jovenes-trenquelauquenses-integran-listas-de-juntos-para-las-paso-sanchez-wrba-y-martin-borrazas\/#primaryimage\"},\"thumbnailUrl\":\"https:\/\/infoecos.com.ar\/wp-content\/uploads\/2021\/07\/martinborrazas.jpg\",\"keywords\":[\"ELECCIONES PASO\"],\"articleSection\":[\"Bloque inferior - 6\"],\"inLanguage\":\"es\"},{\"@type\":\"WebPage\",\"@id\":\"https:\/\/infoecos.com.ar\/index.php\/dos-jovenes-trenquelauquenses-integran-listas-de-juntos-para-las-paso-sanchez-wrba-y-martin-borrazas\/\",\"url\":\"https:\/\/infoecos.com.ar\/index.php\/dos-jovenes-trenquelauquenses-integran-listas-de-juntos-para-las-paso-sanchez-wrba-y-martin-borrazas\/\",\"name\":\"Los trenquelauquenses Mart\u00edn Borrazas y S\u00e1nchez Wrba integran listas de \\\"Juntos\\\" a Diputados Nacionales - Infoecos\",\"isPartOf\":{\"@id\":\"https:\/\/infoecos.com.ar\/#website\"},\"primaryImageOfPage\":{\"@id\":\"https:\/\/infoecos.com.ar\/index.php\/dos-jovenes-trenquelauquenses-integran-listas-de-juntos-para-las-paso-sanchez-wrba-y-martin-borrazas\/#primaryimage\"},\"image\":{\"@id\":\"https:\/\/infoecos.com.ar\/index.php\/dos-jovenes-trenquelauquenses-integran-listas-de-juntos-para-las-paso-sanchez-wrba-y-martin-borrazas\/#primaryimage\"},\"thumbnailUrl\":\"https:\/\/infoecos.com.ar\/wp-content\/uploads\/2021\/07\/martinborrazas.jpg\",\"datePublished\":\"2021-07-25T07:42:50+00:00\",\"dateModified\":\"2021-07-27T06:59:10+00:00\",\"breadcrumb\":{\"@id\":\"https:\/\/infoecos.com.ar\/index.php\/dos-jovenes-trenquelauquenses-integran-listas-de-juntos-para-las-paso-sanchez-wrba-y-martin-borrazas\/#breadcrumb\"},\"inLanguage\":\"es\",\"potentialAction\":[{\"@type\":\"ReadAction\",\"target\":[\"https:\/\/infoecos.com.ar\/index.php\/dos-jovenes-trenquelauquenses-integran-listas-de-juntos-para-las-paso-sanchez-wrba-y-martin-borrazas\/\"]}]},{\"@type\":\"ImageObject\",\"inLanguage\":\"es\",\"@id\":\"https:\/\/infoecos.com.ar\/index.php\/dos-jovenes-trenquelauquenses-integran-listas-de-juntos-para-las-paso-sanchez-wrba-y-martin-borrazas\/#primaryimage\",\"url\":\"https:\/\/infoecos.com.ar\/wp-content\/uploads\/2021\/07\/martinborrazas.jpg\",\"contentUrl\":\"https:\/\/infoecos.com.ar\/wp-content\/uploads\/2021\/07\/martinborrazas.jpg\",\"width\":480,\"height\":600},{\"@type\":\"BreadcrumbList\",\"@id\":\"https:\/\/infoecos.com.ar\/index.php\/dos-jovenes-trenquelauquenses-integran-listas-de-juntos-para-las-paso-sanchez-wrba-y-martin-borrazas\/#breadcrumb\",\"itemListElement\":[{\"@type\":\"ListItem\",\"position\":1,\"name\":\"Portada\",\"item\":\"https:\/\/infoecos.com.ar\/\"},{\"@type\":\"ListItem\",\"position\":2,\"name\":\"Los trenquelauquenses Mart\u00edn Borrazas y S\u00e1nchez Wrba integran listas de \u00abJuntos\u00bb a Diputados Nacionales\"}]},{\"@type\":\"WebSite\",\"@id\":\"https:\/\/infoecos.com.ar\/#website\",\"url\":\"https:\/\/infoecos.com.ar\/\",\"name\":\"Infoecos\",\"description\":\"Noticias de trenque lauquen y la zona\",\"publisher\":{\"@id\":\"https:\/\/infoecos.com.ar\/#organization\"},\"alternateName\":\"Noticias\",\"potentialAction\":[{\"@type\":\"SearchAction\",\"target\":{\"@type\":\"EntryPoint\",\"urlTemplate\":\"https:\/\/infoecos.com.ar\/?s={search_term_string}\"},\"query-input\":{\"@type\":\"PropertyValueSpecification\",\"valueRequired\":true,\"valueName\":\"search_term_string\"}}],\"inLanguage\":\"es\"},{\"@type\":\"Organization\",\"@id\":\"https:\/\/infoecos.com.ar\/#organization\",\"name\":\"Infoecos\",\"alternateName\":\"Noticias\",\"url\":\"https:\/\/infoecos.com.ar\/\",\"logo\":{\"@type\":\"ImageObject\",\"inLanguage\":\"es\",\"@id\":\"https:\/\/infoecos.com.ar\/#\/schema\/logo\/image\/\",\"url\":\"https:\/\/infoecos.com.ar\/wp-content\/uploads\/2024\/03\/cropped-logo.png\",\"contentUrl\":\"https:\/\/infoecos.com.ar\/wp-content\/uploads\/2024\/03\/cropped-logo.png\",\"width\":374,\"height\":90,\"caption\":\"Infoecos\"},\"image\":{\"@id\":\"https:\/\/infoecos.com.ar\/#\/schema\/logo\/image\/\"},\"sameAs\":[\"https:\/\/www.facebook.com\/profile.php?id=100063200290284\",\"https:\/\/x.com\/infoecos\"]},{\"@type\":\"Person\",\"@id\":\"https:\/\/infoecos.com.ar\/#\/schema\/person\/8f5ace5ce73b4b4aac4b7245aee6f191\",\"name\":\"Jorge Matheus\",\"url\":\"https:\/\/infoecos.com.ar\/index.php\/author\/jomatheus\/\"}]}<\/script>\n<!-- \/ Yoast SEO plugin. -->","yoast_head_json":{"title":"Los trenquelauquenses Mart\u00edn Borrazas y S\u00e1nchez Wrba integran listas de \"Juntos\" a Diputados Nacionales - Infoecos","robots":{"index":"index","follow":"follow","max-snippet":"max-snippet:-1","max-image-preview":"max-image-preview:large","max-video-preview":"max-video-preview:-1"},"canonical":"https:\/\/infoecos.com.ar\/index.php\/dos-jovenes-trenquelauquenses-integran-listas-de-juntos-para-las-paso-sanchez-wrba-y-martin-borrazas\/","og_locale":"es_ES","og_type":"article","og_title":"Los trenquelauquenses Mart\u00edn Borrazas y S\u00e1nchez Wrba integran listas de \"Juntos\" a Diputados Nacionales - Infoecos","og_description":"Ambos dirigentes que residen en la ciudad de Buenos Aires y La Plata, se manifestaron congratulados por estas nominaciones","og_url":"https:\/\/infoecos.com.ar\/index.php\/dos-jovenes-trenquelauquenses-integran-listas-de-juntos-para-las-paso-sanchez-wrba-y-martin-borrazas\/","og_site_name":"Infoecos","article_publisher":"https:\/\/www.facebook.com\/profile.php?id=100063200290284","article_published_time":"2021-07-25T07:42:50+00:00","article_modified_time":"2021-07-27T06:59:10+00:00","og_image":[{"width":480,"height":600,"url":"https:\/\/infoecos.com.ar\/wp-content\/uploads\/2021\/07\/martinborrazas.jpg","type":"image\/jpeg"}],"author":"Jorge Matheus","twitter_card":"summary_large_image","twitter_creator":"@infoecos","twitter_site":"@infoecos","twitter_misc":{"Escrito por":"Jorge Matheus","Tiempo de lectura":"1 minuto"},"schema":{"@context":"https:\/\/schema.org","@graph":[{"@type":"Article","@id":"https:\/\/infoecos.com.ar\/index.php\/dos-jovenes-trenquelauquenses-integran-listas-de-juntos-para-las-paso-sanchez-wrba-y-martin-borrazas\/#article","isPartOf":{"@id":"https:\/\/infoecos.com.ar\/index.php\/dos-jovenes-trenquelauquenses-integran-listas-de-juntos-para-las-paso-sanchez-wrba-y-martin-borrazas\/"},"author":{"name":"Jorge Matheus","@id":"https:\/\/infoecos.com.ar\/#\/schema\/person\/8f5ace5ce73b4b4aac4b7245aee6f191"},"headline":"Los trenquelauquenses Mart\u00edn Borrazas y S\u00e1nchez Wrba integran listas de \u00abJuntos\u00bb a Diputados Nacionales","datePublished":"2021-07-25T07:42:50+00:00","dateModified":"2021-07-27T06:59:10+00:00","mainEntityOfPage":{"@id":"https:\/\/infoecos.com.ar\/index.php\/dos-jovenes-trenquelauquenses-integran-listas-de-juntos-para-las-paso-sanchez-wrba-y-martin-borrazas\/"},"wordCount":129,"publisher":{"@id":"https:\/\/infoecos.com.ar\/#organization"},"image":{"@id":"https:\/\/infoecos.com.ar\/index.php\/dos-jovenes-trenquelauquenses-integran-listas-de-juntos-para-las-paso-sanchez-wrba-y-martin-borrazas\/#primaryimage"},"thumbnailUrl":"https:\/\/infoecos.com.ar\/wp-content\/uploads\/2021\/07\/martinborrazas.jpg","keywords":["ELECCIONES PASO"],"articleSection":["Bloque inferior - 6"],"inLanguage":"es"},{"@type":"WebPage","@id":"https:\/\/infoecos.com.ar\/index.php\/dos-jovenes-trenquelauquenses-integran-listas-de-juntos-para-las-paso-sanchez-wrba-y-martin-borrazas\/","url":"https:\/\/infoecos.com.ar\/index.php\/dos-jovenes-trenquelauquenses-integran-listas-de-juntos-para-las-paso-sanchez-wrba-y-martin-borrazas\/","name":"Los trenquelauquenses Mart\u00edn Borrazas y S\u00e1nchez Wrba integran listas de \"Juntos\" a Diputados Nacionales - Infoecos","isPartOf":{"@id":"https:\/\/infoecos.com.ar\/#website"},"primaryImageOfPage":{"@id":"https:\/\/infoecos.com.ar\/index.php\/dos-jovenes-trenquelauquenses-integran-listas-de-juntos-para-las-paso-sanchez-wrba-y-martin-borrazas\/#primaryimage"},"image":{"@id":"https:\/\/infoecos.com.ar\/index.php\/dos-jovenes-trenquelauquenses-integran-listas-de-juntos-para-las-paso-sanchez-wrba-y-martin-borrazas\/#primaryimage"},"thumbnailUrl":"https:\/\/infoecos.com.ar\/wp-content\/uploads\/2021\/07\/martinborrazas.jpg","datePublished":"2021-07-25T07:42:50+00:00","dateModified":"2021-07-27T06:59:10+00:00","breadcrumb":{"@id":"https:\/\/infoecos.com.ar\/index.php\/dos-jovenes-trenquelauquenses-integran-listas-de-juntos-para-las-paso-sanchez-wrba-y-martin-borrazas\/#breadcrumb"},"inLanguage":"es","potentialAction":[{"@type":"ReadAction","target":["https:\/\/infoecos.com.ar\/index.php\/dos-jovenes-trenquelauquenses-integran-listas-de-juntos-para-las-paso-sanchez-wrba-y-martin-borrazas\/"]}]},{"@type":"ImageObject","inLanguage":"es","@id":"https:\/\/infoecos.com.ar\/index.php\/dos-jovenes-trenquelauquenses-integran-listas-de-juntos-para-las-paso-sanchez-wrba-y-martin-borrazas\/#primaryimage","url":"https:\/\/infoecos.com.ar\/wp-content\/uploads\/2021\/07\/martinborrazas.jpg","contentUrl":"https:\/\/infoecos.com.ar\/wp-content\/uploads\/2021\/07\/martinborrazas.jpg","width":480,"height":600},{"@type":"BreadcrumbList","@id":"https:\/\/infoecos.com.ar\/index.php\/dos-jovenes-trenquelauquenses-integran-listas-de-juntos-para-las-paso-sanchez-wrba-y-martin-borrazas\/#breadcrumb","itemListElement":[{"@type":"ListItem","position":1,"name":"Portada","item":"https:\/\/infoecos.com.ar\/"},{"@type":"ListItem","position":2,"name":"Los trenquelauquenses Mart\u00edn Borrazas y S\u00e1nchez Wrba integran listas de \u00abJuntos\u00bb a Diputados Nacionales"}]},{"@type":"WebSite","@id":"https:\/\/infoecos.com.ar\/#website","url":"https:\/\/infoecos.com.ar\/","name":"Infoecos","description":"Noticias de trenque lauquen y la zona","publisher":{"@id":"https:\/\/infoecos.com.ar\/#organization"},"alternateName":"Noticias","potentialAction":[{"@type":"SearchAction","target":{"@type":"EntryPoint","urlTemplate":"https:\/\/infoecos.com.ar\/?s={search_term_string}"},"query-input":{"@type":"PropertyValueSpecification","valueRequired":true,"valueName":"search_term_string"}}],"inLanguage":"es"},{"@type":"Organization","@id":"https:\/\/infoecos.com.ar\/#organization","name":"Infoecos","alternateName":"Noticias","url":"https:\/\/infoecos.com.ar\/","logo":{"@type":"ImageObject","inLanguage":"es","@id":"https:\/\/infoecos.com.ar\/#\/schema\/logo\/image\/","url":"https:\/\/infoecos.com.ar\/wp-content\/uploads\/2024\/03\/cropped-logo.png","contentUrl":"https:\/\/infoecos.com.ar\/wp-content\/uploads\/2024\/03\/cropped-logo.png","width":374,"height":90,"caption":"Infoecos"},"image":{"@id":"https:\/\/infoecos.com.ar\/#\/schema\/logo\/image\/"},"sameAs":["https:\/\/www.facebook.com\/profile.php?id=100063200290284","https:\/\/x.com\/infoecos"]},{"@type":"Person","@id":"https:\/\/infoecos.com.ar\/#\/schema\/person\/8f5ace5ce73b4b4aac4b7245aee6f191","name":"Jorge Matheus","url":"https:\/\/infoecos.com.ar\/index.php\/author\/jomatheus\/"}]}},"featured_image_urls":{"full":["https:\/\/infoecos.com.ar\/wp-content\/uploads\/2021\/07\/martinborrazas.jpg",480,600,false],"thumbnail":["https:\/\/infoecos.com.ar\/wp-content\/uploads\/2021\/07\/martinborrazas-150x150.jpg",150,150,true],"medium":["https:\/\/infoecos.com.ar\/wp-content\/uploads\/2021\/07\/martinborrazas-368x460.jpg",368,460,true],"medium_large":["https:\/\/infoecos.com.ar\/wp-content\/uploads\/2021\/07\/martinborrazas.jpg",480,600,false],"large":["https:\/\/infoecos.com.ar\/wp-content\/uploads\/2021\/07\/martinborrazas.jpg",480,600,false],"1536x1536":["https:\/\/infoecos.com.ar\/wp-content\/uploads\/2021\/07\/martinborrazas.jpg",480,600,false],"2048x2048":["https:\/\/infoecos.com.ar\/wp-content\/uploads\/2021\/07\/martinborrazas.jpg",480,600,false],"covernews-slider-full":["https:\/\/infoecos.com.ar\/wp-content\/uploads\/2021\/07\/martinborrazas.jpg",480,600,false],"covernews-slider-center":["https:\/\/infoecos.com.ar\/wp-content\/uploads\/2021\/07\/martinborrazas.jpg",400,500,false],"covernews-featured":["https:\/\/infoecos.com.ar\/wp-content\/uploads\/2021\/07\/martinborrazas.jpg",480,600,false],"covernews-medium":["https:\/\/infoecos.com.ar\/wp-content\/uploads\/2021\/07\/martinborrazas-480x380.jpg",429,340,true],"covernews-medium-square":["https:\/\/infoecos.com.ar\/wp-content\/uploads\/2021\/07\/martinborrazas-480x450.jpg",267,250,true]},"author_info":{"info":["Jorge Matheus"]},"category_info":"<a href=\"https:\/\/infoecos.com.ar\/index.php\/category\/inferior6\/\" rel=\"category tag\">Bloque inferior - 6<\/a>","tag_info":"Bloque inferior - 6","comment_count":"0","_links":{"self":[{"href":"https:\/\/infoecos.com.ar\/index.php\/wp-json\/wp\/v2\/posts\/82002"}],"collection":[{"href":"https:\/\/infoecos.com.ar\/index.php\/wp-json\/wp\/v2\/posts"}],"about":[{"href":"https:\/\/infoecos.com.ar\/index.php\/wp-json\/wp\/v2\/types\/post"}],"author":[{"embeddable":true,"href":"https:\/\/infoecos.com.ar\/index.php\/wp-json\/wp\/v2\/users\/2"}],"replies":[{"embeddable":true,"href":"https:\/\/infoecos.com.ar\/index.php\/wp-json\/wp\/v2\/comments?post=82002"}],"version-history":[{"count":2,"href":"https:\/\/infoecos.com.ar\/index.php\/wp-json\/wp\/v2\/posts\/82002\/revisions"}],"predecessor-version":[{"id":82049,"href":"https:\/\/infoecos.com.ar\/index.php\/wp-json\/wp\/v2\/posts\/82002\/revisions\/82049"}],"wp:featuredmedia":[{"embeddable":true,"href":"https:\/\/infoecos.com.ar\/index.php\/wp-json\/wp\/v2\/media\/82004"}],"wp:attachment":[{"href":"https:\/\/infoecos.com.ar\/index.php\/wp-json\/wp\/v2\/media?parent=82002"}],"wp:term":[{"taxonomy":"category","embeddable":true,"href":"https:\/\/infoecos.com.ar\/index.php\/wp-json\/wp\/v2\/categories?post=82002"},{"taxonomy":"post_tag","embeddable":true,"href":"https:\/\/infoecos.com.ar\/index.php\/wp-json\/wp\/v2\/tags?post=82002"}],"curies":[{"name":"wp","href":"https:\/\/api.w.org\/{rel}","templated":true}]}}