{"id":82021,"date":"2021-07-26T01:34:19","date_gmt":"2021-07-26T04:34:19","guid":{"rendered":"http:\/\/infoecos.com.ar\/?p=82021"},"modified":"2021-07-26T02:40:22","modified_gmt":"2021-07-26T05:40:22","slug":"una-tercera-lista-en-el-frente-de-todos-trenque-lauquen-encabezada-por-sebastian-solimano","status":"publish","type":"post","link":"https:\/\/infoecos.com.ar\/index.php\/una-tercera-lista-en-el-frente-de-todos-trenque-lauquen-encabezada-por-sebastian-solimano\/","title":{"rendered":"Internas en el Frente de Todos Trenque Lauquen: una tercera lista encabezada por Sebasti\u00e1n Solimano"},"content":{"rendered":"\n<p class=\"wp-block-paragraph\">Sobre las \u00faltimas horas del domingo se supo de fuentes confiables que el Frente de Todos Trenque Lauquen tendr\u00e1 una tercera lista en las PASO.<\/p>\n\n\n\n<p class=\"wp-block-paragraph\">Al no haberse podido acordar con las otras dos corrientes, un sector de dirigentes conocidos y otros no tanto, resolvieron oficializar su presentaci\u00f3n. <\/p>\n\n\n\n<div class=\"wp-block-image is-style-default\"><figure class=\"aligncenter size-medium\"><img loading=\"lazy\" decoding=\"async\" width=\"460\" height=\"307\" src=\"http:\/\/infoecos.com.ar\/wp-content\/uploads\/2021\/07\/FOTOTOMADAENEL2013EXTRAIDADESUFACEBOOK-460x307.jpg\" alt=\"\" class=\"wp-image-82022\" srcset=\"https:\/\/infoecos.com.ar\/wp-content\/uploads\/2021\/07\/FOTOTOMADAENEL2013EXTRAIDADESUFACEBOOK-460x307.jpg 460w, https:\/\/infoecos.com.ar\/wp-content\/uploads\/2021\/07\/FOTOTOMADAENEL2013EXTRAIDADESUFACEBOOK-920x613.jpg 920w, https:\/\/infoecos.com.ar\/wp-content\/uploads\/2021\/07\/FOTOTOMADAENEL2013EXTRAIDADESUFACEBOOK-768x512.jpg 768w, https:\/\/infoecos.com.ar\/wp-content\/uploads\/2021\/07\/FOTOTOMADAENEL2013EXTRAIDADESUFACEBOOK-1536x1024.jpg 1536w, https:\/\/infoecos.com.ar\/wp-content\/uploads\/2021\/07\/FOTOTOMADAENEL2013EXTRAIDADESUFACEBOOK-1024x683.jpg 1024w, https:\/\/infoecos.com.ar\/wp-content\/uploads\/2021\/07\/FOTOTOMADAENEL2013EXTRAIDADESUFACEBOOK-675x450.jpg 675w, https:\/\/infoecos.com.ar\/wp-content\/uploads\/2021\/07\/FOTOTOMADAENEL2013EXTRAIDADESUFACEBOOK.jpg 2048w\" sizes=\"auto, (max-width: 460px) 100vw, 460px\" \/><\/figure><\/div>\n\n\n\n<p class=\"wp-block-paragraph\">Ante las consultas de Infoecos sobre si en la lista que habr\u00e1 de encabezar el agrimensor Sebasti\u00e1n Solimano se ir\u00edan a encolumnar allegados al Frente Renovador que no figuran en ninguno de los casilleros de las dos precandidatas ya mencionadas en este sitio, se negaron a responder. Solo apuntaron que \u00abquienes lo habr\u00e1n de acompa\u00f1ar son parte de la coalici\u00f3n\u00bb.<\/p>\n\n\n\n<p class=\"wp-block-paragraph\">Solimano ya se desempe\u00f1\u00f3 como concejal representando al peronismo y fue una de las voces del ex intendente Ra\u00fal Feito. Su \u00faltima incursi\u00f3n que lo volvi\u00f3 a llevar al cuerpo legislativo fue dentro de la coalici\u00f3n UNA a la que hab\u00eda adherido el gobierno municipal hasta el 2015. Acompa\u00f1\u00f3 en la banca a la contadora Laura Angelini, que se desempe\u00f1\u00f3 durante varios a\u00f1os como responsable de las arcas econ\u00f3micas del Departamento Ejecutivo.<\/p>\n","protected":false},"excerpt":{"rendered":"<p>Al no haberse podido acordar con las otras dos corrientes, un sector de dirigentes conocidos y otros no tanto, resolvieron oficializar su presentaci\u00f3n<\/p>\n","protected":false},"author":2,"featured_media":44501,"comment_status":"closed","ping_status":"open","sticky":false,"template":"","format":"standard","meta":{"footnotes":""},"categories":[28],"tags":[4388],"class_list":["post-82021","post","type-post","status-publish","format-standard","has-post-thumbnail","hentry","category-c1nota1","tag-anticipo-de-infoecos"],"featured_image_urls":{"full":"","thumbnail":"","medium":"","medium_large":"","large":"","1536x1536":"","2048x2048":"","covernews-slider-full":"","covernews-slider-center":"","covernews-featured":"","covernews-medium":"","covernews-medium-square":""},"author_info":{"info":["Jorge Matheus"]},"category_info":"<a href=\"https:\/\/infoecos.com.ar\/index.php\/category\/c1nota1\/\" rel=\"category tag\">C1 N1<\/a>","tag_info":"C1 N1","comment_count":"0","_links":{"self":[{"href":"https:\/\/infoecos.com.ar\/index.php\/wp-json\/wp\/v2\/posts\/82021","targetHints":{"allow":["GET"]}}],"collection":[{"href":"https:\/\/infoecos.com.ar\/index.php\/wp-json\/wp\/v2\/posts"}],"about":[{"href":"https:\/\/infoecos.com.ar\/index.php\/wp-json\/wp\/v2\/types\/post"}],"author":[{"embeddable":true,"href":"https:\/\/infoecos.com.ar\/index.php\/wp-json\/wp\/v2\/users\/2"}],"replies":[{"embeddable":true,"href":"https:\/\/infoecos.com.ar\/index.php\/wp-json\/wp\/v2\/comments?post=82021"}],"version-history":[{"count":2,"href":"https:\/\/infoecos.com.ar\/index.php\/wp-json\/wp\/v2\/posts\/82021\/revisions"}],"predecessor-version":[{"id":82041,"href":"https:\/\/infoecos.com.ar\/index.php\/wp-json\/wp\/v2\/posts\/82021\/revisions\/82041"}],"wp:attachment":[{"href":"https:\/\/infoecos.com.ar\/index.php\/wp-json\/wp\/v2\/media?parent=82021"}],"wp:term":[{"taxonomy":"category","embeddable":true,"href":"https:\/\/infoecos.com.ar\/index.php\/wp-json\/wp\/v2\/categories?post=82021"},{"taxonomy":"post_tag","embeddable":true,"href":"https:\/\/infoecos.com.ar\/index.php\/wp-json\/wp\/v2\/tags?post=82021"}],"curies":[{"name":"wp","href":"https:\/\/api.w.org\/{rel}","templated":true}]}}