{"id":82039,"date":"2021-07-26T02:38:52","date_gmt":"2021-07-26T05:38:52","guid":{"rendered":"http:\/\/infoecos.com.ar\/?p=82039"},"modified":"2021-07-27T03:56:00","modified_gmt":"2021-07-27T06:56:00","slug":"internas-en-el-frente-de-todos-trenque-lauquen-monica-estevez-encabeza-otra-de-las-listas","status":"publish","type":"post","link":"https:\/\/infoecos.com.ar\/index.php\/internas-en-el-frente-de-todos-trenque-lauquen-monica-estevez-encabeza-otra-de-las-listas\/","title":{"rendered":"Internas en el Frente de Todos Trenque Lauquen: M\u00f3nica Est\u00e9vez encabeza una de las listas"},"content":{"rendered":"\n<p>Se oficializ\u00f3 la lista que lleva como primer candidata a diputada provincial por el Frente de Todos a M\u00f3nica Est\u00e9vez.<\/p>\n\n\n\n<p>La misma se completa con: Lucio Moralli; Ana Luz Santamar\u00eda; Cristian Gilardi; Cecilia Achaerandio; Jorge S\u00e1nchez; Marisol Espinosa; Santiago Ibarra e Hilda Domecq.<\/p>\n\n\n\n<div class=\"wp-block-image is-style-default\"><figure class=\"aligncenter size-medium\"><img decoding=\"async\" src=\"http:\/\/infoecos.com.ar\/wp-content\/uploads\/45245955_2251272531552441_5380797030576685056_o-460x259.jpg\" alt=\"\" class=\"wp-image-50009\"\/><figcaption>Est\u00e9vez, M\u00f3nica<\/figcaption><\/figure><\/div>\n","protected":false},"excerpt":{"rendered":"<p>La misma se completa con: Lucio Moralli; Ana Luz Santamar\u00eda; Cristian Gilardi; Cecilia Achaerandio; Jorge S\u00e1nchez; Marisol Espinosa; Santiago Ibarra e Hilda Domecq<\/p>\n","protected":false},"author":2,"featured_media":43221,"comment_status":"closed","ping_status":"open","sticky":false,"template":"","format":"standard","meta":{"footnotes":""},"categories":[40],"tags":[4380],"class_list":["post-82039","post","type-post","status-publish","format-standard","has-post-thumbnail","hentry","category-inferior1","tag-elecciones-paso"],"yoast_head":"<!-- This site is optimized with the Yoast SEO plugin v23.4 - https:\/\/yoast.com\/wordpress\/plugins\/seo\/ -->\n<title>Internas en el Frente de Todos Trenque Lauquen: M\u00f3nica Est\u00e9vez encabeza una de las listas - Infoecos<\/title>\n<meta name=\"robots\" content=\"index, follow, max-snippet:-1, max-image-preview:large, max-video-preview:-1\" \/>\n<link rel=\"canonical\" href=\"https:\/\/infoecos.com.ar\/index.php\/internas-en-el-frente-de-todos-trenque-lauquen-monica-estevez-encabeza-otra-de-las-listas\/\" \/>\n<meta property=\"og:locale\" content=\"es_ES\" \/>\n<meta property=\"og:type\" content=\"article\" \/>\n<meta property=\"og:title\" content=\"Internas en el Frente de Todos Trenque Lauquen: M\u00f3nica Est\u00e9vez encabeza una de las listas - Infoecos\" \/>\n<meta property=\"og:description\" content=\"La misma se completa con: Lucio Moralli; Ana Luz Santamar\u00eda; Cristian Gilardi; Cecilia Achaerandio; Jorge S\u00e1nchez; Marisol Espinosa; Santiago Ibarra e Hilda Domecq\" \/>\n<meta property=\"og:url\" content=\"https:\/\/infoecos.com.ar\/index.php\/internas-en-el-frente-de-todos-trenque-lauquen-monica-estevez-encabeza-otra-de-las-listas\/\" \/>\n<meta property=\"og:site_name\" content=\"Infoecos\" \/>\n<meta property=\"article:publisher\" content=\"https:\/\/www.facebook.com\/profile.php?id=100063200290284\" \/>\n<meta property=\"article:published_time\" content=\"2021-07-26T05:38:52+00:00\" \/>\n<meta property=\"article:modified_time\" content=\"2021-07-27T06:56:00+00:00\" \/>\n<meta property=\"og:image\" content=\"https:\/\/infoecos.com.ar\/wp-content\/uploads\/dest-2.jpg\" \/>\n\t<meta property=\"og:image:width\" content=\"560\" \/>\n\t<meta property=\"og:image:height\" content=\"390\" \/>\n\t<meta property=\"og:image:type\" content=\"image\/jpeg\" \/>\n<meta name=\"author\" content=\"Jorge Matheus\" \/>\n<meta name=\"twitter:card\" content=\"summary_large_image\" \/>\n<meta name=\"twitter:creator\" content=\"@infoecos\" \/>\n<meta name=\"twitter:site\" content=\"@infoecos\" \/>\n<meta name=\"twitter:label1\" content=\"Escrito por\" \/>\n\t<meta name=\"twitter:data1\" content=\"Jorge Matheus\" \/>\n<script type=\"application\/ld+json\" class=\"yoast-schema-graph\">{\"@context\":\"https:\/\/schema.org\",\"@graph\":[{\"@type\":\"Article\",\"@id\":\"https:\/\/infoecos.com.ar\/index.php\/internas-en-el-frente-de-todos-trenque-lauquen-monica-estevez-encabeza-otra-de-las-listas\/#article\",\"isPartOf\":{\"@id\":\"https:\/\/infoecos.com.ar\/index.php\/internas-en-el-frente-de-todos-trenque-lauquen-monica-estevez-encabeza-otra-de-las-listas\/\"},\"author\":{\"name\":\"Jorge Matheus\",\"@id\":\"https:\/\/infoecos.com.ar\/#\/schema\/person\/8f5ace5ce73b4b4aac4b7245aee6f191\"},\"headline\":\"Internas en el Frente de Todos Trenque Lauquen: M\u00f3nica Est\u00e9vez encabeza una de las listas\",\"datePublished\":\"2021-07-26T05:38:52+00:00\",\"dateModified\":\"2021-07-27T06:56:00+00:00\",\"mainEntityOfPage\":{\"@id\":\"https:\/\/infoecos.com.ar\/index.php\/internas-en-el-frente-de-todos-trenque-lauquen-monica-estevez-encabeza-otra-de-las-listas\/\"},\"wordCount\":68,\"publisher\":{\"@id\":\"https:\/\/infoecos.com.ar\/#organization\"},\"image\":{\"@id\":\"https:\/\/infoecos.com.ar\/index.php\/internas-en-el-frente-de-todos-trenque-lauquen-monica-estevez-encabeza-otra-de-las-listas\/#primaryimage\"},\"thumbnailUrl\":\"\",\"keywords\":[\"ELECCIONES PASO\"],\"articleSection\":[\"Bloque inferior - 1\"],\"inLanguage\":\"es\"},{\"@type\":\"WebPage\",\"@id\":\"https:\/\/infoecos.com.ar\/index.php\/internas-en-el-frente-de-todos-trenque-lauquen-monica-estevez-encabeza-otra-de-las-listas\/\",\"url\":\"https:\/\/infoecos.com.ar\/index.php\/internas-en-el-frente-de-todos-trenque-lauquen-monica-estevez-encabeza-otra-de-las-listas\/\",\"name\":\"Internas en el Frente de Todos Trenque Lauquen: M\u00f3nica Est\u00e9vez encabeza una de las listas - Infoecos\",\"isPartOf\":{\"@id\":\"https:\/\/infoecos.com.ar\/#website\"},\"primaryImageOfPage\":{\"@id\":\"https:\/\/infoecos.com.ar\/index.php\/internas-en-el-frente-de-todos-trenque-lauquen-monica-estevez-encabeza-otra-de-las-listas\/#primaryimage\"},\"image\":{\"@id\":\"https:\/\/infoecos.com.ar\/index.php\/internas-en-el-frente-de-todos-trenque-lauquen-monica-estevez-encabeza-otra-de-las-listas\/#primaryimage\"},\"thumbnailUrl\":\"\",\"datePublished\":\"2021-07-26T05:38:52+00:00\",\"dateModified\":\"2021-07-27T06:56:00+00:00\",\"breadcrumb\":{\"@id\":\"https:\/\/infoecos.com.ar\/index.php\/internas-en-el-frente-de-todos-trenque-lauquen-monica-estevez-encabeza-otra-de-las-listas\/#breadcrumb\"},\"inLanguage\":\"es\",\"potentialAction\":[{\"@type\":\"ReadAction\",\"target\":[\"https:\/\/infoecos.com.ar\/index.php\/internas-en-el-frente-de-todos-trenque-lauquen-monica-estevez-encabeza-otra-de-las-listas\/\"]}]},{\"@type\":\"ImageObject\",\"inLanguage\":\"es\",\"@id\":\"https:\/\/infoecos.com.ar\/index.php\/internas-en-el-frente-de-todos-trenque-lauquen-monica-estevez-encabeza-otra-de-las-listas\/#primaryimage\",\"url\":\"\",\"contentUrl\":\"\"},{\"@type\":\"BreadcrumbList\",\"@id\":\"https:\/\/infoecos.com.ar\/index.php\/internas-en-el-frente-de-todos-trenque-lauquen-monica-estevez-encabeza-otra-de-las-listas\/#breadcrumb\",\"itemListElement\":[{\"@type\":\"ListItem\",\"position\":1,\"name\":\"Portada\",\"item\":\"https:\/\/infoecos.com.ar\/\"},{\"@type\":\"ListItem\",\"position\":2,\"name\":\"Internas en el Frente de Todos Trenque Lauquen: M\u00f3nica Est\u00e9vez encabeza una de las listas\"}]},{\"@type\":\"WebSite\",\"@id\":\"https:\/\/infoecos.com.ar\/#website\",\"url\":\"https:\/\/infoecos.com.ar\/\",\"name\":\"Infoecos\",\"description\":\"Noticias de trenque lauquen y la zona\",\"publisher\":{\"@id\":\"https:\/\/infoecos.com.ar\/#organization\"},\"alternateName\":\"Noticias\",\"potentialAction\":[{\"@type\":\"SearchAction\",\"target\":{\"@type\":\"EntryPoint\",\"urlTemplate\":\"https:\/\/infoecos.com.ar\/?s={search_term_string}\"},\"query-input\":{\"@type\":\"PropertyValueSpecification\",\"valueRequired\":true,\"valueName\":\"search_term_string\"}}],\"inLanguage\":\"es\"},{\"@type\":\"Organization\",\"@id\":\"https:\/\/infoecos.com.ar\/#organization\",\"name\":\"Infoecos\",\"alternateName\":\"Noticias\",\"url\":\"https:\/\/infoecos.com.ar\/\",\"logo\":{\"@type\":\"ImageObject\",\"inLanguage\":\"es\",\"@id\":\"https:\/\/infoecos.com.ar\/#\/schema\/logo\/image\/\",\"url\":\"https:\/\/infoecos.com.ar\/wp-content\/uploads\/2024\/03\/cropped-logo.png\",\"contentUrl\":\"https:\/\/infoecos.com.ar\/wp-content\/uploads\/2024\/03\/cropped-logo.png\",\"width\":374,\"height\":90,\"caption\":\"Infoecos\"},\"image\":{\"@id\":\"https:\/\/infoecos.com.ar\/#\/schema\/logo\/image\/\"},\"sameAs\":[\"https:\/\/www.facebook.com\/profile.php?id=100063200290284\",\"https:\/\/x.com\/infoecos\"]},{\"@type\":\"Person\",\"@id\":\"https:\/\/infoecos.com.ar\/#\/schema\/person\/8f5ace5ce73b4b4aac4b7245aee6f191\",\"name\":\"Jorge Matheus\",\"url\":\"https:\/\/infoecos.com.ar\/index.php\/author\/jomatheus\/\"}]}<\/script>\n<!-- \/ Yoast SEO plugin. -->","yoast_head_json":{"title":"Internas en el Frente de Todos Trenque Lauquen: M\u00f3nica Est\u00e9vez encabeza una de las listas - Infoecos","robots":{"index":"index","follow":"follow","max-snippet":"max-snippet:-1","max-image-preview":"max-image-preview:large","max-video-preview":"max-video-preview:-1"},"canonical":"https:\/\/infoecos.com.ar\/index.php\/internas-en-el-frente-de-todos-trenque-lauquen-monica-estevez-encabeza-otra-de-las-listas\/","og_locale":"es_ES","og_type":"article","og_title":"Internas en el Frente de Todos Trenque Lauquen: M\u00f3nica Est\u00e9vez encabeza una de las listas - Infoecos","og_description":"La misma se completa con: Lucio Moralli; Ana Luz Santamar\u00eda; Cristian Gilardi; Cecilia Achaerandio; Jorge S\u00e1nchez; Marisol Espinosa; Santiago Ibarra e Hilda Domecq","og_url":"https:\/\/infoecos.com.ar\/index.php\/internas-en-el-frente-de-todos-trenque-lauquen-monica-estevez-encabeza-otra-de-las-listas\/","og_site_name":"Infoecos","article_publisher":"https:\/\/www.facebook.com\/profile.php?id=100063200290284","article_published_time":"2021-07-26T05:38:52+00:00","article_modified_time":"2021-07-27T06:56:00+00:00","og_image":[{"width":560,"height":390,"url":"https:\/\/infoecos.com.ar\/wp-content\/uploads\/dest-2.jpg","type":"image\/jpeg"}],"author":"Jorge Matheus","twitter_card":"summary_large_image","twitter_creator":"@infoecos","twitter_site":"@infoecos","twitter_misc":{"Escrito por":"Jorge Matheus"},"schema":{"@context":"https:\/\/schema.org","@graph":[{"@type":"Article","@id":"https:\/\/infoecos.com.ar\/index.php\/internas-en-el-frente-de-todos-trenque-lauquen-monica-estevez-encabeza-otra-de-las-listas\/#article","isPartOf":{"@id":"https:\/\/infoecos.com.ar\/index.php\/internas-en-el-frente-de-todos-trenque-lauquen-monica-estevez-encabeza-otra-de-las-listas\/"},"author":{"name":"Jorge Matheus","@id":"https:\/\/infoecos.com.ar\/#\/schema\/person\/8f5ace5ce73b4b4aac4b7245aee6f191"},"headline":"Internas en el Frente de Todos Trenque Lauquen: M\u00f3nica Est\u00e9vez encabeza una de las listas","datePublished":"2021-07-26T05:38:52+00:00","dateModified":"2021-07-27T06:56:00+00:00","mainEntityOfPage":{"@id":"https:\/\/infoecos.com.ar\/index.php\/internas-en-el-frente-de-todos-trenque-lauquen-monica-estevez-encabeza-otra-de-las-listas\/"},"wordCount":68,"publisher":{"@id":"https:\/\/infoecos.com.ar\/#organization"},"image":{"@id":"https:\/\/infoecos.com.ar\/index.php\/internas-en-el-frente-de-todos-trenque-lauquen-monica-estevez-encabeza-otra-de-las-listas\/#primaryimage"},"thumbnailUrl":"","keywords":["ELECCIONES PASO"],"articleSection":["Bloque inferior - 1"],"inLanguage":"es"},{"@type":"WebPage","@id":"https:\/\/infoecos.com.ar\/index.php\/internas-en-el-frente-de-todos-trenque-lauquen-monica-estevez-encabeza-otra-de-las-listas\/","url":"https:\/\/infoecos.com.ar\/index.php\/internas-en-el-frente-de-todos-trenque-lauquen-monica-estevez-encabeza-otra-de-las-listas\/","name":"Internas en el Frente de Todos Trenque Lauquen: M\u00f3nica Est\u00e9vez encabeza una de las listas - Infoecos","isPartOf":{"@id":"https:\/\/infoecos.com.ar\/#website"},"primaryImageOfPage":{"@id":"https:\/\/infoecos.com.ar\/index.php\/internas-en-el-frente-de-todos-trenque-lauquen-monica-estevez-encabeza-otra-de-las-listas\/#primaryimage"},"image":{"@id":"https:\/\/infoecos.com.ar\/index.php\/internas-en-el-frente-de-todos-trenque-lauquen-monica-estevez-encabeza-otra-de-las-listas\/#primaryimage"},"thumbnailUrl":"","datePublished":"2021-07-26T05:38:52+00:00","dateModified":"2021-07-27T06:56:00+00:00","breadcrumb":{"@id":"https:\/\/infoecos.com.ar\/index.php\/internas-en-el-frente-de-todos-trenque-lauquen-monica-estevez-encabeza-otra-de-las-listas\/#breadcrumb"},"inLanguage":"es","potentialAction":[{"@type":"ReadAction","target":["https:\/\/infoecos.com.ar\/index.php\/internas-en-el-frente-de-todos-trenque-lauquen-monica-estevez-encabeza-otra-de-las-listas\/"]}]},{"@type":"ImageObject","inLanguage":"es","@id":"https:\/\/infoecos.com.ar\/index.php\/internas-en-el-frente-de-todos-trenque-lauquen-monica-estevez-encabeza-otra-de-las-listas\/#primaryimage","url":"","contentUrl":""},{"@type":"BreadcrumbList","@id":"https:\/\/infoecos.com.ar\/index.php\/internas-en-el-frente-de-todos-trenque-lauquen-monica-estevez-encabeza-otra-de-las-listas\/#breadcrumb","itemListElement":[{"@type":"ListItem","position":1,"name":"Portada","item":"https:\/\/infoecos.com.ar\/"},{"@type":"ListItem","position":2,"name":"Internas en el Frente de Todos Trenque Lauquen: M\u00f3nica Est\u00e9vez encabeza una de las listas"}]},{"@type":"WebSite","@id":"https:\/\/infoecos.com.ar\/#website","url":"https:\/\/infoecos.com.ar\/","name":"Infoecos","description":"Noticias de trenque lauquen y la zona","publisher":{"@id":"https:\/\/infoecos.com.ar\/#organization"},"alternateName":"Noticias","potentialAction":[{"@type":"SearchAction","target":{"@type":"EntryPoint","urlTemplate":"https:\/\/infoecos.com.ar\/?s={search_term_string}"},"query-input":{"@type":"PropertyValueSpecification","valueRequired":true,"valueName":"search_term_string"}}],"inLanguage":"es"},{"@type":"Organization","@id":"https:\/\/infoecos.com.ar\/#organization","name":"Infoecos","alternateName":"Noticias","url":"https:\/\/infoecos.com.ar\/","logo":{"@type":"ImageObject","inLanguage":"es","@id":"https:\/\/infoecos.com.ar\/#\/schema\/logo\/image\/","url":"https:\/\/infoecos.com.ar\/wp-content\/uploads\/2024\/03\/cropped-logo.png","contentUrl":"https:\/\/infoecos.com.ar\/wp-content\/uploads\/2024\/03\/cropped-logo.png","width":374,"height":90,"caption":"Infoecos"},"image":{"@id":"https:\/\/infoecos.com.ar\/#\/schema\/logo\/image\/"},"sameAs":["https:\/\/www.facebook.com\/profile.php?id=100063200290284","https:\/\/x.com\/infoecos"]},{"@type":"Person","@id":"https:\/\/infoecos.com.ar\/#\/schema\/person\/8f5ace5ce73b4b4aac4b7245aee6f191","name":"Jorge Matheus","url":"https:\/\/infoecos.com.ar\/index.php\/author\/jomatheus\/"}]}},"featured_image_urls":{"full":"","thumbnail":"","medium":"","medium_large":"","large":"","1536x1536":"","2048x2048":"","covernews-slider-full":"","covernews-slider-center":"","covernews-featured":"","covernews-medium":"","covernews-medium-square":""},"author_info":{"info":["Jorge Matheus"]},"category_info":"<a href=\"https:\/\/infoecos.com.ar\/index.php\/category\/inferior1\/\" rel=\"category tag\">Bloque inferior - 1<\/a>","tag_info":"Bloque inferior - 1","comment_count":"0","_links":{"self":[{"href":"https:\/\/infoecos.com.ar\/index.php\/wp-json\/wp\/v2\/posts\/82039"}],"collection":[{"href":"https:\/\/infoecos.com.ar\/index.php\/wp-json\/wp\/v2\/posts"}],"about":[{"href":"https:\/\/infoecos.com.ar\/index.php\/wp-json\/wp\/v2\/types\/post"}],"author":[{"embeddable":true,"href":"https:\/\/infoecos.com.ar\/index.php\/wp-json\/wp\/v2\/users\/2"}],"replies":[{"embeddable":true,"href":"https:\/\/infoecos.com.ar\/index.php\/wp-json\/wp\/v2\/comments?post=82039"}],"version-history":[{"count":2,"href":"https:\/\/infoecos.com.ar\/index.php\/wp-json\/wp\/v2\/posts\/82039\/revisions"}],"predecessor-version":[{"id":82133,"href":"https:\/\/infoecos.com.ar\/index.php\/wp-json\/wp\/v2\/posts\/82039\/revisions\/82133"}],"wp:featuredmedia":[{"embeddable":true,"href":"https:\/\/infoecos.com.ar\/index.php\/wp-json\/"}],"wp:attachment":[{"href":"https:\/\/infoecos.com.ar\/index.php\/wp-json\/wp\/v2\/media?parent=82039"}],"wp:term":[{"taxonomy":"category","embeddable":true,"href":"https:\/\/infoecos.com.ar\/index.php\/wp-json\/wp\/v2\/categories?post=82039"},{"taxonomy":"post_tag","embeddable":true,"href":"https:\/\/infoecos.com.ar\/index.php\/wp-json\/wp\/v2\/tags?post=82039"}],"curies":[{"name":"wp","href":"https:\/\/api.w.org\/{rel}","templated":true}]}}