{"id":82042,"date":"2021-07-26T02:49:20","date_gmt":"2021-07-26T05:49:20","guid":{"rendered":"http:\/\/infoecos.com.ar\/?p=82042"},"modified":"2021-07-27T03:58:12","modified_gmt":"2021-07-27T06:58:12","slug":"juntos-trenque-lauquen-tambien-tendra-internas-francisco-recoulat-por-la-ucr-y-adriana-velazquez-por-el-pro","status":"publish","type":"post","link":"https:\/\/infoecos.com.ar\/index.php\/juntos-trenque-lauquen-tambien-tendra-internas-francisco-recoulat-por-la-ucr-y-adriana-velazquez-por-el-pro\/","title":{"rendered":"\u00abJuntos\u00bb Trenque Lauquen tambi\u00e9n tendr\u00e1 internas: Francisco Recoulat por la UCR y Adriana Vel\u00e1zquez por el PRO"},"content":{"rendered":"\n<p>El radicalismo de Trenque Lauquen, alineado con Facundo Manes en Juntos, defini\u00f3 sus precandidatos a concejales para las PASO.<\/p>\n\n\n\n<div class=\"wp-block-image is-style-default\"><figure class=\"aligncenter size-medium\"><img loading=\"lazy\" decoding=\"async\" width=\"460\" height=\"300\" src=\"http:\/\/infoecos.com.ar\/wp-content\/uploads\/2021\/03\/WhatsApp-Image-2021-03-12-at-9.32.32-AM-1-460x300.jpeg\" alt=\"\" class=\"wp-image-75958\" srcset=\"https:\/\/infoecos.com.ar\/wp-content\/uploads\/2021\/03\/WhatsApp-Image-2021-03-12-at-9.32.32-AM-1-460x300.jpeg 460w, https:\/\/infoecos.com.ar\/wp-content\/uploads\/2021\/03\/WhatsApp-Image-2021-03-12-at-9.32.32-AM-1-920x601.jpeg 920w, https:\/\/infoecos.com.ar\/wp-content\/uploads\/2021\/03\/WhatsApp-Image-2021-03-12-at-9.32.32-AM-1-768x502.jpeg 768w, https:\/\/infoecos.com.ar\/wp-content\/uploads\/2021\/03\/WhatsApp-Image-2021-03-12-at-9.32.32-AM-1.jpeg 960w\" sizes=\"(max-width: 460px) 100vw, 460px\" \/><\/figure><\/div>\n\n\n\n<p>Luego de intensas negociaciones, el jueves en horas de la noche se acord\u00f3 que la lista ser\u00e1 encabezada por Francisco Recoulat, actual presidente del bloque de Juntos por el Cambio. En segundo lugar ir\u00e1 Estela Ramudo de 30 de Agosto; tercero el actual presidente del Concejo Deliberante, Alberto Rodr\u00edguez Mera; en el cuarto Mar\u00eda Felipe por Evoluci\u00f3n Radical. Se hab\u00eda mencionado hasta las \u00faltimas horas del viernes a Pierina Danda que encabez\u00f3 la lista de Evoluci\u00f3n Radical en las internas del 11 de marzo. El presidente de la Juventud Radical, Pablo Aguirre, ir\u00e1 en el quinto lugar. Los candidatos del oficialismo partidario fueron elegidos mediante un sistema de votaci\u00f3n que se concret\u00f3 el jueves de la semana que est\u00e1 terminando.<\/p>\n\n\n\n<p>La lista se completa con Martha Bathis; Augusto Gonz\u00e1lez de Evoluci\u00f3n Radical; Mar\u00eda Raquel Crespo y Jos\u00e9 Provenzano.<\/p>\n\n\n\n<p>La lista que encabeza Adriana Vel\u00e1zquez por el PRO se completa con los nombres de Alejandro Casola; Ana Paula Motrel; Armando Otero; Gabriela Natali, Miguel Buero y Daniela Antonino.<\/p>\n\n\n\n<p>La dirigente public\u00f3 en su cuenta de Facebook en la noche del domingo: \u00abesta es nuestra lista PRO de Trenque Lauquen para las PASO. Me enorgullece encabezar esta lista conformada por un gran equipo dispuesto a trabajar por los ideales republicanos y que ademas entiende que la \u00fanica manera de cambiar la realidad es involucr\u00e1ndose y participando. Felicitaciones <a rel=\"noreferrer noopener\" href=\"https:\/\/l.facebook.com\/l.php?u=https%3A%2F%2Fwww.instagram.com%2F_u%2Fpaolo_barbieri%3Ffbclid%3DIwAR3nZdgaTt1y-1UCLdYy0We7ggL95pW2fM7MN-w9JAuvT4yr3Nt9gN3JJBc&amp;h=AT2yQhvPw0Jjm46U-cIcGByB9V6FtKhPVbQbSnVU5K2NEYv2CDIt0ZRBdtkLPk1mqQmEj1mVrVSaIZwTMkK1ucFw5HSI_T1k_rihDzc56p91iJlggxmg1LH_0AmgJezyTg&amp;__tn__=-UK-R&amp;c[0]=AT3kdPJJ8xq9MqMy3jegNZP-kZWXBhL4bwjF6wHm6m3kxSRU6cqPuFVE2AQDdHez2cnrb3ZATVixChXtrDBIUNKUzMGR5CSe7ttMnzgRuvxb5R29IPy29zoW5HQHHI0Cgqz6QVnNsQXnHbZJQV2OrWvbJjbxHM_aDHCRIbMPX3V24-xW\" target=\"_blank\">@paolo_barbieri<\/a> y <a rel=\"noreferrer noopener\" href=\"https:\/\/www.instagram.com\/_u\/yamilalonso20?fbclid=IwAR3IeRg4zUP58bCJ7suSaTamzNQ4z4_4HXCv2ooiimiHwRmwhwHngIsUl2o\" target=\"_blank\">@yamilalonso20<\/a>, por sus candidaturas que acompa\u00f1amos desde Trenque Lauquen, gracias <a rel=\"noreferrer noopener\" href=\"https:\/\/l.facebook.com\/l.php?u=https%3A%2F%2Fwww.instagram.com%2F_u%2Fjorgemacri%3Ffbclid%3DIwAR0bGISJF8rgUgW8lwje9QnTeihsavYbFaLzpumIdYUMy7z1opOb6nq2iLQ&amp;h=AT0SmyeIl0tIlU8W5ZPetjrt0tSu07GrV6U6i-8AgZoUTp_n7_a-JKiNDzGe4TFiIGOg1XrBUxioyJ2JLx_8d_jJPJvUOuSs2Jxnu92xjDxQNfRssJgDYZO81krkZi_hKA&amp;__tn__=-UK-R&amp;c[0]=AT3kdPJJ8xq9MqMy3jegNZP-kZWXBhL4bwjF6wHm6m3kxSRU6cqPuFVE2AQDdHez2cnrb3ZATVixChXtrDBIUNKUzMGR5CSe7ttMnzgRuvxb5R29IPy29zoW5HQHHI0Cgqz6QVnNsQXnHbZJQV2OrWvbJjbxHM_aDHCRIbMPX3V24-xW\" target=\"_blank\">@jorgemacri<\/a> <a rel=\"noreferrer noopener\" href=\"https:\/\/l.facebook.com\/l.php?u=https%3A%2F%2Fwww.instagram.com%2F_u%2Fpablopetrecca%3Ffbclid%3DIwAR15PThZ8q6qEIU8tzJUNXuycR6XiO2oI5X67s8511GzhqpjlICGMjchFfc&amp;h=AT1UxxDuGg-kqfsb3bnhVvwPZOZQeqdcnAi8r0XdkMUkSh5upafHWQU5zvZKlasznO23PdKkPUJUDfJccijG2FJqXocTwH_fn4g_fMaAYcvKM-B_Z09MEwa2t7RWHagXdQ&amp;__tn__=-UK-R&amp;c[0]=AT3kdPJJ8xq9MqMy3jegNZP-kZWXBhL4bwjF6wHm6m3kxSRU6cqPuFVE2AQDdHez2cnrb3ZATVixChXtrDBIUNKUzMGR5CSe7ttMnzgRuvxb5R29IPy29zoW5HQHHI0Cgqz6QVnNsQXnHbZJQV2OrWvbJjbxHM_aDHCRIbMPX3V24-xW\" target=\"_blank\">@pablopetrecca<\/a> <a rel=\"noreferrer noopener\" href=\"https:\/\/www.instagram.com\/_u\/marianobarroso_?fbclid=IwAR0umrHcDmWoebml3_CFdDXVMfUBw6DZJ8wUwWGe40HzaP02f3fzQgWp_SU\" target=\"_blank\">@marianobarroso_<\/a> <a rel=\"noreferrer noopener\" href=\"https:\/\/www.instagram.com\/_u\/chuecovivani?fbclid=IwAR3IeRg4zUP58bCJ7suSaTamzNQ4z4_4HXCv2ooiimiHwRmwhwHngIsUl2o\" target=\"_blank\">@chuecovivani<\/a> <a rel=\"noreferrer noopener\" href=\"https:\/\/l.facebook.com\/l.php?u=https%3A%2F%2Fwww.instagram.com%2F_u%2Flauraricchini%3Ffbclid%3DIwAR3mxNHWhPgcVNe9v8qRPVOjt-tEjGx3UIeg98HltMMTkkCqSDxDVa3tnzE&amp;h=AT2u8rkINXra23AC5HHiwXhH0VLkd1Q7ty4SF7YPLRMjcr3XKgFyMdmPd5VWOCWbesdLcANlhKZg7h-KbWolnPP4deCRTO4PSucBxzka7tb7R8HNyFWUqMxrDDJJh2NYhQ&amp;__tn__=-UK-R&amp;c[0]=AT3kdPJJ8xq9MqMy3jegNZP-kZWXBhL4bwjF6wHm6m3kxSRU6cqPuFVE2AQDdHez2cnrb3ZATVixChXtrDBIUNKUzMGR5CSe7ttMnzgRuvxb5R29IPy29zoW5HQHHI0Cgqz6QVnNsQXnHbZJQV2OrWvbJjbxHM_aDHCRIbMPX3V24-xW\" target=\"_blank\">@lauraricchini<\/a> <a rel=\"noreferrer noopener\" href=\"https:\/\/l.facebook.com\/l.php?u=https%3A%2F%2Fwww.instagram.com%2F_u%2Ffer.rovello%3Ffbclid%3DIwAR2DW7VUnbIlptMD2ipBgCsaMjwGXFEwUjOAGVQSSt4H-1cD8jCeH-xq4F0&amp;h=AT0yG6yehGzgwQc5_Fl949uReUjsnMUSrknh4sbHwmf_sqC8I40rVA0IpHHKwZHTuKxqx2wxOO29_-8UExAcBREFJa7ma8Q4ublrn_ySSHmplWAODzJITGB66ZHYrgTPVw&amp;__tn__=-UK-R&amp;c[0]=AT3kdPJJ8xq9MqMy3jegNZP-kZWXBhL4bwjF6wHm6m3kxSRU6cqPuFVE2AQDdHez2cnrb3ZATVixChXtrDBIUNKUzMGR5CSe7ttMnzgRuvxb5R29IPy29zoW5HQHHI0Cgqz6QVnNsQXnHbZJQV2OrWvbJjbxHM_aDHCRIbMPX3V24-xW\" target=\"_blank\">@fer.rovello<\/a> por todo el apoyo y confianza en nosotros!! <a href=\"https:\/\/www.facebook.com\/hashtag\/esjuntos?__eep__=6&amp;__cft__[0]=AZVsmXRptirO76Y0T3JSm0lodTMNOoMI3NElePswYhkqhHm2sEu4vWzMcHG1qfG73WkVA9DfwzOppxlt3qOBJbxKjSB2bMDRbzvXZV7Pa12XbZzKfboIdm0ij-sVb2R_Pl9IqN6Y9Cpk35oPQjmNKMS0&amp;__tn__=*NK-R\">#esjuntos<\/a> con <a rel=\"noreferrer noopener\" href=\"https:\/\/l.facebook.com\/l.php?u=https%3A%2F%2Fwww.instagram.com%2F_u%2Fdiegosantilliok%3Ffbclid%3DIwAR1eZ67rlkrDjaXrzs2MuIGYq58AUXUgyQrpS28d1hsCkZodMBtY--EbY1o&amp;h=AT0YfLih21SKKVt6XOjNf5rBYgKKDccGdXlHaZdwgfpm8exOKxJOZ3WoAd8o1RwuPVlAA0TXQH_iai4_mor00djW_libLXJIQZnmc25XPpILPJgkXAVZ1gDUsHzwamfFNQ&amp;__tn__=-UK-R&amp;c[0]=AT3kdPJJ8xq9MqMy3jegNZP-kZWXBhL4bwjF6wHm6m3kxSRU6cqPuFVE2AQDdHez2cnrb3ZATVixChXtrDBIUNKUzMGR5CSe7ttMnzgRuvxb5R29IPy29zoW5HQHHI0Cgqz6QVnNsQXnHbZJQV2OrWvbJjbxHM_aDHCRIbMPX3V24-xW\" target=\"_blank\">@diegosantilliok<\/a>\u00ab.<\/p>\n\n\n\n<div class=\"wp-block-image is-style-default\"><figure class=\"aligncenter size-medium\"><img loading=\"lazy\" decoding=\"async\" width=\"460\" height=\"460\" src=\"http:\/\/infoecos.com.ar\/wp-content\/uploads\/2021\/07\/listaprotl-460x460.jpg\" alt=\"\" class=\"wp-image-82043\" srcset=\"https:\/\/infoecos.com.ar\/wp-content\/uploads\/2021\/07\/listaprotl-460x460.jpg 460w, https:\/\/infoecos.com.ar\/wp-content\/uploads\/2021\/07\/listaprotl-150x150.jpg 150w, https:\/\/infoecos.com.ar\/wp-content\/uploads\/2021\/07\/listaprotl.jpg 526w\" sizes=\"(max-width: 460px) 100vw, 460px\" \/><\/figure><\/div>\n","protected":false},"excerpt":{"rendered":"<p>Recoulat con la lista que encabeza a diputados nacionales el doctor Facundo Manes. Vel\u00e1zquez con la de Diego Santilli<\/p>\n","protected":false},"author":2,"featured_media":48797,"comment_status":"closed","ping_status":"open","sticky":false,"template":"","format":"standard","meta":{"footnotes":""},"categories":[43],"tags":[4380],"class_list":["post-82042","post","type-post","status-publish","format-standard","has-post-thumbnail","hentry","category-inferior4","tag-elecciones-paso"],"yoast_head":"<!-- This site is optimized with the Yoast SEO plugin v23.4 - https:\/\/yoast.com\/wordpress\/plugins\/seo\/ -->\n<title>&quot;Juntos&quot; Trenque Lauquen tambi\u00e9n tendr\u00e1 internas: Francisco Recoulat por la UCR y Adriana Vel\u00e1zquez por el PRO - Infoecos<\/title>\n<meta name=\"robots\" content=\"index, follow, max-snippet:-1, max-image-preview:large, max-video-preview:-1\" \/>\n<link rel=\"canonical\" href=\"https:\/\/infoecos.com.ar\/index.php\/juntos-trenque-lauquen-tambien-tendra-internas-francisco-recoulat-por-la-ucr-y-adriana-velazquez-por-el-pro\/\" \/>\n<meta property=\"og:locale\" content=\"es_ES\" \/>\n<meta property=\"og:type\" content=\"article\" \/>\n<meta property=\"og:title\" content=\"&quot;Juntos&quot; Trenque Lauquen tambi\u00e9n tendr\u00e1 internas: Francisco Recoulat por la UCR y Adriana Vel\u00e1zquez por el PRO - Infoecos\" \/>\n<meta property=\"og:description\" content=\"Recoulat con la lista que encabeza a diputados nacionales el doctor Facundo Manes. Vel\u00e1zquez con la de Diego Santilli\" \/>\n<meta property=\"og:url\" content=\"https:\/\/infoecos.com.ar\/index.php\/juntos-trenque-lauquen-tambien-tendra-internas-francisco-recoulat-por-la-ucr-y-adriana-velazquez-por-el-pro\/\" \/>\n<meta property=\"og:site_name\" content=\"Infoecos\" \/>\n<meta property=\"article:publisher\" content=\"https:\/\/www.facebook.com\/profile.php?id=100063200290284\" \/>\n<meta property=\"article:published_time\" content=\"2021-07-26T05:49:20+00:00\" \/>\n<meta property=\"article:modified_time\" content=\"2021-07-27T06:58:12+00:00\" \/>\n<meta property=\"og:image\" content=\"https:\/\/infoecos.com.ar\/wp-content\/uploads\/multimedia.miniatura.ac83864cf062d68f.7265636f756c61745f6d696e6961747572612e6a7067.jpg\" \/>\n\t<meta property=\"og:image:width\" content=\"410\" \/>\n\t<meta property=\"og:image:height\" content=\"336\" \/>\n\t<meta property=\"og:image:type\" content=\"image\/jpeg\" \/>\n<meta name=\"author\" content=\"Jorge Matheus\" \/>\n<meta name=\"twitter:card\" content=\"summary_large_image\" \/>\n<meta name=\"twitter:creator\" content=\"@infoecos\" \/>\n<meta name=\"twitter:site\" content=\"@infoecos\" \/>\n<meta name=\"twitter:label1\" content=\"Escrito por\" \/>\n\t<meta name=\"twitter:data1\" content=\"Jorge Matheus\" \/>\n\t<meta name=\"twitter:label2\" content=\"Tiempo de lectura\" \/>\n\t<meta name=\"twitter:data2\" content=\"1 minuto\" \/>\n<script type=\"application\/ld+json\" class=\"yoast-schema-graph\">{\"@context\":\"https:\/\/schema.org\",\"@graph\":[{\"@type\":\"Article\",\"@id\":\"https:\/\/infoecos.com.ar\/index.php\/juntos-trenque-lauquen-tambien-tendra-internas-francisco-recoulat-por-la-ucr-y-adriana-velazquez-por-el-pro\/#article\",\"isPartOf\":{\"@id\":\"https:\/\/infoecos.com.ar\/index.php\/juntos-trenque-lauquen-tambien-tendra-internas-francisco-recoulat-por-la-ucr-y-adriana-velazquez-por-el-pro\/\"},\"author\":{\"name\":\"Jorge Matheus\",\"@id\":\"https:\/\/infoecos.com.ar\/#\/schema\/person\/8f5ace5ce73b4b4aac4b7245aee6f191\"},\"headline\":\"\u00abJuntos\u00bb Trenque Lauquen tambi\u00e9n tendr\u00e1 internas: Francisco Recoulat por la UCR y Adriana Vel\u00e1zquez por el PRO\",\"datePublished\":\"2021-07-26T05:49:20+00:00\",\"dateModified\":\"2021-07-27T06:58:12+00:00\",\"mainEntityOfPage\":{\"@id\":\"https:\/\/infoecos.com.ar\/index.php\/juntos-trenque-lauquen-tambien-tendra-internas-francisco-recoulat-por-la-ucr-y-adriana-velazquez-por-el-pro\/\"},\"wordCount\":304,\"publisher\":{\"@id\":\"https:\/\/infoecos.com.ar\/#organization\"},\"image\":{\"@id\":\"https:\/\/infoecos.com.ar\/index.php\/juntos-trenque-lauquen-tambien-tendra-internas-francisco-recoulat-por-la-ucr-y-adriana-velazquez-por-el-pro\/#primaryimage\"},\"thumbnailUrl\":\"\",\"keywords\":[\"ELECCIONES PASO\"],\"articleSection\":[\"Bloque inferior - 4\"],\"inLanguage\":\"es\"},{\"@type\":\"WebPage\",\"@id\":\"https:\/\/infoecos.com.ar\/index.php\/juntos-trenque-lauquen-tambien-tendra-internas-francisco-recoulat-por-la-ucr-y-adriana-velazquez-por-el-pro\/\",\"url\":\"https:\/\/infoecos.com.ar\/index.php\/juntos-trenque-lauquen-tambien-tendra-internas-francisco-recoulat-por-la-ucr-y-adriana-velazquez-por-el-pro\/\",\"name\":\"\\\"Juntos\\\" Trenque Lauquen tambi\u00e9n tendr\u00e1 internas: Francisco Recoulat por la UCR y Adriana Vel\u00e1zquez por el PRO - Infoecos\",\"isPartOf\":{\"@id\":\"https:\/\/infoecos.com.ar\/#website\"},\"primaryImageOfPage\":{\"@id\":\"https:\/\/infoecos.com.ar\/index.php\/juntos-trenque-lauquen-tambien-tendra-internas-francisco-recoulat-por-la-ucr-y-adriana-velazquez-por-el-pro\/#primaryimage\"},\"image\":{\"@id\":\"https:\/\/infoecos.com.ar\/index.php\/juntos-trenque-lauquen-tambien-tendra-internas-francisco-recoulat-por-la-ucr-y-adriana-velazquez-por-el-pro\/#primaryimage\"},\"thumbnailUrl\":\"\",\"datePublished\":\"2021-07-26T05:49:20+00:00\",\"dateModified\":\"2021-07-27T06:58:12+00:00\",\"breadcrumb\":{\"@id\":\"https:\/\/infoecos.com.ar\/index.php\/juntos-trenque-lauquen-tambien-tendra-internas-francisco-recoulat-por-la-ucr-y-adriana-velazquez-por-el-pro\/#breadcrumb\"},\"inLanguage\":\"es\",\"potentialAction\":[{\"@type\":\"ReadAction\",\"target\":[\"https:\/\/infoecos.com.ar\/index.php\/juntos-trenque-lauquen-tambien-tendra-internas-francisco-recoulat-por-la-ucr-y-adriana-velazquez-por-el-pro\/\"]}]},{\"@type\":\"ImageObject\",\"inLanguage\":\"es\",\"@id\":\"https:\/\/infoecos.com.ar\/index.php\/juntos-trenque-lauquen-tambien-tendra-internas-francisco-recoulat-por-la-ucr-y-adriana-velazquez-por-el-pro\/#primaryimage\",\"url\":\"\",\"contentUrl\":\"\"},{\"@type\":\"BreadcrumbList\",\"@id\":\"https:\/\/infoecos.com.ar\/index.php\/juntos-trenque-lauquen-tambien-tendra-internas-francisco-recoulat-por-la-ucr-y-adriana-velazquez-por-el-pro\/#breadcrumb\",\"itemListElement\":[{\"@type\":\"ListItem\",\"position\":1,\"name\":\"Portada\",\"item\":\"https:\/\/infoecos.com.ar\/\"},{\"@type\":\"ListItem\",\"position\":2,\"name\":\"\u00abJuntos\u00bb Trenque Lauquen tambi\u00e9n tendr\u00e1 internas: Francisco Recoulat por la UCR y Adriana Vel\u00e1zquez por el PRO\"}]},{\"@type\":\"WebSite\",\"@id\":\"https:\/\/infoecos.com.ar\/#website\",\"url\":\"https:\/\/infoecos.com.ar\/\",\"name\":\"Infoecos\",\"description\":\"Noticias de trenque lauquen y la zona\",\"publisher\":{\"@id\":\"https:\/\/infoecos.com.ar\/#organization\"},\"alternateName\":\"Noticias\",\"potentialAction\":[{\"@type\":\"SearchAction\",\"target\":{\"@type\":\"EntryPoint\",\"urlTemplate\":\"https:\/\/infoecos.com.ar\/?s={search_term_string}\"},\"query-input\":{\"@type\":\"PropertyValueSpecification\",\"valueRequired\":true,\"valueName\":\"search_term_string\"}}],\"inLanguage\":\"es\"},{\"@type\":\"Organization\",\"@id\":\"https:\/\/infoecos.com.ar\/#organization\",\"name\":\"Infoecos\",\"alternateName\":\"Noticias\",\"url\":\"https:\/\/infoecos.com.ar\/\",\"logo\":{\"@type\":\"ImageObject\",\"inLanguage\":\"es\",\"@id\":\"https:\/\/infoecos.com.ar\/#\/schema\/logo\/image\/\",\"url\":\"https:\/\/infoecos.com.ar\/wp-content\/uploads\/2024\/03\/cropped-logo.png\",\"contentUrl\":\"https:\/\/infoecos.com.ar\/wp-content\/uploads\/2024\/03\/cropped-logo.png\",\"width\":374,\"height\":90,\"caption\":\"Infoecos\"},\"image\":{\"@id\":\"https:\/\/infoecos.com.ar\/#\/schema\/logo\/image\/\"},\"sameAs\":[\"https:\/\/www.facebook.com\/profile.php?id=100063200290284\",\"https:\/\/x.com\/infoecos\"]},{\"@type\":\"Person\",\"@id\":\"https:\/\/infoecos.com.ar\/#\/schema\/person\/8f5ace5ce73b4b4aac4b7245aee6f191\",\"name\":\"Jorge Matheus\",\"url\":\"https:\/\/infoecos.com.ar\/index.php\/author\/jomatheus\/\"}]}<\/script>\n<!-- \/ Yoast SEO plugin. -->","yoast_head_json":{"title":"\"Juntos\" Trenque Lauquen tambi\u00e9n tendr\u00e1 internas: Francisco Recoulat por la UCR y Adriana Vel\u00e1zquez por el PRO - Infoecos","robots":{"index":"index","follow":"follow","max-snippet":"max-snippet:-1","max-image-preview":"max-image-preview:large","max-video-preview":"max-video-preview:-1"},"canonical":"https:\/\/infoecos.com.ar\/index.php\/juntos-trenque-lauquen-tambien-tendra-internas-francisco-recoulat-por-la-ucr-y-adriana-velazquez-por-el-pro\/","og_locale":"es_ES","og_type":"article","og_title":"\"Juntos\" Trenque Lauquen tambi\u00e9n tendr\u00e1 internas: Francisco Recoulat por la UCR y Adriana Vel\u00e1zquez por el PRO - Infoecos","og_description":"Recoulat con la lista que encabeza a diputados nacionales el doctor Facundo Manes. Vel\u00e1zquez con la de Diego Santilli","og_url":"https:\/\/infoecos.com.ar\/index.php\/juntos-trenque-lauquen-tambien-tendra-internas-francisco-recoulat-por-la-ucr-y-adriana-velazquez-por-el-pro\/","og_site_name":"Infoecos","article_publisher":"https:\/\/www.facebook.com\/profile.php?id=100063200290284","article_published_time":"2021-07-26T05:49:20+00:00","article_modified_time":"2021-07-27T06:58:12+00:00","og_image":[{"width":410,"height":336,"url":"https:\/\/infoecos.com.ar\/wp-content\/uploads\/multimedia.miniatura.ac83864cf062d68f.7265636f756c61745f6d696e6961747572612e6a7067.jpg","type":"image\/jpeg"}],"author":"Jorge Matheus","twitter_card":"summary_large_image","twitter_creator":"@infoecos","twitter_site":"@infoecos","twitter_misc":{"Escrito por":"Jorge Matheus","Tiempo de lectura":"1 minuto"},"schema":{"@context":"https:\/\/schema.org","@graph":[{"@type":"Article","@id":"https:\/\/infoecos.com.ar\/index.php\/juntos-trenque-lauquen-tambien-tendra-internas-francisco-recoulat-por-la-ucr-y-adriana-velazquez-por-el-pro\/#article","isPartOf":{"@id":"https:\/\/infoecos.com.ar\/index.php\/juntos-trenque-lauquen-tambien-tendra-internas-francisco-recoulat-por-la-ucr-y-adriana-velazquez-por-el-pro\/"},"author":{"name":"Jorge Matheus","@id":"https:\/\/infoecos.com.ar\/#\/schema\/person\/8f5ace5ce73b4b4aac4b7245aee6f191"},"headline":"\u00abJuntos\u00bb Trenque Lauquen tambi\u00e9n tendr\u00e1 internas: Francisco Recoulat por la UCR y Adriana Vel\u00e1zquez por el PRO","datePublished":"2021-07-26T05:49:20+00:00","dateModified":"2021-07-27T06:58:12+00:00","mainEntityOfPage":{"@id":"https:\/\/infoecos.com.ar\/index.php\/juntos-trenque-lauquen-tambien-tendra-internas-francisco-recoulat-por-la-ucr-y-adriana-velazquez-por-el-pro\/"},"wordCount":304,"publisher":{"@id":"https:\/\/infoecos.com.ar\/#organization"},"image":{"@id":"https:\/\/infoecos.com.ar\/index.php\/juntos-trenque-lauquen-tambien-tendra-internas-francisco-recoulat-por-la-ucr-y-adriana-velazquez-por-el-pro\/#primaryimage"},"thumbnailUrl":"","keywords":["ELECCIONES PASO"],"articleSection":["Bloque inferior - 4"],"inLanguage":"es"},{"@type":"WebPage","@id":"https:\/\/infoecos.com.ar\/index.php\/juntos-trenque-lauquen-tambien-tendra-internas-francisco-recoulat-por-la-ucr-y-adriana-velazquez-por-el-pro\/","url":"https:\/\/infoecos.com.ar\/index.php\/juntos-trenque-lauquen-tambien-tendra-internas-francisco-recoulat-por-la-ucr-y-adriana-velazquez-por-el-pro\/","name":"\"Juntos\" Trenque Lauquen tambi\u00e9n tendr\u00e1 internas: Francisco Recoulat por la UCR y Adriana Vel\u00e1zquez por el PRO - Infoecos","isPartOf":{"@id":"https:\/\/infoecos.com.ar\/#website"},"primaryImageOfPage":{"@id":"https:\/\/infoecos.com.ar\/index.php\/juntos-trenque-lauquen-tambien-tendra-internas-francisco-recoulat-por-la-ucr-y-adriana-velazquez-por-el-pro\/#primaryimage"},"image":{"@id":"https:\/\/infoecos.com.ar\/index.php\/juntos-trenque-lauquen-tambien-tendra-internas-francisco-recoulat-por-la-ucr-y-adriana-velazquez-por-el-pro\/#primaryimage"},"thumbnailUrl":"","datePublished":"2021-07-26T05:49:20+00:00","dateModified":"2021-07-27T06:58:12+00:00","breadcrumb":{"@id":"https:\/\/infoecos.com.ar\/index.php\/juntos-trenque-lauquen-tambien-tendra-internas-francisco-recoulat-por-la-ucr-y-adriana-velazquez-por-el-pro\/#breadcrumb"},"inLanguage":"es","potentialAction":[{"@type":"ReadAction","target":["https:\/\/infoecos.com.ar\/index.php\/juntos-trenque-lauquen-tambien-tendra-internas-francisco-recoulat-por-la-ucr-y-adriana-velazquez-por-el-pro\/"]}]},{"@type":"ImageObject","inLanguage":"es","@id":"https:\/\/infoecos.com.ar\/index.php\/juntos-trenque-lauquen-tambien-tendra-internas-francisco-recoulat-por-la-ucr-y-adriana-velazquez-por-el-pro\/#primaryimage","url":"","contentUrl":""},{"@type":"BreadcrumbList","@id":"https:\/\/infoecos.com.ar\/index.php\/juntos-trenque-lauquen-tambien-tendra-internas-francisco-recoulat-por-la-ucr-y-adriana-velazquez-por-el-pro\/#breadcrumb","itemListElement":[{"@type":"ListItem","position":1,"name":"Portada","item":"https:\/\/infoecos.com.ar\/"},{"@type":"ListItem","position":2,"name":"\u00abJuntos\u00bb Trenque Lauquen tambi\u00e9n tendr\u00e1 internas: Francisco Recoulat por la UCR y Adriana Vel\u00e1zquez por el PRO"}]},{"@type":"WebSite","@id":"https:\/\/infoecos.com.ar\/#website","url":"https:\/\/infoecos.com.ar\/","name":"Infoecos","description":"Noticias de trenque lauquen y la zona","publisher":{"@id":"https:\/\/infoecos.com.ar\/#organization"},"alternateName":"Noticias","potentialAction":[{"@type":"SearchAction","target":{"@type":"EntryPoint","urlTemplate":"https:\/\/infoecos.com.ar\/?s={search_term_string}"},"query-input":{"@type":"PropertyValueSpecification","valueRequired":true,"valueName":"search_term_string"}}],"inLanguage":"es"},{"@type":"Organization","@id":"https:\/\/infoecos.com.ar\/#organization","name":"Infoecos","alternateName":"Noticias","url":"https:\/\/infoecos.com.ar\/","logo":{"@type":"ImageObject","inLanguage":"es","@id":"https:\/\/infoecos.com.ar\/#\/schema\/logo\/image\/","url":"https:\/\/infoecos.com.ar\/wp-content\/uploads\/2024\/03\/cropped-logo.png","contentUrl":"https:\/\/infoecos.com.ar\/wp-content\/uploads\/2024\/03\/cropped-logo.png","width":374,"height":90,"caption":"Infoecos"},"image":{"@id":"https:\/\/infoecos.com.ar\/#\/schema\/logo\/image\/"},"sameAs":["https:\/\/www.facebook.com\/profile.php?id=100063200290284","https:\/\/x.com\/infoecos"]},{"@type":"Person","@id":"https:\/\/infoecos.com.ar\/#\/schema\/person\/8f5ace5ce73b4b4aac4b7245aee6f191","name":"Jorge Matheus","url":"https:\/\/infoecos.com.ar\/index.php\/author\/jomatheus\/"}]}},"featured_image_urls":{"full":"","thumbnail":"","medium":"","medium_large":"","large":"","1536x1536":"","2048x2048":"","covernews-slider-full":"","covernews-slider-center":"","covernews-featured":"","covernews-medium":"","covernews-medium-square":""},"author_info":{"info":["Jorge Matheus"]},"category_info":"<a href=\"https:\/\/infoecos.com.ar\/index.php\/category\/inferior4\/\" rel=\"category tag\">Bloque inferior - 4<\/a>","tag_info":"Bloque inferior - 4","comment_count":"0","_links":{"self":[{"href":"https:\/\/infoecos.com.ar\/index.php\/wp-json\/wp\/v2\/posts\/82042"}],"collection":[{"href":"https:\/\/infoecos.com.ar\/index.php\/wp-json\/wp\/v2\/posts"}],"about":[{"href":"https:\/\/infoecos.com.ar\/index.php\/wp-json\/wp\/v2\/types\/post"}],"author":[{"embeddable":true,"href":"https:\/\/infoecos.com.ar\/index.php\/wp-json\/wp\/v2\/users\/2"}],"replies":[{"embeddable":true,"href":"https:\/\/infoecos.com.ar\/index.php\/wp-json\/wp\/v2\/comments?post=82042"}],"version-history":[{"count":1,"href":"https:\/\/infoecos.com.ar\/index.php\/wp-json\/wp\/v2\/posts\/82042\/revisions"}],"predecessor-version":[{"id":82044,"href":"https:\/\/infoecos.com.ar\/index.php\/wp-json\/wp\/v2\/posts\/82042\/revisions\/82044"}],"wp:featuredmedia":[{"embeddable":true,"href":"https:\/\/infoecos.com.ar\/index.php\/wp-json\/"}],"wp:attachment":[{"href":"https:\/\/infoecos.com.ar\/index.php\/wp-json\/wp\/v2\/media?parent=82042"}],"wp:term":[{"taxonomy":"category","embeddable":true,"href":"https:\/\/infoecos.com.ar\/index.php\/wp-json\/wp\/v2\/categories?post=82042"},{"taxonomy":"post_tag","embeddable":true,"href":"https:\/\/infoecos.com.ar\/index.php\/wp-json\/wp\/v2\/tags?post=82042"}],"curies":[{"name":"wp","href":"https:\/\/api.w.org\/{rel}","templated":true}]}}