{"id":82142,"date":"2021-07-27T17:19:32","date_gmt":"2021-07-27T20:19:32","guid":{"rendered":"http:\/\/infoecos.com.ar\/?p=82142"},"modified":"2021-07-28T03:22:17","modified_gmt":"2021-07-28T06:22:17","slug":"trenque-lauquen-y-otros-distritos-de-la-region-a-fase-3-y-vuelven-las-clases-presenciales","status":"publish","type":"post","link":"https:\/\/infoecos.com.ar\/index.php\/trenque-lauquen-y-otros-distritos-de-la-region-a-fase-3-y-vuelven-las-clases-presenciales\/","title":{"rendered":"Trenque Lauquen y otros distritos de la regi\u00f3n a Fase 3, con clases presenciales en toda la provincia"},"content":{"rendered":"\n<p class=\"wp-block-paragraph\">El jefe de Gabinete de Ministros de la provincia de Buenos Aires, Carlos Bianco, anunci\u00f3 que \u00aba partir de este martes deja de existir la Fase 2 y los distritos que estaban en Fase 2 pasan a Fase 3\u201d, quedando incluido Trenque Lauquen.<\/p>\n\n\n\n<p class=\"wp-block-paragraph\">Bianco dijo tambi\u00e9n que \u00ablos 135 distritos vuelven con presencialidad en las clases, respetando las definiciones del Consejo Federal de Educaci\u00f3n sobre las burbujas, con protocolos y las normativas de cuidado\u00bb en el marco de la pandemia de coronavirus.<\/p>\n\n\n\n<div class=\"wp-block-image is-style-default\"><figure class=\"aligncenter size-medium\"><img loading=\"lazy\" decoding=\"async\" width=\"460\" height=\"306\" src=\"http:\/\/infoecos.com.ar\/wp-content\/uploads\/2021\/07\/2021_07_27-AK-Situacion-epidemiologica_SGE_2659-460x306.jpg\" alt=\"\" class=\"wp-image-82143\" srcset=\"https:\/\/infoecos.com.ar\/wp-content\/uploads\/2021\/07\/2021_07_27-AK-Situacion-epidemiologica_SGE_2659-460x306.jpg 460w, https:\/\/infoecos.com.ar\/wp-content\/uploads\/2021\/07\/2021_07_27-AK-Situacion-epidemiologica_SGE_2659-920x612.jpg 920w, https:\/\/infoecos.com.ar\/wp-content\/uploads\/2021\/07\/2021_07_27-AK-Situacion-epidemiologica_SGE_2659-768x511.jpg 768w, https:\/\/infoecos.com.ar\/wp-content\/uploads\/2021\/07\/2021_07_27-AK-Situacion-epidemiologica_SGE_2659-1536x1020.jpg 1536w, https:\/\/infoecos.com.ar\/wp-content\/uploads\/2021\/07\/2021_07_27-AK-Situacion-epidemiologica_SGE_2659-2048x1363.jpg 2048w, https:\/\/infoecos.com.ar\/wp-content\/uploads\/2021\/07\/2021_07_27-AK-Situacion-epidemiologica_SGE_2659-1024x682.jpg 1024w, https:\/\/infoecos.com.ar\/wp-content\/uploads\/2021\/07\/2021_07_27-AK-Situacion-epidemiologica_SGE_2659-675x450.jpg 675w\" sizes=\"auto, (max-width: 460px) 100vw, 460px\" \/><\/figure><\/div>\n\n\n\n<p class=\"wp-block-paragraph\">Trenque Lauquen adem\u00e1s junto a otros diez distritos bonaerenses pas\u00f3 la semana pasada a integrar el lote de 79 partidos, sobre los 135 de la geograf\u00eda provincial, considerados Ciudades Protegidas por haber superado la vacunaci\u00f3n del 95 por ciento de los inscriptos,<\/p>\n\n\n\n<p class=\"wp-block-paragraph\">Bianco explic\u00f3 los criterios que rigen para la categorizaci\u00f3n de municipios en el sistema de fases y enfatiz\u00f3 que \u201cya no hay distritos en situaci\u00f3n de alarma sanitaria, por lo cual solo quedan dos fases activas: fase 3, con 65 municipios, y fase 4, con 70 partidos\u201d.<\/p>\n\n\n\n<p class=\"wp-block-paragraph\">Adem\u00e1s de Trenque Lauquen, los distritos que pasan a Fase 3 y volver\u00e1n a tener clases presenciales respetando los protocolos y las normativas de cuidado, a partir del lunes: 9 de Julio, Bol\u00edvar, Carlos Tejedor, Chacabuco, Coronel Pringles, Florentino Ameghino, General Belgrano, General Lavalle, General Viamonte, Hip\u00f3lito Yrigoyen, Jun\u00edn, Leandro N. Alem, Lincoln, Lober\u00eda, Maip\u00fa, Monte Hermoso, Pehuaj\u00f3, Pellegrini, San Cayetano, Suipacha y Tres Lomas.<\/p>\n\n\n\n<p class=\"wp-block-paragraph\">El jefe de Gabinete puntualiz\u00f3, adem\u00e1s en el encuentro con los periodistas, que \u201cregresaron a la provincia 630 personas que viajaron al exterior luego del 1 de julio, de los cuales el 6% ha incumplido la pauta de aislamiento mixto\u201d. \u201cSe les aplicar\u00e1n las multas y se realizar\u00e1n denuncias penales porque estamos intentando evitar que por culpa de unos pocos pongamos en peligro a 17 millones de bonaerenses\u201d, dijo.<\/p>\n","protected":false},"excerpt":{"rendered":"<p>Adem\u00e1s de Trenque Lauquen, los distritos que pasan a Fase 3 y volver\u00e1n a tener clases presenciales respetando los protocolos y las normativas de cuidado, a partir del lunes: 9 de Julio, Bol\u00edvar, Carlos Tejedor, Chacabuco, Coronel Pringles, Florentino Ameghino, General Belgrano, General Lavalle, General Viamonte, Hip\u00f3lito Yrigoyen, Jun\u00edn, Leandro N. Alem, Lincoln, Lober\u00eda, Maip\u00fa, Monte Hermoso, Pehuaj\u00f3, Pellegrini, San Cayetano, Suipacha y Tres Lomas<\/p>\n","protected":false},"author":2,"featured_media":82144,"comment_status":"closed","ping_status":"open","sticky":false,"template":"","format":"standard","meta":{"footnotes":""},"categories":[1612],"tags":[4410],"class_list":["post-82142","post","type-post","status-publish","format-standard","has-post-thumbnail","hentry","category-noticia-principal","tag-a-partir-del-lunes-proximo"],"featured_image_urls":{"full":["https:\/\/infoecos.com.ar\/wp-content\/uploads\/2021\/07\/Trenque-Lauquen.jpg",787,410,false],"thumbnail":["https:\/\/infoecos.com.ar\/wp-content\/uploads\/2021\/07\/Trenque-Lauquen-150x150.jpg",150,150,true],"medium":["https:\/\/infoecos.com.ar\/wp-content\/uploads\/2021\/07\/Trenque-Lauquen-460x240.jpg",460,240,true],"medium_large":["https:\/\/infoecos.com.ar\/wp-content\/uploads\/2021\/07\/Trenque-Lauquen-768x400.jpg",640,333,true],"large":["https:\/\/infoecos.com.ar\/wp-content\/uploads\/2021\/07\/Trenque-Lauquen.jpg",640,333,false],"1536x1536":["https:\/\/infoecos.com.ar\/wp-content\/uploads\/2021\/07\/Trenque-Lauquen.jpg",787,410,false],"2048x2048":["https:\/\/infoecos.com.ar\/wp-content\/uploads\/2021\/07\/Trenque-Lauquen.jpg",787,410,false],"covernews-slider-full":["https:\/\/infoecos.com.ar\/wp-content\/uploads\/2021\/07\/Trenque-Lauquen.jpg",787,410,false],"covernews-slider-center":["https:\/\/infoecos.com.ar\/wp-content\/uploads\/2021\/07\/Trenque-Lauquen.jpg",787,410,false],"covernews-featured":["https:\/\/infoecos.com.ar\/wp-content\/uploads\/2021\/07\/Trenque-Lauquen.jpg",787,410,false],"covernews-medium":["https:\/\/infoecos.com.ar\/wp-content\/uploads\/2021\/07\/Trenque-Lauquen-720x380.jpg",540,285,true],"covernews-medium-square":["https:\/\/infoecos.com.ar\/wp-content\/uploads\/2021\/07\/Trenque-Lauquen-675x410.jpg",400,243,true]},"author_info":{"info":["Jorge Matheus"]},"category_info":"<a href=\"https:\/\/infoecos.com.ar\/index.php\/category\/noticia-principal\/\" rel=\"category tag\">Noticia Principal<\/a>","tag_info":"Noticia Principal","comment_count":"0","_links":{"self":[{"href":"https:\/\/infoecos.com.ar\/index.php\/wp-json\/wp\/v2\/posts\/82142","targetHints":{"allow":["GET"]}}],"collection":[{"href":"https:\/\/infoecos.com.ar\/index.php\/wp-json\/wp\/v2\/posts"}],"about":[{"href":"https:\/\/infoecos.com.ar\/index.php\/wp-json\/wp\/v2\/types\/post"}],"author":[{"embeddable":true,"href":"https:\/\/infoecos.com.ar\/index.php\/wp-json\/wp\/v2\/users\/2"}],"replies":[{"embeddable":true,"href":"https:\/\/infoecos.com.ar\/index.php\/wp-json\/wp\/v2\/comments?post=82142"}],"version-history":[{"count":2,"href":"https:\/\/infoecos.com.ar\/index.php\/wp-json\/wp\/v2\/posts\/82142\/revisions"}],"predecessor-version":[{"id":82215,"href":"https:\/\/infoecos.com.ar\/index.php\/wp-json\/wp\/v2\/posts\/82142\/revisions\/82215"}],"wp:featuredmedia":[{"embeddable":true,"href":"https:\/\/infoecos.com.ar\/index.php\/wp-json\/wp\/v2\/media\/82144"}],"wp:attachment":[{"href":"https:\/\/infoecos.com.ar\/index.php\/wp-json\/wp\/v2\/media?parent=82142"}],"wp:term":[{"taxonomy":"category","embeddable":true,"href":"https:\/\/infoecos.com.ar\/index.php\/wp-json\/wp\/v2\/categories?post=82142"},{"taxonomy":"post_tag","embeddable":true,"href":"https:\/\/infoecos.com.ar\/index.php\/wp-json\/wp\/v2\/tags?post=82142"}],"curies":[{"name":"wp","href":"https:\/\/api.w.org\/{rel}","templated":true}]}}