{"id":82155,"date":"2021-07-27T18:12:32","date_gmt":"2021-07-27T21:12:32","guid":{"rendered":"http:\/\/infoecos.com.ar\/?p=82155"},"modified":"2021-07-31T04:12:28","modified_gmt":"2021-07-31T07:12:28","slug":"el-intendente-de-trenque-lauquen-se-mostro-entusiasmado-con-una-propuesta-presentada-por-emprendedores-locales","status":"publish","type":"post","link":"https:\/\/infoecos.com.ar\/index.php\/el-intendente-de-trenque-lauquen-se-mostro-entusiasmado-con-una-propuesta-presentada-por-emprendedores-locales\/","title":{"rendered":"El intendente de Trenque Lauquen se mostr\u00f3 entusiasmado con una propuesta presentada por emprendedores locales"},"content":{"rendered":"\n<p>Tres emprendedores de Trenque Lauquen, Bruno Mart\u00ednez, Juan del Canto y el ingeniero agr\u00f3nomo Gonzalo Rondini, e reunieron con el intendente municipal de Trenque Lauquen, Miguel Fern\u00e1ndez y el secretario de Gobierno del municipio, Gustavo Marchabalo. Plantearon su inter\u00e9s en impulsar un proyecto de producci\u00f3n y comercializaci\u00f3n de cannabis medicinal y c\u00e1\u00f1amo industrial, en forma conjunta con el municipio. <\/p>\n\n\n\n<div class=\"wp-block-image is-style-default\"><figure class=\"aligncenter size-medium\"><img loading=\"lazy\" decoding=\"async\" width=\"460\" height=\"345\" src=\"http:\/\/infoecos.com.ar\/wp-content\/uploads\/2021\/07\/Reunion-Fernandez-1-460x345.jpg\" alt=\"\" class=\"wp-image-82156\" srcset=\"https:\/\/infoecos.com.ar\/wp-content\/uploads\/2021\/07\/Reunion-Fernandez-1-460x345.jpg 460w, https:\/\/infoecos.com.ar\/wp-content\/uploads\/2021\/07\/Reunion-Fernandez-1-920x690.jpg 920w, https:\/\/infoecos.com.ar\/wp-content\/uploads\/2021\/07\/Reunion-Fernandez-1-768x576.jpg 768w, https:\/\/infoecos.com.ar\/wp-content\/uploads\/2021\/07\/Reunion-Fernandez-1-1024x768.jpg 1024w, https:\/\/infoecos.com.ar\/wp-content\/uploads\/2021\/07\/Reunion-Fernandez-1.jpg 1280w\" sizes=\"(max-width: 460px) 100vw, 460px\" \/><\/figure><\/div>\n\n\n\n<p>La propuesta se enmarca en los avances en la materia que se vienen dando desde hace unos a\u00f1os con la sanci\u00f3n de la Ley 27.350, que autoriza el uso terap\u00e9utico y paliativo del cannabis y su marco regulatorio, y ahora con el tratamiento en el Congreso de la Naci\u00f3n de la nueva Ley que impulsa el desarrollo de la industria del cannabis medicinal y el c\u00e1\u00f1amo para fomentar el desarrollo de productos medicinales, textiles y cosm\u00e9ticos, entre otros.<\/p>\n\n\n\n<p>\u201cLa reuni\u00f3n fue buen\u00edsima, primero hablamos del modelo de negocio que ellos tienen en mente y que est\u00e1 muy relacionado con el devenir de la futura ley, porque va a establecer algunos par\u00e1metros en cuanto al tipo y volumen de producci\u00f3n\u201d, se\u00f1al\u00f3 el Intendente, Miguel Fern\u00e1ndez.<\/p>\n\n\n\n<div class=\"wp-block-image is-style-default\"><figure class=\"aligncenter size-medium\"><img loading=\"lazy\" decoding=\"async\" width=\"460\" height=\"345\" src=\"http:\/\/infoecos.com.ar\/wp-content\/uploads\/2021\/07\/Reunion-Fernandez-460x345.jpg\" alt=\"\" class=\"wp-image-82157\" srcset=\"https:\/\/infoecos.com.ar\/wp-content\/uploads\/2021\/07\/Reunion-Fernandez-460x345.jpg 460w, https:\/\/infoecos.com.ar\/wp-content\/uploads\/2021\/07\/Reunion-Fernandez-920x690.jpg 920w, https:\/\/infoecos.com.ar\/wp-content\/uploads\/2021\/07\/Reunion-Fernandez-768x576.jpg 768w, https:\/\/infoecos.com.ar\/wp-content\/uploads\/2021\/07\/Reunion-Fernandez-1024x768.jpg 1024w, https:\/\/infoecos.com.ar\/wp-content\/uploads\/2021\/07\/Reunion-Fernandez.jpg 1280w\" sizes=\"(max-width: 460px) 100vw, 460px\" \/><\/figure><\/div>\n\n\n\n<p>Fern\u00e1ndez coment\u00f3 que \u201cnosotros venimos trabajando desde hace un tiempo a instancias de un grupo de concejales, en esto han venido empujando mucho M\u00f3nica Est\u00e9vez, Virginia Monz\u00f3, Adriana Vel\u00e1zquez, Francisco Recoulat, Alberto Rodr\u00edguez Mera, en general todo el Concejo Deliberante ha estado activo y tenemos una ordenanza, que es otro dato interesante, aunque no resuelve el problema porque hay que esperar la Ley\u201d.<\/p>\n\n\n\n<p>Tambi\u00e9n dijo que \u201chablamos tambi\u00e9n de cu\u00e1les ser\u00edan los nichos en los cuales nosotros ser\u00edamos competitivos, los requisitos de la producci\u00f3n y el proceso y me interes\u00f3 mucho lo del c\u00e1\u00f1amo y creo que hay una posibilidad de apalancamiento entre lo p\u00fablico y lo privado para que estos proyectos florezcan\u201d. El Intendente adelant\u00f3 que \u201cla idea es ir a ver otras experiencias\u00bb y cit\u00f3 como ejemplo el distrito de Laprida, donde se est\u00e1 trabajando intensamente sobre este tema. <\/p>\n\n\n\n<p>\u201cLa idea es trabajar todos juntos, de una manera amplia, con la cabeza bien abierta para que Trenque Lauquen se pueda posicionar como un municipio m\u00e1s en la Argentina para este emprendimiento\u201d, se\u00f1al\u00f3 Fern\u00e1ndez, quien dijo que invitar\u00e1 a los concejales a participar de una recorrida.<\/p>\n\n\n\n<div class=\"wp-block-image is-style-default\"><figure class=\"aligncenter size-medium\"><img loading=\"lazy\" decoding=\"async\" width=\"460\" height=\"345\" src=\"http:\/\/infoecos.com.ar\/wp-content\/uploads\/2021\/07\/Reunion-Fernandez-3-460x345.jpg\" alt=\"\" class=\"wp-image-82158\" srcset=\"https:\/\/infoecos.com.ar\/wp-content\/uploads\/2021\/07\/Reunion-Fernandez-3-460x345.jpg 460w, https:\/\/infoecos.com.ar\/wp-content\/uploads\/2021\/07\/Reunion-Fernandez-3-920x690.jpg 920w, https:\/\/infoecos.com.ar\/wp-content\/uploads\/2021\/07\/Reunion-Fernandez-3-768x576.jpg 768w, https:\/\/infoecos.com.ar\/wp-content\/uploads\/2021\/07\/Reunion-Fernandez-3-1024x768.jpg 1024w, https:\/\/infoecos.com.ar\/wp-content\/uploads\/2021\/07\/Reunion-Fernandez-3.jpg 1280w\" sizes=\"(max-width: 460px) 100vw, 460px\" \/><\/figure><\/div>\n\n\n\n<p>\u201cVinimos a plantear y consolidar un proyecto de cannabis medicinal y c\u00e1\u00f1amo industrial acorde a lo que se est\u00e1 trabajando hoy con el proyecto de Ley a nivel nacional\u201d, coment\u00f3 Bruno Mart\u00ednez, para marcar que \u201cla idea es establecer una empresa de econom\u00eda mixta con el municipio de Trenque Lauquen\u201d.<\/p>\n\n\n\n<p>Acerca de la producci\u00f3n, Del Canto coment\u00f3 que \u201cla idea nuestra es hacer toda la parte de producci\u00f3n de la planta, desde sembrar, cosechar y llegar al producto final con una buena calidad y realizado de manera org\u00e1nica, con la supervisi\u00f3n de Gonzalo (Rondini), que es el ingeniero\u201d.<\/p>\n\n\n\n<figure class=\"wp-block-audio\"><audio controls src=\"http:\/\/infoecos.com.ar\/wp-content\/uploads\/2021\/07\/BRUNO-MARTINEZ-JUAN-DEL-CANTO-MIGUEL-FERNANDEZ.mp3\"><\/audio><\/figure>\n\n\n\n<p><\/p>\n","protected":false},"excerpt":{"rendered":"<p>\u201cLa idea es trabajar todos juntos, de una manera amplia, con la cabeza bien abierta para que Trenque Lauquen se pueda posicionar como un municipio m\u00e1s en la Argentina para este emprendimiento\u201d, se\u00f1al\u00f3 <\/p>\n","protected":false},"author":2,"featured_media":82159,"comment_status":"closed","ping_status":"open","sticky":false,"template":"","format":"standard","meta":{"footnotes":""},"categories":[1327,1334],"tags":[4413],"class_list":["post-82155","post","type-post","status-publish","format-standard","has-post-thumbnail","hentry","category-audio","category-inferior14","tag-cannabis-medicinal-y-canamo-industrial"],"yoast_head":"<!-- This site is optimized with the Yoast SEO plugin v23.4 - https:\/\/yoast.com\/wordpress\/plugins\/seo\/ -->\n<title>El intendente de Trenque Lauquen se mostr\u00f3 entusiasmado con una propuesta presentada por emprendedores locales - Infoecos<\/title>\n<meta name=\"robots\" content=\"index, follow, max-snippet:-1, max-image-preview:large, max-video-preview:-1\" \/>\n<link rel=\"canonical\" href=\"https:\/\/infoecos.com.ar\/index.php\/el-intendente-de-trenque-lauquen-se-mostro-entusiasmado-con-una-propuesta-presentada-por-emprendedores-locales\/\" \/>\n<meta property=\"og:locale\" content=\"es_ES\" \/>\n<meta property=\"og:type\" content=\"article\" \/>\n<meta property=\"og:title\" content=\"El intendente de Trenque Lauquen se mostr\u00f3 entusiasmado con una propuesta presentada por emprendedores locales - Infoecos\" \/>\n<meta property=\"og:description\" content=\"\u201cLa idea es trabajar todos juntos, de una manera amplia, con la cabeza bien abierta para que Trenque Lauquen se pueda posicionar como un municipio m\u00e1s en la Argentina para este emprendimiento\u201d, se\u00f1al\u00f3\" \/>\n<meta property=\"og:url\" content=\"https:\/\/infoecos.com.ar\/index.php\/el-intendente-de-trenque-lauquen-se-mostro-entusiasmado-con-una-propuesta-presentada-por-emprendedores-locales\/\" \/>\n<meta property=\"og:site_name\" content=\"Infoecos\" \/>\n<meta property=\"article:publisher\" content=\"https:\/\/www.facebook.com\/profile.php?id=100063200290284\" \/>\n<meta property=\"article:published_time\" content=\"2021-07-27T21:12:32+00:00\" \/>\n<meta property=\"article:modified_time\" content=\"2021-07-31T07:12:28+00:00\" \/>\n<meta property=\"og:image\" content=\"https:\/\/infoecos.com.ar\/wp-content\/uploads\/2021\/07\/Reunion-Fernandez-2.jpg\" \/>\n\t<meta property=\"og:image:width\" content=\"1280\" \/>\n\t<meta property=\"og:image:height\" content=\"960\" \/>\n\t<meta property=\"og:image:type\" content=\"image\/jpeg\" \/>\n<meta name=\"author\" content=\"Jorge Matheus\" \/>\n<meta name=\"twitter:card\" content=\"summary_large_image\" \/>\n<meta name=\"twitter:creator\" content=\"@infoecos\" \/>\n<meta name=\"twitter:site\" content=\"@infoecos\" \/>\n<meta name=\"twitter:label1\" content=\"Escrito por\" \/>\n\t<meta name=\"twitter:data1\" content=\"Jorge Matheus\" \/>\n\t<meta name=\"twitter:label2\" content=\"Tiempo de lectura\" \/>\n\t<meta name=\"twitter:data2\" content=\"3 minutos\" \/>\n<script type=\"application\/ld+json\" class=\"yoast-schema-graph\">{\"@context\":\"https:\/\/schema.org\",\"@graph\":[{\"@type\":\"Article\",\"@id\":\"https:\/\/infoecos.com.ar\/index.php\/el-intendente-de-trenque-lauquen-se-mostro-entusiasmado-con-una-propuesta-presentada-por-emprendedores-locales\/#article\",\"isPartOf\":{\"@id\":\"https:\/\/infoecos.com.ar\/index.php\/el-intendente-de-trenque-lauquen-se-mostro-entusiasmado-con-una-propuesta-presentada-por-emprendedores-locales\/\"},\"author\":{\"name\":\"Jorge Matheus\",\"@id\":\"https:\/\/infoecos.com.ar\/#\/schema\/person\/8f5ace5ce73b4b4aac4b7245aee6f191\"},\"headline\":\"El intendente de Trenque Lauquen se mostr\u00f3 entusiasmado con una propuesta presentada por emprendedores locales\",\"datePublished\":\"2021-07-27T21:12:32+00:00\",\"dateModified\":\"2021-07-31T07:12:28+00:00\",\"mainEntityOfPage\":{\"@id\":\"https:\/\/infoecos.com.ar\/index.php\/el-intendente-de-trenque-lauquen-se-mostro-entusiasmado-con-una-propuesta-presentada-por-emprendedores-locales\/\"},\"wordCount\":524,\"publisher\":{\"@id\":\"https:\/\/infoecos.com.ar\/#organization\"},\"image\":{\"@id\":\"https:\/\/infoecos.com.ar\/index.php\/el-intendente-de-trenque-lauquen-se-mostro-entusiasmado-con-una-propuesta-presentada-por-emprendedores-locales\/#primaryimage\"},\"thumbnailUrl\":\"https:\/\/infoecos.com.ar\/wp-content\/uploads\/2021\/07\/Reunion-Fernandez-2.jpg\",\"keywords\":[\"CANNABIS MEDICINAL Y C\u00c1\u00d1AMO INDUSTRIAL\"],\"articleSection\":[\"Audio\",\"Bloque inferior - 14\"],\"inLanguage\":\"es\"},{\"@type\":\"WebPage\",\"@id\":\"https:\/\/infoecos.com.ar\/index.php\/el-intendente-de-trenque-lauquen-se-mostro-entusiasmado-con-una-propuesta-presentada-por-emprendedores-locales\/\",\"url\":\"https:\/\/infoecos.com.ar\/index.php\/el-intendente-de-trenque-lauquen-se-mostro-entusiasmado-con-una-propuesta-presentada-por-emprendedores-locales\/\",\"name\":\"El intendente de Trenque Lauquen se mostr\u00f3 entusiasmado con una propuesta presentada por emprendedores locales - Infoecos\",\"isPartOf\":{\"@id\":\"https:\/\/infoecos.com.ar\/#website\"},\"primaryImageOfPage\":{\"@id\":\"https:\/\/infoecos.com.ar\/index.php\/el-intendente-de-trenque-lauquen-se-mostro-entusiasmado-con-una-propuesta-presentada-por-emprendedores-locales\/#primaryimage\"},\"image\":{\"@id\":\"https:\/\/infoecos.com.ar\/index.php\/el-intendente-de-trenque-lauquen-se-mostro-entusiasmado-con-una-propuesta-presentada-por-emprendedores-locales\/#primaryimage\"},\"thumbnailUrl\":\"https:\/\/infoecos.com.ar\/wp-content\/uploads\/2021\/07\/Reunion-Fernandez-2.jpg\",\"datePublished\":\"2021-07-27T21:12:32+00:00\",\"dateModified\":\"2021-07-31T07:12:28+00:00\",\"breadcrumb\":{\"@id\":\"https:\/\/infoecos.com.ar\/index.php\/el-intendente-de-trenque-lauquen-se-mostro-entusiasmado-con-una-propuesta-presentada-por-emprendedores-locales\/#breadcrumb\"},\"inLanguage\":\"es\",\"potentialAction\":[{\"@type\":\"ReadAction\",\"target\":[\"https:\/\/infoecos.com.ar\/index.php\/el-intendente-de-trenque-lauquen-se-mostro-entusiasmado-con-una-propuesta-presentada-por-emprendedores-locales\/\"]}]},{\"@type\":\"ImageObject\",\"inLanguage\":\"es\",\"@id\":\"https:\/\/infoecos.com.ar\/index.php\/el-intendente-de-trenque-lauquen-se-mostro-entusiasmado-con-una-propuesta-presentada-por-emprendedores-locales\/#primaryimage\",\"url\":\"https:\/\/infoecos.com.ar\/wp-content\/uploads\/2021\/07\/Reunion-Fernandez-2.jpg\",\"contentUrl\":\"https:\/\/infoecos.com.ar\/wp-content\/uploads\/2021\/07\/Reunion-Fernandez-2.jpg\",\"width\":1280,\"height\":960},{\"@type\":\"BreadcrumbList\",\"@id\":\"https:\/\/infoecos.com.ar\/index.php\/el-intendente-de-trenque-lauquen-se-mostro-entusiasmado-con-una-propuesta-presentada-por-emprendedores-locales\/#breadcrumb\",\"itemListElement\":[{\"@type\":\"ListItem\",\"position\":1,\"name\":\"Portada\",\"item\":\"https:\/\/infoecos.com.ar\/\"},{\"@type\":\"ListItem\",\"position\":2,\"name\":\"El intendente de Trenque Lauquen se mostr\u00f3 entusiasmado con una propuesta presentada por emprendedores locales\"}]},{\"@type\":\"WebSite\",\"@id\":\"https:\/\/infoecos.com.ar\/#website\",\"url\":\"https:\/\/infoecos.com.ar\/\",\"name\":\"Infoecos\",\"description\":\"Noticias de trenque lauquen y la zona\",\"publisher\":{\"@id\":\"https:\/\/infoecos.com.ar\/#organization\"},\"alternateName\":\"Noticias\",\"potentialAction\":[{\"@type\":\"SearchAction\",\"target\":{\"@type\":\"EntryPoint\",\"urlTemplate\":\"https:\/\/infoecos.com.ar\/?s={search_term_string}\"},\"query-input\":{\"@type\":\"PropertyValueSpecification\",\"valueRequired\":true,\"valueName\":\"search_term_string\"}}],\"inLanguage\":\"es\"},{\"@type\":\"Organization\",\"@id\":\"https:\/\/infoecos.com.ar\/#organization\",\"name\":\"Infoecos\",\"alternateName\":\"Noticias\",\"url\":\"https:\/\/infoecos.com.ar\/\",\"logo\":{\"@type\":\"ImageObject\",\"inLanguage\":\"es\",\"@id\":\"https:\/\/infoecos.com.ar\/#\/schema\/logo\/image\/\",\"url\":\"https:\/\/infoecos.com.ar\/wp-content\/uploads\/2024\/03\/cropped-logo.png\",\"contentUrl\":\"https:\/\/infoecos.com.ar\/wp-content\/uploads\/2024\/03\/cropped-logo.png\",\"width\":374,\"height\":90,\"caption\":\"Infoecos\"},\"image\":{\"@id\":\"https:\/\/infoecos.com.ar\/#\/schema\/logo\/image\/\"},\"sameAs\":[\"https:\/\/www.facebook.com\/profile.php?id=100063200290284\",\"https:\/\/x.com\/infoecos\"]},{\"@type\":\"Person\",\"@id\":\"https:\/\/infoecos.com.ar\/#\/schema\/person\/8f5ace5ce73b4b4aac4b7245aee6f191\",\"name\":\"Jorge Matheus\",\"url\":\"https:\/\/infoecos.com.ar\/index.php\/author\/jomatheus\/\"}]}<\/script>\n<!-- \/ Yoast SEO plugin. -->","yoast_head_json":{"title":"El intendente de Trenque Lauquen se mostr\u00f3 entusiasmado con una propuesta presentada por emprendedores locales - Infoecos","robots":{"index":"index","follow":"follow","max-snippet":"max-snippet:-1","max-image-preview":"max-image-preview:large","max-video-preview":"max-video-preview:-1"},"canonical":"https:\/\/infoecos.com.ar\/index.php\/el-intendente-de-trenque-lauquen-se-mostro-entusiasmado-con-una-propuesta-presentada-por-emprendedores-locales\/","og_locale":"es_ES","og_type":"article","og_title":"El intendente de Trenque Lauquen se mostr\u00f3 entusiasmado con una propuesta presentada por emprendedores locales - Infoecos","og_description":"\u201cLa idea es trabajar todos juntos, de una manera amplia, con la cabeza bien abierta para que Trenque Lauquen se pueda posicionar como un municipio m\u00e1s en la Argentina para este emprendimiento\u201d, se\u00f1al\u00f3","og_url":"https:\/\/infoecos.com.ar\/index.php\/el-intendente-de-trenque-lauquen-se-mostro-entusiasmado-con-una-propuesta-presentada-por-emprendedores-locales\/","og_site_name":"Infoecos","article_publisher":"https:\/\/www.facebook.com\/profile.php?id=100063200290284","article_published_time":"2021-07-27T21:12:32+00:00","article_modified_time":"2021-07-31T07:12:28+00:00","og_image":[{"width":1280,"height":960,"url":"https:\/\/infoecos.com.ar\/wp-content\/uploads\/2021\/07\/Reunion-Fernandez-2.jpg","type":"image\/jpeg"}],"author":"Jorge Matheus","twitter_card":"summary_large_image","twitter_creator":"@infoecos","twitter_site":"@infoecos","twitter_misc":{"Escrito por":"Jorge Matheus","Tiempo de lectura":"3 minutos"},"schema":{"@context":"https:\/\/schema.org","@graph":[{"@type":"Article","@id":"https:\/\/infoecos.com.ar\/index.php\/el-intendente-de-trenque-lauquen-se-mostro-entusiasmado-con-una-propuesta-presentada-por-emprendedores-locales\/#article","isPartOf":{"@id":"https:\/\/infoecos.com.ar\/index.php\/el-intendente-de-trenque-lauquen-se-mostro-entusiasmado-con-una-propuesta-presentada-por-emprendedores-locales\/"},"author":{"name":"Jorge Matheus","@id":"https:\/\/infoecos.com.ar\/#\/schema\/person\/8f5ace5ce73b4b4aac4b7245aee6f191"},"headline":"El intendente de Trenque Lauquen se mostr\u00f3 entusiasmado con una propuesta presentada por emprendedores locales","datePublished":"2021-07-27T21:12:32+00:00","dateModified":"2021-07-31T07:12:28+00:00","mainEntityOfPage":{"@id":"https:\/\/infoecos.com.ar\/index.php\/el-intendente-de-trenque-lauquen-se-mostro-entusiasmado-con-una-propuesta-presentada-por-emprendedores-locales\/"},"wordCount":524,"publisher":{"@id":"https:\/\/infoecos.com.ar\/#organization"},"image":{"@id":"https:\/\/infoecos.com.ar\/index.php\/el-intendente-de-trenque-lauquen-se-mostro-entusiasmado-con-una-propuesta-presentada-por-emprendedores-locales\/#primaryimage"},"thumbnailUrl":"https:\/\/infoecos.com.ar\/wp-content\/uploads\/2021\/07\/Reunion-Fernandez-2.jpg","keywords":["CANNABIS MEDICINAL Y C\u00c1\u00d1AMO INDUSTRIAL"],"articleSection":["Audio","Bloque inferior - 14"],"inLanguage":"es"},{"@type":"WebPage","@id":"https:\/\/infoecos.com.ar\/index.php\/el-intendente-de-trenque-lauquen-se-mostro-entusiasmado-con-una-propuesta-presentada-por-emprendedores-locales\/","url":"https:\/\/infoecos.com.ar\/index.php\/el-intendente-de-trenque-lauquen-se-mostro-entusiasmado-con-una-propuesta-presentada-por-emprendedores-locales\/","name":"El intendente de Trenque Lauquen se mostr\u00f3 entusiasmado con una propuesta presentada por emprendedores locales - Infoecos","isPartOf":{"@id":"https:\/\/infoecos.com.ar\/#website"},"primaryImageOfPage":{"@id":"https:\/\/infoecos.com.ar\/index.php\/el-intendente-de-trenque-lauquen-se-mostro-entusiasmado-con-una-propuesta-presentada-por-emprendedores-locales\/#primaryimage"},"image":{"@id":"https:\/\/infoecos.com.ar\/index.php\/el-intendente-de-trenque-lauquen-se-mostro-entusiasmado-con-una-propuesta-presentada-por-emprendedores-locales\/#primaryimage"},"thumbnailUrl":"https:\/\/infoecos.com.ar\/wp-content\/uploads\/2021\/07\/Reunion-Fernandez-2.jpg","datePublished":"2021-07-27T21:12:32+00:00","dateModified":"2021-07-31T07:12:28+00:00","breadcrumb":{"@id":"https:\/\/infoecos.com.ar\/index.php\/el-intendente-de-trenque-lauquen-se-mostro-entusiasmado-con-una-propuesta-presentada-por-emprendedores-locales\/#breadcrumb"},"inLanguage":"es","potentialAction":[{"@type":"ReadAction","target":["https:\/\/infoecos.com.ar\/index.php\/el-intendente-de-trenque-lauquen-se-mostro-entusiasmado-con-una-propuesta-presentada-por-emprendedores-locales\/"]}]},{"@type":"ImageObject","inLanguage":"es","@id":"https:\/\/infoecos.com.ar\/index.php\/el-intendente-de-trenque-lauquen-se-mostro-entusiasmado-con-una-propuesta-presentada-por-emprendedores-locales\/#primaryimage","url":"https:\/\/infoecos.com.ar\/wp-content\/uploads\/2021\/07\/Reunion-Fernandez-2.jpg","contentUrl":"https:\/\/infoecos.com.ar\/wp-content\/uploads\/2021\/07\/Reunion-Fernandez-2.jpg","width":1280,"height":960},{"@type":"BreadcrumbList","@id":"https:\/\/infoecos.com.ar\/index.php\/el-intendente-de-trenque-lauquen-se-mostro-entusiasmado-con-una-propuesta-presentada-por-emprendedores-locales\/#breadcrumb","itemListElement":[{"@type":"ListItem","position":1,"name":"Portada","item":"https:\/\/infoecos.com.ar\/"},{"@type":"ListItem","position":2,"name":"El intendente de Trenque Lauquen se mostr\u00f3 entusiasmado con una propuesta presentada por emprendedores locales"}]},{"@type":"WebSite","@id":"https:\/\/infoecos.com.ar\/#website","url":"https:\/\/infoecos.com.ar\/","name":"Infoecos","description":"Noticias de trenque lauquen y la zona","publisher":{"@id":"https:\/\/infoecos.com.ar\/#organization"},"alternateName":"Noticias","potentialAction":[{"@type":"SearchAction","target":{"@type":"EntryPoint","urlTemplate":"https:\/\/infoecos.com.ar\/?s={search_term_string}"},"query-input":{"@type":"PropertyValueSpecification","valueRequired":true,"valueName":"search_term_string"}}],"inLanguage":"es"},{"@type":"Organization","@id":"https:\/\/infoecos.com.ar\/#organization","name":"Infoecos","alternateName":"Noticias","url":"https:\/\/infoecos.com.ar\/","logo":{"@type":"ImageObject","inLanguage":"es","@id":"https:\/\/infoecos.com.ar\/#\/schema\/logo\/image\/","url":"https:\/\/infoecos.com.ar\/wp-content\/uploads\/2024\/03\/cropped-logo.png","contentUrl":"https:\/\/infoecos.com.ar\/wp-content\/uploads\/2024\/03\/cropped-logo.png","width":374,"height":90,"caption":"Infoecos"},"image":{"@id":"https:\/\/infoecos.com.ar\/#\/schema\/logo\/image\/"},"sameAs":["https:\/\/www.facebook.com\/profile.php?id=100063200290284","https:\/\/x.com\/infoecos"]},{"@type":"Person","@id":"https:\/\/infoecos.com.ar\/#\/schema\/person\/8f5ace5ce73b4b4aac4b7245aee6f191","name":"Jorge Matheus","url":"https:\/\/infoecos.com.ar\/index.php\/author\/jomatheus\/"}]}},"featured_image_urls":{"full":["https:\/\/infoecos.com.ar\/wp-content\/uploads\/2021\/07\/Reunion-Fernandez-2.jpg",1280,960,false],"thumbnail":["https:\/\/infoecos.com.ar\/wp-content\/uploads\/2021\/07\/Reunion-Fernandez-2-150x150.jpg",150,150,true],"medium":["https:\/\/infoecos.com.ar\/wp-content\/uploads\/2021\/07\/Reunion-Fernandez-2-460x345.jpg",460,345,true],"medium_large":["https:\/\/infoecos.com.ar\/wp-content\/uploads\/2021\/07\/Reunion-Fernandez-2-768x576.jpg",640,480,true],"large":["https:\/\/infoecos.com.ar\/wp-content\/uploads\/2021\/07\/Reunion-Fernandez-2-920x690.jpg",640,480,true],"1536x1536":["https:\/\/infoecos.com.ar\/wp-content\/uploads\/2021\/07\/Reunion-Fernandez-2.jpg",1280,960,false],"2048x2048":["https:\/\/infoecos.com.ar\/wp-content\/uploads\/2021\/07\/Reunion-Fernandez-2.jpg",1280,960,false],"covernews-slider-full":["https:\/\/infoecos.com.ar\/wp-content\/uploads\/2021\/07\/Reunion-Fernandez-2.jpg",953,715,false],"covernews-slider-center":["https:\/\/infoecos.com.ar\/wp-content\/uploads\/2021\/07\/Reunion-Fernandez-2-936x897.jpg",522,500,true],"covernews-featured":["https:\/\/infoecos.com.ar\/wp-content\/uploads\/2021\/07\/Reunion-Fernandez-2-1024x768.jpg",1024,768,true],"covernews-medium":["https:\/\/infoecos.com.ar\/wp-content\/uploads\/2021\/07\/Reunion-Fernandez-2-720x380.jpg",540,285,true],"covernews-medium-square":["https:\/\/infoecos.com.ar\/wp-content\/uploads\/2021\/07\/Reunion-Fernandez-2-675x450.jpg",375,250,true]},"author_info":{"info":["Jorge Matheus"]},"category_info":"<a href=\"https:\/\/infoecos.com.ar\/index.php\/category\/audio\/\" rel=\"category tag\">Audio<\/a> <a href=\"https:\/\/infoecos.com.ar\/index.php\/category\/inferior14\/\" rel=\"category tag\">Bloque inferior - 14<\/a>","tag_info":"Bloque inferior - 14","comment_count":"0","_links":{"self":[{"href":"https:\/\/infoecos.com.ar\/index.php\/wp-json\/wp\/v2\/posts\/82155"}],"collection":[{"href":"https:\/\/infoecos.com.ar\/index.php\/wp-json\/wp\/v2\/posts"}],"about":[{"href":"https:\/\/infoecos.com.ar\/index.php\/wp-json\/wp\/v2\/types\/post"}],"author":[{"embeddable":true,"href":"https:\/\/infoecos.com.ar\/index.php\/wp-json\/wp\/v2\/users\/2"}],"replies":[{"embeddable":true,"href":"https:\/\/infoecos.com.ar\/index.php\/wp-json\/wp\/v2\/comments?post=82155"}],"version-history":[{"count":3,"href":"https:\/\/infoecos.com.ar\/index.php\/wp-json\/wp\/v2\/posts\/82155\/revisions"}],"predecessor-version":[{"id":82169,"href":"https:\/\/infoecos.com.ar\/index.php\/wp-json\/wp\/v2\/posts\/82155\/revisions\/82169"}],"wp:featuredmedia":[{"embeddable":true,"href":"https:\/\/infoecos.com.ar\/index.php\/wp-json\/wp\/v2\/media\/82159"}],"wp:attachment":[{"href":"https:\/\/infoecos.com.ar\/index.php\/wp-json\/wp\/v2\/media?parent=82155"}],"wp:term":[{"taxonomy":"category","embeddable":true,"href":"https:\/\/infoecos.com.ar\/index.php\/wp-json\/wp\/v2\/categories?post=82155"},{"taxonomy":"post_tag","embeddable":true,"href":"https:\/\/infoecos.com.ar\/index.php\/wp-json\/wp\/v2\/tags?post=82155"}],"curies":[{"name":"wp","href":"https:\/\/api.w.org\/{rel}","templated":true}]}}