{"id":82241,"date":"2021-07-29T00:27:57","date_gmt":"2021-07-29T03:27:57","guid":{"rendered":"http:\/\/infoecos.com.ar\/?p=82241"},"modified":"2021-07-30T04:05:56","modified_gmt":"2021-07-30T07:05:56","slug":"tenemos-que-volver-a-la-normalidad-pero-de-forma-cuidada-dijo-el-jefe-de-asesores-del-ministerio-de-salud-de-la-provincia","status":"publish","type":"post","link":"https:\/\/infoecos.com.ar\/index.php\/tenemos-que-volver-a-la-normalidad-pero-de-forma-cuidada-dijo-el-jefe-de-asesores-del-ministerio-de-salud-de-la-provincia\/","title":{"rendered":"\u00abTenemos que volver a la normalidad, pero de forma cuidada\u00bb, dijo el Jefe de Asesores del ministerio de Salud de la provincia"},"content":{"rendered":"\n<p>El jefe de Asesores del ministerio de Salud bonaerense, Enio Garc\u00eda, destac\u00f3 que \u201cnos encaminamos hacia abrir m\u00e1s actividades y necesitamos recuperar la vida social\u201d.<\/p>\n\n\n\n<p>En declaraciones a Radio Provincia destac\u00f3 que \u00abtenemos que volver a la normalidad pero de forma cuidada para tratar de evitar retroceder como est\u00e1 sucediendo en varios pa\u00edses de Europa\u201d.&nbsp;&nbsp;<\/p>\n\n\n\n<div class=\"wp-block-image is-style-default\"><figure class=\"aligncenter size-medium\"><img loading=\"lazy\" decoding=\"async\" width=\"460\" height=\"259\" src=\"http:\/\/infoecos.com.ar\/wp-content\/uploads\/2021\/05\/garciaenio-460x259.jpg\" alt=\"\" class=\"wp-image-78261\" srcset=\"https:\/\/infoecos.com.ar\/wp-content\/uploads\/2021\/05\/garciaenio-460x259.jpg 460w, https:\/\/infoecos.com.ar\/wp-content\/uploads\/2021\/05\/garciaenio-920x518.jpg 920w, https:\/\/infoecos.com.ar\/wp-content\/uploads\/2021\/05\/garciaenio-768x432.jpg 768w, https:\/\/infoecos.com.ar\/wp-content\/uploads\/2021\/05\/garciaenio.jpg 1004w\" sizes=\"(max-width: 460px) 100vw, 460px\" \/><\/figure><\/div>\n\n\n\n<p>Garc\u00eda se\u00f1al\u00f3 que \u201ccuando planificamos la campa\u00f1a de vacunaci\u00f3n hace un a\u00f1o pens\u00e1bamos tener como sucede unos 200.000 vacunados por d\u00eda. Tuvimos el problema global que no alcanzaba la producci\u00f3n y una concentraci\u00f3n de vacunas muy fuerte en algunos pa\u00edses\u201c.<\/p>\n\n\n\n<p>Con respecto a la vacunaci\u00f3n en menores, Garc\u00eda detall\u00f3 que \u201cabrimos la inscripci\u00f3n para ni\u00f1os de 13 a 17 a\u00f1os y ahora sumamos a los de 12 a\u00f1os. Tenemos unos 80 mil con prioridades\u201d.<\/p>\n\n\n\n<p>En este marco, se\u00f1al\u00f3 que \u201cni bien llegue la vacuna de Moderna se enviar\u00e1n los turnos. Creemos que en agosto se podr\u00eda comenzar a vacunarlos\u201d.<\/p>\n\n\n\n<p>Adem\u00e1s explic\u00f3 que, en general, \u201cel grupo de 18 a 30 a\u00f1os es el sector que m\u00e1s se resiste a vacunarse, pero nos sorprendi\u00f3 el buen n\u00famero de inscriptos. El tener la vacunaci\u00f3n libre y el boca a boca es algo que motiva\u201d.<\/p>\n\n\n\n<p>Garcia dijo que \u00abcuando quede un grupo menor haremos una campa\u00f1a m\u00e1s fuerte para poder terminar de vacunarlos. Estamos caminando hacia abrir m\u00e1s actividades porque necesitamos recuperar la vida social y el trabajo\u00bb.<\/p>\n","protected":false},"excerpt":{"rendered":"<p>Con respecto a la vacunaci\u00f3n en menores, Garc\u00eda detall\u00f3 que \u201cabrimos la inscripci\u00f3n para ni\u00f1os de 13 a 17 a\u00f1os y ahora sumamos a los de 12 a\u00f1os. Tenemos unos 80 mil con prioridades\u201d<\/p>\n","protected":false},"author":2,"featured_media":78261,"comment_status":"closed","ping_status":"open","sticky":false,"template":"","format":"standard","meta":{"footnotes":""},"categories":[26],"tags":[4428],"class_list":["post-82241","post","type-post","status-publish","format-standard","has-post-thumbnail","hentry","category-inferior6","tag-clases-presenciales"],"yoast_head":"<!-- This site is optimized with the Yoast SEO plugin v23.4 - https:\/\/yoast.com\/wordpress\/plugins\/seo\/ -->\n<title>&quot;Tenemos que volver a la normalidad, pero de forma cuidada&quot;, dijo el Jefe de Asesores del ministerio de Salud de la provincia - Infoecos<\/title>\n<meta name=\"robots\" content=\"index, follow, max-snippet:-1, max-image-preview:large, max-video-preview:-1\" \/>\n<link rel=\"canonical\" href=\"https:\/\/infoecos.com.ar\/index.php\/tenemos-que-volver-a-la-normalidad-pero-de-forma-cuidada-dijo-el-jefe-de-asesores-del-ministerio-de-salud-de-la-provincia\/\" \/>\n<meta property=\"og:locale\" content=\"es_ES\" \/>\n<meta property=\"og:type\" content=\"article\" \/>\n<meta property=\"og:title\" content=\"&quot;Tenemos que volver a la normalidad, pero de forma cuidada&quot;, dijo el Jefe de Asesores del ministerio de Salud de la provincia - Infoecos\" \/>\n<meta property=\"og:description\" content=\"Con respecto a la vacunaci\u00f3n en menores, Garc\u00eda detall\u00f3 que \u201cabrimos la inscripci\u00f3n para ni\u00f1os de 13 a 17 a\u00f1os y ahora sumamos a los de 12 a\u00f1os. Tenemos unos 80 mil con prioridades\u201d\" \/>\n<meta property=\"og:url\" content=\"https:\/\/infoecos.com.ar\/index.php\/tenemos-que-volver-a-la-normalidad-pero-de-forma-cuidada-dijo-el-jefe-de-asesores-del-ministerio-de-salud-de-la-provincia\/\" \/>\n<meta property=\"og:site_name\" content=\"Infoecos\" \/>\n<meta property=\"article:publisher\" content=\"https:\/\/www.facebook.com\/profile.php?id=100063200290284\" \/>\n<meta property=\"article:published_time\" content=\"2021-07-29T03:27:57+00:00\" \/>\n<meta property=\"article:modified_time\" content=\"2021-07-30T07:05:56+00:00\" \/>\n<meta property=\"og:image\" content=\"https:\/\/infoecos.com.ar\/wp-content\/uploads\/2021\/05\/garciaenio.jpg\" \/>\n\t<meta property=\"og:image:width\" content=\"1004\" \/>\n\t<meta property=\"og:image:height\" content=\"565\" \/>\n\t<meta property=\"og:image:type\" content=\"image\/jpeg\" \/>\n<meta name=\"author\" content=\"Jorge Matheus\" \/>\n<meta name=\"twitter:card\" content=\"summary_large_image\" \/>\n<meta name=\"twitter:creator\" content=\"@infoecos\" \/>\n<meta name=\"twitter:site\" content=\"@infoecos\" \/>\n<meta name=\"twitter:label1\" content=\"Escrito por\" \/>\n\t<meta name=\"twitter:data1\" content=\"Jorge Matheus\" \/>\n\t<meta name=\"twitter:label2\" content=\"Tiempo de lectura\" \/>\n\t<meta name=\"twitter:data2\" content=\"1 minuto\" \/>\n<script type=\"application\/ld+json\" class=\"yoast-schema-graph\">{\"@context\":\"https:\/\/schema.org\",\"@graph\":[{\"@type\":\"Article\",\"@id\":\"https:\/\/infoecos.com.ar\/index.php\/tenemos-que-volver-a-la-normalidad-pero-de-forma-cuidada-dijo-el-jefe-de-asesores-del-ministerio-de-salud-de-la-provincia\/#article\",\"isPartOf\":{\"@id\":\"https:\/\/infoecos.com.ar\/index.php\/tenemos-que-volver-a-la-normalidad-pero-de-forma-cuidada-dijo-el-jefe-de-asesores-del-ministerio-de-salud-de-la-provincia\/\"},\"author\":{\"name\":\"Jorge Matheus\",\"@id\":\"https:\/\/infoecos.com.ar\/#\/schema\/person\/8f5ace5ce73b4b4aac4b7245aee6f191\"},\"headline\":\"\u00abTenemos que volver a la normalidad, pero de forma cuidada\u00bb, dijo el Jefe de Asesores del ministerio de Salud de la provincia\",\"datePublished\":\"2021-07-29T03:27:57+00:00\",\"dateModified\":\"2021-07-30T07:05:56+00:00\",\"mainEntityOfPage\":{\"@id\":\"https:\/\/infoecos.com.ar\/index.php\/tenemos-que-volver-a-la-normalidad-pero-de-forma-cuidada-dijo-el-jefe-de-asesores-del-ministerio-de-salud-de-la-provincia\/\"},\"wordCount\":277,\"publisher\":{\"@id\":\"https:\/\/infoecos.com.ar\/#organization\"},\"image\":{\"@id\":\"https:\/\/infoecos.com.ar\/index.php\/tenemos-que-volver-a-la-normalidad-pero-de-forma-cuidada-dijo-el-jefe-de-asesores-del-ministerio-de-salud-de-la-provincia\/#primaryimage\"},\"thumbnailUrl\":\"https:\/\/infoecos.com.ar\/wp-content\/uploads\/2021\/05\/garciaenio.jpg\",\"keywords\":[\"CLASES PRESENCIALES\"],\"articleSection\":[\"Bloque inferior - 6\"],\"inLanguage\":\"es\"},{\"@type\":\"WebPage\",\"@id\":\"https:\/\/infoecos.com.ar\/index.php\/tenemos-que-volver-a-la-normalidad-pero-de-forma-cuidada-dijo-el-jefe-de-asesores-del-ministerio-de-salud-de-la-provincia\/\",\"url\":\"https:\/\/infoecos.com.ar\/index.php\/tenemos-que-volver-a-la-normalidad-pero-de-forma-cuidada-dijo-el-jefe-de-asesores-del-ministerio-de-salud-de-la-provincia\/\",\"name\":\"\\\"Tenemos que volver a la normalidad, pero de forma cuidada\\\", dijo el Jefe de Asesores del ministerio de Salud de la provincia - Infoecos\",\"isPartOf\":{\"@id\":\"https:\/\/infoecos.com.ar\/#website\"},\"primaryImageOfPage\":{\"@id\":\"https:\/\/infoecos.com.ar\/index.php\/tenemos-que-volver-a-la-normalidad-pero-de-forma-cuidada-dijo-el-jefe-de-asesores-del-ministerio-de-salud-de-la-provincia\/#primaryimage\"},\"image\":{\"@id\":\"https:\/\/infoecos.com.ar\/index.php\/tenemos-que-volver-a-la-normalidad-pero-de-forma-cuidada-dijo-el-jefe-de-asesores-del-ministerio-de-salud-de-la-provincia\/#primaryimage\"},\"thumbnailUrl\":\"https:\/\/infoecos.com.ar\/wp-content\/uploads\/2021\/05\/garciaenio.jpg\",\"datePublished\":\"2021-07-29T03:27:57+00:00\",\"dateModified\":\"2021-07-30T07:05:56+00:00\",\"breadcrumb\":{\"@id\":\"https:\/\/infoecos.com.ar\/index.php\/tenemos-que-volver-a-la-normalidad-pero-de-forma-cuidada-dijo-el-jefe-de-asesores-del-ministerio-de-salud-de-la-provincia\/#breadcrumb\"},\"inLanguage\":\"es\",\"potentialAction\":[{\"@type\":\"ReadAction\",\"target\":[\"https:\/\/infoecos.com.ar\/index.php\/tenemos-que-volver-a-la-normalidad-pero-de-forma-cuidada-dijo-el-jefe-de-asesores-del-ministerio-de-salud-de-la-provincia\/\"]}]},{\"@type\":\"ImageObject\",\"inLanguage\":\"es\",\"@id\":\"https:\/\/infoecos.com.ar\/index.php\/tenemos-que-volver-a-la-normalidad-pero-de-forma-cuidada-dijo-el-jefe-de-asesores-del-ministerio-de-salud-de-la-provincia\/#primaryimage\",\"url\":\"https:\/\/infoecos.com.ar\/wp-content\/uploads\/2021\/05\/garciaenio.jpg\",\"contentUrl\":\"https:\/\/infoecos.com.ar\/wp-content\/uploads\/2021\/05\/garciaenio.jpg\",\"width\":1004,\"height\":565},{\"@type\":\"BreadcrumbList\",\"@id\":\"https:\/\/infoecos.com.ar\/index.php\/tenemos-que-volver-a-la-normalidad-pero-de-forma-cuidada-dijo-el-jefe-de-asesores-del-ministerio-de-salud-de-la-provincia\/#breadcrumb\",\"itemListElement\":[{\"@type\":\"ListItem\",\"position\":1,\"name\":\"Portada\",\"item\":\"https:\/\/infoecos.com.ar\/\"},{\"@type\":\"ListItem\",\"position\":2,\"name\":\"\u00abTenemos que volver a la normalidad, pero de forma cuidada\u00bb, dijo el Jefe de Asesores del ministerio de Salud de la provincia\"}]},{\"@type\":\"WebSite\",\"@id\":\"https:\/\/infoecos.com.ar\/#website\",\"url\":\"https:\/\/infoecos.com.ar\/\",\"name\":\"Infoecos\",\"description\":\"Noticias de trenque lauquen y la zona\",\"publisher\":{\"@id\":\"https:\/\/infoecos.com.ar\/#organization\"},\"alternateName\":\"Noticias\",\"potentialAction\":[{\"@type\":\"SearchAction\",\"target\":{\"@type\":\"EntryPoint\",\"urlTemplate\":\"https:\/\/infoecos.com.ar\/?s={search_term_string}\"},\"query-input\":{\"@type\":\"PropertyValueSpecification\",\"valueRequired\":true,\"valueName\":\"search_term_string\"}}],\"inLanguage\":\"es\"},{\"@type\":\"Organization\",\"@id\":\"https:\/\/infoecos.com.ar\/#organization\",\"name\":\"Infoecos\",\"alternateName\":\"Noticias\",\"url\":\"https:\/\/infoecos.com.ar\/\",\"logo\":{\"@type\":\"ImageObject\",\"inLanguage\":\"es\",\"@id\":\"https:\/\/infoecos.com.ar\/#\/schema\/logo\/image\/\",\"url\":\"https:\/\/infoecos.com.ar\/wp-content\/uploads\/2024\/03\/cropped-logo.png\",\"contentUrl\":\"https:\/\/infoecos.com.ar\/wp-content\/uploads\/2024\/03\/cropped-logo.png\",\"width\":374,\"height\":90,\"caption\":\"Infoecos\"},\"image\":{\"@id\":\"https:\/\/infoecos.com.ar\/#\/schema\/logo\/image\/\"},\"sameAs\":[\"https:\/\/www.facebook.com\/profile.php?id=100063200290284\",\"https:\/\/x.com\/infoecos\"]},{\"@type\":\"Person\",\"@id\":\"https:\/\/infoecos.com.ar\/#\/schema\/person\/8f5ace5ce73b4b4aac4b7245aee6f191\",\"name\":\"Jorge Matheus\",\"url\":\"https:\/\/infoecos.com.ar\/index.php\/author\/jomatheus\/\"}]}<\/script>\n<!-- \/ Yoast SEO plugin. -->","yoast_head_json":{"title":"\"Tenemos que volver a la normalidad, pero de forma cuidada\", dijo el Jefe de Asesores del ministerio de Salud de la provincia - Infoecos","robots":{"index":"index","follow":"follow","max-snippet":"max-snippet:-1","max-image-preview":"max-image-preview:large","max-video-preview":"max-video-preview:-1"},"canonical":"https:\/\/infoecos.com.ar\/index.php\/tenemos-que-volver-a-la-normalidad-pero-de-forma-cuidada-dijo-el-jefe-de-asesores-del-ministerio-de-salud-de-la-provincia\/","og_locale":"es_ES","og_type":"article","og_title":"\"Tenemos que volver a la normalidad, pero de forma cuidada\", dijo el Jefe de Asesores del ministerio de Salud de la provincia - Infoecos","og_description":"Con respecto a la vacunaci\u00f3n en menores, Garc\u00eda detall\u00f3 que \u201cabrimos la inscripci\u00f3n para ni\u00f1os de 13 a 17 a\u00f1os y ahora sumamos a los de 12 a\u00f1os. Tenemos unos 80 mil con prioridades\u201d","og_url":"https:\/\/infoecos.com.ar\/index.php\/tenemos-que-volver-a-la-normalidad-pero-de-forma-cuidada-dijo-el-jefe-de-asesores-del-ministerio-de-salud-de-la-provincia\/","og_site_name":"Infoecos","article_publisher":"https:\/\/www.facebook.com\/profile.php?id=100063200290284","article_published_time":"2021-07-29T03:27:57+00:00","article_modified_time":"2021-07-30T07:05:56+00:00","og_image":[{"width":1004,"height":565,"url":"https:\/\/infoecos.com.ar\/wp-content\/uploads\/2021\/05\/garciaenio.jpg","type":"image\/jpeg"}],"author":"Jorge Matheus","twitter_card":"summary_large_image","twitter_creator":"@infoecos","twitter_site":"@infoecos","twitter_misc":{"Escrito por":"Jorge Matheus","Tiempo de lectura":"1 minuto"},"schema":{"@context":"https:\/\/schema.org","@graph":[{"@type":"Article","@id":"https:\/\/infoecos.com.ar\/index.php\/tenemos-que-volver-a-la-normalidad-pero-de-forma-cuidada-dijo-el-jefe-de-asesores-del-ministerio-de-salud-de-la-provincia\/#article","isPartOf":{"@id":"https:\/\/infoecos.com.ar\/index.php\/tenemos-que-volver-a-la-normalidad-pero-de-forma-cuidada-dijo-el-jefe-de-asesores-del-ministerio-de-salud-de-la-provincia\/"},"author":{"name":"Jorge Matheus","@id":"https:\/\/infoecos.com.ar\/#\/schema\/person\/8f5ace5ce73b4b4aac4b7245aee6f191"},"headline":"\u00abTenemos que volver a la normalidad, pero de forma cuidada\u00bb, dijo el Jefe de Asesores del ministerio de Salud de la provincia","datePublished":"2021-07-29T03:27:57+00:00","dateModified":"2021-07-30T07:05:56+00:00","mainEntityOfPage":{"@id":"https:\/\/infoecos.com.ar\/index.php\/tenemos-que-volver-a-la-normalidad-pero-de-forma-cuidada-dijo-el-jefe-de-asesores-del-ministerio-de-salud-de-la-provincia\/"},"wordCount":277,"publisher":{"@id":"https:\/\/infoecos.com.ar\/#organization"},"image":{"@id":"https:\/\/infoecos.com.ar\/index.php\/tenemos-que-volver-a-la-normalidad-pero-de-forma-cuidada-dijo-el-jefe-de-asesores-del-ministerio-de-salud-de-la-provincia\/#primaryimage"},"thumbnailUrl":"https:\/\/infoecos.com.ar\/wp-content\/uploads\/2021\/05\/garciaenio.jpg","keywords":["CLASES PRESENCIALES"],"articleSection":["Bloque inferior - 6"],"inLanguage":"es"},{"@type":"WebPage","@id":"https:\/\/infoecos.com.ar\/index.php\/tenemos-que-volver-a-la-normalidad-pero-de-forma-cuidada-dijo-el-jefe-de-asesores-del-ministerio-de-salud-de-la-provincia\/","url":"https:\/\/infoecos.com.ar\/index.php\/tenemos-que-volver-a-la-normalidad-pero-de-forma-cuidada-dijo-el-jefe-de-asesores-del-ministerio-de-salud-de-la-provincia\/","name":"\"Tenemos que volver a la normalidad, pero de forma cuidada\", dijo el Jefe de Asesores del ministerio de Salud de la provincia - Infoecos","isPartOf":{"@id":"https:\/\/infoecos.com.ar\/#website"},"primaryImageOfPage":{"@id":"https:\/\/infoecos.com.ar\/index.php\/tenemos-que-volver-a-la-normalidad-pero-de-forma-cuidada-dijo-el-jefe-de-asesores-del-ministerio-de-salud-de-la-provincia\/#primaryimage"},"image":{"@id":"https:\/\/infoecos.com.ar\/index.php\/tenemos-que-volver-a-la-normalidad-pero-de-forma-cuidada-dijo-el-jefe-de-asesores-del-ministerio-de-salud-de-la-provincia\/#primaryimage"},"thumbnailUrl":"https:\/\/infoecos.com.ar\/wp-content\/uploads\/2021\/05\/garciaenio.jpg","datePublished":"2021-07-29T03:27:57+00:00","dateModified":"2021-07-30T07:05:56+00:00","breadcrumb":{"@id":"https:\/\/infoecos.com.ar\/index.php\/tenemos-que-volver-a-la-normalidad-pero-de-forma-cuidada-dijo-el-jefe-de-asesores-del-ministerio-de-salud-de-la-provincia\/#breadcrumb"},"inLanguage":"es","potentialAction":[{"@type":"ReadAction","target":["https:\/\/infoecos.com.ar\/index.php\/tenemos-que-volver-a-la-normalidad-pero-de-forma-cuidada-dijo-el-jefe-de-asesores-del-ministerio-de-salud-de-la-provincia\/"]}]},{"@type":"ImageObject","inLanguage":"es","@id":"https:\/\/infoecos.com.ar\/index.php\/tenemos-que-volver-a-la-normalidad-pero-de-forma-cuidada-dijo-el-jefe-de-asesores-del-ministerio-de-salud-de-la-provincia\/#primaryimage","url":"https:\/\/infoecos.com.ar\/wp-content\/uploads\/2021\/05\/garciaenio.jpg","contentUrl":"https:\/\/infoecos.com.ar\/wp-content\/uploads\/2021\/05\/garciaenio.jpg","width":1004,"height":565},{"@type":"BreadcrumbList","@id":"https:\/\/infoecos.com.ar\/index.php\/tenemos-que-volver-a-la-normalidad-pero-de-forma-cuidada-dijo-el-jefe-de-asesores-del-ministerio-de-salud-de-la-provincia\/#breadcrumb","itemListElement":[{"@type":"ListItem","position":1,"name":"Portada","item":"https:\/\/infoecos.com.ar\/"},{"@type":"ListItem","position":2,"name":"\u00abTenemos que volver a la normalidad, pero de forma cuidada\u00bb, dijo el Jefe de Asesores del ministerio de Salud de la provincia"}]},{"@type":"WebSite","@id":"https:\/\/infoecos.com.ar\/#website","url":"https:\/\/infoecos.com.ar\/","name":"Infoecos","description":"Noticias de trenque lauquen y la zona","publisher":{"@id":"https:\/\/infoecos.com.ar\/#organization"},"alternateName":"Noticias","potentialAction":[{"@type":"SearchAction","target":{"@type":"EntryPoint","urlTemplate":"https:\/\/infoecos.com.ar\/?s={search_term_string}"},"query-input":{"@type":"PropertyValueSpecification","valueRequired":true,"valueName":"search_term_string"}}],"inLanguage":"es"},{"@type":"Organization","@id":"https:\/\/infoecos.com.ar\/#organization","name":"Infoecos","alternateName":"Noticias","url":"https:\/\/infoecos.com.ar\/","logo":{"@type":"ImageObject","inLanguage":"es","@id":"https:\/\/infoecos.com.ar\/#\/schema\/logo\/image\/","url":"https:\/\/infoecos.com.ar\/wp-content\/uploads\/2024\/03\/cropped-logo.png","contentUrl":"https:\/\/infoecos.com.ar\/wp-content\/uploads\/2024\/03\/cropped-logo.png","width":374,"height":90,"caption":"Infoecos"},"image":{"@id":"https:\/\/infoecos.com.ar\/#\/schema\/logo\/image\/"},"sameAs":["https:\/\/www.facebook.com\/profile.php?id=100063200290284","https:\/\/x.com\/infoecos"]},{"@type":"Person","@id":"https:\/\/infoecos.com.ar\/#\/schema\/person\/8f5ace5ce73b4b4aac4b7245aee6f191","name":"Jorge Matheus","url":"https:\/\/infoecos.com.ar\/index.php\/author\/jomatheus\/"}]}},"featured_image_urls":{"full":["https:\/\/infoecos.com.ar\/wp-content\/uploads\/2021\/05\/garciaenio.jpg",1004,565,false],"thumbnail":["https:\/\/infoecos.com.ar\/wp-content\/uploads\/2021\/05\/garciaenio-150x150.jpg",150,150,true],"medium":["https:\/\/infoecos.com.ar\/wp-content\/uploads\/2021\/05\/garciaenio-460x259.jpg",460,259,true],"medium_large":["https:\/\/infoecos.com.ar\/wp-content\/uploads\/2021\/05\/garciaenio-768x432.jpg",640,360,true],"large":["https:\/\/infoecos.com.ar\/wp-content\/uploads\/2021\/05\/garciaenio-920x518.jpg",640,360,true],"1536x1536":["https:\/\/infoecos.com.ar\/wp-content\/uploads\/2021\/05\/garciaenio.jpg",1004,565,false],"2048x2048":["https:\/\/infoecos.com.ar\/wp-content\/uploads\/2021\/05\/garciaenio.jpg",1004,565,false],"covernews-slider-full":["https:\/\/infoecos.com.ar\/wp-content\/uploads\/2021\/05\/garciaenio.jpg",1004,565,false],"covernews-slider-center":["https:\/\/infoecos.com.ar\/wp-content\/uploads\/2021\/05\/garciaenio-936x565.jpg",800,483,true],"covernews-featured":["https:\/\/infoecos.com.ar\/wp-content\/uploads\/2021\/05\/garciaenio.jpg",1004,565,false],"covernews-medium":["https:\/\/infoecos.com.ar\/wp-content\/uploads\/2021\/05\/garciaenio-720x380.jpg",540,285,true],"covernews-medium-square":["https:\/\/infoecos.com.ar\/wp-content\/uploads\/2021\/05\/garciaenio-675x450.jpg",375,250,true]},"author_info":{"info":["Jorge Matheus"]},"category_info":"<a href=\"https:\/\/infoecos.com.ar\/index.php\/category\/inferior6\/\" rel=\"category tag\">Bloque inferior - 6<\/a>","tag_info":"Bloque inferior - 6","comment_count":"0","_links":{"self":[{"href":"https:\/\/infoecos.com.ar\/index.php\/wp-json\/wp\/v2\/posts\/82241"}],"collection":[{"href":"https:\/\/infoecos.com.ar\/index.php\/wp-json\/wp\/v2\/posts"}],"about":[{"href":"https:\/\/infoecos.com.ar\/index.php\/wp-json\/wp\/v2\/types\/post"}],"author":[{"embeddable":true,"href":"https:\/\/infoecos.com.ar\/index.php\/wp-json\/wp\/v2\/users\/2"}],"replies":[{"embeddable":true,"href":"https:\/\/infoecos.com.ar\/index.php\/wp-json\/wp\/v2\/comments?post=82241"}],"version-history":[{"count":2,"href":"https:\/\/infoecos.com.ar\/index.php\/wp-json\/wp\/v2\/posts\/82241\/revisions"}],"predecessor-version":[{"id":82348,"href":"https:\/\/infoecos.com.ar\/index.php\/wp-json\/wp\/v2\/posts\/82241\/revisions\/82348"}],"wp:featuredmedia":[{"embeddable":true,"href":"https:\/\/infoecos.com.ar\/index.php\/wp-json\/wp\/v2\/media\/78261"}],"wp:attachment":[{"href":"https:\/\/infoecos.com.ar\/index.php\/wp-json\/wp\/v2\/media?parent=82241"}],"wp:term":[{"taxonomy":"category","embeddable":true,"href":"https:\/\/infoecos.com.ar\/index.php\/wp-json\/wp\/v2\/categories?post=82241"},{"taxonomy":"post_tag","embeddable":true,"href":"https:\/\/infoecos.com.ar\/index.php\/wp-json\/wp\/v2\/tags?post=82241"}],"curies":[{"name":"wp","href":"https:\/\/api.w.org\/{rel}","templated":true}]}}