{"id":82245,"date":"2021-07-29T00:36:46","date_gmt":"2021-07-29T03:36:46","guid":{"rendered":"http:\/\/infoecos.com.ar\/?p=82245"},"modified":"2021-07-30T04:05:06","modified_gmt":"2021-07-30T07:05:06","slug":"el-presidente-de-la-autoridad-del-agua-brindo-mas-detalles-de-la-reunion-del-comite-de-cuencas-realizada-en-casbas","status":"publish","type":"post","link":"https:\/\/infoecos.com.ar\/index.php\/el-presidente-de-la-autoridad-del-agua-brindo-mas-detalles-de-la-reunion-del-comite-de-cuencas-realizada-en-casbas\/","title":{"rendered":"El presidente de la Autoridad del Agua brind\u00f3 m\u00e1s detalles de la reuni\u00f3n del Comit\u00e9 de Cuencas realizada en Casbas"},"content":{"rendered":"\n<p>El presidente de la Autoridad del Agua, que depende de la Subsecretar\u00eda de Recursos H\u00eddricos del Ministerio de Infraestructura de la provincia de Buenos Aires, ingeniero Luis Siri, reuni\u00f3 en la localidad de Casbas, distrito de Guamin\u00ed, a dos comit\u00e9 de cuenca del sudoeste bonaerense.<\/p>\n\n\n\n<p>La agenda de la reuni\u00f3n consisti\u00f3 en hacer entrega de la carta org\u00e1nica y que los representantes municipales designen las autoridades que integrar\u00e1n el Comit\u00e9 de la Subregi\u00f3n A4 de la Cuenca H\u00eddrica del R\u00edo Salado, que result\u00f3 conformado de la siguiente manera: <strong>intendente de Rivadavia, Javier Reynoso<\/strong>, que fue designado presidente; el <strong>intendente de Trenque Lauquen, Miguel Fern\u00e1ndez<\/strong> como vicepresidente; la <strong>intendenta de Carlos Tejedor Maria Celia Gianini<\/strong>, como secretaria administrativa; el <strong>intendente de Pellegrini, Guillermo Pacheco<\/strong>, qued\u00f3 como secretario de actas y como tesorero ocupa el lugar <strong>Eduardo Campana, intendente de General Villegas<\/strong>.<\/p>\n\n\n\n<div class=\"wp-block-image is-style-default\"><figure class=\"aligncenter size-medium\"><img loading=\"lazy\" decoding=\"async\" width=\"460\" height=\"299\" src=\"http:\/\/infoecos.com.ar\/wp-content\/uploads\/2021\/07\/siriada-460x299.jpg\" alt=\"\" class=\"wp-image-82246\" srcset=\"https:\/\/infoecos.com.ar\/wp-content\/uploads\/2021\/07\/siriada-460x299.jpg 460w, https:\/\/infoecos.com.ar\/wp-content\/uploads\/2021\/07\/siriada-920x598.jpg 920w, https:\/\/infoecos.com.ar\/wp-content\/uploads\/2021\/07\/siriada-768x499.jpg 768w, https:\/\/infoecos.com.ar\/wp-content\/uploads\/2021\/07\/siriada-1024x666.jpg 1024w, https:\/\/infoecos.com.ar\/wp-content\/uploads\/2021\/07\/siriada.jpg 1280w\" sizes=\"(max-width: 460px) 100vw, 460px\" \/><\/figure><\/div>\n\n\n\n<p>En esta oportunidad participaron el Comit\u00e9 Regional C de la Cuenca H\u00eddrica del R\u00edo Salado y el de Subregi\u00f3n A4 de esta misma cuenca.<\/p>\n\n\n\n<p>Por el primero estuvieron presentes los <strong>intendentes de Adolfo Alsina, Javier Andr\u00e9s; de Bol\u00edvar, Marcos Pisano; de Guamin\u00ed, Jos\u00e9 Nobre Ferreira; de Saavedra, Gustavo Notararigo; de Salliquel\u00f3, Juan Miguel Nosetti; y autoridades de Pu\u00e1n y Daireaux<\/strong>.<\/p>\n\n\n\n<p>Por la <strong>Subregi\u00f3n A4 la intendenta de Carlos Tejedor, Mar\u00eda Celia Gianini, y sus pares de los municipios de Rivadavia, Tres Lomas y Trenque Lauquen, Javier Reynoso, Roberto \u00c1lvarez y &nbsp;Miguel Fern\u00e1ndez respectivamente<\/strong>. <strong>Tambi\u00e9n asistieron representantes de General Villegas, Pellegrini y Coronel Su\u00e1rez<\/strong>.<\/p>\n\n\n\n<p>Al inicio de la jornada, Siri resalt\u00f3 que \u201cla importancia de los comit\u00e9 de cuenca radica en que es una instancia de di\u00e1logo y trabajo en donde los distritos consideran las problem\u00e1ticas h\u00eddricas m\u00e1s all\u00e1 de sus l\u00edmites territoriales, buscan soluciones y generan acuerdos de gobernanza\u201d.<\/p>\n\n\n\n<p>El Comit\u00e9 C comparti\u00f3 sus experiencias de gesti\u00f3n desde su creaci\u00f3n y contin\u00faa con el proceso de institucionalizaci\u00f3n y adaptaci\u00f3n al marco normativo vigente.<\/p>\n","protected":false},"excerpt":{"rendered":"<p>El Comit\u00e9 C comparti\u00f3 sus experiencias de gesti\u00f3n desde su creaci\u00f3n y contin\u00faa con el proceso de institucionalizaci\u00f3n y adaptaci\u00f3n al marco normativo vigente<\/p>\n","protected":false},"author":2,"featured_media":82246,"comment_status":"closed","ping_status":"open","sticky":false,"template":"","format":"standard","meta":{"footnotes":""},"categories":[43],"tags":[4429],"class_list":["post-82245","post","type-post","status-publish","format-standard","has-post-thumbnail","hentry","category-inferior4","tag-destaco-la-importancia-de-los-comite"],"yoast_head":"<!-- This site is optimized with the Yoast SEO plugin v23.4 - https:\/\/yoast.com\/wordpress\/plugins\/seo\/ -->\n<title>El presidente de la Autoridad del Agua brind\u00f3 m\u00e1s detalles de la reuni\u00f3n del Comit\u00e9 de Cuencas realizada en Casbas - Infoecos<\/title>\n<meta name=\"robots\" content=\"index, follow, max-snippet:-1, max-image-preview:large, max-video-preview:-1\" \/>\n<link rel=\"canonical\" href=\"https:\/\/infoecos.com.ar\/index.php\/el-presidente-de-la-autoridad-del-agua-brindo-mas-detalles-de-la-reunion-del-comite-de-cuencas-realizada-en-casbas\/\" \/>\n<meta property=\"og:locale\" content=\"es_ES\" \/>\n<meta property=\"og:type\" content=\"article\" \/>\n<meta property=\"og:title\" content=\"El presidente de la Autoridad del Agua brind\u00f3 m\u00e1s detalles de la reuni\u00f3n del Comit\u00e9 de Cuencas realizada en Casbas - Infoecos\" \/>\n<meta property=\"og:description\" content=\"El Comit\u00e9 C comparti\u00f3 sus experiencias de gesti\u00f3n desde su creaci\u00f3n y contin\u00faa con el proceso de institucionalizaci\u00f3n y adaptaci\u00f3n al marco normativo vigente\" \/>\n<meta property=\"og:url\" content=\"https:\/\/infoecos.com.ar\/index.php\/el-presidente-de-la-autoridad-del-agua-brindo-mas-detalles-de-la-reunion-del-comite-de-cuencas-realizada-en-casbas\/\" \/>\n<meta property=\"og:site_name\" content=\"Infoecos\" \/>\n<meta property=\"article:publisher\" content=\"https:\/\/www.facebook.com\/profile.php?id=100063200290284\" \/>\n<meta property=\"article:published_time\" content=\"2021-07-29T03:36:46+00:00\" \/>\n<meta property=\"article:modified_time\" content=\"2021-07-30T07:05:06+00:00\" \/>\n<meta property=\"og:image\" content=\"https:\/\/infoecos.com.ar\/wp-content\/uploads\/2021\/07\/siriada.jpg\" \/>\n\t<meta property=\"og:image:width\" content=\"1280\" \/>\n\t<meta property=\"og:image:height\" content=\"832\" \/>\n\t<meta property=\"og:image:type\" content=\"image\/jpeg\" \/>\n<meta name=\"author\" content=\"Jorge Matheus\" \/>\n<meta name=\"twitter:card\" content=\"summary_large_image\" \/>\n<meta name=\"twitter:creator\" content=\"@infoecos\" \/>\n<meta name=\"twitter:site\" content=\"@infoecos\" \/>\n<meta name=\"twitter:label1\" content=\"Escrito por\" \/>\n\t<meta name=\"twitter:data1\" content=\"Jorge Matheus\" \/>\n\t<meta name=\"twitter:label2\" content=\"Tiempo de lectura\" \/>\n\t<meta name=\"twitter:data2\" content=\"2 minutos\" \/>\n<script type=\"application\/ld+json\" class=\"yoast-schema-graph\">{\"@context\":\"https:\/\/schema.org\",\"@graph\":[{\"@type\":\"Article\",\"@id\":\"https:\/\/infoecos.com.ar\/index.php\/el-presidente-de-la-autoridad-del-agua-brindo-mas-detalles-de-la-reunion-del-comite-de-cuencas-realizada-en-casbas\/#article\",\"isPartOf\":{\"@id\":\"https:\/\/infoecos.com.ar\/index.php\/el-presidente-de-la-autoridad-del-agua-brindo-mas-detalles-de-la-reunion-del-comite-de-cuencas-realizada-en-casbas\/\"},\"author\":{\"name\":\"Jorge Matheus\",\"@id\":\"https:\/\/infoecos.com.ar\/#\/schema\/person\/8f5ace5ce73b4b4aac4b7245aee6f191\"},\"headline\":\"El presidente de la Autoridad del Agua brind\u00f3 m\u00e1s detalles de la reuni\u00f3n del Comit\u00e9 de Cuencas realizada en Casbas\",\"datePublished\":\"2021-07-29T03:36:46+00:00\",\"dateModified\":\"2021-07-30T07:05:06+00:00\",\"mainEntityOfPage\":{\"@id\":\"https:\/\/infoecos.com.ar\/index.php\/el-presidente-de-la-autoridad-del-agua-brindo-mas-detalles-de-la-reunion-del-comite-de-cuencas-realizada-en-casbas\/\"},\"wordCount\":366,\"publisher\":{\"@id\":\"https:\/\/infoecos.com.ar\/#organization\"},\"image\":{\"@id\":\"https:\/\/infoecos.com.ar\/index.php\/el-presidente-de-la-autoridad-del-agua-brindo-mas-detalles-de-la-reunion-del-comite-de-cuencas-realizada-en-casbas\/#primaryimage\"},\"thumbnailUrl\":\"https:\/\/infoecos.com.ar\/wp-content\/uploads\/2021\/07\/siriada.jpg\",\"keywords\":[\"DESTAC\u00d3 LA IMPORTANCIA DE LOS COMIT\u00c9\"],\"articleSection\":[\"Bloque inferior - 4\"],\"inLanguage\":\"es\"},{\"@type\":\"WebPage\",\"@id\":\"https:\/\/infoecos.com.ar\/index.php\/el-presidente-de-la-autoridad-del-agua-brindo-mas-detalles-de-la-reunion-del-comite-de-cuencas-realizada-en-casbas\/\",\"url\":\"https:\/\/infoecos.com.ar\/index.php\/el-presidente-de-la-autoridad-del-agua-brindo-mas-detalles-de-la-reunion-del-comite-de-cuencas-realizada-en-casbas\/\",\"name\":\"El presidente de la Autoridad del Agua brind\u00f3 m\u00e1s detalles de la reuni\u00f3n del Comit\u00e9 de Cuencas realizada en Casbas - Infoecos\",\"isPartOf\":{\"@id\":\"https:\/\/infoecos.com.ar\/#website\"},\"primaryImageOfPage\":{\"@id\":\"https:\/\/infoecos.com.ar\/index.php\/el-presidente-de-la-autoridad-del-agua-brindo-mas-detalles-de-la-reunion-del-comite-de-cuencas-realizada-en-casbas\/#primaryimage\"},\"image\":{\"@id\":\"https:\/\/infoecos.com.ar\/index.php\/el-presidente-de-la-autoridad-del-agua-brindo-mas-detalles-de-la-reunion-del-comite-de-cuencas-realizada-en-casbas\/#primaryimage\"},\"thumbnailUrl\":\"https:\/\/infoecos.com.ar\/wp-content\/uploads\/2021\/07\/siriada.jpg\",\"datePublished\":\"2021-07-29T03:36:46+00:00\",\"dateModified\":\"2021-07-30T07:05:06+00:00\",\"breadcrumb\":{\"@id\":\"https:\/\/infoecos.com.ar\/index.php\/el-presidente-de-la-autoridad-del-agua-brindo-mas-detalles-de-la-reunion-del-comite-de-cuencas-realizada-en-casbas\/#breadcrumb\"},\"inLanguage\":\"es\",\"potentialAction\":[{\"@type\":\"ReadAction\",\"target\":[\"https:\/\/infoecos.com.ar\/index.php\/el-presidente-de-la-autoridad-del-agua-brindo-mas-detalles-de-la-reunion-del-comite-de-cuencas-realizada-en-casbas\/\"]}]},{\"@type\":\"ImageObject\",\"inLanguage\":\"es\",\"@id\":\"https:\/\/infoecos.com.ar\/index.php\/el-presidente-de-la-autoridad-del-agua-brindo-mas-detalles-de-la-reunion-del-comite-de-cuencas-realizada-en-casbas\/#primaryimage\",\"url\":\"https:\/\/infoecos.com.ar\/wp-content\/uploads\/2021\/07\/siriada.jpg\",\"contentUrl\":\"https:\/\/infoecos.com.ar\/wp-content\/uploads\/2021\/07\/siriada.jpg\",\"width\":1280,\"height\":832},{\"@type\":\"BreadcrumbList\",\"@id\":\"https:\/\/infoecos.com.ar\/index.php\/el-presidente-de-la-autoridad-del-agua-brindo-mas-detalles-de-la-reunion-del-comite-de-cuencas-realizada-en-casbas\/#breadcrumb\",\"itemListElement\":[{\"@type\":\"ListItem\",\"position\":1,\"name\":\"Portada\",\"item\":\"https:\/\/infoecos.com.ar\/\"},{\"@type\":\"ListItem\",\"position\":2,\"name\":\"El presidente de la Autoridad del Agua brind\u00f3 m\u00e1s detalles de la reuni\u00f3n del Comit\u00e9 de Cuencas realizada en Casbas\"}]},{\"@type\":\"WebSite\",\"@id\":\"https:\/\/infoecos.com.ar\/#website\",\"url\":\"https:\/\/infoecos.com.ar\/\",\"name\":\"Infoecos\",\"description\":\"Noticias de trenque lauquen y la zona\",\"publisher\":{\"@id\":\"https:\/\/infoecos.com.ar\/#organization\"},\"alternateName\":\"Noticias\",\"potentialAction\":[{\"@type\":\"SearchAction\",\"target\":{\"@type\":\"EntryPoint\",\"urlTemplate\":\"https:\/\/infoecos.com.ar\/?s={search_term_string}\"},\"query-input\":{\"@type\":\"PropertyValueSpecification\",\"valueRequired\":true,\"valueName\":\"search_term_string\"}}],\"inLanguage\":\"es\"},{\"@type\":\"Organization\",\"@id\":\"https:\/\/infoecos.com.ar\/#organization\",\"name\":\"Infoecos\",\"alternateName\":\"Noticias\",\"url\":\"https:\/\/infoecos.com.ar\/\",\"logo\":{\"@type\":\"ImageObject\",\"inLanguage\":\"es\",\"@id\":\"https:\/\/infoecos.com.ar\/#\/schema\/logo\/image\/\",\"url\":\"https:\/\/infoecos.com.ar\/wp-content\/uploads\/2024\/03\/cropped-logo.png\",\"contentUrl\":\"https:\/\/infoecos.com.ar\/wp-content\/uploads\/2024\/03\/cropped-logo.png\",\"width\":374,\"height\":90,\"caption\":\"Infoecos\"},\"image\":{\"@id\":\"https:\/\/infoecos.com.ar\/#\/schema\/logo\/image\/\"},\"sameAs\":[\"https:\/\/www.facebook.com\/profile.php?id=100063200290284\",\"https:\/\/x.com\/infoecos\"]},{\"@type\":\"Person\",\"@id\":\"https:\/\/infoecos.com.ar\/#\/schema\/person\/8f5ace5ce73b4b4aac4b7245aee6f191\",\"name\":\"Jorge Matheus\",\"url\":\"https:\/\/infoecos.com.ar\/index.php\/author\/jomatheus\/\"}]}<\/script>\n<!-- \/ Yoast SEO plugin. -->","yoast_head_json":{"title":"El presidente de la Autoridad del Agua brind\u00f3 m\u00e1s detalles de la reuni\u00f3n del Comit\u00e9 de Cuencas realizada en Casbas - Infoecos","robots":{"index":"index","follow":"follow","max-snippet":"max-snippet:-1","max-image-preview":"max-image-preview:large","max-video-preview":"max-video-preview:-1"},"canonical":"https:\/\/infoecos.com.ar\/index.php\/el-presidente-de-la-autoridad-del-agua-brindo-mas-detalles-de-la-reunion-del-comite-de-cuencas-realizada-en-casbas\/","og_locale":"es_ES","og_type":"article","og_title":"El presidente de la Autoridad del Agua brind\u00f3 m\u00e1s detalles de la reuni\u00f3n del Comit\u00e9 de Cuencas realizada en Casbas - Infoecos","og_description":"El Comit\u00e9 C comparti\u00f3 sus experiencias de gesti\u00f3n desde su creaci\u00f3n y contin\u00faa con el proceso de institucionalizaci\u00f3n y adaptaci\u00f3n al marco normativo vigente","og_url":"https:\/\/infoecos.com.ar\/index.php\/el-presidente-de-la-autoridad-del-agua-brindo-mas-detalles-de-la-reunion-del-comite-de-cuencas-realizada-en-casbas\/","og_site_name":"Infoecos","article_publisher":"https:\/\/www.facebook.com\/profile.php?id=100063200290284","article_published_time":"2021-07-29T03:36:46+00:00","article_modified_time":"2021-07-30T07:05:06+00:00","og_image":[{"width":1280,"height":832,"url":"https:\/\/infoecos.com.ar\/wp-content\/uploads\/2021\/07\/siriada.jpg","type":"image\/jpeg"}],"author":"Jorge Matheus","twitter_card":"summary_large_image","twitter_creator":"@infoecos","twitter_site":"@infoecos","twitter_misc":{"Escrito por":"Jorge Matheus","Tiempo de lectura":"2 minutos"},"schema":{"@context":"https:\/\/schema.org","@graph":[{"@type":"Article","@id":"https:\/\/infoecos.com.ar\/index.php\/el-presidente-de-la-autoridad-del-agua-brindo-mas-detalles-de-la-reunion-del-comite-de-cuencas-realizada-en-casbas\/#article","isPartOf":{"@id":"https:\/\/infoecos.com.ar\/index.php\/el-presidente-de-la-autoridad-del-agua-brindo-mas-detalles-de-la-reunion-del-comite-de-cuencas-realizada-en-casbas\/"},"author":{"name":"Jorge Matheus","@id":"https:\/\/infoecos.com.ar\/#\/schema\/person\/8f5ace5ce73b4b4aac4b7245aee6f191"},"headline":"El presidente de la Autoridad del Agua brind\u00f3 m\u00e1s detalles de la reuni\u00f3n del Comit\u00e9 de Cuencas realizada en Casbas","datePublished":"2021-07-29T03:36:46+00:00","dateModified":"2021-07-30T07:05:06+00:00","mainEntityOfPage":{"@id":"https:\/\/infoecos.com.ar\/index.php\/el-presidente-de-la-autoridad-del-agua-brindo-mas-detalles-de-la-reunion-del-comite-de-cuencas-realizada-en-casbas\/"},"wordCount":366,"publisher":{"@id":"https:\/\/infoecos.com.ar\/#organization"},"image":{"@id":"https:\/\/infoecos.com.ar\/index.php\/el-presidente-de-la-autoridad-del-agua-brindo-mas-detalles-de-la-reunion-del-comite-de-cuencas-realizada-en-casbas\/#primaryimage"},"thumbnailUrl":"https:\/\/infoecos.com.ar\/wp-content\/uploads\/2021\/07\/siriada.jpg","keywords":["DESTAC\u00d3 LA IMPORTANCIA DE LOS COMIT\u00c9"],"articleSection":["Bloque inferior - 4"],"inLanguage":"es"},{"@type":"WebPage","@id":"https:\/\/infoecos.com.ar\/index.php\/el-presidente-de-la-autoridad-del-agua-brindo-mas-detalles-de-la-reunion-del-comite-de-cuencas-realizada-en-casbas\/","url":"https:\/\/infoecos.com.ar\/index.php\/el-presidente-de-la-autoridad-del-agua-brindo-mas-detalles-de-la-reunion-del-comite-de-cuencas-realizada-en-casbas\/","name":"El presidente de la Autoridad del Agua brind\u00f3 m\u00e1s detalles de la reuni\u00f3n del Comit\u00e9 de Cuencas realizada en Casbas - Infoecos","isPartOf":{"@id":"https:\/\/infoecos.com.ar\/#website"},"primaryImageOfPage":{"@id":"https:\/\/infoecos.com.ar\/index.php\/el-presidente-de-la-autoridad-del-agua-brindo-mas-detalles-de-la-reunion-del-comite-de-cuencas-realizada-en-casbas\/#primaryimage"},"image":{"@id":"https:\/\/infoecos.com.ar\/index.php\/el-presidente-de-la-autoridad-del-agua-brindo-mas-detalles-de-la-reunion-del-comite-de-cuencas-realizada-en-casbas\/#primaryimage"},"thumbnailUrl":"https:\/\/infoecos.com.ar\/wp-content\/uploads\/2021\/07\/siriada.jpg","datePublished":"2021-07-29T03:36:46+00:00","dateModified":"2021-07-30T07:05:06+00:00","breadcrumb":{"@id":"https:\/\/infoecos.com.ar\/index.php\/el-presidente-de-la-autoridad-del-agua-brindo-mas-detalles-de-la-reunion-del-comite-de-cuencas-realizada-en-casbas\/#breadcrumb"},"inLanguage":"es","potentialAction":[{"@type":"ReadAction","target":["https:\/\/infoecos.com.ar\/index.php\/el-presidente-de-la-autoridad-del-agua-brindo-mas-detalles-de-la-reunion-del-comite-de-cuencas-realizada-en-casbas\/"]}]},{"@type":"ImageObject","inLanguage":"es","@id":"https:\/\/infoecos.com.ar\/index.php\/el-presidente-de-la-autoridad-del-agua-brindo-mas-detalles-de-la-reunion-del-comite-de-cuencas-realizada-en-casbas\/#primaryimage","url":"https:\/\/infoecos.com.ar\/wp-content\/uploads\/2021\/07\/siriada.jpg","contentUrl":"https:\/\/infoecos.com.ar\/wp-content\/uploads\/2021\/07\/siriada.jpg","width":1280,"height":832},{"@type":"BreadcrumbList","@id":"https:\/\/infoecos.com.ar\/index.php\/el-presidente-de-la-autoridad-del-agua-brindo-mas-detalles-de-la-reunion-del-comite-de-cuencas-realizada-en-casbas\/#breadcrumb","itemListElement":[{"@type":"ListItem","position":1,"name":"Portada","item":"https:\/\/infoecos.com.ar\/"},{"@type":"ListItem","position":2,"name":"El presidente de la Autoridad del Agua brind\u00f3 m\u00e1s detalles de la reuni\u00f3n del Comit\u00e9 de Cuencas realizada en Casbas"}]},{"@type":"WebSite","@id":"https:\/\/infoecos.com.ar\/#website","url":"https:\/\/infoecos.com.ar\/","name":"Infoecos","description":"Noticias de trenque lauquen y la zona","publisher":{"@id":"https:\/\/infoecos.com.ar\/#organization"},"alternateName":"Noticias","potentialAction":[{"@type":"SearchAction","target":{"@type":"EntryPoint","urlTemplate":"https:\/\/infoecos.com.ar\/?s={search_term_string}"},"query-input":{"@type":"PropertyValueSpecification","valueRequired":true,"valueName":"search_term_string"}}],"inLanguage":"es"},{"@type":"Organization","@id":"https:\/\/infoecos.com.ar\/#organization","name":"Infoecos","alternateName":"Noticias","url":"https:\/\/infoecos.com.ar\/","logo":{"@type":"ImageObject","inLanguage":"es","@id":"https:\/\/infoecos.com.ar\/#\/schema\/logo\/image\/","url":"https:\/\/infoecos.com.ar\/wp-content\/uploads\/2024\/03\/cropped-logo.png","contentUrl":"https:\/\/infoecos.com.ar\/wp-content\/uploads\/2024\/03\/cropped-logo.png","width":374,"height":90,"caption":"Infoecos"},"image":{"@id":"https:\/\/infoecos.com.ar\/#\/schema\/logo\/image\/"},"sameAs":["https:\/\/www.facebook.com\/profile.php?id=100063200290284","https:\/\/x.com\/infoecos"]},{"@type":"Person","@id":"https:\/\/infoecos.com.ar\/#\/schema\/person\/8f5ace5ce73b4b4aac4b7245aee6f191","name":"Jorge Matheus","url":"https:\/\/infoecos.com.ar\/index.php\/author\/jomatheus\/"}]}},"featured_image_urls":{"full":["https:\/\/infoecos.com.ar\/wp-content\/uploads\/2021\/07\/siriada.jpg",1280,832,false],"thumbnail":["https:\/\/infoecos.com.ar\/wp-content\/uploads\/2021\/07\/siriada-150x150.jpg",150,150,true],"medium":["https:\/\/infoecos.com.ar\/wp-content\/uploads\/2021\/07\/siriada-460x299.jpg",460,299,true],"medium_large":["https:\/\/infoecos.com.ar\/wp-content\/uploads\/2021\/07\/siriada-768x499.jpg",640,416,true],"large":["https:\/\/infoecos.com.ar\/wp-content\/uploads\/2021\/07\/siriada-920x598.jpg",640,416,true],"1536x1536":["https:\/\/infoecos.com.ar\/wp-content\/uploads\/2021\/07\/siriada.jpg",1280,832,false],"2048x2048":["https:\/\/infoecos.com.ar\/wp-content\/uploads\/2021\/07\/siriada.jpg",1280,832,false],"covernews-slider-full":["https:\/\/infoecos.com.ar\/wp-content\/uploads\/2021\/07\/siriada.jpg",1100,715,false],"covernews-slider-center":["https:\/\/infoecos.com.ar\/wp-content\/uploads\/2021\/07\/siriada-936x832.jpg",563,500,true],"covernews-featured":["https:\/\/infoecos.com.ar\/wp-content\/uploads\/2021\/07\/siriada-1024x666.jpg",1024,666,true],"covernews-medium":["https:\/\/infoecos.com.ar\/wp-content\/uploads\/2021\/07\/siriada-720x380.jpg",540,285,true],"covernews-medium-square":["https:\/\/infoecos.com.ar\/wp-content\/uploads\/2021\/07\/siriada-675x450.jpg",375,250,true]},"author_info":{"info":["Jorge Matheus"]},"category_info":"<a href=\"https:\/\/infoecos.com.ar\/index.php\/category\/inferior4\/\" rel=\"category tag\">Bloque inferior - 4<\/a>","tag_info":"Bloque inferior - 4","comment_count":"0","_links":{"self":[{"href":"https:\/\/infoecos.com.ar\/index.php\/wp-json\/wp\/v2\/posts\/82245"}],"collection":[{"href":"https:\/\/infoecos.com.ar\/index.php\/wp-json\/wp\/v2\/posts"}],"about":[{"href":"https:\/\/infoecos.com.ar\/index.php\/wp-json\/wp\/v2\/types\/post"}],"author":[{"embeddable":true,"href":"https:\/\/infoecos.com.ar\/index.php\/wp-json\/wp\/v2\/users\/2"}],"replies":[{"embeddable":true,"href":"https:\/\/infoecos.com.ar\/index.php\/wp-json\/wp\/v2\/comments?post=82245"}],"version-history":[{"count":2,"href":"https:\/\/infoecos.com.ar\/index.php\/wp-json\/wp\/v2\/posts\/82245\/revisions"}],"predecessor-version":[{"id":82347,"href":"https:\/\/infoecos.com.ar\/index.php\/wp-json\/wp\/v2\/posts\/82245\/revisions\/82347"}],"wp:featuredmedia":[{"embeddable":true,"href":"https:\/\/infoecos.com.ar\/index.php\/wp-json\/wp\/v2\/media\/82246"}],"wp:attachment":[{"href":"https:\/\/infoecos.com.ar\/index.php\/wp-json\/wp\/v2\/media?parent=82245"}],"wp:term":[{"taxonomy":"category","embeddable":true,"href":"https:\/\/infoecos.com.ar\/index.php\/wp-json\/wp\/v2\/categories?post=82245"},{"taxonomy":"post_tag","embeddable":true,"href":"https:\/\/infoecos.com.ar\/index.php\/wp-json\/wp\/v2\/tags?post=82245"}],"curies":[{"name":"wp","href":"https:\/\/api.w.org\/{rel}","templated":true}]}}