{"id":82296,"date":"2021-07-30T00:51:33","date_gmt":"2021-07-30T03:51:33","guid":{"rendered":"http:\/\/infoecos.com.ar\/?p=82296"},"modified":"2021-07-31T04:08:47","modified_gmt":"2021-07-31T07:08:47","slug":"tres-lomas-flexibiliza-y-el-comite-de-emergencia-acentua-que-es-imprescindible-la-vacunacion","status":"publish","type":"post","link":"https:\/\/infoecos.com.ar\/index.php\/tres-lomas-flexibiliza-y-el-comite-de-emergencia-acentua-que-es-imprescindible-la-vacunacion\/","title":{"rendered":"Tres Lomas flexibiliza y el Comit\u00e9 de Emergencia acent\u00faa que es imprescindible la vacunaci\u00f3n"},"content":{"rendered":"\n<p>Se reuni\u00f3 el Comit\u00e9 de Emergencia de Tres Lomas, luego de haber pasado el distrito a Fase 3. Se aclar\u00f3 que pese a esa decisi\u00f3n del gobierno de la provincia de Buenos Aires, se mantiene el alto riesgo epidemiol\u00f3gico y sanitario. <\/p>\n\n\n\n<p>Las actividades restringidas y permitidas luego de la reuni\u00f3n concretada este jueves.<\/p>\n\n\n\n<div class=\"wp-block-image is-style-default\"><figure class=\"aligncenter size-medium\"><img decoding=\"async\" src=\"http:\/\/infoecos.com.ar\/wp-content\/uploads\/treslomas-1-460x239.jpg\" alt=\"\" class=\"wp-image-54834\"\/><figcaption>Tres Lomas &#8211; Acceso<\/figcaption><\/figure><\/div>\n\n\n\n<p>1) Se permite la circulaci\u00f3n y permanencia en la v\u00eda p\u00fablica en el horario comprendido entre la 6 y 1 hs, excepto para trabajadores esenciales, quienes podr\u00e1n circular sin restricciones durante las 24 horas.<\/p>\n\n\n\n<p>2) Los comercios en general podr\u00e1n desarrollar sus actividades entre las 06 y las 24hs, manteniendo los protocolos de prevenci\u00f3n y el 30 % de capacidad de personas en el interior.<\/p>\n\n\n\n<p>3) Las actividades nocturnas como bares, restaurantes, pubs, cantinas de clubes, rotiser\u00edas, helader\u00edas y otros comercios afines a la venta de comidas elaboradas, podr\u00e1n desarrollar sus actividades entre las 6 y las 1 hs, con aforo interior del 50% y con distanciamiento permitido por protocolo al aire libre.<\/p>\n\n\n\n<p>4) Las actividades deportivas, culturales, gimnasios, estudios de pilates, estudios de yoga y afines, podr\u00e1n trabajar hasta las 24 hs, con un aforo del 50 %.<\/p>\n\n\n\n<p>5) Las actividades deportivas individuales, se pueden realizar al aire libre hasta las 24hs.<\/p>\n\n\n\n<p>6) Est\u00e1n permitidas las clases presenciales tanto p\u00fablicas como privadas, de acuerdo a los protocolos indicados por la Direcci\u00f3n General de Cultura y Educaci\u00f3n.<\/p>\n\n\n\n<p>7) Se permiten las reuniones religiosas hasta las 24 hs,en lugares cerrados con hasta un m\u00e1ximo del 50% del aforo que su espacio le permita.<\/p>\n\n\n\n<p>8) Las estaciones de servicios podr\u00e1n estar abiertas hasta las 24 hs,y hasta las 1hs \u00fanicamente para el expendio de combustible y lubricantes.<\/p>\n\n\n\n<p>9) Las farmacias podr\u00e1n estar abiertas las 24 horas del d\u00eda.<\/p>\n\n\n\n<p>10) Se permiten las visitas familiares a cementerios.<\/p>\n\n\n\n<p>11) Se habilita la realizaci\u00f3n de reuniones familiares y sociales, hasta un m\u00e1ximo de 10 personas.<\/p>\n\n\n\n<p>12) Se permiten las actividades deportivas amateurs hasta 10 personas, al aire libre o en espacios cerrados con ventilaci\u00f3n y hasta las 24 hs.<\/p>\n\n\n\n<p>13) Las visitas a los hogares de adultos mayores, tanto municipales como privados, se permitir\u00e1n solo el d\u00eda Domingo y coordinando previamente los horarios de visita con la Secretar\u00eda de Salud, as\u00ed como tambi\u00e9n la solicitud del comprobante de al menos una dosis de vacunaci\u00f3n y siguiendo los protocolos establecidos.<\/p>\n\n\n\n<p>14) Se permite la habilitaci\u00f3n de salas de cines y teatros, con un aforo del 50 %, previa presentaci\u00f3n del comprobante de al menos una dosis de vacunaci\u00f3n, y siguiendo los protocolos establecidos por el establecimiento al que se asiste.<\/p>\n\n\n\n<p>15) Se permite la realizaci\u00f3n de ferias artesanales hasta las 24 hs, al aire libre y con distanciamiento establecido por protocolos.<\/p>\n\n\n\n<p>16) No se permite la realizaci\u00f3n de viajes grupales.<\/p>\n\n\n\n<p>17) No se permite la realizaci\u00f3n de ning\u00fan tipo de evento en salones de fiestas, ni actividades bailables.<\/p>\n\n\n\n<p>18) Se permiten hasta dos horas los velatorios, excepto para fallecidos por COVID19.<\/p>\n\n\n\n<p>19) Se permite la apertura de la Biblioteca P\u00fablica y del Museo Municipal, hasta las 22 hs y con un aforo del 50 %.<\/p>\n\n\n\n<p>El incumplimiento de cualquiera de las medidas tomadas por este Comit\u00e9, o que violen lo dispuesto por el Decreto Nacional, ser\u00e1n sancionadas con las penas normadas para cada caso.<\/p>\n\n\n\n<p>Es imprescindible la vacunaci\u00f3n por parte de toda la comunidad, no alcanza con que se vacune solo un grupo, la \u00fanica forma de salir de esta situaci\u00f3n de pandemia que nos agobia y volver a la normalidad tan deseada es, que seamos todos solidarios y responsables, las medidas por s\u00ed solas no alcanzan<strong><em>.<\/em><\/strong><\/p>\n\n\n\n<p>El reporte epidemiol\u00f3gico de Tres Lomas, este jueves:<\/p>\n\n\n\n<div class=\"wp-block-image is-style-default\"><figure class=\"aligncenter size-medium\"><img loading=\"lazy\" decoding=\"async\" width=\"460\" height=\"460\" src=\"http:\/\/infoecos.com.ar\/wp-content\/uploads\/2021\/07\/Informe-29-7-22-hs-460x460.png\" alt=\"\" class=\"wp-image-82297\" srcset=\"https:\/\/infoecos.com.ar\/wp-content\/uploads\/2021\/07\/Informe-29-7-22-hs-460x460.png 460w, https:\/\/infoecos.com.ar\/wp-content\/uploads\/2021\/07\/Informe-29-7-22-hs-150x150.png 150w, https:\/\/infoecos.com.ar\/wp-content\/uploads\/2021\/07\/Informe-29-7-22-hs-768x768.png 768w, https:\/\/infoecos.com.ar\/wp-content\/uploads\/2021\/07\/Informe-29-7-22-hs.png 800w\" sizes=\"(max-width: 460px) 100vw, 460px\" \/><\/figure><\/div>\n","protected":false},"excerpt":{"rendered":"<p>El municipio dio a conocer el informe epidemiol\u00f3gico. Se registran 30 casos activos<\/p>\n","protected":false},"author":2,"featured_media":54834,"comment_status":"closed","ping_status":"open","sticky":false,"template":"","format":"standard","meta":{"footnotes":""},"categories":[199],"tags":[4441],"class_list":["post-82296","post","type-post","status-publish","format-standard","has-post-thumbnail","hentry","category-inferior7","tag-se-reunio-este-jueves"],"yoast_head":"<!-- This site is optimized with the Yoast SEO plugin v23.4 - https:\/\/yoast.com\/wordpress\/plugins\/seo\/ -->\n<title>Tres Lomas flexibiliza y el Comit\u00e9 de Emergencia acent\u00faa que es imprescindible la vacunaci\u00f3n - Infoecos<\/title>\n<meta name=\"robots\" content=\"index, follow, max-snippet:-1, max-image-preview:large, max-video-preview:-1\" \/>\n<link rel=\"canonical\" href=\"https:\/\/infoecos.com.ar\/index.php\/tres-lomas-flexibiliza-y-el-comite-de-emergencia-acentua-que-es-imprescindible-la-vacunacion\/\" \/>\n<meta property=\"og:locale\" content=\"es_ES\" \/>\n<meta property=\"og:type\" content=\"article\" \/>\n<meta property=\"og:title\" content=\"Tres Lomas flexibiliza y el Comit\u00e9 de Emergencia acent\u00faa que es imprescindible la vacunaci\u00f3n - Infoecos\" \/>\n<meta property=\"og:description\" content=\"El municipio dio a conocer el informe epidemiol\u00f3gico. Se registran 30 casos activos\" \/>\n<meta property=\"og:url\" content=\"https:\/\/infoecos.com.ar\/index.php\/tres-lomas-flexibiliza-y-el-comite-de-emergencia-acentua-que-es-imprescindible-la-vacunacion\/\" \/>\n<meta property=\"og:site_name\" content=\"Infoecos\" \/>\n<meta property=\"article:publisher\" content=\"https:\/\/www.facebook.com\/profile.php?id=100063200290284\" \/>\n<meta property=\"article:published_time\" content=\"2021-07-30T03:51:33+00:00\" \/>\n<meta property=\"article:modified_time\" content=\"2021-07-31T07:08:47+00:00\" \/>\n<meta property=\"og:image\" content=\"https:\/\/infoecos.com.ar\/wp-content\/uploads\/treslomas-1.jpg\" \/>\n\t<meta property=\"og:image:width\" content=\"780\" \/>\n\t<meta property=\"og:image:height\" content=\"405\" \/>\n\t<meta property=\"og:image:type\" content=\"image\/jpeg\" \/>\n<meta name=\"author\" content=\"Jorge Matheus\" \/>\n<meta name=\"twitter:card\" content=\"summary_large_image\" \/>\n<meta name=\"twitter:creator\" content=\"@infoecos\" \/>\n<meta name=\"twitter:site\" content=\"@infoecos\" \/>\n<meta name=\"twitter:label1\" content=\"Escrito por\" \/>\n\t<meta name=\"twitter:data1\" content=\"Jorge Matheus\" \/>\n\t<meta name=\"twitter:label2\" content=\"Tiempo de lectura\" \/>\n\t<meta name=\"twitter:data2\" content=\"3 minutos\" \/>\n<script type=\"application\/ld+json\" class=\"yoast-schema-graph\">{\"@context\":\"https:\/\/schema.org\",\"@graph\":[{\"@type\":\"Article\",\"@id\":\"https:\/\/infoecos.com.ar\/index.php\/tres-lomas-flexibiliza-y-el-comite-de-emergencia-acentua-que-es-imprescindible-la-vacunacion\/#article\",\"isPartOf\":{\"@id\":\"https:\/\/infoecos.com.ar\/index.php\/tres-lomas-flexibiliza-y-el-comite-de-emergencia-acentua-que-es-imprescindible-la-vacunacion\/\"},\"author\":{\"name\":\"Jorge Matheus\",\"@id\":\"https:\/\/infoecos.com.ar\/#\/schema\/person\/8f5ace5ce73b4b4aac4b7245aee6f191\"},\"headline\":\"Tres Lomas flexibiliza y el Comit\u00e9 de Emergencia acent\u00faa que es imprescindible la vacunaci\u00f3n\",\"datePublished\":\"2021-07-30T03:51:33+00:00\",\"dateModified\":\"2021-07-31T07:08:47+00:00\",\"mainEntityOfPage\":{\"@id\":\"https:\/\/infoecos.com.ar\/index.php\/tres-lomas-flexibiliza-y-el-comite-de-emergencia-acentua-que-es-imprescindible-la-vacunacion\/\"},\"wordCount\":620,\"publisher\":{\"@id\":\"https:\/\/infoecos.com.ar\/#organization\"},\"image\":{\"@id\":\"https:\/\/infoecos.com.ar\/index.php\/tres-lomas-flexibiliza-y-el-comite-de-emergencia-acentua-que-es-imprescindible-la-vacunacion\/#primaryimage\"},\"thumbnailUrl\":\"\",\"keywords\":[\"SE REUNI\u00d3 ESTE JUEVES\"],\"articleSection\":[\"Bloque inferior - 7\"],\"inLanguage\":\"es\"},{\"@type\":\"WebPage\",\"@id\":\"https:\/\/infoecos.com.ar\/index.php\/tres-lomas-flexibiliza-y-el-comite-de-emergencia-acentua-que-es-imprescindible-la-vacunacion\/\",\"url\":\"https:\/\/infoecos.com.ar\/index.php\/tres-lomas-flexibiliza-y-el-comite-de-emergencia-acentua-que-es-imprescindible-la-vacunacion\/\",\"name\":\"Tres Lomas flexibiliza y el Comit\u00e9 de Emergencia acent\u00faa que es imprescindible la vacunaci\u00f3n - Infoecos\",\"isPartOf\":{\"@id\":\"https:\/\/infoecos.com.ar\/#website\"},\"primaryImageOfPage\":{\"@id\":\"https:\/\/infoecos.com.ar\/index.php\/tres-lomas-flexibiliza-y-el-comite-de-emergencia-acentua-que-es-imprescindible-la-vacunacion\/#primaryimage\"},\"image\":{\"@id\":\"https:\/\/infoecos.com.ar\/index.php\/tres-lomas-flexibiliza-y-el-comite-de-emergencia-acentua-que-es-imprescindible-la-vacunacion\/#primaryimage\"},\"thumbnailUrl\":\"\",\"datePublished\":\"2021-07-30T03:51:33+00:00\",\"dateModified\":\"2021-07-31T07:08:47+00:00\",\"breadcrumb\":{\"@id\":\"https:\/\/infoecos.com.ar\/index.php\/tres-lomas-flexibiliza-y-el-comite-de-emergencia-acentua-que-es-imprescindible-la-vacunacion\/#breadcrumb\"},\"inLanguage\":\"es\",\"potentialAction\":[{\"@type\":\"ReadAction\",\"target\":[\"https:\/\/infoecos.com.ar\/index.php\/tres-lomas-flexibiliza-y-el-comite-de-emergencia-acentua-que-es-imprescindible-la-vacunacion\/\"]}]},{\"@type\":\"ImageObject\",\"inLanguage\":\"es\",\"@id\":\"https:\/\/infoecos.com.ar\/index.php\/tres-lomas-flexibiliza-y-el-comite-de-emergencia-acentua-que-es-imprescindible-la-vacunacion\/#primaryimage\",\"url\":\"\",\"contentUrl\":\"\"},{\"@type\":\"BreadcrumbList\",\"@id\":\"https:\/\/infoecos.com.ar\/index.php\/tres-lomas-flexibiliza-y-el-comite-de-emergencia-acentua-que-es-imprescindible-la-vacunacion\/#breadcrumb\",\"itemListElement\":[{\"@type\":\"ListItem\",\"position\":1,\"name\":\"Portada\",\"item\":\"https:\/\/infoecos.com.ar\/\"},{\"@type\":\"ListItem\",\"position\":2,\"name\":\"Tres Lomas flexibiliza y el Comit\u00e9 de Emergencia acent\u00faa que es imprescindible la vacunaci\u00f3n\"}]},{\"@type\":\"WebSite\",\"@id\":\"https:\/\/infoecos.com.ar\/#website\",\"url\":\"https:\/\/infoecos.com.ar\/\",\"name\":\"Infoecos\",\"description\":\"Noticias de trenque lauquen y la zona\",\"publisher\":{\"@id\":\"https:\/\/infoecos.com.ar\/#organization\"},\"alternateName\":\"Noticias\",\"potentialAction\":[{\"@type\":\"SearchAction\",\"target\":{\"@type\":\"EntryPoint\",\"urlTemplate\":\"https:\/\/infoecos.com.ar\/?s={search_term_string}\"},\"query-input\":{\"@type\":\"PropertyValueSpecification\",\"valueRequired\":true,\"valueName\":\"search_term_string\"}}],\"inLanguage\":\"es\"},{\"@type\":\"Organization\",\"@id\":\"https:\/\/infoecos.com.ar\/#organization\",\"name\":\"Infoecos\",\"alternateName\":\"Noticias\",\"url\":\"https:\/\/infoecos.com.ar\/\",\"logo\":{\"@type\":\"ImageObject\",\"inLanguage\":\"es\",\"@id\":\"https:\/\/infoecos.com.ar\/#\/schema\/logo\/image\/\",\"url\":\"https:\/\/infoecos.com.ar\/wp-content\/uploads\/2024\/03\/cropped-logo.png\",\"contentUrl\":\"https:\/\/infoecos.com.ar\/wp-content\/uploads\/2024\/03\/cropped-logo.png\",\"width\":374,\"height\":90,\"caption\":\"Infoecos\"},\"image\":{\"@id\":\"https:\/\/infoecos.com.ar\/#\/schema\/logo\/image\/\"},\"sameAs\":[\"https:\/\/www.facebook.com\/profile.php?id=100063200290284\",\"https:\/\/x.com\/infoecos\"]},{\"@type\":\"Person\",\"@id\":\"https:\/\/infoecos.com.ar\/#\/schema\/person\/8f5ace5ce73b4b4aac4b7245aee6f191\",\"name\":\"Jorge Matheus\",\"url\":\"https:\/\/infoecos.com.ar\/index.php\/author\/jomatheus\/\"}]}<\/script>\n<!-- \/ Yoast SEO plugin. -->","yoast_head_json":{"title":"Tres Lomas flexibiliza y el Comit\u00e9 de Emergencia acent\u00faa que es imprescindible la vacunaci\u00f3n - Infoecos","robots":{"index":"index","follow":"follow","max-snippet":"max-snippet:-1","max-image-preview":"max-image-preview:large","max-video-preview":"max-video-preview:-1"},"canonical":"https:\/\/infoecos.com.ar\/index.php\/tres-lomas-flexibiliza-y-el-comite-de-emergencia-acentua-que-es-imprescindible-la-vacunacion\/","og_locale":"es_ES","og_type":"article","og_title":"Tres Lomas flexibiliza y el Comit\u00e9 de Emergencia acent\u00faa que es imprescindible la vacunaci\u00f3n - Infoecos","og_description":"El municipio dio a conocer el informe epidemiol\u00f3gico. Se registran 30 casos activos","og_url":"https:\/\/infoecos.com.ar\/index.php\/tres-lomas-flexibiliza-y-el-comite-de-emergencia-acentua-que-es-imprescindible-la-vacunacion\/","og_site_name":"Infoecos","article_publisher":"https:\/\/www.facebook.com\/profile.php?id=100063200290284","article_published_time":"2021-07-30T03:51:33+00:00","article_modified_time":"2021-07-31T07:08:47+00:00","og_image":[{"width":780,"height":405,"url":"https:\/\/infoecos.com.ar\/wp-content\/uploads\/treslomas-1.jpg","type":"image\/jpeg"}],"author":"Jorge Matheus","twitter_card":"summary_large_image","twitter_creator":"@infoecos","twitter_site":"@infoecos","twitter_misc":{"Escrito por":"Jorge Matheus","Tiempo de lectura":"3 minutos"},"schema":{"@context":"https:\/\/schema.org","@graph":[{"@type":"Article","@id":"https:\/\/infoecos.com.ar\/index.php\/tres-lomas-flexibiliza-y-el-comite-de-emergencia-acentua-que-es-imprescindible-la-vacunacion\/#article","isPartOf":{"@id":"https:\/\/infoecos.com.ar\/index.php\/tres-lomas-flexibiliza-y-el-comite-de-emergencia-acentua-que-es-imprescindible-la-vacunacion\/"},"author":{"name":"Jorge Matheus","@id":"https:\/\/infoecos.com.ar\/#\/schema\/person\/8f5ace5ce73b4b4aac4b7245aee6f191"},"headline":"Tres Lomas flexibiliza y el Comit\u00e9 de Emergencia acent\u00faa que es imprescindible la vacunaci\u00f3n","datePublished":"2021-07-30T03:51:33+00:00","dateModified":"2021-07-31T07:08:47+00:00","mainEntityOfPage":{"@id":"https:\/\/infoecos.com.ar\/index.php\/tres-lomas-flexibiliza-y-el-comite-de-emergencia-acentua-que-es-imprescindible-la-vacunacion\/"},"wordCount":620,"publisher":{"@id":"https:\/\/infoecos.com.ar\/#organization"},"image":{"@id":"https:\/\/infoecos.com.ar\/index.php\/tres-lomas-flexibiliza-y-el-comite-de-emergencia-acentua-que-es-imprescindible-la-vacunacion\/#primaryimage"},"thumbnailUrl":"","keywords":["SE REUNI\u00d3 ESTE JUEVES"],"articleSection":["Bloque inferior - 7"],"inLanguage":"es"},{"@type":"WebPage","@id":"https:\/\/infoecos.com.ar\/index.php\/tres-lomas-flexibiliza-y-el-comite-de-emergencia-acentua-que-es-imprescindible-la-vacunacion\/","url":"https:\/\/infoecos.com.ar\/index.php\/tres-lomas-flexibiliza-y-el-comite-de-emergencia-acentua-que-es-imprescindible-la-vacunacion\/","name":"Tres Lomas flexibiliza y el Comit\u00e9 de Emergencia acent\u00faa que es imprescindible la vacunaci\u00f3n - Infoecos","isPartOf":{"@id":"https:\/\/infoecos.com.ar\/#website"},"primaryImageOfPage":{"@id":"https:\/\/infoecos.com.ar\/index.php\/tres-lomas-flexibiliza-y-el-comite-de-emergencia-acentua-que-es-imprescindible-la-vacunacion\/#primaryimage"},"image":{"@id":"https:\/\/infoecos.com.ar\/index.php\/tres-lomas-flexibiliza-y-el-comite-de-emergencia-acentua-que-es-imprescindible-la-vacunacion\/#primaryimage"},"thumbnailUrl":"","datePublished":"2021-07-30T03:51:33+00:00","dateModified":"2021-07-31T07:08:47+00:00","breadcrumb":{"@id":"https:\/\/infoecos.com.ar\/index.php\/tres-lomas-flexibiliza-y-el-comite-de-emergencia-acentua-que-es-imprescindible-la-vacunacion\/#breadcrumb"},"inLanguage":"es","potentialAction":[{"@type":"ReadAction","target":["https:\/\/infoecos.com.ar\/index.php\/tres-lomas-flexibiliza-y-el-comite-de-emergencia-acentua-que-es-imprescindible-la-vacunacion\/"]}]},{"@type":"ImageObject","inLanguage":"es","@id":"https:\/\/infoecos.com.ar\/index.php\/tres-lomas-flexibiliza-y-el-comite-de-emergencia-acentua-que-es-imprescindible-la-vacunacion\/#primaryimage","url":"","contentUrl":""},{"@type":"BreadcrumbList","@id":"https:\/\/infoecos.com.ar\/index.php\/tres-lomas-flexibiliza-y-el-comite-de-emergencia-acentua-que-es-imprescindible-la-vacunacion\/#breadcrumb","itemListElement":[{"@type":"ListItem","position":1,"name":"Portada","item":"https:\/\/infoecos.com.ar\/"},{"@type":"ListItem","position":2,"name":"Tres Lomas flexibiliza y el Comit\u00e9 de Emergencia acent\u00faa que es imprescindible la vacunaci\u00f3n"}]},{"@type":"WebSite","@id":"https:\/\/infoecos.com.ar\/#website","url":"https:\/\/infoecos.com.ar\/","name":"Infoecos","description":"Noticias de trenque lauquen y la zona","publisher":{"@id":"https:\/\/infoecos.com.ar\/#organization"},"alternateName":"Noticias","potentialAction":[{"@type":"SearchAction","target":{"@type":"EntryPoint","urlTemplate":"https:\/\/infoecos.com.ar\/?s={search_term_string}"},"query-input":{"@type":"PropertyValueSpecification","valueRequired":true,"valueName":"search_term_string"}}],"inLanguage":"es"},{"@type":"Organization","@id":"https:\/\/infoecos.com.ar\/#organization","name":"Infoecos","alternateName":"Noticias","url":"https:\/\/infoecos.com.ar\/","logo":{"@type":"ImageObject","inLanguage":"es","@id":"https:\/\/infoecos.com.ar\/#\/schema\/logo\/image\/","url":"https:\/\/infoecos.com.ar\/wp-content\/uploads\/2024\/03\/cropped-logo.png","contentUrl":"https:\/\/infoecos.com.ar\/wp-content\/uploads\/2024\/03\/cropped-logo.png","width":374,"height":90,"caption":"Infoecos"},"image":{"@id":"https:\/\/infoecos.com.ar\/#\/schema\/logo\/image\/"},"sameAs":["https:\/\/www.facebook.com\/profile.php?id=100063200290284","https:\/\/x.com\/infoecos"]},{"@type":"Person","@id":"https:\/\/infoecos.com.ar\/#\/schema\/person\/8f5ace5ce73b4b4aac4b7245aee6f191","name":"Jorge Matheus","url":"https:\/\/infoecos.com.ar\/index.php\/author\/jomatheus\/"}]}},"featured_image_urls":{"full":"","thumbnail":"","medium":"","medium_large":"","large":"","1536x1536":"","2048x2048":"","covernews-slider-full":"","covernews-slider-center":"","covernews-featured":"","covernews-medium":"","covernews-medium-square":""},"author_info":{"info":["Jorge Matheus"]},"category_info":"<a href=\"https:\/\/infoecos.com.ar\/index.php\/category\/inferior7\/\" rel=\"category tag\">Bloque inferior - 7<\/a>","tag_info":"Bloque inferior - 7","comment_count":"0","_links":{"self":[{"href":"https:\/\/infoecos.com.ar\/index.php\/wp-json\/wp\/v2\/posts\/82296"}],"collection":[{"href":"https:\/\/infoecos.com.ar\/index.php\/wp-json\/wp\/v2\/posts"}],"about":[{"href":"https:\/\/infoecos.com.ar\/index.php\/wp-json\/wp\/v2\/types\/post"}],"author":[{"embeddable":true,"href":"https:\/\/infoecos.com.ar\/index.php\/wp-json\/wp\/v2\/users\/2"}],"replies":[{"embeddable":true,"href":"https:\/\/infoecos.com.ar\/index.php\/wp-json\/wp\/v2\/comments?post=82296"}],"version-history":[{"count":1,"href":"https:\/\/infoecos.com.ar\/index.php\/wp-json\/wp\/v2\/posts\/82296\/revisions"}],"predecessor-version":[{"id":82298,"href":"https:\/\/infoecos.com.ar\/index.php\/wp-json\/wp\/v2\/posts\/82296\/revisions\/82298"}],"wp:featuredmedia":[{"embeddable":true,"href":"https:\/\/infoecos.com.ar\/index.php\/wp-json\/"}],"wp:attachment":[{"href":"https:\/\/infoecos.com.ar\/index.php\/wp-json\/wp\/v2\/media?parent=82296"}],"wp:term":[{"taxonomy":"category","embeddable":true,"href":"https:\/\/infoecos.com.ar\/index.php\/wp-json\/wp\/v2\/categories?post=82296"},{"taxonomy":"post_tag","embeddable":true,"href":"https:\/\/infoecos.com.ar\/index.php\/wp-json\/wp\/v2\/tags?post=82296"}],"curies":[{"name":"wp","href":"https:\/\/api.w.org\/{rel}","templated":true}]}}