{"id":82299,"date":"2021-07-30T01:10:12","date_gmt":"2021-07-30T04:10:12","guid":{"rendered":"http:\/\/infoecos.com.ar\/?p=82299"},"modified":"2021-07-31T04:07:26","modified_gmt":"2021-07-31T07:07:26","slug":"obras-viales-que-beneficiaran-a-bragado-tejedor-arenales-guamini-puan-y-torquinst-entre-otros-distritos","status":"publish","type":"post","link":"https:\/\/infoecos.com.ar\/index.php\/obras-viales-que-beneficiaran-a-bragado-tejedor-arenales-guamini-puan-y-torquinst-entre-otros-distritos\/","title":{"rendered":"Obras viales que beneficiar\u00e1n a Bragado, Tejedor, Arenales, Guamin\u00ed, Puan y Torquinst, entre otros distritos"},"content":{"rendered":"\n<p>El jefe de Gabinete de Ministros de la Provincia, Carlos Bianco, y el Ministro de Infraestructura y Servicios P\u00fablicos, Agust\u00edn Simone, encabezaron la firma de 18 contratos para obras de vialidad por un monto superior a los 6.400 millones de pesos.&nbsp;<\/p>\n\n\n\n<div class=\"wp-block-image is-style-default\"><figure class=\"aligncenter size-medium\"><img loading=\"lazy\" decoding=\"async\" width=\"460\" height=\"259\" src=\"http:\/\/infoecos.com.ar\/wp-content\/uploads\/2021\/07\/3-1-1-460x259.jpg\" alt=\"\" class=\"wp-image-82300\" srcset=\"https:\/\/infoecos.com.ar\/wp-content\/uploads\/2021\/07\/3-1-1-460x259.jpg 460w, https:\/\/infoecos.com.ar\/wp-content\/uploads\/2021\/07\/3-1-1-920x518.jpg 920w, https:\/\/infoecos.com.ar\/wp-content\/uploads\/2021\/07\/3-1-1-768x432.jpg 768w, https:\/\/infoecos.com.ar\/wp-content\/uploads\/2021\/07\/3-1-1-1536x864.jpg 1536w, https:\/\/infoecos.com.ar\/wp-content\/uploads\/2021\/07\/3-1-1-1024x576.jpg 1024w, https:\/\/infoecos.com.ar\/wp-content\/uploads\/2021\/07\/3-1-1.jpg 1920w\" sizes=\"(max-width: 460px) 100vw, 460px\" \/><\/figure><\/div>\n\n\n\n<p>Los municipios alcanzados por estos trabajos de infraestructura son Bah\u00eda Blanca, Berazategui, <strong>Bragado<\/strong>, Brandsen, Ca\u00f1uelas, <strong>Carlos Tejedor<\/strong>, Chascom\u00fas, Col\u00f3n, Coronel Pringles, Coronel Rosales, Coronel Su\u00e1rez, Ensenada, Florencio Varela, General Alvarado, <strong>General Arenales<\/strong>, General Belgrano, General Las Heras, General Pueyrred\u00f3n, <strong>Guamin\u00ed<\/strong>, La Matanza, Lober\u00eda, Marcos Paz, Merlo, Monte, Moreno, Necochea, <strong>Pu\u00e1n<\/strong>, San Cayetano, Tordillo, <strong>Tornquist<\/strong> y Z\u00e1rate.<\/p>\n\n\n\n<p>\u201cEn toda la provincia nuestro Gobierno est\u00e1 haciendo obras que se asignan a los municipios con criterios equitativos, independientemente del color pol\u00edtico de sus autoridades. Con un nivel de inversi\u00f3n hist\u00f3rica del 9% del presupuesto provincial estamos reparando a\u00f1os de desidia en los que se ignor\u00f3 a buena parte del territorio y sus habitantes\u201d, se\u00f1al\u00f3 Bianco en el acto.  \u201cEl Gobernador Kicillof nos pidi\u00f3 hacer una transformaci\u00f3n estructural de la provincia de Buenos Aires. Por eso estamos realizando obras que favorecen el desarrollo productivo, econ\u00f3mico, portuario, rural y social. Tenemos que devolverle a la provincia el brillo que hist\u00f3ricamente tuvo y que se opac\u00f3 durante los \u00faltimos a\u00f1os, y lo estamos haciendo de manera honesta y transparente\u201d, concluy\u00f3 el Jefe de Gabinete.<\/p>\n\n\n\n<div class=\"wp-block-image is-style-default\"><figure class=\"aligncenter size-medium\"><img loading=\"lazy\" decoding=\"async\" width=\"460\" height=\"259\" src=\"http:\/\/infoecos.com.ar\/wp-content\/uploads\/2021\/07\/6-460x259.jpg\" alt=\"\" class=\"wp-image-82301\" srcset=\"https:\/\/infoecos.com.ar\/wp-content\/uploads\/2021\/07\/6-460x259.jpg 460w, https:\/\/infoecos.com.ar\/wp-content\/uploads\/2021\/07\/6-920x518.jpg 920w, https:\/\/infoecos.com.ar\/wp-content\/uploads\/2021\/07\/6-768x432.jpg 768w, https:\/\/infoecos.com.ar\/wp-content\/uploads\/2021\/07\/6-1536x864.jpg 1536w, https:\/\/infoecos.com.ar\/wp-content\/uploads\/2021\/07\/6-1024x576.jpg 1024w, https:\/\/infoecos.com.ar\/wp-content\/uploads\/2021\/07\/6.jpg 1920w\" sizes=\"(max-width: 460px) 100vw, 460px\" \/><\/figure><\/div>\n\n\n\n<p>Por su parte, el ministro Simone se\u00f1al\u00f3: \u201cEstamos anunciando distintas obras que ya empiezan y que tienen mucho impacto en la poblaci\u00f3n, en la seguridad vial y el tr\u00e1fico. Son obras muy esperadas y con mucho trabajo detr\u00e1s, con equipos de Vialidad provincial, ingenieros y t\u00e9cnicos. Estamos muy contentos y nos da mucha satisfacci\u00f3n que esto se haya hecho realidad. Vamos a generar 900 puestos de trabajo, estamos hablando de obras por las que pasan m\u00e1s de 50.000 veh\u00edculos diarios. Estamos haciendo siempre un poco m\u00e1s por las y los bonaerenses para mejorar la conectividad y la seguridad vial\u201d.<\/p>\n\n\n\n<p><\/p>\n","protected":false},"excerpt":{"rendered":"<p>18 contratos para obras de vialidad por un monto superior a los 6.400 millones de pesos<\/p>\n","protected":false},"author":2,"featured_media":82302,"comment_status":"closed","ping_status":"open","sticky":false,"template":"","format":"standard","meta":{"footnotes":""},"categories":[43],"tags":[4442],"class_list":["post-82299","post","type-post","status-publish","format-standard","has-post-thumbnail","hentry","category-inferior4","tag-las-anunciaron-bianco-y-simone"],"yoast_head":"<!-- This site is optimized with the Yoast SEO plugin v23.4 - https:\/\/yoast.com\/wordpress\/plugins\/seo\/ -->\n<title>Obras viales que beneficiar\u00e1n a Bragado, Tejedor, Arenales, Guamin\u00ed, Puan y Torquinst, entre otros distritos - Infoecos<\/title>\n<meta name=\"robots\" content=\"index, follow, max-snippet:-1, max-image-preview:large, max-video-preview:-1\" \/>\n<link rel=\"canonical\" href=\"https:\/\/infoecos.com.ar\/index.php\/obras-viales-que-beneficiaran-a-bragado-tejedor-arenales-guamini-puan-y-torquinst-entre-otros-distritos\/\" \/>\n<meta property=\"og:locale\" content=\"es_ES\" \/>\n<meta property=\"og:type\" content=\"article\" \/>\n<meta property=\"og:title\" content=\"Obras viales que beneficiar\u00e1n a Bragado, Tejedor, Arenales, Guamin\u00ed, Puan y Torquinst, entre otros distritos - Infoecos\" \/>\n<meta property=\"og:description\" content=\"18 contratos para obras de vialidad por un monto superior a los 6.400 millones de pesos\" \/>\n<meta property=\"og:url\" content=\"https:\/\/infoecos.com.ar\/index.php\/obras-viales-que-beneficiaran-a-bragado-tejedor-arenales-guamini-puan-y-torquinst-entre-otros-distritos\/\" \/>\n<meta property=\"og:site_name\" content=\"Infoecos\" \/>\n<meta property=\"article:publisher\" content=\"https:\/\/www.facebook.com\/profile.php?id=100063200290284\" \/>\n<meta property=\"article:published_time\" content=\"2021-07-30T04:10:12+00:00\" \/>\n<meta property=\"article:modified_time\" content=\"2021-07-31T07:07:26+00:00\" \/>\n<meta property=\"og:image\" content=\"https:\/\/infoecos.com.ar\/wp-content\/uploads\/2021\/07\/4-1.jpg\" \/>\n\t<meta property=\"og:image:width\" content=\"1920\" \/>\n\t<meta property=\"og:image:height\" content=\"1080\" \/>\n\t<meta property=\"og:image:type\" content=\"image\/jpeg\" \/>\n<meta name=\"author\" content=\"Jorge Matheus\" \/>\n<meta name=\"twitter:card\" content=\"summary_large_image\" \/>\n<meta name=\"twitter:creator\" content=\"@infoecos\" \/>\n<meta name=\"twitter:site\" content=\"@infoecos\" \/>\n<meta name=\"twitter:label1\" content=\"Escrito por\" \/>\n\t<meta name=\"twitter:data1\" content=\"Jorge Matheus\" \/>\n\t<meta name=\"twitter:label2\" content=\"Tiempo de lectura\" \/>\n\t<meta name=\"twitter:data2\" content=\"2 minutos\" \/>\n<script type=\"application\/ld+json\" class=\"yoast-schema-graph\">{\"@context\":\"https:\/\/schema.org\",\"@graph\":[{\"@type\":\"Article\",\"@id\":\"https:\/\/infoecos.com.ar\/index.php\/obras-viales-que-beneficiaran-a-bragado-tejedor-arenales-guamini-puan-y-torquinst-entre-otros-distritos\/#article\",\"isPartOf\":{\"@id\":\"https:\/\/infoecos.com.ar\/index.php\/obras-viales-que-beneficiaran-a-bragado-tejedor-arenales-guamini-puan-y-torquinst-entre-otros-distritos\/\"},\"author\":{\"name\":\"Jorge Matheus\",\"@id\":\"https:\/\/infoecos.com.ar\/#\/schema\/person\/8f5ace5ce73b4b4aac4b7245aee6f191\"},\"headline\":\"Obras viales que beneficiar\u00e1n a Bragado, Tejedor, Arenales, Guamin\u00ed, Puan y Torquinst, entre otros distritos\",\"datePublished\":\"2021-07-30T04:10:12+00:00\",\"dateModified\":\"2021-07-31T07:07:26+00:00\",\"mainEntityOfPage\":{\"@id\":\"https:\/\/infoecos.com.ar\/index.php\/obras-viales-que-beneficiaran-a-bragado-tejedor-arenales-guamini-puan-y-torquinst-entre-otros-distritos\/\"},\"wordCount\":359,\"publisher\":{\"@id\":\"https:\/\/infoecos.com.ar\/#organization\"},\"image\":{\"@id\":\"https:\/\/infoecos.com.ar\/index.php\/obras-viales-que-beneficiaran-a-bragado-tejedor-arenales-guamini-puan-y-torquinst-entre-otros-distritos\/#primaryimage\"},\"thumbnailUrl\":\"https:\/\/infoecos.com.ar\/wp-content\/uploads\/2021\/07\/4-1.jpg\",\"keywords\":[\"LAS ANUNCIARON BIANCO Y SIMONE\"],\"articleSection\":[\"Bloque inferior - 4\"],\"inLanguage\":\"es\"},{\"@type\":\"WebPage\",\"@id\":\"https:\/\/infoecos.com.ar\/index.php\/obras-viales-que-beneficiaran-a-bragado-tejedor-arenales-guamini-puan-y-torquinst-entre-otros-distritos\/\",\"url\":\"https:\/\/infoecos.com.ar\/index.php\/obras-viales-que-beneficiaran-a-bragado-tejedor-arenales-guamini-puan-y-torquinst-entre-otros-distritos\/\",\"name\":\"Obras viales que beneficiar\u00e1n a Bragado, Tejedor, Arenales, Guamin\u00ed, Puan y Torquinst, entre otros distritos - Infoecos\",\"isPartOf\":{\"@id\":\"https:\/\/infoecos.com.ar\/#website\"},\"primaryImageOfPage\":{\"@id\":\"https:\/\/infoecos.com.ar\/index.php\/obras-viales-que-beneficiaran-a-bragado-tejedor-arenales-guamini-puan-y-torquinst-entre-otros-distritos\/#primaryimage\"},\"image\":{\"@id\":\"https:\/\/infoecos.com.ar\/index.php\/obras-viales-que-beneficiaran-a-bragado-tejedor-arenales-guamini-puan-y-torquinst-entre-otros-distritos\/#primaryimage\"},\"thumbnailUrl\":\"https:\/\/infoecos.com.ar\/wp-content\/uploads\/2021\/07\/4-1.jpg\",\"datePublished\":\"2021-07-30T04:10:12+00:00\",\"dateModified\":\"2021-07-31T07:07:26+00:00\",\"breadcrumb\":{\"@id\":\"https:\/\/infoecos.com.ar\/index.php\/obras-viales-que-beneficiaran-a-bragado-tejedor-arenales-guamini-puan-y-torquinst-entre-otros-distritos\/#breadcrumb\"},\"inLanguage\":\"es\",\"potentialAction\":[{\"@type\":\"ReadAction\",\"target\":[\"https:\/\/infoecos.com.ar\/index.php\/obras-viales-que-beneficiaran-a-bragado-tejedor-arenales-guamini-puan-y-torquinst-entre-otros-distritos\/\"]}]},{\"@type\":\"ImageObject\",\"inLanguage\":\"es\",\"@id\":\"https:\/\/infoecos.com.ar\/index.php\/obras-viales-que-beneficiaran-a-bragado-tejedor-arenales-guamini-puan-y-torquinst-entre-otros-distritos\/#primaryimage\",\"url\":\"https:\/\/infoecos.com.ar\/wp-content\/uploads\/2021\/07\/4-1.jpg\",\"contentUrl\":\"https:\/\/infoecos.com.ar\/wp-content\/uploads\/2021\/07\/4-1.jpg\",\"width\":1920,\"height\":1080},{\"@type\":\"BreadcrumbList\",\"@id\":\"https:\/\/infoecos.com.ar\/index.php\/obras-viales-que-beneficiaran-a-bragado-tejedor-arenales-guamini-puan-y-torquinst-entre-otros-distritos\/#breadcrumb\",\"itemListElement\":[{\"@type\":\"ListItem\",\"position\":1,\"name\":\"Portada\",\"item\":\"https:\/\/infoecos.com.ar\/\"},{\"@type\":\"ListItem\",\"position\":2,\"name\":\"Obras viales que beneficiar\u00e1n a Bragado, Tejedor, Arenales, Guamin\u00ed, Puan y Torquinst, entre otros distritos\"}]},{\"@type\":\"WebSite\",\"@id\":\"https:\/\/infoecos.com.ar\/#website\",\"url\":\"https:\/\/infoecos.com.ar\/\",\"name\":\"Infoecos\",\"description\":\"Noticias de trenque lauquen y la zona\",\"publisher\":{\"@id\":\"https:\/\/infoecos.com.ar\/#organization\"},\"alternateName\":\"Noticias\",\"potentialAction\":[{\"@type\":\"SearchAction\",\"target\":{\"@type\":\"EntryPoint\",\"urlTemplate\":\"https:\/\/infoecos.com.ar\/?s={search_term_string}\"},\"query-input\":{\"@type\":\"PropertyValueSpecification\",\"valueRequired\":true,\"valueName\":\"search_term_string\"}}],\"inLanguage\":\"es\"},{\"@type\":\"Organization\",\"@id\":\"https:\/\/infoecos.com.ar\/#organization\",\"name\":\"Infoecos\",\"alternateName\":\"Noticias\",\"url\":\"https:\/\/infoecos.com.ar\/\",\"logo\":{\"@type\":\"ImageObject\",\"inLanguage\":\"es\",\"@id\":\"https:\/\/infoecos.com.ar\/#\/schema\/logo\/image\/\",\"url\":\"https:\/\/infoecos.com.ar\/wp-content\/uploads\/2024\/03\/cropped-logo.png\",\"contentUrl\":\"https:\/\/infoecos.com.ar\/wp-content\/uploads\/2024\/03\/cropped-logo.png\",\"width\":374,\"height\":90,\"caption\":\"Infoecos\"},\"image\":{\"@id\":\"https:\/\/infoecos.com.ar\/#\/schema\/logo\/image\/\"},\"sameAs\":[\"https:\/\/www.facebook.com\/profile.php?id=100063200290284\",\"https:\/\/x.com\/infoecos\"]},{\"@type\":\"Person\",\"@id\":\"https:\/\/infoecos.com.ar\/#\/schema\/person\/8f5ace5ce73b4b4aac4b7245aee6f191\",\"name\":\"Jorge Matheus\",\"url\":\"https:\/\/infoecos.com.ar\/index.php\/author\/jomatheus\/\"}]}<\/script>\n<!-- \/ Yoast SEO plugin. -->","yoast_head_json":{"title":"Obras viales que beneficiar\u00e1n a Bragado, Tejedor, Arenales, Guamin\u00ed, Puan y Torquinst, entre otros distritos - Infoecos","robots":{"index":"index","follow":"follow","max-snippet":"max-snippet:-1","max-image-preview":"max-image-preview:large","max-video-preview":"max-video-preview:-1"},"canonical":"https:\/\/infoecos.com.ar\/index.php\/obras-viales-que-beneficiaran-a-bragado-tejedor-arenales-guamini-puan-y-torquinst-entre-otros-distritos\/","og_locale":"es_ES","og_type":"article","og_title":"Obras viales que beneficiar\u00e1n a Bragado, Tejedor, Arenales, Guamin\u00ed, Puan y Torquinst, entre otros distritos - Infoecos","og_description":"18 contratos para obras de vialidad por un monto superior a los 6.400 millones de pesos","og_url":"https:\/\/infoecos.com.ar\/index.php\/obras-viales-que-beneficiaran-a-bragado-tejedor-arenales-guamini-puan-y-torquinst-entre-otros-distritos\/","og_site_name":"Infoecos","article_publisher":"https:\/\/www.facebook.com\/profile.php?id=100063200290284","article_published_time":"2021-07-30T04:10:12+00:00","article_modified_time":"2021-07-31T07:07:26+00:00","og_image":[{"width":1920,"height":1080,"url":"https:\/\/infoecos.com.ar\/wp-content\/uploads\/2021\/07\/4-1.jpg","type":"image\/jpeg"}],"author":"Jorge Matheus","twitter_card":"summary_large_image","twitter_creator":"@infoecos","twitter_site":"@infoecos","twitter_misc":{"Escrito por":"Jorge Matheus","Tiempo de lectura":"2 minutos"},"schema":{"@context":"https:\/\/schema.org","@graph":[{"@type":"Article","@id":"https:\/\/infoecos.com.ar\/index.php\/obras-viales-que-beneficiaran-a-bragado-tejedor-arenales-guamini-puan-y-torquinst-entre-otros-distritos\/#article","isPartOf":{"@id":"https:\/\/infoecos.com.ar\/index.php\/obras-viales-que-beneficiaran-a-bragado-tejedor-arenales-guamini-puan-y-torquinst-entre-otros-distritos\/"},"author":{"name":"Jorge Matheus","@id":"https:\/\/infoecos.com.ar\/#\/schema\/person\/8f5ace5ce73b4b4aac4b7245aee6f191"},"headline":"Obras viales que beneficiar\u00e1n a Bragado, Tejedor, Arenales, Guamin\u00ed, Puan y Torquinst, entre otros distritos","datePublished":"2021-07-30T04:10:12+00:00","dateModified":"2021-07-31T07:07:26+00:00","mainEntityOfPage":{"@id":"https:\/\/infoecos.com.ar\/index.php\/obras-viales-que-beneficiaran-a-bragado-tejedor-arenales-guamini-puan-y-torquinst-entre-otros-distritos\/"},"wordCount":359,"publisher":{"@id":"https:\/\/infoecos.com.ar\/#organization"},"image":{"@id":"https:\/\/infoecos.com.ar\/index.php\/obras-viales-que-beneficiaran-a-bragado-tejedor-arenales-guamini-puan-y-torquinst-entre-otros-distritos\/#primaryimage"},"thumbnailUrl":"https:\/\/infoecos.com.ar\/wp-content\/uploads\/2021\/07\/4-1.jpg","keywords":["LAS ANUNCIARON BIANCO Y SIMONE"],"articleSection":["Bloque inferior - 4"],"inLanguage":"es"},{"@type":"WebPage","@id":"https:\/\/infoecos.com.ar\/index.php\/obras-viales-que-beneficiaran-a-bragado-tejedor-arenales-guamini-puan-y-torquinst-entre-otros-distritos\/","url":"https:\/\/infoecos.com.ar\/index.php\/obras-viales-que-beneficiaran-a-bragado-tejedor-arenales-guamini-puan-y-torquinst-entre-otros-distritos\/","name":"Obras viales que beneficiar\u00e1n a Bragado, Tejedor, Arenales, Guamin\u00ed, Puan y Torquinst, entre otros distritos - Infoecos","isPartOf":{"@id":"https:\/\/infoecos.com.ar\/#website"},"primaryImageOfPage":{"@id":"https:\/\/infoecos.com.ar\/index.php\/obras-viales-que-beneficiaran-a-bragado-tejedor-arenales-guamini-puan-y-torquinst-entre-otros-distritos\/#primaryimage"},"image":{"@id":"https:\/\/infoecos.com.ar\/index.php\/obras-viales-que-beneficiaran-a-bragado-tejedor-arenales-guamini-puan-y-torquinst-entre-otros-distritos\/#primaryimage"},"thumbnailUrl":"https:\/\/infoecos.com.ar\/wp-content\/uploads\/2021\/07\/4-1.jpg","datePublished":"2021-07-30T04:10:12+00:00","dateModified":"2021-07-31T07:07:26+00:00","breadcrumb":{"@id":"https:\/\/infoecos.com.ar\/index.php\/obras-viales-que-beneficiaran-a-bragado-tejedor-arenales-guamini-puan-y-torquinst-entre-otros-distritos\/#breadcrumb"},"inLanguage":"es","potentialAction":[{"@type":"ReadAction","target":["https:\/\/infoecos.com.ar\/index.php\/obras-viales-que-beneficiaran-a-bragado-tejedor-arenales-guamini-puan-y-torquinst-entre-otros-distritos\/"]}]},{"@type":"ImageObject","inLanguage":"es","@id":"https:\/\/infoecos.com.ar\/index.php\/obras-viales-que-beneficiaran-a-bragado-tejedor-arenales-guamini-puan-y-torquinst-entre-otros-distritos\/#primaryimage","url":"https:\/\/infoecos.com.ar\/wp-content\/uploads\/2021\/07\/4-1.jpg","contentUrl":"https:\/\/infoecos.com.ar\/wp-content\/uploads\/2021\/07\/4-1.jpg","width":1920,"height":1080},{"@type":"BreadcrumbList","@id":"https:\/\/infoecos.com.ar\/index.php\/obras-viales-que-beneficiaran-a-bragado-tejedor-arenales-guamini-puan-y-torquinst-entre-otros-distritos\/#breadcrumb","itemListElement":[{"@type":"ListItem","position":1,"name":"Portada","item":"https:\/\/infoecos.com.ar\/"},{"@type":"ListItem","position":2,"name":"Obras viales que beneficiar\u00e1n a Bragado, Tejedor, Arenales, Guamin\u00ed, Puan y Torquinst, entre otros distritos"}]},{"@type":"WebSite","@id":"https:\/\/infoecos.com.ar\/#website","url":"https:\/\/infoecos.com.ar\/","name":"Infoecos","description":"Noticias de trenque lauquen y la zona","publisher":{"@id":"https:\/\/infoecos.com.ar\/#organization"},"alternateName":"Noticias","potentialAction":[{"@type":"SearchAction","target":{"@type":"EntryPoint","urlTemplate":"https:\/\/infoecos.com.ar\/?s={search_term_string}"},"query-input":{"@type":"PropertyValueSpecification","valueRequired":true,"valueName":"search_term_string"}}],"inLanguage":"es"},{"@type":"Organization","@id":"https:\/\/infoecos.com.ar\/#organization","name":"Infoecos","alternateName":"Noticias","url":"https:\/\/infoecos.com.ar\/","logo":{"@type":"ImageObject","inLanguage":"es","@id":"https:\/\/infoecos.com.ar\/#\/schema\/logo\/image\/","url":"https:\/\/infoecos.com.ar\/wp-content\/uploads\/2024\/03\/cropped-logo.png","contentUrl":"https:\/\/infoecos.com.ar\/wp-content\/uploads\/2024\/03\/cropped-logo.png","width":374,"height":90,"caption":"Infoecos"},"image":{"@id":"https:\/\/infoecos.com.ar\/#\/schema\/logo\/image\/"},"sameAs":["https:\/\/www.facebook.com\/profile.php?id=100063200290284","https:\/\/x.com\/infoecos"]},{"@type":"Person","@id":"https:\/\/infoecos.com.ar\/#\/schema\/person\/8f5ace5ce73b4b4aac4b7245aee6f191","name":"Jorge Matheus","url":"https:\/\/infoecos.com.ar\/index.php\/author\/jomatheus\/"}]}},"featured_image_urls":{"full":["https:\/\/infoecos.com.ar\/wp-content\/uploads\/2021\/07\/4-1.jpg",1920,1080,false],"thumbnail":["https:\/\/infoecos.com.ar\/wp-content\/uploads\/2021\/07\/4-1-150x150.jpg",150,150,true],"medium":["https:\/\/infoecos.com.ar\/wp-content\/uploads\/2021\/07\/4-1-460x259.jpg",460,259,true],"medium_large":["https:\/\/infoecos.com.ar\/wp-content\/uploads\/2021\/07\/4-1-768x432.jpg",640,360,true],"large":["https:\/\/infoecos.com.ar\/wp-content\/uploads\/2021\/07\/4-1-920x518.jpg",640,360,true],"1536x1536":["https:\/\/infoecos.com.ar\/wp-content\/uploads\/2021\/07\/4-1-1536x864.jpg",1536,864,true],"2048x2048":["https:\/\/infoecos.com.ar\/wp-content\/uploads\/2021\/07\/4-1.jpg",1920,1080,false],"covernews-slider-full":["https:\/\/infoecos.com.ar\/wp-content\/uploads\/2021\/07\/4-1-1536x1020.jpg",1077,715,true],"covernews-slider-center":["https:\/\/infoecos.com.ar\/wp-content\/uploads\/2021\/07\/4-1-936x897.jpg",522,500,true],"covernews-featured":["https:\/\/infoecos.com.ar\/wp-content\/uploads\/2021\/07\/4-1-1024x576.jpg",1024,576,true],"covernews-medium":["https:\/\/infoecos.com.ar\/wp-content\/uploads\/2021\/07\/4-1-720x380.jpg",540,285,true],"covernews-medium-square":["https:\/\/infoecos.com.ar\/wp-content\/uploads\/2021\/07\/4-1-675x450.jpg",375,250,true]},"author_info":{"info":["Jorge Matheus"]},"category_info":"<a href=\"https:\/\/infoecos.com.ar\/index.php\/category\/inferior4\/\" rel=\"category tag\">Bloque inferior - 4<\/a>","tag_info":"Bloque inferior - 4","comment_count":"0","_links":{"self":[{"href":"https:\/\/infoecos.com.ar\/index.php\/wp-json\/wp\/v2\/posts\/82299"}],"collection":[{"href":"https:\/\/infoecos.com.ar\/index.php\/wp-json\/wp\/v2\/posts"}],"about":[{"href":"https:\/\/infoecos.com.ar\/index.php\/wp-json\/wp\/v2\/types\/post"}],"author":[{"embeddable":true,"href":"https:\/\/infoecos.com.ar\/index.php\/wp-json\/wp\/v2\/users\/2"}],"replies":[{"embeddable":true,"href":"https:\/\/infoecos.com.ar\/index.php\/wp-json\/wp\/v2\/comments?post=82299"}],"version-history":[{"count":2,"href":"https:\/\/infoecos.com.ar\/index.php\/wp-json\/wp\/v2\/posts\/82299\/revisions"}],"predecessor-version":[{"id":82418,"href":"https:\/\/infoecos.com.ar\/index.php\/wp-json\/wp\/v2\/posts\/82299\/revisions\/82418"}],"wp:featuredmedia":[{"embeddable":true,"href":"https:\/\/infoecos.com.ar\/index.php\/wp-json\/wp\/v2\/media\/82302"}],"wp:attachment":[{"href":"https:\/\/infoecos.com.ar\/index.php\/wp-json\/wp\/v2\/media?parent=82299"}],"wp:term":[{"taxonomy":"category","embeddable":true,"href":"https:\/\/infoecos.com.ar\/index.php\/wp-json\/wp\/v2\/categories?post=82299"},{"taxonomy":"post_tag","embeddable":true,"href":"https:\/\/infoecos.com.ar\/index.php\/wp-json\/wp\/v2\/tags?post=82299"}],"curies":[{"name":"wp","href":"https:\/\/api.w.org\/{rel}","templated":true}]}}