{"id":82404,"date":"2021-07-31T02:42:24","date_gmt":"2021-07-31T05:42:24","guid":{"rendered":"http:\/\/infoecos.com.ar\/?p=82404"},"modified":"2021-08-03T04:20:01","modified_gmt":"2021-08-03T07:20:01","slug":"simone-dijo-en-carlos-casares-que-el-plan-de-desarrollo-rural-contempla-el-mejorado-sobre-el-camino-a-cadret","status":"publish","type":"post","link":"https:\/\/infoecos.com.ar\/index.php\/simone-dijo-en-carlos-casares-que-el-plan-de-desarrollo-rural-contempla-el-mejorado-sobre-el-camino-a-cadret\/","title":{"rendered":"Simone dijo en Carlos Casares que el Plan de Desarrollo Rural contempla el mejorado sobre el camino a Cadret"},"content":{"rendered":"\n<p class=\"wp-block-paragraph\">El Ministro de Infraestructura bonaerense, Agust\u00edn Simone, dijo en Carlos Casares que el Plan de Desarrollo Rural contempla el mejorado sobre el camino a Cadret. <\/p>\n\n\n\n<div class=\"wp-block-image is-style-default\"><figure class=\"aligncenter size-medium\"><img loading=\"lazy\" decoding=\"async\" width=\"460\" height=\"306\" src=\"http:\/\/infoecos.com.ar\/wp-content\/uploads\/2021\/07\/1-2-460x306.jpg\" alt=\"\" class=\"wp-image-82405\" srcset=\"https:\/\/infoecos.com.ar\/wp-content\/uploads\/2021\/07\/1-2-460x306.jpg 460w, https:\/\/infoecos.com.ar\/wp-content\/uploads\/2021\/07\/1-2-920x613.jpg 920w, https:\/\/infoecos.com.ar\/wp-content\/uploads\/2021\/07\/1-2-768x512.jpg 768w, https:\/\/infoecos.com.ar\/wp-content\/uploads\/2021\/07\/1-2-675x450.jpg 675w, https:\/\/infoecos.com.ar\/wp-content\/uploads\/2021\/07\/1-2.jpg 1024w\" sizes=\"auto, (max-width: 460px) 100vw, 460px\" \/><figcaption>Torchio con Katopodis, Bianco y Simone<\/figcaption><\/figure><\/div>\n\n\n\n<p class=\"wp-block-paragraph\">El funcionario provincial agreg\u00f3 que \u201ces importante y, se replica en otros municipios. Adem\u00e1s, estamos avanzados en una gran obra hidr\u00e1ulica\u201d.<\/p>\n\n\n\n<p class=\"wp-block-paragraph\">El Secretario de Municipios de la Naci\u00f3n, Avelino Zurro, tambi\u00e9n presente, confirm\u00f3 que \u201chay un plan de viviendas desde naci\u00f3n y provincia. Trabajamos permanentemente para ese tema central porque es un eje de trabajo para la naci\u00f3n, m\u00e1s all\u00e1 de las l\u00edneas de cr\u00e9ditos\u201d.<\/p>\n\n\n\n<div class=\"wp-block-image is-style-default\"><figure class=\"aligncenter size-medium\"><img loading=\"lazy\" decoding=\"async\" width=\"460\" height=\"306\" src=\"http:\/\/infoecos.com.ar\/wp-content\/uploads\/2021\/07\/6-1-460x306.jpg\" alt=\"\" class=\"wp-image-82406\" srcset=\"https:\/\/infoecos.com.ar\/wp-content\/uploads\/2021\/07\/6-1-460x306.jpg 460w, https:\/\/infoecos.com.ar\/wp-content\/uploads\/2021\/07\/6-1-920x613.jpg 920w, https:\/\/infoecos.com.ar\/wp-content\/uploads\/2021\/07\/6-1-768x512.jpg 768w, https:\/\/infoecos.com.ar\/wp-content\/uploads\/2021\/07\/6-1-675x450.jpg 675w, https:\/\/infoecos.com.ar\/wp-content\/uploads\/2021\/07\/6-1.jpg 1024w\" sizes=\"auto, (max-width: 460px) 100vw, 460px\" \/><figcaption>Torchio con Simone y Bianco<\/figcaption><\/figure><\/div>\n\n\n\n<p class=\"wp-block-paragraph\">Por otro lado, respecto de la pandemia argument\u00f3 que \u00abmientras la poblaci\u00f3n se cuidaba desde el gobierno a la par de ello, el gobernador y los equipos pensaban planes para cuidar la vida, el comercio y el trabajo\u00bb. \u201cEl esfuerzo es enorme con el deber de seguir cuid\u00e1ndonos\u201d, cerr\u00f3.<\/p>\n","protected":false},"excerpt":{"rendered":"<p>El Secretario de Municipios de la Naci\u00f3n, Avelino Zurro, tambi\u00e9n presente, confirm\u00f3 que \u201chay un plan de viviendas desde naci\u00f3n y provincia\u00bb<\/p>\n","protected":false},"author":2,"featured_media":82405,"comment_status":"closed","ping_status":"open","sticky":false,"template":"","format":"standard","meta":{"footnotes":""},"categories":[1332],"tags":[4472],"class_list":["post-82404","post","type-post","status-publish","format-standard","has-post-thumbnail","hentry","category-inferior12","tag-acompano-a-katopodis-y-bianco"],"featured_image_urls":{"full":["https:\/\/infoecos.com.ar\/wp-content\/uploads\/2021\/07\/1-2.jpg",1024,682,false],"thumbnail":["https:\/\/infoecos.com.ar\/wp-content\/uploads\/2021\/07\/1-2-150x150.jpg",150,150,true],"medium":["https:\/\/infoecos.com.ar\/wp-content\/uploads\/2021\/07\/1-2-460x306.jpg",460,306,true],"medium_large":["https:\/\/infoecos.com.ar\/wp-content\/uploads\/2021\/07\/1-2-768x512.jpg",640,427,true],"large":["https:\/\/infoecos.com.ar\/wp-content\/uploads\/2021\/07\/1-2-920x613.jpg",640,426,true],"1536x1536":["https:\/\/infoecos.com.ar\/wp-content\/uploads\/2021\/07\/1-2.jpg",1024,682,false],"2048x2048":["https:\/\/infoecos.com.ar\/wp-content\/uploads\/2021\/07\/1-2.jpg",1024,682,false],"covernews-slider-full":["https:\/\/infoecos.com.ar\/wp-content\/uploads\/2021\/07\/1-2.jpg",1024,682,false],"covernews-slider-center":["https:\/\/infoecos.com.ar\/wp-content\/uploads\/2021\/07\/1-2-936x682.jpg",686,500,true],"covernews-featured":["https:\/\/infoecos.com.ar\/wp-content\/uploads\/2021\/07\/1-2.jpg",1024,682,false],"covernews-medium":["https:\/\/infoecos.com.ar\/wp-content\/uploads\/2021\/07\/1-2-720x380.jpg",540,285,true],"covernews-medium-square":["https:\/\/infoecos.com.ar\/wp-content\/uploads\/2021\/07\/1-2-675x450.jpg",375,250,true]},"author_info":{"info":["Jorge Matheus"]},"category_info":"<a href=\"https:\/\/infoecos.com.ar\/index.php\/category\/inferior12\/\" rel=\"category tag\">Bloque inferior - 12<\/a>","tag_info":"Bloque inferior - 12","comment_count":"0","_links":{"self":[{"href":"https:\/\/infoecos.com.ar\/index.php\/wp-json\/wp\/v2\/posts\/82404","targetHints":{"allow":["GET"]}}],"collection":[{"href":"https:\/\/infoecos.com.ar\/index.php\/wp-json\/wp\/v2\/posts"}],"about":[{"href":"https:\/\/infoecos.com.ar\/index.php\/wp-json\/wp\/v2\/types\/post"}],"author":[{"embeddable":true,"href":"https:\/\/infoecos.com.ar\/index.php\/wp-json\/wp\/v2\/users\/2"}],"replies":[{"embeddable":true,"href":"https:\/\/infoecos.com.ar\/index.php\/wp-json\/wp\/v2\/comments?post=82404"}],"version-history":[{"count":1,"href":"https:\/\/infoecos.com.ar\/index.php\/wp-json\/wp\/v2\/posts\/82404\/revisions"}],"predecessor-version":[{"id":82407,"href":"https:\/\/infoecos.com.ar\/index.php\/wp-json\/wp\/v2\/posts\/82404\/revisions\/82407"}],"wp:featuredmedia":[{"embeddable":true,"href":"https:\/\/infoecos.com.ar\/index.php\/wp-json\/wp\/v2\/media\/82405"}],"wp:attachment":[{"href":"https:\/\/infoecos.com.ar\/index.php\/wp-json\/wp\/v2\/media?parent=82404"}],"wp:term":[{"taxonomy":"category","embeddable":true,"href":"https:\/\/infoecos.com.ar\/index.php\/wp-json\/wp\/v2\/categories?post=82404"},{"taxonomy":"post_tag","embeddable":true,"href":"https:\/\/infoecos.com.ar\/index.php\/wp-json\/wp\/v2\/tags?post=82404"}],"curies":[{"name":"wp","href":"https:\/\/api.w.org\/{rel}","templated":true}]}}