{"id":82445,"date":"2021-08-01T04:05:19","date_gmt":"2021-08-01T07:05:19","guid":{"rendered":"http:\/\/infoecos.com.ar\/?p=82445"},"modified":"2021-08-01T04:05:23","modified_gmt":"2021-08-01T07:05:23","slug":"la-direccion-general-de-cultura-y-educacion-reitero-que-a-partir-de-manana-vuelven-las-clases-presenciales","status":"publish","type":"post","link":"https:\/\/infoecos.com.ar\/index.php\/la-direccion-general-de-cultura-y-educacion-reitero-que-a-partir-de-manana-vuelven-las-clases-presenciales\/","title":{"rendered":"La Direcci\u00f3n General de Cultura y Educaci\u00f3n reiter\u00f3 que a partir de ma\u00f1ana vuelven las clases presenciales"},"content":{"rendered":"\n<p class=\"wp-block-paragraph\">La Direcci\u00f3n General de Cultura y Educaci\u00f3n de la Provincia de Buenos Aires determin\u00f3 que\u00a0a partir del lunes pr\u00f3ximo, 2 de agosto, cuando terminen las vacaciones de invierno, volver\u00e1n las clases presenciales en todo el territorio bonaerense, respetando los protocolos y las normativas de cuidado<strong>.<\/strong><\/p>\n\n\n\n<p class=\"wp-block-paragraph\">Esto se da en un contexto de avance de la campa\u00f1a de\u00a0vacunaci\u00f3n\u00a0contra el coronavirus en todo el territorio provincial, con\u00a0turnos libres para los mayores de 18 a\u00f1os y con dosis habilitadas para los j\u00f3venes de entre 12 y 17 a\u00f1os.<\/p>\n\n\n\n<p class=\"wp-block-paragraph\">Adem\u00e1s fuentes oficiales informaron que\u00a0a partir del 9 de agosto retomar\u00e1n la actividad presencial los agentes que est\u00e1n alcanzados por dispensas laborales por factores de riesgo.<\/p>\n\n\n\n<p class=\"wp-block-paragraph\">La medida alcanza a aquellos docentes y no docentes que hayan cumplido los 21 d\u00edas tras haber completado el esquema de inmunizaci\u00f3n de cualquiera de las vacunas destinadas contra la Covid-19 autorizadas para su uso en la Argentina y quienes hayan optado por no vacunarse.<\/p>\n\n\n\n<p class=\"wp-block-paragraph\">Por otro lado, se aclar\u00f3 que a partir del reintegro de los agentes que estaban dispensados,\u00a0cesar\u00e1n en su cargo las personas que hayan sido designada para la cobertura de la suplencia<strong>.<\/strong><\/p>\n","protected":false},"excerpt":{"rendered":"<p>Fuentes oficiales informaron que a partir del 9 de agosto retomar\u00e1n la actividad presencial los agentes que est\u00e1n alcanzados por dispensas laborales por factores de riesgo<\/p>\n","protected":false},"author":2,"featured_media":16635,"comment_status":"closed","ping_status":"open","sticky":false,"template":"","format":"standard","meta":{"footnotes":""},"categories":[28],"tags":[4480],"class_list":["post-82445","post","type-post","status-publish","format-standard","has-post-thumbnail","hentry","category-c1nota1","tag-para-que-quede-claro"],"featured_image_urls":{"full":"","thumbnail":"","medium":"","medium_large":"","large":"","1536x1536":"","2048x2048":"","covernews-slider-full":"","covernews-slider-center":"","covernews-featured":"","covernews-medium":"","covernews-medium-square":""},"author_info":{"info":["Jorge Matheus"]},"category_info":"<a href=\"https:\/\/infoecos.com.ar\/index.php\/category\/c1nota1\/\" rel=\"category tag\">C1 N1<\/a>","tag_info":"C1 N1","comment_count":"0","_links":{"self":[{"href":"https:\/\/infoecos.com.ar\/index.php\/wp-json\/wp\/v2\/posts\/82445","targetHints":{"allow":["GET"]}}],"collection":[{"href":"https:\/\/infoecos.com.ar\/index.php\/wp-json\/wp\/v2\/posts"}],"about":[{"href":"https:\/\/infoecos.com.ar\/index.php\/wp-json\/wp\/v2\/types\/post"}],"author":[{"embeddable":true,"href":"https:\/\/infoecos.com.ar\/index.php\/wp-json\/wp\/v2\/users\/2"}],"replies":[{"embeddable":true,"href":"https:\/\/infoecos.com.ar\/index.php\/wp-json\/wp\/v2\/comments?post=82445"}],"version-history":[{"count":1,"href":"https:\/\/infoecos.com.ar\/index.php\/wp-json\/wp\/v2\/posts\/82445\/revisions"}],"predecessor-version":[{"id":82446,"href":"https:\/\/infoecos.com.ar\/index.php\/wp-json\/wp\/v2\/posts\/82445\/revisions\/82446"}],"wp:attachment":[{"href":"https:\/\/infoecos.com.ar\/index.php\/wp-json\/wp\/v2\/media?parent=82445"}],"wp:term":[{"taxonomy":"category","embeddable":true,"href":"https:\/\/infoecos.com.ar\/index.php\/wp-json\/wp\/v2\/categories?post=82445"},{"taxonomy":"post_tag","embeddable":true,"href":"https:\/\/infoecos.com.ar\/index.php\/wp-json\/wp\/v2\/tags?post=82445"}],"curies":[{"name":"wp","href":"https:\/\/api.w.org\/{rel}","templated":true}]}}