{"id":82447,"date":"2021-08-01T04:19:32","date_gmt":"2021-08-01T07:19:32","guid":{"rendered":"http:\/\/infoecos.com.ar\/?p=82447"},"modified":"2021-08-03T04:17:52","modified_gmt":"2021-08-03T07:17:52","slug":"los-menonitas-de-guatrache-se-resistieron-a-vacunarse-y-hay-120-casos-positivos","status":"publish","type":"post","link":"https:\/\/infoecos.com.ar\/index.php\/los-menonitas-de-guatrache-se-resistieron-a-vacunarse-y-hay-120-casos-positivos\/","title":{"rendered":"Los menonitas de Guatrach\u00e9 se resistieron a vacunarse y hay 120 casos positivos"},"content":{"rendered":"\n<p class=\"wp-block-paragraph\">La llegada de la pandemia a la colonia menonita de Guatrach\u00e9 se visibiliz\u00f3 con el fallecimiento en noviembre del a\u00f1o pasado del obispo y l\u00edder, Abraham Neudorf, de 58 a\u00f1os de edad, a partir del cual se detect\u00f3 una ola de contagios con 120 casos positivos, que obligaron a una r\u00e1pida intervenci\u00f3n del estado provincial<strong>.<\/strong><\/p>\n\n\n\n<div class=\"wp-block-image is-style-default\"><figure class=\"aligncenter size-medium\"><img loading=\"lazy\" decoding=\"async\" width=\"460\" height=\"259\" src=\"http:\/\/infoecos.com.ar\/wp-content\/uploads\/2021\/08\/MENONITAS2-460x259.jpg\" alt=\"\" class=\"wp-image-82448\" srcset=\"https:\/\/infoecos.com.ar\/wp-content\/uploads\/2021\/08\/MENONITAS2-460x259.jpg 460w, https:\/\/infoecos.com.ar\/wp-content\/uploads\/2021\/08\/MENONITAS2-920x518.jpg 920w, https:\/\/infoecos.com.ar\/wp-content\/uploads\/2021\/08\/MENONITAS2-768x432.jpg 768w, https:\/\/infoecos.com.ar\/wp-content\/uploads\/2021\/08\/MENONITAS2.jpg 1004w\" sizes=\"auto, (max-width: 460px) 100vw, 460px\" \/><\/figure><\/div>\n\n\n\n<p class=\"wp-block-paragraph\">Tras la muerte del obispo, el gobierno de La Pampa a trav\u00e9s del Ministerio de Salud, resolvi\u00f3 intervenir en forma directa y cort\u00f3 el ingreso y el egreso de personas, a ra\u00edz de que los integrantes de esa comunidad se negaban a dejar el lugar para ser atendidos y no quer\u00edan cumplir con los protocolos vigentes.<\/p>\n\n\n\n<p class=\"wp-block-paragraph\">All\u00ed estuvieron presentes las fuerzas policiales para controlar el cumplimiento de las medidas sanitarias y se mont\u00f3 una carpa sanitaria de emergencia, con personal que recorri\u00f3 casa por casa para hisopar, obteniendo 120 casos positivos y la derivaci\u00f3n de algunos en estado cr\u00edtico a hospitales de Santa Rosa y Guatrach\u00e9.<\/p>\n\n\n\n<div class=\"wp-block-image is-style-default\"><figure class=\"aligncenter size-medium\"><img loading=\"lazy\" decoding=\"async\" width=\"460\" height=\"259\" src=\"http:\/\/infoecos.com.ar\/wp-content\/uploads\/2021\/08\/MENONITAS-460x259.jpg\" alt=\"\" class=\"wp-image-82449\" srcset=\"https:\/\/infoecos.com.ar\/wp-content\/uploads\/2021\/08\/MENONITAS-460x259.jpg 460w, https:\/\/infoecos.com.ar\/wp-content\/uploads\/2021\/08\/MENONITAS-920x518.jpg 920w, https:\/\/infoecos.com.ar\/wp-content\/uploads\/2021\/08\/MENONITAS-768x432.jpg 768w, https:\/\/infoecos.com.ar\/wp-content\/uploads\/2021\/08\/MENONITAS.jpg 1004w\" sizes=\"auto, (max-width: 460px) 100vw, 460px\" \/><\/figure><\/div>\n\n\n\n<p class=\"wp-block-paragraph\">Pese al trabajo de campo que termin\u00f3 cuando la situaci\u00f3n se estabiliz\u00f3, la resistencia a la vacuna contra la Covid-19 a\u00fan persiste.<\/p>\n\n\n\n<p class=\"wp-block-paragraph\">Mientras el Plan de Vacunaci\u00f3n que corresponde al calendario anual est\u00e1 implementado en un 90 por ciento en toda la comunidad, respecto a la vacunaci\u00f3n contra la Covid-19 hay resistencia \u00aby hasta la fecha s\u00f3lo 20 personas se han vacunado\u00bb, se\u00f1ala M\u00f3nica Mora, enfermera desde hace 20 a\u00f1os del hospital de Guatrach\u00e9. (Telam)<\/p>\n\n\n\n<div class=\"wp-block-image is-style-default\"><figure class=\"aligncenter size-medium\"><img loading=\"lazy\" decoding=\"async\" width=\"460\" height=\"259\" src=\"http:\/\/infoecos.com.ar\/wp-content\/uploads\/2021\/08\/MENONITAS1-460x259.jpg\" alt=\"\" class=\"wp-image-82450\" srcset=\"https:\/\/infoecos.com.ar\/wp-content\/uploads\/2021\/08\/MENONITAS1-460x259.jpg 460w, https:\/\/infoecos.com.ar\/wp-content\/uploads\/2021\/08\/MENONITAS1-920x518.jpg 920w, https:\/\/infoecos.com.ar\/wp-content\/uploads\/2021\/08\/MENONITAS1-768x432.jpg 768w, https:\/\/infoecos.com.ar\/wp-content\/uploads\/2021\/08\/MENONITAS1.jpg 1004w\" sizes=\"auto, (max-width: 460px) 100vw, 460px\" \/><\/figure><\/div>\n","protected":false},"excerpt":{"rendered":"<p>Mientras el Plan de Vacunaci\u00f3n que corresponde al calendario anual est\u00e1 implementado en un 90 por ciento en toda la comunidad, respecto a la vacunaci\u00f3n contra la Covid-19 hay resistencia \u00aby hasta la fecha s\u00f3lo 20 personas se han vacunado\u00bb, se\u00f1ala M\u00f3nica Mora<\/p>\n","protected":false},"author":2,"featured_media":82449,"comment_status":"closed","ping_status":"open","sticky":false,"template":"","format":"standard","meta":{"footnotes":""},"categories":[199],"tags":[4481],"class_list":["post-82447","post","type-post","status-publish","format-standard","has-post-thumbnail","hentry","category-inferior7","tag-en-noviembre-pasado-murio-el-obispo-de-la-colonia"],"featured_image_urls":{"full":["https:\/\/infoecos.com.ar\/wp-content\/uploads\/2021\/08\/MENONITAS.jpg",1004,565,false],"thumbnail":["https:\/\/infoecos.com.ar\/wp-content\/uploads\/2021\/08\/MENONITAS-150x150.jpg",150,150,true],"medium":["https:\/\/infoecos.com.ar\/wp-content\/uploads\/2021\/08\/MENONITAS-460x259.jpg",460,259,true],"medium_large":["https:\/\/infoecos.com.ar\/wp-content\/uploads\/2021\/08\/MENONITAS-768x432.jpg",640,360,true],"large":["https:\/\/infoecos.com.ar\/wp-content\/uploads\/2021\/08\/MENONITAS-920x518.jpg",640,360,true],"1536x1536":["https:\/\/infoecos.com.ar\/wp-content\/uploads\/2021\/08\/MENONITAS.jpg",1004,565,false],"2048x2048":["https:\/\/infoecos.com.ar\/wp-content\/uploads\/2021\/08\/MENONITAS.jpg",1004,565,false],"covernews-slider-full":["https:\/\/infoecos.com.ar\/wp-content\/uploads\/2021\/08\/MENONITAS.jpg",1004,565,false],"covernews-slider-center":["https:\/\/infoecos.com.ar\/wp-content\/uploads\/2021\/08\/MENONITAS-936x565.jpg",800,483,true],"covernews-featured":["https:\/\/infoecos.com.ar\/wp-content\/uploads\/2021\/08\/MENONITAS.jpg",1004,565,false],"covernews-medium":["https:\/\/infoecos.com.ar\/wp-content\/uploads\/2021\/08\/MENONITAS-720x380.jpg",540,285,true],"covernews-medium-square":["https:\/\/infoecos.com.ar\/wp-content\/uploads\/2021\/08\/MENONITAS-675x450.jpg",375,250,true]},"author_info":{"info":["Jorge Matheus"]},"category_info":"<a href=\"https:\/\/infoecos.com.ar\/index.php\/category\/inferior7\/\" rel=\"category tag\">Bloque inferior - 7<\/a>","tag_info":"Bloque inferior - 7","comment_count":"0","_links":{"self":[{"href":"https:\/\/infoecos.com.ar\/index.php\/wp-json\/wp\/v2\/posts\/82447","targetHints":{"allow":["GET"]}}],"collection":[{"href":"https:\/\/infoecos.com.ar\/index.php\/wp-json\/wp\/v2\/posts"}],"about":[{"href":"https:\/\/infoecos.com.ar\/index.php\/wp-json\/wp\/v2\/types\/post"}],"author":[{"embeddable":true,"href":"https:\/\/infoecos.com.ar\/index.php\/wp-json\/wp\/v2\/users\/2"}],"replies":[{"embeddable":true,"href":"https:\/\/infoecos.com.ar\/index.php\/wp-json\/wp\/v2\/comments?post=82447"}],"version-history":[{"count":1,"href":"https:\/\/infoecos.com.ar\/index.php\/wp-json\/wp\/v2\/posts\/82447\/revisions"}],"predecessor-version":[{"id":82451,"href":"https:\/\/infoecos.com.ar\/index.php\/wp-json\/wp\/v2\/posts\/82447\/revisions\/82451"}],"wp:featuredmedia":[{"embeddable":true,"href":"https:\/\/infoecos.com.ar\/index.php\/wp-json\/wp\/v2\/media\/82449"}],"wp:attachment":[{"href":"https:\/\/infoecos.com.ar\/index.php\/wp-json\/wp\/v2\/media?parent=82447"}],"wp:term":[{"taxonomy":"category","embeddable":true,"href":"https:\/\/infoecos.com.ar\/index.php\/wp-json\/wp\/v2\/categories?post=82447"},{"taxonomy":"post_tag","embeddable":true,"href":"https:\/\/infoecos.com.ar\/index.php\/wp-json\/wp\/v2\/tags?post=82447"}],"curies":[{"name":"wp","href":"https:\/\/api.w.org\/{rel}","templated":true}]}}