{"id":82457,"date":"2021-08-01T04:40:24","date_gmt":"2021-08-01T07:40:24","guid":{"rendered":"http:\/\/infoecos.com.ar\/?p=82457"},"modified":"2021-08-03T04:17:11","modified_gmt":"2021-08-03T07:17:11","slug":"sotullo-lanz-dijo-que-estamos-muy-felices-que-nos-represente-walter-torchio-encabezando-la-lista-de-senadores","status":"publish","type":"post","link":"https:\/\/infoecos.com.ar\/index.php\/sotullo-lanz-dijo-que-estamos-muy-felices-que-nos-represente-walter-torchio-encabezando-la-lista-de-senadores\/","title":{"rendered":"Sotullo Lanz dijo que \u00abestamos muy felices que nos represente Walter Torchio encabezando la lista de senadores\u00bb"},"content":{"rendered":"\n<p class=\"wp-block-paragraph\">El presidente del bloque de concejales del Frente de Todos en Trenque Lauquen, Mart\u00edn Sotullo Lanz, manifest\u00f3 que \u00abestamos muy felices de que nos represente Walter Torchio encabezando la lista de senadores provinciales por la Cuarta Secci\u00f3n Electoral\u00bb. <\/p>\n\n\n\n<div class=\"wp-block-image is-style-default\"><figure class=\"aligncenter size-large\"><img loading=\"lazy\" decoding=\"async\" width=\"472\" height=\"282\" src=\"http:\/\/infoecos.com.ar\/wp-content\/uploads\/2021\/08\/torchio.jpg\" alt=\"\" class=\"wp-image-82458\" srcset=\"https:\/\/infoecos.com.ar\/wp-content\/uploads\/2021\/08\/torchio.jpg 472w, https:\/\/infoecos.com.ar\/wp-content\/uploads\/2021\/08\/torchio-460x275.jpg 460w\" sizes=\"auto, (max-width: 472px) 100vw, 472px\" \/><\/figure><\/div>\n\n\n\n<p class=\"wp-block-paragraph\">El legislador municipal detalla la trayectoria personal y pol\u00edtica del actual mandatario comunal de Carlos Casares, agregando \u00abEscribano de profesi\u00f3n, naci\u00f3 en Carlos Casares, Buenos Aires, el 6 de julio de 1962. Intendente de su ciudad, respetuoso, cordial. En las elecciones generales de 2015 logr\u00f3 imponerse con un 63,71 por ciento de los sufragios y en el 2019 se present\u00f3 a una nueva elecci\u00f3n en representaci\u00f3n del Frente de Todos y obtuvo el 61,37% de los votos\u00bb.<\/p>\n","protected":false},"excerpt":{"rendered":"<p>El legislador municipal detalla la trayectoria personal y pol\u00edtica del actual mandatario comunal de Carlos Casares<\/p>\n","protected":false},"author":2,"featured_media":82459,"comment_status":"closed","ping_status":"open","sticky":false,"template":"","format":"standard","meta":{"footnotes":""},"categories":[44],"tags":[4483],"class_list":["post-82457","post","type-post","status-publish","format-standard","has-post-thumbnail","hentry","category-inferior5","tag-preside-en-t-lauquen-el-bloque-del-fdt"],"featured_image_urls":{"full":["https:\/\/infoecos.com.ar\/wp-content\/uploads\/2021\/08\/SOTULLOLANZ.jpg",472,442,false],"thumbnail":["https:\/\/infoecos.com.ar\/wp-content\/uploads\/2021\/08\/SOTULLOLANZ-150x150.jpg",150,150,true],"medium":["https:\/\/infoecos.com.ar\/wp-content\/uploads\/2021\/08\/SOTULLOLANZ-460x431.jpg",460,431,true],"medium_large":["https:\/\/infoecos.com.ar\/wp-content\/uploads\/2021\/08\/SOTULLOLANZ.jpg",472,442,false],"large":["https:\/\/infoecos.com.ar\/wp-content\/uploads\/2021\/08\/SOTULLOLANZ.jpg",472,442,false],"1536x1536":["https:\/\/infoecos.com.ar\/wp-content\/uploads\/2021\/08\/SOTULLOLANZ.jpg",472,442,false],"2048x2048":["https:\/\/infoecos.com.ar\/wp-content\/uploads\/2021\/08\/SOTULLOLANZ.jpg",472,442,false],"covernews-slider-full":["https:\/\/infoecos.com.ar\/wp-content\/uploads\/2021\/08\/SOTULLOLANZ.jpg",472,442,false],"covernews-slider-center":["https:\/\/infoecos.com.ar\/wp-content\/uploads\/2021\/08\/SOTULLOLANZ.jpg",472,442,false],"covernews-featured":["https:\/\/infoecos.com.ar\/wp-content\/uploads\/2021\/08\/SOTULLOLANZ.jpg",472,442,false],"covernews-medium":["https:\/\/infoecos.com.ar\/wp-content\/uploads\/2021\/08\/SOTULLOLANZ-472x380.jpg",422,340,true],"covernews-medium-square":["https:\/\/infoecos.com.ar\/wp-content\/uploads\/2021\/08\/SOTULLOLANZ.jpg",267,250,false]},"author_info":{"info":["Jorge Matheus"]},"category_info":"<a href=\"https:\/\/infoecos.com.ar\/index.php\/category\/inferior5\/\" rel=\"category tag\">Bloque inferior - 5<\/a>","tag_info":"Bloque inferior - 5","comment_count":"0","_links":{"self":[{"href":"https:\/\/infoecos.com.ar\/index.php\/wp-json\/wp\/v2\/posts\/82457","targetHints":{"allow":["GET"]}}],"collection":[{"href":"https:\/\/infoecos.com.ar\/index.php\/wp-json\/wp\/v2\/posts"}],"about":[{"href":"https:\/\/infoecos.com.ar\/index.php\/wp-json\/wp\/v2\/types\/post"}],"author":[{"embeddable":true,"href":"https:\/\/infoecos.com.ar\/index.php\/wp-json\/wp\/v2\/users\/2"}],"replies":[{"embeddable":true,"href":"https:\/\/infoecos.com.ar\/index.php\/wp-json\/wp\/v2\/comments?post=82457"}],"version-history":[{"count":1,"href":"https:\/\/infoecos.com.ar\/index.php\/wp-json\/wp\/v2\/posts\/82457\/revisions"}],"predecessor-version":[{"id":82460,"href":"https:\/\/infoecos.com.ar\/index.php\/wp-json\/wp\/v2\/posts\/82457\/revisions\/82460"}],"wp:featuredmedia":[{"embeddable":true,"href":"https:\/\/infoecos.com.ar\/index.php\/wp-json\/wp\/v2\/media\/82459"}],"wp:attachment":[{"href":"https:\/\/infoecos.com.ar\/index.php\/wp-json\/wp\/v2\/media?parent=82457"}],"wp:term":[{"taxonomy":"category","embeddable":true,"href":"https:\/\/infoecos.com.ar\/index.php\/wp-json\/wp\/v2\/categories?post=82457"},{"taxonomy":"post_tag","embeddable":true,"href":"https:\/\/infoecos.com.ar\/index.php\/wp-json\/wp\/v2\/tags?post=82457"}],"curies":[{"name":"wp","href":"https:\/\/api.w.org\/{rel}","templated":true}]}}