{"id":82461,"date":"2021-08-01T04:56:33","date_gmt":"2021-08-01T07:56:33","guid":{"rendered":"http:\/\/infoecos.com.ar\/?p=82461"},"modified":"2021-08-03T04:16:49","modified_gmt":"2021-08-03T07:16:49","slug":"en-sesion-que-se-prolongo-por-poco-mas-de-una-hora-el-concejo-deliberante-aprobo-todas-las-iniciativas-por-unanimidad","status":"publish","type":"post","link":"https:\/\/infoecos.com.ar\/index.php\/en-sesion-que-se-prolongo-por-poco-mas-de-una-hora-el-concejo-deliberante-aprobo-todas-las-iniciativas-por-unanimidad\/","title":{"rendered":"En sesi\u00f3n que se prolong\u00f3 por poco m\u00e1s de una hora, el Concejo Deliberante aprob\u00f3 todas las iniciativas por unanimidad"},"content":{"rendered":"\n<p class=\"wp-block-paragraph\">En el marco de la 9na. Sesi\u00f3n Ordinaria, el Concejo Deliberante convalid\u00f3 el viernes por unanimidad tres convenios que ser\u00e1n rubricados entre el Municipio y el Ministerio de Infraestructura y Servicios P\u00fablicos de la Provincia, por un monto total de $ 94.229.250, para la financiaci\u00f3n de las siguientes tres obras p\u00fablicas: la puesta en valor del espacio p\u00fablico urbano de nuestra ciudad ($ 12.000.000), la ejecuci\u00f3n de una Unidad de Terapia Intensiva, Unidad Coronaria y Apoyos ($ 50.103.000), y finalmente la construcci\u00f3n del nuevo edificio del Peque\u00f1o Hogar ($ 32.126.250).<\/p>\n\n\n\n<div class=\"wp-block-image is-style-default\"><figure class=\"aligncenter size-medium\"><img loading=\"lazy\" decoding=\"async\" width=\"460\" height=\"345\" src=\"http:\/\/infoecos.com.ar\/wp-content\/uploads\/2021\/08\/concejodeliberanteviernes-460x345.jpg\" alt=\"\" class=\"wp-image-82462\" srcset=\"https:\/\/infoecos.com.ar\/wp-content\/uploads\/2021\/08\/concejodeliberanteviernes-460x345.jpg 460w, https:\/\/infoecos.com.ar\/wp-content\/uploads\/2021\/08\/concejodeliberanteviernes-920x690.jpg 920w, https:\/\/infoecos.com.ar\/wp-content\/uploads\/2021\/08\/concejodeliberanteviernes-768x576.jpg 768w, https:\/\/infoecos.com.ar\/wp-content\/uploads\/2021\/08\/concejodeliberanteviernes-1024x768.jpg 1024w, https:\/\/infoecos.com.ar\/wp-content\/uploads\/2021\/08\/concejodeliberanteviernes.jpg 1030w\" sizes=\"auto, (max-width: 460px) 100vw, 460px\" \/><\/figure><\/div>\n\n\n\n<p class=\"wp-block-paragraph\">La sesi\u00f3n, que se prolong\u00f3 por poco m\u00e1s de una hora y que culmin\u00f3 con la aprobaci\u00f3n un\u00e1nime de todas las iniciativas puestas a votaci\u00f3n en el recinto, fue presidida por la concejal M\u00f3nica Est\u00e9vez (Vicepresidente 1\u00ba del HCD) en reemplazo del titular del Cuerpo, Alberto Rodr\u00edguez Mera, por encontrarse de licencia.<\/p>\n\n\n\n<p class=\"wp-block-paragraph\">Adem\u00e1s de los convenios, los concejales dieron el visto bueno a la propuesta del Departamento Ejecutivo para dejar sin efecto, por un trimestre m\u00e1s, la actualizaci\u00f3n en los valores de las tasas prevista en el Art\u00edculo 2 de la ordenanza impositiva n\u00b0 5042 de 2020.<\/p>\n\n\n\n<div class=\"wp-block-image is-style-default\"><figure class=\"aligncenter size-medium\"><img loading=\"lazy\" decoding=\"async\" width=\"460\" height=\"345\" src=\"http:\/\/infoecos.com.ar\/wp-content\/uploads\/2021\/08\/monicaestevez-460x345.jpg\" alt=\"\" class=\"wp-image-82463\" srcset=\"https:\/\/infoecos.com.ar\/wp-content\/uploads\/2021\/08\/monicaestevez-460x345.jpg 460w, https:\/\/infoecos.com.ar\/wp-content\/uploads\/2021\/08\/monicaestevez-920x690.jpg 920w, https:\/\/infoecos.com.ar\/wp-content\/uploads\/2021\/08\/monicaestevez-768x576.jpg 768w, https:\/\/infoecos.com.ar\/wp-content\/uploads\/2021\/08\/monicaestevez-1024x768.jpg 1024w, https:\/\/infoecos.com.ar\/wp-content\/uploads\/2021\/08\/monicaestevez.jpg 1350w\" sizes=\"auto, (max-width: 460px) 100vw, 460px\" \/><figcaption>Por licencia de Rodr\u00edguez Mera, la sesi\u00f3n fue presidida por M\u00f3nica Est\u00e9vez<\/figcaption><\/figure><\/div>\n\n\n\n<p class=\"wp-block-paragraph\">Tambi\u00e9n fueron convalidadas la obra de extensi\u00f3n de la Red de Gas Natural en los inmuebles ubicados entre las calles Batall\u00f3n II de Infanter\u00eda, Balb\u00edn, Inocencia Su\u00e1rez y Di Ger\u00f3nimo; las modificaciones a los Art\u00edculo 21\u00b0 (Multa \u2013 Establece el valor del \u201cm\u00f3dulo\u201d) y 127\u00b0 (Establece la pena para la violaci\u00f3n de los l\u00edmites de fumigaci\u00f3n) del C\u00f3digo Contravencional; una donaci\u00f3n efectuada por la Empresa de Turismo Toulouse, consistente en una silla de ruedas, con destino al Hospital Municipal; y una Resoluci\u00f3n para manifestar benepl\u00e1cito por el llamado a licitaci\u00f3n para finalizar la Ruta del Cereal, tramo Salazar-Garr\u00e9, anunciada por el Gobernador Bonaerense.<\/p>\n\n\n\n<p class=\"wp-block-paragraph\">Los concejales tambi\u00e9n aprobaron tres pedidos para el Ejecutivo Municipal: la no renovaci\u00f3n de la concesi\u00f3n de uso autorizada por Ordenanza n\u00b0 252 de 1991 y licitaci\u00f3n p\u00fablica n\u00b0 06 de 1991, del terreno destinado a Playa de Estacionamiento para veh\u00edculos pesados a la firma San Mart\u00edn Comercial S.A; una solicitud \u2013tambi\u00e9n dirigida a Vialidad Nacional- para la ejecuci\u00f3n de calles colectoras, rotondas e instalaci\u00f3n de sem\u00e1foros y se\u00f1alizaci\u00f3n vertical y horizontal, en la Ruta Nacional n\u00b0 5, desde el Km 442, hasta su intersecci\u00f3n con la rotonda de las Rutas Nacionales 5 y 33; y un pedido para que la Comuna considere implementar el Programa \u201cTu lote, tu casa\u201d en Beruti.<\/p>\n\n\n\n<div class=\"wp-block-image is-style-default\"><figure class=\"aligncenter size-medium\"><img loading=\"lazy\" decoding=\"async\" width=\"460\" height=\"345\" src=\"http:\/\/infoecos.com.ar\/wp-content\/uploads\/2021\/08\/recoulat-1-460x345.jpg\" alt=\"\" class=\"wp-image-82465\" srcset=\"https:\/\/infoecos.com.ar\/wp-content\/uploads\/2021\/08\/recoulat-1-460x345.jpg 460w, https:\/\/infoecos.com.ar\/wp-content\/uploads\/2021\/08\/recoulat-1-920x690.jpg 920w, https:\/\/infoecos.com.ar\/wp-content\/uploads\/2021\/08\/recoulat-1-768x576.jpg 768w, https:\/\/infoecos.com.ar\/wp-content\/uploads\/2021\/08\/recoulat-1-1024x768.jpg 1024w, https:\/\/infoecos.com.ar\/wp-content\/uploads\/2021\/08\/recoulat-1.jpg 1350w\" sizes=\"auto, (max-width: 460px) 100vw, 460px\" \/><\/figure><\/div>\n\n\n\n<p class=\"wp-block-paragraph\">Finalmente, es para destacar la aprobaci\u00f3n de una Comunicaci\u00f3n dirigida al Poder Ejecutivo Provincial y a Vialidad Provincial, solicitando la reparaci\u00f3n del Acceso a la localidad de Beruti y al Departamento Ejecutivo, para que realice las gestiones necesarias para ello. Asimismo se solicitar\u00e1 al Ejecutivo Municipal que proyecte la reforestaci\u00f3n del mencionado Acceso.<\/p>\n\n\n\n<p class=\"wp-block-paragraph\"><strong>Fuente textual: \u00e1rea de prensa del Concejo Deliberante<\/strong><\/p>\n","protected":false},"excerpt":{"rendered":"<p>Los concejales dieron el visto bueno a la propuesta del Departamento Ejecutivo para dejar sin efecto, por un trimestre m\u00e1s, la actualizaci\u00f3n en los valores de las tasas prevista en el Art\u00edculo 2 de la ordenanza impositiva<\/p>\n","protected":false},"author":2,"featured_media":82466,"comment_status":"closed","ping_status":"open","sticky":false,"template":"","format":"standard","meta":{"footnotes":""},"categories":[43],"tags":[4484],"class_list":["post-82461","post","type-post","status-publish","format-standard","has-post-thumbnail","hentry","category-inferior4","tag-sesiono-el-concejo-deliberante-de-t-lauquen"],"featured_image_urls":{"full":["https:\/\/infoecos.com.ar\/wp-content\/uploads\/2021\/08\/concejodeliberante1.jpg",1350,1012,false],"thumbnail":["https:\/\/infoecos.com.ar\/wp-content\/uploads\/2021\/08\/concejodeliberante1-150x150.jpg",150,150,true],"medium":["https:\/\/infoecos.com.ar\/wp-content\/uploads\/2021\/08\/concejodeliberante1-460x345.jpg",460,345,true],"medium_large":["https:\/\/infoecos.com.ar\/wp-content\/uploads\/2021\/08\/concejodeliberante1-768x576.jpg",640,480,true],"large":["https:\/\/infoecos.com.ar\/wp-content\/uploads\/2021\/08\/concejodeliberante1-920x690.jpg",640,480,true],"1536x1536":["https:\/\/infoecos.com.ar\/wp-content\/uploads\/2021\/08\/concejodeliberante1.jpg",1350,1012,false],"2048x2048":["https:\/\/infoecos.com.ar\/wp-content\/uploads\/2021\/08\/concejodeliberante1.jpg",1350,1012,false],"covernews-slider-full":["https:\/\/infoecos.com.ar\/wp-content\/uploads\/2021\/08\/concejodeliberante1.jpg",954,715,false],"covernews-slider-center":["https:\/\/infoecos.com.ar\/wp-content\/uploads\/2021\/08\/concejodeliberante1-936x897.jpg",522,500,true],"covernews-featured":["https:\/\/infoecos.com.ar\/wp-content\/uploads\/2021\/08\/concejodeliberante1-1024x768.jpg",1024,768,true],"covernews-medium":["https:\/\/infoecos.com.ar\/wp-content\/uploads\/2021\/08\/concejodeliberante1-720x380.jpg",540,285,true],"covernews-medium-square":["https:\/\/infoecos.com.ar\/wp-content\/uploads\/2021\/08\/concejodeliberante1-675x450.jpg",375,250,true]},"author_info":{"info":["Jorge Matheus"]},"category_info":"<a href=\"https:\/\/infoecos.com.ar\/index.php\/category\/inferior4\/\" rel=\"category tag\">Bloque inferior - 4<\/a>","tag_info":"Bloque inferior - 4","comment_count":"0","_links":{"self":[{"href":"https:\/\/infoecos.com.ar\/index.php\/wp-json\/wp\/v2\/posts\/82461","targetHints":{"allow":["GET"]}}],"collection":[{"href":"https:\/\/infoecos.com.ar\/index.php\/wp-json\/wp\/v2\/posts"}],"about":[{"href":"https:\/\/infoecos.com.ar\/index.php\/wp-json\/wp\/v2\/types\/post"}],"author":[{"embeddable":true,"href":"https:\/\/infoecos.com.ar\/index.php\/wp-json\/wp\/v2\/users\/2"}],"replies":[{"embeddable":true,"href":"https:\/\/infoecos.com.ar\/index.php\/wp-json\/wp\/v2\/comments?post=82461"}],"version-history":[{"count":1,"href":"https:\/\/infoecos.com.ar\/index.php\/wp-json\/wp\/v2\/posts\/82461\/revisions"}],"predecessor-version":[{"id":82467,"href":"https:\/\/infoecos.com.ar\/index.php\/wp-json\/wp\/v2\/posts\/82461\/revisions\/82467"}],"wp:featuredmedia":[{"embeddable":true,"href":"https:\/\/infoecos.com.ar\/index.php\/wp-json\/wp\/v2\/media\/82466"}],"wp:attachment":[{"href":"https:\/\/infoecos.com.ar\/index.php\/wp-json\/wp\/v2\/media?parent=82461"}],"wp:term":[{"taxonomy":"category","embeddable":true,"href":"https:\/\/infoecos.com.ar\/index.php\/wp-json\/wp\/v2\/categories?post=82461"},{"taxonomy":"post_tag","embeddable":true,"href":"https:\/\/infoecos.com.ar\/index.php\/wp-json\/wp\/v2\/tags?post=82461"}],"curies":[{"name":"wp","href":"https:\/\/api.w.org\/{rel}","templated":true}]}}