{"id":82532,"date":"2021-08-02T19:31:08","date_gmt":"2021-08-02T22:31:08","guid":{"rendered":"http:\/\/infoecos.com.ar\/?p=82532"},"modified":"2021-08-02T19:31:09","modified_gmt":"2021-08-02T22:31:09","slug":"llegaron-1040-dosis-de-vacunas-contra-el-covid-19-a-salliquelo","status":"publish","type":"post","link":"https:\/\/infoecos.com.ar\/index.php\/llegaron-1040-dosis-de-vacunas-contra-el-covid-19-a-salliquelo\/","title":{"rendered":"Llegaron 1040 dosis de vacunas contra el COVID-19 a Salliquel\u00f3"},"content":{"rendered":"\n<p>Con la presencia del Secretario de Gobierno y Hacienda, Lic. Adri\u00e1n Alb\u00edn, y del personal de la Posta de Vacunaci\u00f3n de Salliquel\u00f3, se recibieron 1040 dosis de vacunas contra el COVID-19: 900 de AstraZeneca y 140 de Moderna.<\/p>\n\n\n\n<div class=\"wp-block-image is-style-default\"><figure class=\"aligncenter size-medium\"><img loading=\"lazy\" decoding=\"async\" width=\"460\" height=\"307\" src=\"http:\/\/infoecos.com.ar\/wp-content\/uploads\/2021\/08\/salliquelovacunas-460x307.jpg\" alt=\"\" class=\"wp-image-82533\" srcset=\"https:\/\/infoecos.com.ar\/wp-content\/uploads\/2021\/08\/salliquelovacunas-460x307.jpg 460w, https:\/\/infoecos.com.ar\/wp-content\/uploads\/2021\/08\/salliquelovacunas-768x512.jpg 768w, https:\/\/infoecos.com.ar\/wp-content\/uploads\/2021\/08\/salliquelovacunas-675x450.jpg 675w, https:\/\/infoecos.com.ar\/wp-content\/uploads\/2021\/08\/salliquelovacunas.jpg 810w\" sizes=\"(max-width: 460px) 100vw, 460px\" \/><\/figure><\/div>\n\n\n\n<p>Las dosis enviadas por el Ministerio de Salud bonaerense y transportadas por Correo Argentino junto con Polic\u00eda Distrital, permitir\u00e1n dar continuidad al Plan de Vacunaci\u00f3n Masiva contra COVID-19, completando o iniciando el esquema de vacunaci\u00f3n de los salliquelenses y quenumenses.<\/p>\n\n\n\n<p>La campa\u00f1a de vacunaci\u00f3n, que se sostiene desde inicios de este a\u00f1o, ha permitido alcanzar con la primera dosis a toda la poblaci\u00f3n inscripta, y generar jornadas de vacunaci\u00f3n libre para diferentes grupos, garantizando una inmunizaci\u00f3n masiva.<\/p>\n\n\n\n<p>Desde la Direcci\u00f3n de Salud del municipio se ha solicitado a los vecinos que est\u00e9n atentos a los medios de contacto que registraron al momento de inscribirse, ya que por los mismos se notificar\u00e1n los turnos asignados.<\/p>\n","protected":false},"excerpt":{"rendered":"<p>La campa\u00f1a de vacunaci\u00f3n en ese distrito, que se sostiene desde inicios de este a\u00f1o, ha permitido alcanzar con la primera dosis a toda la poblaci\u00f3n inscripta<\/p>\n","protected":false},"author":2,"featured_media":82533,"comment_status":"closed","ping_status":"open","sticky":false,"template":"","format":"standard","meta":{"footnotes":""},"categories":[29],"tags":[4500],"class_list":["post-82532","post","type-post","status-publish","format-standard","has-post-thumbnail","hentry","category-c2nota1","tag-de-astrazeneca-y-moderna"],"yoast_head":"<!-- This site is optimized with the Yoast SEO plugin v23.4 - https:\/\/yoast.com\/wordpress\/plugins\/seo\/ -->\n<title>Llegaron 1040 dosis de vacunas contra el COVID-19 a Salliquel\u00f3 - Infoecos<\/title>\n<meta name=\"robots\" content=\"index, follow, max-snippet:-1, max-image-preview:large, max-video-preview:-1\" \/>\n<link rel=\"canonical\" href=\"https:\/\/infoecos.com.ar\/index.php\/llegaron-1040-dosis-de-vacunas-contra-el-covid-19-a-salliquelo\/\" \/>\n<meta property=\"og:locale\" content=\"es_ES\" \/>\n<meta property=\"og:type\" content=\"article\" \/>\n<meta property=\"og:title\" content=\"Llegaron 1040 dosis de vacunas contra el COVID-19 a Salliquel\u00f3 - Infoecos\" \/>\n<meta property=\"og:description\" content=\"La campa\u00f1a de vacunaci\u00f3n en ese distrito, que se sostiene desde inicios de este a\u00f1o, ha permitido alcanzar con la primera dosis a toda la poblaci\u00f3n inscripta\" \/>\n<meta property=\"og:url\" content=\"https:\/\/infoecos.com.ar\/index.php\/llegaron-1040-dosis-de-vacunas-contra-el-covid-19-a-salliquelo\/\" \/>\n<meta property=\"og:site_name\" content=\"Infoecos\" \/>\n<meta property=\"article:publisher\" content=\"https:\/\/www.facebook.com\/profile.php?id=100063200290284\" \/>\n<meta property=\"article:published_time\" content=\"2021-08-02T22:31:08+00:00\" \/>\n<meta property=\"article:modified_time\" content=\"2021-08-02T22:31:09+00:00\" \/>\n<meta property=\"og:image\" content=\"https:\/\/infoecos.com.ar\/wp-content\/uploads\/2021\/08\/salliquelovacunas.jpg\" \/>\n\t<meta property=\"og:image:width\" content=\"810\" \/>\n\t<meta property=\"og:image:height\" content=\"540\" \/>\n\t<meta property=\"og:image:type\" content=\"image\/jpeg\" \/>\n<meta name=\"author\" content=\"Jorge Matheus\" \/>\n<meta name=\"twitter:card\" content=\"summary_large_image\" \/>\n<meta name=\"twitter:creator\" content=\"@infoecos\" \/>\n<meta name=\"twitter:site\" content=\"@infoecos\" \/>\n<meta name=\"twitter:label1\" content=\"Escrito por\" \/>\n\t<meta name=\"twitter:data1\" content=\"Jorge Matheus\" \/>\n\t<meta name=\"twitter:label2\" content=\"Tiempo de lectura\" \/>\n\t<meta name=\"twitter:data2\" content=\"1 minuto\" \/>\n<script type=\"application\/ld+json\" class=\"yoast-schema-graph\">{\"@context\":\"https:\/\/schema.org\",\"@graph\":[{\"@type\":\"Article\",\"@id\":\"https:\/\/infoecos.com.ar\/index.php\/llegaron-1040-dosis-de-vacunas-contra-el-covid-19-a-salliquelo\/#article\",\"isPartOf\":{\"@id\":\"https:\/\/infoecos.com.ar\/index.php\/llegaron-1040-dosis-de-vacunas-contra-el-covid-19-a-salliquelo\/\"},\"author\":{\"name\":\"Jorge Matheus\",\"@id\":\"https:\/\/infoecos.com.ar\/#\/schema\/person\/8f5ace5ce73b4b4aac4b7245aee6f191\"},\"headline\":\"Llegaron 1040 dosis de vacunas contra el COVID-19 a Salliquel\u00f3\",\"datePublished\":\"2021-08-02T22:31:08+00:00\",\"dateModified\":\"2021-08-02T22:31:09+00:00\",\"mainEntityOfPage\":{\"@id\":\"https:\/\/infoecos.com.ar\/index.php\/llegaron-1040-dosis-de-vacunas-contra-el-covid-19-a-salliquelo\/\"},\"wordCount\":174,\"publisher\":{\"@id\":\"https:\/\/infoecos.com.ar\/#organization\"},\"image\":{\"@id\":\"https:\/\/infoecos.com.ar\/index.php\/llegaron-1040-dosis-de-vacunas-contra-el-covid-19-a-salliquelo\/#primaryimage\"},\"thumbnailUrl\":\"https:\/\/infoecos.com.ar\/wp-content\/uploads\/2021\/08\/salliquelovacunas.jpg\",\"keywords\":[\"DE ASTRAZENECA Y MODERNA\"],\"articleSection\":[\"C2 nota 1\"],\"inLanguage\":\"es\"},{\"@type\":\"WebPage\",\"@id\":\"https:\/\/infoecos.com.ar\/index.php\/llegaron-1040-dosis-de-vacunas-contra-el-covid-19-a-salliquelo\/\",\"url\":\"https:\/\/infoecos.com.ar\/index.php\/llegaron-1040-dosis-de-vacunas-contra-el-covid-19-a-salliquelo\/\",\"name\":\"Llegaron 1040 dosis de vacunas contra el COVID-19 a Salliquel\u00f3 - Infoecos\",\"isPartOf\":{\"@id\":\"https:\/\/infoecos.com.ar\/#website\"},\"primaryImageOfPage\":{\"@id\":\"https:\/\/infoecos.com.ar\/index.php\/llegaron-1040-dosis-de-vacunas-contra-el-covid-19-a-salliquelo\/#primaryimage\"},\"image\":{\"@id\":\"https:\/\/infoecos.com.ar\/index.php\/llegaron-1040-dosis-de-vacunas-contra-el-covid-19-a-salliquelo\/#primaryimage\"},\"thumbnailUrl\":\"https:\/\/infoecos.com.ar\/wp-content\/uploads\/2021\/08\/salliquelovacunas.jpg\",\"datePublished\":\"2021-08-02T22:31:08+00:00\",\"dateModified\":\"2021-08-02T22:31:09+00:00\",\"breadcrumb\":{\"@id\":\"https:\/\/infoecos.com.ar\/index.php\/llegaron-1040-dosis-de-vacunas-contra-el-covid-19-a-salliquelo\/#breadcrumb\"},\"inLanguage\":\"es\",\"potentialAction\":[{\"@type\":\"ReadAction\",\"target\":[\"https:\/\/infoecos.com.ar\/index.php\/llegaron-1040-dosis-de-vacunas-contra-el-covid-19-a-salliquelo\/\"]}]},{\"@type\":\"ImageObject\",\"inLanguage\":\"es\",\"@id\":\"https:\/\/infoecos.com.ar\/index.php\/llegaron-1040-dosis-de-vacunas-contra-el-covid-19-a-salliquelo\/#primaryimage\",\"url\":\"https:\/\/infoecos.com.ar\/wp-content\/uploads\/2021\/08\/salliquelovacunas.jpg\",\"contentUrl\":\"https:\/\/infoecos.com.ar\/wp-content\/uploads\/2021\/08\/salliquelovacunas.jpg\",\"width\":810,\"height\":540},{\"@type\":\"BreadcrumbList\",\"@id\":\"https:\/\/infoecos.com.ar\/index.php\/llegaron-1040-dosis-de-vacunas-contra-el-covid-19-a-salliquelo\/#breadcrumb\",\"itemListElement\":[{\"@type\":\"ListItem\",\"position\":1,\"name\":\"Portada\",\"item\":\"https:\/\/infoecos.com.ar\/\"},{\"@type\":\"ListItem\",\"position\":2,\"name\":\"Llegaron 1040 dosis de vacunas contra el COVID-19 a Salliquel\u00f3\"}]},{\"@type\":\"WebSite\",\"@id\":\"https:\/\/infoecos.com.ar\/#website\",\"url\":\"https:\/\/infoecos.com.ar\/\",\"name\":\"Infoecos\",\"description\":\"Noticias de trenque lauquen y la zona\",\"publisher\":{\"@id\":\"https:\/\/infoecos.com.ar\/#organization\"},\"alternateName\":\"Noticias\",\"potentialAction\":[{\"@type\":\"SearchAction\",\"target\":{\"@type\":\"EntryPoint\",\"urlTemplate\":\"https:\/\/infoecos.com.ar\/?s={search_term_string}\"},\"query-input\":{\"@type\":\"PropertyValueSpecification\",\"valueRequired\":true,\"valueName\":\"search_term_string\"}}],\"inLanguage\":\"es\"},{\"@type\":\"Organization\",\"@id\":\"https:\/\/infoecos.com.ar\/#organization\",\"name\":\"Infoecos\",\"alternateName\":\"Noticias\",\"url\":\"https:\/\/infoecos.com.ar\/\",\"logo\":{\"@type\":\"ImageObject\",\"inLanguage\":\"es\",\"@id\":\"https:\/\/infoecos.com.ar\/#\/schema\/logo\/image\/\",\"url\":\"https:\/\/infoecos.com.ar\/wp-content\/uploads\/2024\/03\/cropped-logo.png\",\"contentUrl\":\"https:\/\/infoecos.com.ar\/wp-content\/uploads\/2024\/03\/cropped-logo.png\",\"width\":374,\"height\":90,\"caption\":\"Infoecos\"},\"image\":{\"@id\":\"https:\/\/infoecos.com.ar\/#\/schema\/logo\/image\/\"},\"sameAs\":[\"https:\/\/www.facebook.com\/profile.php?id=100063200290284\",\"https:\/\/x.com\/infoecos\"]},{\"@type\":\"Person\",\"@id\":\"https:\/\/infoecos.com.ar\/#\/schema\/person\/8f5ace5ce73b4b4aac4b7245aee6f191\",\"name\":\"Jorge Matheus\",\"url\":\"https:\/\/infoecos.com.ar\/index.php\/author\/jomatheus\/\"}]}<\/script>\n<!-- \/ Yoast SEO plugin. -->","yoast_head_json":{"title":"Llegaron 1040 dosis de vacunas contra el COVID-19 a Salliquel\u00f3 - Infoecos","robots":{"index":"index","follow":"follow","max-snippet":"max-snippet:-1","max-image-preview":"max-image-preview:large","max-video-preview":"max-video-preview:-1"},"canonical":"https:\/\/infoecos.com.ar\/index.php\/llegaron-1040-dosis-de-vacunas-contra-el-covid-19-a-salliquelo\/","og_locale":"es_ES","og_type":"article","og_title":"Llegaron 1040 dosis de vacunas contra el COVID-19 a Salliquel\u00f3 - Infoecos","og_description":"La campa\u00f1a de vacunaci\u00f3n en ese distrito, que se sostiene desde inicios de este a\u00f1o, ha permitido alcanzar con la primera dosis a toda la poblaci\u00f3n inscripta","og_url":"https:\/\/infoecos.com.ar\/index.php\/llegaron-1040-dosis-de-vacunas-contra-el-covid-19-a-salliquelo\/","og_site_name":"Infoecos","article_publisher":"https:\/\/www.facebook.com\/profile.php?id=100063200290284","article_published_time":"2021-08-02T22:31:08+00:00","article_modified_time":"2021-08-02T22:31:09+00:00","og_image":[{"width":810,"height":540,"url":"https:\/\/infoecos.com.ar\/wp-content\/uploads\/2021\/08\/salliquelovacunas.jpg","type":"image\/jpeg"}],"author":"Jorge Matheus","twitter_card":"summary_large_image","twitter_creator":"@infoecos","twitter_site":"@infoecos","twitter_misc":{"Escrito por":"Jorge Matheus","Tiempo de lectura":"1 minuto"},"schema":{"@context":"https:\/\/schema.org","@graph":[{"@type":"Article","@id":"https:\/\/infoecos.com.ar\/index.php\/llegaron-1040-dosis-de-vacunas-contra-el-covid-19-a-salliquelo\/#article","isPartOf":{"@id":"https:\/\/infoecos.com.ar\/index.php\/llegaron-1040-dosis-de-vacunas-contra-el-covid-19-a-salliquelo\/"},"author":{"name":"Jorge Matheus","@id":"https:\/\/infoecos.com.ar\/#\/schema\/person\/8f5ace5ce73b4b4aac4b7245aee6f191"},"headline":"Llegaron 1040 dosis de vacunas contra el COVID-19 a Salliquel\u00f3","datePublished":"2021-08-02T22:31:08+00:00","dateModified":"2021-08-02T22:31:09+00:00","mainEntityOfPage":{"@id":"https:\/\/infoecos.com.ar\/index.php\/llegaron-1040-dosis-de-vacunas-contra-el-covid-19-a-salliquelo\/"},"wordCount":174,"publisher":{"@id":"https:\/\/infoecos.com.ar\/#organization"},"image":{"@id":"https:\/\/infoecos.com.ar\/index.php\/llegaron-1040-dosis-de-vacunas-contra-el-covid-19-a-salliquelo\/#primaryimage"},"thumbnailUrl":"https:\/\/infoecos.com.ar\/wp-content\/uploads\/2021\/08\/salliquelovacunas.jpg","keywords":["DE ASTRAZENECA Y MODERNA"],"articleSection":["C2 nota 1"],"inLanguage":"es"},{"@type":"WebPage","@id":"https:\/\/infoecos.com.ar\/index.php\/llegaron-1040-dosis-de-vacunas-contra-el-covid-19-a-salliquelo\/","url":"https:\/\/infoecos.com.ar\/index.php\/llegaron-1040-dosis-de-vacunas-contra-el-covid-19-a-salliquelo\/","name":"Llegaron 1040 dosis de vacunas contra el COVID-19 a Salliquel\u00f3 - Infoecos","isPartOf":{"@id":"https:\/\/infoecos.com.ar\/#website"},"primaryImageOfPage":{"@id":"https:\/\/infoecos.com.ar\/index.php\/llegaron-1040-dosis-de-vacunas-contra-el-covid-19-a-salliquelo\/#primaryimage"},"image":{"@id":"https:\/\/infoecos.com.ar\/index.php\/llegaron-1040-dosis-de-vacunas-contra-el-covid-19-a-salliquelo\/#primaryimage"},"thumbnailUrl":"https:\/\/infoecos.com.ar\/wp-content\/uploads\/2021\/08\/salliquelovacunas.jpg","datePublished":"2021-08-02T22:31:08+00:00","dateModified":"2021-08-02T22:31:09+00:00","breadcrumb":{"@id":"https:\/\/infoecos.com.ar\/index.php\/llegaron-1040-dosis-de-vacunas-contra-el-covid-19-a-salliquelo\/#breadcrumb"},"inLanguage":"es","potentialAction":[{"@type":"ReadAction","target":["https:\/\/infoecos.com.ar\/index.php\/llegaron-1040-dosis-de-vacunas-contra-el-covid-19-a-salliquelo\/"]}]},{"@type":"ImageObject","inLanguage":"es","@id":"https:\/\/infoecos.com.ar\/index.php\/llegaron-1040-dosis-de-vacunas-contra-el-covid-19-a-salliquelo\/#primaryimage","url":"https:\/\/infoecos.com.ar\/wp-content\/uploads\/2021\/08\/salliquelovacunas.jpg","contentUrl":"https:\/\/infoecos.com.ar\/wp-content\/uploads\/2021\/08\/salliquelovacunas.jpg","width":810,"height":540},{"@type":"BreadcrumbList","@id":"https:\/\/infoecos.com.ar\/index.php\/llegaron-1040-dosis-de-vacunas-contra-el-covid-19-a-salliquelo\/#breadcrumb","itemListElement":[{"@type":"ListItem","position":1,"name":"Portada","item":"https:\/\/infoecos.com.ar\/"},{"@type":"ListItem","position":2,"name":"Llegaron 1040 dosis de vacunas contra el COVID-19 a Salliquel\u00f3"}]},{"@type":"WebSite","@id":"https:\/\/infoecos.com.ar\/#website","url":"https:\/\/infoecos.com.ar\/","name":"Infoecos","description":"Noticias de trenque lauquen y la zona","publisher":{"@id":"https:\/\/infoecos.com.ar\/#organization"},"alternateName":"Noticias","potentialAction":[{"@type":"SearchAction","target":{"@type":"EntryPoint","urlTemplate":"https:\/\/infoecos.com.ar\/?s={search_term_string}"},"query-input":{"@type":"PropertyValueSpecification","valueRequired":true,"valueName":"search_term_string"}}],"inLanguage":"es"},{"@type":"Organization","@id":"https:\/\/infoecos.com.ar\/#organization","name":"Infoecos","alternateName":"Noticias","url":"https:\/\/infoecos.com.ar\/","logo":{"@type":"ImageObject","inLanguage":"es","@id":"https:\/\/infoecos.com.ar\/#\/schema\/logo\/image\/","url":"https:\/\/infoecos.com.ar\/wp-content\/uploads\/2024\/03\/cropped-logo.png","contentUrl":"https:\/\/infoecos.com.ar\/wp-content\/uploads\/2024\/03\/cropped-logo.png","width":374,"height":90,"caption":"Infoecos"},"image":{"@id":"https:\/\/infoecos.com.ar\/#\/schema\/logo\/image\/"},"sameAs":["https:\/\/www.facebook.com\/profile.php?id=100063200290284","https:\/\/x.com\/infoecos"]},{"@type":"Person","@id":"https:\/\/infoecos.com.ar\/#\/schema\/person\/8f5ace5ce73b4b4aac4b7245aee6f191","name":"Jorge Matheus","url":"https:\/\/infoecos.com.ar\/index.php\/author\/jomatheus\/"}]}},"featured_image_urls":{"full":["https:\/\/infoecos.com.ar\/wp-content\/uploads\/2021\/08\/salliquelovacunas.jpg",810,540,false],"thumbnail":["https:\/\/infoecos.com.ar\/wp-content\/uploads\/2021\/08\/salliquelovacunas-150x150.jpg",150,150,true],"medium":["https:\/\/infoecos.com.ar\/wp-content\/uploads\/2021\/08\/salliquelovacunas-460x307.jpg",460,307,true],"medium_large":["https:\/\/infoecos.com.ar\/wp-content\/uploads\/2021\/08\/salliquelovacunas-768x512.jpg",640,427,true],"large":["https:\/\/infoecos.com.ar\/wp-content\/uploads\/2021\/08\/salliquelovacunas.jpg",640,427,false],"1536x1536":["https:\/\/infoecos.com.ar\/wp-content\/uploads\/2021\/08\/salliquelovacunas.jpg",810,540,false],"2048x2048":["https:\/\/infoecos.com.ar\/wp-content\/uploads\/2021\/08\/salliquelovacunas.jpg",810,540,false],"covernews-slider-full":["https:\/\/infoecos.com.ar\/wp-content\/uploads\/2021\/08\/salliquelovacunas.jpg",810,540,false],"covernews-slider-center":["https:\/\/infoecos.com.ar\/wp-content\/uploads\/2021\/08\/salliquelovacunas.jpg",750,500,false],"covernews-featured":["https:\/\/infoecos.com.ar\/wp-content\/uploads\/2021\/08\/salliquelovacunas.jpg",810,540,false],"covernews-medium":["https:\/\/infoecos.com.ar\/wp-content\/uploads\/2021\/08\/salliquelovacunas-720x380.jpg",540,285,true],"covernews-medium-square":["https:\/\/infoecos.com.ar\/wp-content\/uploads\/2021\/08\/salliquelovacunas-675x450.jpg",375,250,true]},"author_info":{"info":["Jorge Matheus"]},"category_info":"<a href=\"https:\/\/infoecos.com.ar\/index.php\/category\/c2nota1\/\" rel=\"category tag\">C2 nota 1<\/a>","tag_info":"C2 nota 1","comment_count":"0","_links":{"self":[{"href":"https:\/\/infoecos.com.ar\/index.php\/wp-json\/wp\/v2\/posts\/82532"}],"collection":[{"href":"https:\/\/infoecos.com.ar\/index.php\/wp-json\/wp\/v2\/posts"}],"about":[{"href":"https:\/\/infoecos.com.ar\/index.php\/wp-json\/wp\/v2\/types\/post"}],"author":[{"embeddable":true,"href":"https:\/\/infoecos.com.ar\/index.php\/wp-json\/wp\/v2\/users\/2"}],"replies":[{"embeddable":true,"href":"https:\/\/infoecos.com.ar\/index.php\/wp-json\/wp\/v2\/comments?post=82532"}],"version-history":[{"count":1,"href":"https:\/\/infoecos.com.ar\/index.php\/wp-json\/wp\/v2\/posts\/82532\/revisions"}],"predecessor-version":[{"id":82534,"href":"https:\/\/infoecos.com.ar\/index.php\/wp-json\/wp\/v2\/posts\/82532\/revisions\/82534"}],"wp:featuredmedia":[{"embeddable":true,"href":"https:\/\/infoecos.com.ar\/index.php\/wp-json\/wp\/v2\/media\/82533"}],"wp:attachment":[{"href":"https:\/\/infoecos.com.ar\/index.php\/wp-json\/wp\/v2\/media?parent=82532"}],"wp:term":[{"taxonomy":"category","embeddable":true,"href":"https:\/\/infoecos.com.ar\/index.php\/wp-json\/wp\/v2\/categories?post=82532"},{"taxonomy":"post_tag","embeddable":true,"href":"https:\/\/infoecos.com.ar\/index.php\/wp-json\/wp\/v2\/tags?post=82532"}],"curies":[{"name":"wp","href":"https:\/\/api.w.org\/{rel}","templated":true}]}}