{"id":82544,"date":"2021-08-03T01:22:51","date_gmt":"2021-08-03T04:22:51","guid":{"rendered":"http:\/\/infoecos.com.ar\/?p=82544"},"modified":"2021-08-04T03:42:13","modified_gmt":"2021-08-04T06:42:13","slug":"8-mujeres-de-mas-de-60-anos-se-presentaron-este-lunes-en-el-anses-trenque-lauquen-para-ser-jubiladas","status":"publish","type":"post","link":"https:\/\/infoecos.com.ar\/index.php\/8-mujeres-de-mas-de-60-anos-se-presentaron-este-lunes-en-el-anses-trenque-lauquen-para-ser-jubiladas\/","title":{"rendered":"8 mujeres de m\u00e1s de 60 a\u00f1os se presentaron este lunes en el ANSES Trenque Lauquen para ser jubiladas"},"content":{"rendered":"\n<p class=\"wp-block-paragraph\">Victoria God\u00edn, titular del ANSES Trenque Lauquen, public\u00f3 en su cuenta de Facebook la alegr\u00eda que este lunes embarg\u00f3 a miles de mujeres argentinas.<\/p>\n\n\n\n<div class=\"wp-block-image is-style-default\"><figure class=\"aligncenter size-medium\"><img loading=\"lazy\" decoding=\"async\" width=\"460\" height=\"390\" src=\"http:\/\/infoecos.com.ar\/wp-content\/uploads\/2021\/08\/jubilacion1-460x390.jpg\" alt=\"\" class=\"wp-image-82545\" srcset=\"https:\/\/infoecos.com.ar\/wp-content\/uploads\/2021\/08\/jubilacion1-460x390.jpg 460w, https:\/\/infoecos.com.ar\/wp-content\/uploads\/2021\/08\/jubilacion1.jpg 720w\" sizes=\"auto, (max-width: 460px) 100vw, 460px\" \/><\/figure><\/div>\n\n\n\n<p class=\"wp-block-paragraph\">God\u00edn se\u00f1ala que \u00abhoy comenz\u00f3 la felicidad para nuestras madres trenquelauquenses. Hoy, 8 de ellas, se fueron felices\u00bb.<\/p>\n\n\n\n<div class=\"wp-block-image is-style-default\"><figure class=\"aligncenter size-medium\"><img loading=\"lazy\" decoding=\"async\" width=\"460\" height=\"374\" src=\"http:\/\/infoecos.com.ar\/wp-content\/uploads\/2021\/08\/jubilacion2-460x374.jpg\" alt=\"\" class=\"wp-image-82546\" srcset=\"https:\/\/infoecos.com.ar\/wp-content\/uploads\/2021\/08\/jubilacion2-460x374.jpg 460w, https:\/\/infoecos.com.ar\/wp-content\/uploads\/2021\/08\/jubilacion2.jpg 720w\" sizes=\"auto, (max-width: 460px) 100vw, 460px\" \/><\/figure><\/div>\n\n\n\n<p class=\"wp-block-paragraph\">Luego remata la informaci\u00f3n con el mensaje de Fernanda Raverta la m\u00e1xima responsable del ANSES, donde se indica que \u00aba partir de hoy miles de madres de la Argentina comenzaron a ser reconocidas por primera vez en la historia por las tareas de cuidado que realizaron toda su vida con sus hijas e hijos. Si sos mam\u00e1, ten\u00e9s m\u00e1s de 60 a\u00f1os y no cont\u00e1s con los aportes necesarios para jubilarte, ya pod\u00e9s sacar turno desde nuestra web para iniciar el tr\u00e1mite ingresando ac\u00e1: <a rel=\"noreferrer noopener\" href=\"https:\/\/bit.ly\/TurnosTareasdeCuidado?fbclid=IwAR2DxnFNonLNxYhn3Zx2g9HQv7aciKGZfAb6u9LsossSOpsVaxMVc-LpbkE\" target=\"_blank\">https:\/\/bit.ly\/TurnosTareasdeCuidado<\/a>\u00ab. <\/p>\n\n\n\n<div class=\"wp-block-image is-style-default\"><figure class=\"aligncenter size-medium\"><img loading=\"lazy\" decoding=\"async\" width=\"460\" height=\"345\" src=\"http:\/\/infoecos.com.ar\/wp-content\/uploads\/2021\/08\/jubilacion3-460x345.jpg\" alt=\"\" class=\"wp-image-82547\" srcset=\"https:\/\/infoecos.com.ar\/wp-content\/uploads\/2021\/08\/jubilacion3-460x345.jpg 460w, https:\/\/infoecos.com.ar\/wp-content\/uploads\/2021\/08\/jubilacion3.jpg 720w\" sizes=\"auto, (max-width: 460px) 100vw, 460px\" \/><\/figure><\/div>\n\n\n\n<p class=\"wp-block-paragraph\">El reconocimiento es para mujeres que tengan la edad requerida para jubilarse, no cuenten con los a\u00f1os de aportes necesarios y tengan hijas y\/o hijos.<\/p>\n\n\n\n<p class=\"wp-block-paragraph\">La atenci\u00f3n&nbsp;<strong> <\/strong>es \u00fanicamente con turno previo&nbsp;y DNI, las partidas de nacimiento de las hijas y\/o hijos, Certificado de Discapacidad (si tienen hijas y\/o hijos con discapacidad) y sentencia de adopci\u00f3n (si las hijas y\/o hijos son adoptados).<\/p>\n\n\n\n<div class=\"wp-block-image is-style-default\"><figure class=\"aligncenter size-medium\"><img loading=\"lazy\" decoding=\"async\" width=\"345\" height=\"460\" src=\"http:\/\/infoecos.com.ar\/wp-content\/uploads\/2021\/08\/jubilacion4-345x460.jpg\" alt=\"\" class=\"wp-image-82549\" srcset=\"https:\/\/infoecos.com.ar\/wp-content\/uploads\/2021\/08\/jubilacion4-345x460.jpg 345w, https:\/\/infoecos.com.ar\/wp-content\/uploads\/2021\/08\/jubilacion4-690x920.jpg 690w, https:\/\/infoecos.com.ar\/wp-content\/uploads\/2021\/08\/jubilacion4.jpg 720w\" sizes=\"auto, (max-width: 345px) 100vw, 345px\" \/><\/figure><\/div>\n\n\n\n<p class=\"wp-block-paragraph\">El reconocimiento de aportes por tareas de cuidado computar\u00e1:<\/p>\n\n\n\n<ul class=\"wp-block-list\"><li><strong>1 a\u00f1o de aportes por hija\/o<\/strong>.<\/li><li><strong>2 a\u00f1os de aportes por hija\/o adoptada\/o<\/strong>.<\/li><\/ul>\n\n\n\n<p class=\"wp-block-paragraph\">Asimismo, reconocer\u00e1 de forma adicional&nbsp;<strong>1 a\u00f1o por hija\/o con discapacidad<\/strong>&nbsp;y&nbsp;<strong>2 a\u00f1os en caso de que haya sido beneficiaria\/o de la Asignaci\u00f3n Universal por Hija\/o<\/strong>&nbsp;por al menos 12 meses.<br><br>Adem\u00e1s, se reconocer\u00e1n los plazos de&nbsp;<strong>licencia por maternidad y de excedencia<\/strong>&nbsp;de maternidad a las mujeres que hayan hecho uso de estos per\u00edodos al momento del nacimiento de sus hijos o hijas.<br><br>Esta medida de inclusi\u00f3n es compatible y, de ser necesario, puede complementarse con las moratorias vigentes (<a href=\"https:\/\/www.anses.gob.ar\/informacion\/moratorias-previsionales\">Ley N\u00b0 24.476 y Ley N\u00b0 26.970<\/a>).<\/p>\n","protected":false},"excerpt":{"rendered":"<p>Victoria God\u00edn, titular del ANSES Trenque Lauquen, public\u00f3 en su cuenta de Facebook la alegr\u00eda que este lunes embarg\u00f3 a miles de mujeres argentinas<\/p>\n","protected":false},"author":2,"featured_media":82548,"comment_status":"closed","ping_status":"open","sticky":false,"template":"","format":"standard","meta":{"footnotes":""},"categories":[1333],"tags":[4503],"class_list":["post-82544","post","type-post","status-publish","format-standard","has-post-thumbnail","hentry","category-inferior13","tag-aportes-por-tareas-de-cuidado"],"featured_image_urls":{"full":["https:\/\/infoecos.com.ar\/wp-content\/uploads\/2021\/08\/jubilacion2-1.jpg",720,586,false],"thumbnail":["https:\/\/infoecos.com.ar\/wp-content\/uploads\/2021\/08\/jubilacion2-1-150x150.jpg",150,150,true],"medium":["https:\/\/infoecos.com.ar\/wp-content\/uploads\/2021\/08\/jubilacion2-1-460x374.jpg",460,374,true],"medium_large":["https:\/\/infoecos.com.ar\/wp-content\/uploads\/2021\/08\/jubilacion2-1.jpg",640,521,false],"large":["https:\/\/infoecos.com.ar\/wp-content\/uploads\/2021\/08\/jubilacion2-1.jpg",640,521,false],"1536x1536":["https:\/\/infoecos.com.ar\/wp-content\/uploads\/2021\/08\/jubilacion2-1.jpg",720,586,false],"2048x2048":["https:\/\/infoecos.com.ar\/wp-content\/uploads\/2021\/08\/jubilacion2-1.jpg",720,586,false],"covernews-slider-full":["https:\/\/infoecos.com.ar\/wp-content\/uploads\/2021\/08\/jubilacion2-1.jpg",720,586,false],"covernews-slider-center":["https:\/\/infoecos.com.ar\/wp-content\/uploads\/2021\/08\/jubilacion2-1.jpg",614,500,false],"covernews-featured":["https:\/\/infoecos.com.ar\/wp-content\/uploads\/2021\/08\/jubilacion2-1.jpg",720,586,false],"covernews-medium":["https:\/\/infoecos.com.ar\/wp-content\/uploads\/2021\/08\/jubilacion2-1-720x380.jpg",540,285,true],"covernews-medium-square":["https:\/\/infoecos.com.ar\/wp-content\/uploads\/2021\/08\/jubilacion2-1-675x450.jpg",375,250,true]},"author_info":{"info":["Jorge Matheus"]},"category_info":"<a href=\"https:\/\/infoecos.com.ar\/index.php\/category\/inferior13\/\" rel=\"category tag\">Bloque inferior - 13<\/a>","tag_info":"Bloque inferior - 13","comment_count":"0","_links":{"self":[{"href":"https:\/\/infoecos.com.ar\/index.php\/wp-json\/wp\/v2\/posts\/82544","targetHints":{"allow":["GET"]}}],"collection":[{"href":"https:\/\/infoecos.com.ar\/index.php\/wp-json\/wp\/v2\/posts"}],"about":[{"href":"https:\/\/infoecos.com.ar\/index.php\/wp-json\/wp\/v2\/types\/post"}],"author":[{"embeddable":true,"href":"https:\/\/infoecos.com.ar\/index.php\/wp-json\/wp\/v2\/users\/2"}],"replies":[{"embeddable":true,"href":"https:\/\/infoecos.com.ar\/index.php\/wp-json\/wp\/v2\/comments?post=82544"}],"version-history":[{"count":2,"href":"https:\/\/infoecos.com.ar\/index.php\/wp-json\/wp\/v2\/posts\/82544\/revisions"}],"predecessor-version":[{"id":82673,"href":"https:\/\/infoecos.com.ar\/index.php\/wp-json\/wp\/v2\/posts\/82544\/revisions\/82673"}],"wp:featuredmedia":[{"embeddable":true,"href":"https:\/\/infoecos.com.ar\/index.php\/wp-json\/wp\/v2\/media\/82548"}],"wp:attachment":[{"href":"https:\/\/infoecos.com.ar\/index.php\/wp-json\/wp\/v2\/media?parent=82544"}],"wp:term":[{"taxonomy":"category","embeddable":true,"href":"https:\/\/infoecos.com.ar\/index.php\/wp-json\/wp\/v2\/categories?post=82544"},{"taxonomy":"post_tag","embeddable":true,"href":"https:\/\/infoecos.com.ar\/index.php\/wp-json\/wp\/v2\/tags?post=82544"}],"curies":[{"name":"wp","href":"https:\/\/api.w.org\/{rel}","templated":true}]}}