{"id":82560,"date":"2021-08-03T01:58:03","date_gmt":"2021-08-03T04:58:03","guid":{"rendered":"http:\/\/infoecos.com.ar\/?p=82560"},"modified":"2021-08-04T03:36:45","modified_gmt":"2021-08-04T06:36:45","slug":"el-gobierno-municipal-de-carlos-casares-paso-103-empleados-a-planta-permanente","status":"publish","type":"post","link":"https:\/\/infoecos.com.ar\/index.php\/el-gobierno-municipal-de-carlos-casares-paso-103-empleados-a-planta-permanente\/","title":{"rendered":"El gobierno municipal de Carlos Casares pas\u00f3 103 empleados a planta permanente"},"content":{"rendered":"\n<p>El Intendente Municipal de Carlos Casares, Escribano, Walter Torchio junto al Secretario de Gobierno, Marcelo Agradi y la Jefa de Personal, Erica Panet, al Subsecretario de Producci\u00f3n, Isaul Wilner, a la Directora de Atenci\u00f3n Primaria, Vanina Gandini, a la Administradora del Hospital y Delegados nombraron a  103 empleados que, a partir de este lunes tienen estabilidad laboral.<\/p>\n\n\n\n<div class=\"wp-block-image is-style-default\"><figure class=\"aligncenter size-medium\"><img loading=\"lazy\" decoding=\"async\" width=\"460\" height=\"279\" src=\"http:\/\/infoecos.com.ar\/wp-content\/uploads\/2021\/08\/A-460x279.jpg\" alt=\"\" class=\"wp-image-82561\" srcset=\"https:\/\/infoecos.com.ar\/wp-content\/uploads\/2021\/08\/A-460x279.jpg 460w, https:\/\/infoecos.com.ar\/wp-content\/uploads\/2021\/08\/A-920x558.jpg 920w, https:\/\/infoecos.com.ar\/wp-content\/uploads\/2021\/08\/A-768x466.jpg 768w, https:\/\/infoecos.com.ar\/wp-content\/uploads\/2021\/08\/A-1024x621.jpg 1024w, https:\/\/infoecos.com.ar\/wp-content\/uploads\/2021\/08\/A.jpg 1280w\" sizes=\"(max-width: 460px) 100vw, 460px\" \/><\/figure><\/div>\n\n\n\n<p>\u201cComo lo hab\u00edamos anunciado y prometido a principios de a\u00f1o, avanzamos en el nombramiento de personal y, pasarlos de&nbsp; jornalizados a planta permanente tiene que ver con el valor que para nosotros tienen los trabajadores\u201d, dijo el Jefe Comunal y precandidato a senador provincial por la 4\u00b0 Secci\u00f3n Electoral.<\/p>\n\n\n\n<div class=\"wp-block-image is-style-default\"><figure class=\"aligncenter size-medium\"><img loading=\"lazy\" decoding=\"async\" width=\"460\" height=\"263\" src=\"http:\/\/infoecos.com.ar\/wp-content\/uploads\/2021\/08\/B-460x263.jpg\" alt=\"\" class=\"wp-image-82562\" srcset=\"https:\/\/infoecos.com.ar\/wp-content\/uploads\/2021\/08\/B-460x263.jpg 460w, https:\/\/infoecos.com.ar\/wp-content\/uploads\/2021\/08\/B-920x525.jpg 920w, https:\/\/infoecos.com.ar\/wp-content\/uploads\/2021\/08\/B-768x439.jpg 768w, https:\/\/infoecos.com.ar\/wp-content\/uploads\/2021\/08\/B-1024x585.jpg 1024w, https:\/\/infoecos.com.ar\/wp-content\/uploads\/2021\/08\/B.jpg 1280w\" sizes=\"(max-width: 460px) 100vw, 460px\" \/><\/figure><\/div>\n\n\n\n<p>El personal fue preseleccionado por sus responsables. \u201cNada mejor que los propios jefes de las respectivas \u00e1reas sean quienes seleccionen en virtud de su tarea a quienes deb\u00edamos reconocer por su esfuerzo\u201d, se\u00f1al\u00f3 Torchio. Afirm\u00f3 que \u201csi as\u00ed lo designaron sus jefes es porque han hecho un buen trabajo y este nombramiento es merecido\u201d.<\/p>\n\n\n\n<div class=\"wp-block-image is-style-default\"><figure class=\"aligncenter size-medium\"><img loading=\"lazy\" decoding=\"async\" width=\"460\" height=\"307\" src=\"http:\/\/infoecos.com.ar\/wp-content\/uploads\/2021\/08\/D-460x307.jpg\" alt=\"\" class=\"wp-image-82563\" srcset=\"https:\/\/infoecos.com.ar\/wp-content\/uploads\/2021\/08\/D-460x307.jpg 460w, https:\/\/infoecos.com.ar\/wp-content\/uploads\/2021\/08\/D-920x613.jpg 920w, https:\/\/infoecos.com.ar\/wp-content\/uploads\/2021\/08\/D-768x512.jpg 768w, https:\/\/infoecos.com.ar\/wp-content\/uploads\/2021\/08\/D-1024x682.jpg 1024w, https:\/\/infoecos.com.ar\/wp-content\/uploads\/2021\/08\/D-675x450.jpg 675w, https:\/\/infoecos.com.ar\/wp-content\/uploads\/2021\/08\/D.jpg 1280w\" sizes=\"(max-width: 460px) 100vw, 460px\" \/><\/figure><\/div>\n\n\n\n<p>En el cierre, Torchio felicit\u00f3 a los empleados y se comprometi\u00f3 con la realizaci\u00f3n de m\u00e1s nombramientos antes de fin de a\u00f1o. \u201cEs un compromiso asumido a fin del a\u00f1o pasado y lo vamos a cumplir como cada compromiso que asumimos\u201d, apunt\u00f3.<\/p>\n","protected":false},"excerpt":{"rendered":"<p>El Intendente Municipal de Carlos Casares, Escribano, Walter Torchio junto al Secretario de Gobierno, Marcelo&#8230;<\/p>\n","protected":false},"author":2,"featured_media":82561,"comment_status":"closed","ping_status":"open","sticky":false,"template":"","format":"standard","meta":{"footnotes":""},"categories":[26],"tags":[4505],"class_list":["post-82560","post","type-post","status-publish","format-standard","has-post-thumbnail","hentry","category-inferior6","tag-compromiso-asumido-por-torchio-en-2020"],"yoast_head":"<!-- This site is optimized with the Yoast SEO plugin v23.4 - https:\/\/yoast.com\/wordpress\/plugins\/seo\/ -->\n<title>El gobierno municipal de Carlos Casares pas\u00f3 103 empleados a planta permanente - Infoecos<\/title>\n<meta name=\"robots\" content=\"index, follow, max-snippet:-1, max-image-preview:large, max-video-preview:-1\" \/>\n<link rel=\"canonical\" href=\"https:\/\/infoecos.com.ar\/index.php\/el-gobierno-municipal-de-carlos-casares-paso-103-empleados-a-planta-permanente\/\" \/>\n<meta property=\"og:locale\" content=\"es_ES\" \/>\n<meta property=\"og:type\" content=\"article\" \/>\n<meta property=\"og:title\" content=\"El gobierno municipal de Carlos Casares pas\u00f3 103 empleados a planta permanente - Infoecos\" \/>\n<meta property=\"og:description\" content=\"El Intendente Municipal de Carlos Casares, Escribano, Walter Torchio junto al Secretario de Gobierno, Marcelo...\" \/>\n<meta property=\"og:url\" content=\"https:\/\/infoecos.com.ar\/index.php\/el-gobierno-municipal-de-carlos-casares-paso-103-empleados-a-planta-permanente\/\" \/>\n<meta property=\"og:site_name\" content=\"Infoecos\" \/>\n<meta property=\"article:publisher\" content=\"https:\/\/www.facebook.com\/profile.php?id=100063200290284\" \/>\n<meta property=\"article:published_time\" content=\"2021-08-03T04:58:03+00:00\" \/>\n<meta property=\"article:modified_time\" content=\"2021-08-04T06:36:45+00:00\" \/>\n<meta property=\"og:image\" content=\"https:\/\/infoecos.com.ar\/wp-content\/uploads\/2021\/08\/A.jpg\" \/>\n\t<meta property=\"og:image:width\" content=\"1280\" \/>\n\t<meta property=\"og:image:height\" content=\"776\" \/>\n\t<meta property=\"og:image:type\" content=\"image\/jpeg\" \/>\n<meta name=\"author\" content=\"Jorge Matheus\" \/>\n<meta name=\"twitter:card\" content=\"summary_large_image\" \/>\n<meta name=\"twitter:creator\" content=\"@infoecos\" \/>\n<meta name=\"twitter:site\" content=\"@infoecos\" \/>\n<meta name=\"twitter:label1\" content=\"Escrito por\" \/>\n\t<meta name=\"twitter:data1\" content=\"Jorge Matheus\" \/>\n\t<meta name=\"twitter:label2\" content=\"Tiempo de lectura\" \/>\n\t<meta name=\"twitter:data2\" content=\"1 minuto\" \/>\n<script type=\"application\/ld+json\" class=\"yoast-schema-graph\">{\"@context\":\"https:\/\/schema.org\",\"@graph\":[{\"@type\":\"Article\",\"@id\":\"https:\/\/infoecos.com.ar\/index.php\/el-gobierno-municipal-de-carlos-casares-paso-103-empleados-a-planta-permanente\/#article\",\"isPartOf\":{\"@id\":\"https:\/\/infoecos.com.ar\/index.php\/el-gobierno-municipal-de-carlos-casares-paso-103-empleados-a-planta-permanente\/\"},\"author\":{\"name\":\"Jorge Matheus\",\"@id\":\"https:\/\/infoecos.com.ar\/#\/schema\/person\/8f5ace5ce73b4b4aac4b7245aee6f191\"},\"headline\":\"El gobierno municipal de Carlos Casares pas\u00f3 103 empleados a planta permanente\",\"datePublished\":\"2021-08-03T04:58:03+00:00\",\"dateModified\":\"2021-08-04T06:36:45+00:00\",\"mainEntityOfPage\":{\"@id\":\"https:\/\/infoecos.com.ar\/index.php\/el-gobierno-municipal-de-carlos-casares-paso-103-empleados-a-planta-permanente\/\"},\"wordCount\":223,\"publisher\":{\"@id\":\"https:\/\/infoecos.com.ar\/#organization\"},\"image\":{\"@id\":\"https:\/\/infoecos.com.ar\/index.php\/el-gobierno-municipal-de-carlos-casares-paso-103-empleados-a-planta-permanente\/#primaryimage\"},\"thumbnailUrl\":\"https:\/\/infoecos.com.ar\/wp-content\/uploads\/2021\/08\/A.jpg\",\"keywords\":[\"compromiso asumido por torchio en 2020\"],\"articleSection\":[\"Bloque inferior - 6\"],\"inLanguage\":\"es\"},{\"@type\":\"WebPage\",\"@id\":\"https:\/\/infoecos.com.ar\/index.php\/el-gobierno-municipal-de-carlos-casares-paso-103-empleados-a-planta-permanente\/\",\"url\":\"https:\/\/infoecos.com.ar\/index.php\/el-gobierno-municipal-de-carlos-casares-paso-103-empleados-a-planta-permanente\/\",\"name\":\"El gobierno municipal de Carlos Casares pas\u00f3 103 empleados a planta permanente - Infoecos\",\"isPartOf\":{\"@id\":\"https:\/\/infoecos.com.ar\/#website\"},\"primaryImageOfPage\":{\"@id\":\"https:\/\/infoecos.com.ar\/index.php\/el-gobierno-municipal-de-carlos-casares-paso-103-empleados-a-planta-permanente\/#primaryimage\"},\"image\":{\"@id\":\"https:\/\/infoecos.com.ar\/index.php\/el-gobierno-municipal-de-carlos-casares-paso-103-empleados-a-planta-permanente\/#primaryimage\"},\"thumbnailUrl\":\"https:\/\/infoecos.com.ar\/wp-content\/uploads\/2021\/08\/A.jpg\",\"datePublished\":\"2021-08-03T04:58:03+00:00\",\"dateModified\":\"2021-08-04T06:36:45+00:00\",\"breadcrumb\":{\"@id\":\"https:\/\/infoecos.com.ar\/index.php\/el-gobierno-municipal-de-carlos-casares-paso-103-empleados-a-planta-permanente\/#breadcrumb\"},\"inLanguage\":\"es\",\"potentialAction\":[{\"@type\":\"ReadAction\",\"target\":[\"https:\/\/infoecos.com.ar\/index.php\/el-gobierno-municipal-de-carlos-casares-paso-103-empleados-a-planta-permanente\/\"]}]},{\"@type\":\"ImageObject\",\"inLanguage\":\"es\",\"@id\":\"https:\/\/infoecos.com.ar\/index.php\/el-gobierno-municipal-de-carlos-casares-paso-103-empleados-a-planta-permanente\/#primaryimage\",\"url\":\"https:\/\/infoecos.com.ar\/wp-content\/uploads\/2021\/08\/A.jpg\",\"contentUrl\":\"https:\/\/infoecos.com.ar\/wp-content\/uploads\/2021\/08\/A.jpg\",\"width\":1280,\"height\":776},{\"@type\":\"BreadcrumbList\",\"@id\":\"https:\/\/infoecos.com.ar\/index.php\/el-gobierno-municipal-de-carlos-casares-paso-103-empleados-a-planta-permanente\/#breadcrumb\",\"itemListElement\":[{\"@type\":\"ListItem\",\"position\":1,\"name\":\"Portada\",\"item\":\"https:\/\/infoecos.com.ar\/\"},{\"@type\":\"ListItem\",\"position\":2,\"name\":\"El gobierno municipal de Carlos Casares pas\u00f3 103 empleados a planta permanente\"}]},{\"@type\":\"WebSite\",\"@id\":\"https:\/\/infoecos.com.ar\/#website\",\"url\":\"https:\/\/infoecos.com.ar\/\",\"name\":\"Infoecos\",\"description\":\"Noticias de trenque lauquen y la zona\",\"publisher\":{\"@id\":\"https:\/\/infoecos.com.ar\/#organization\"},\"alternateName\":\"Noticias\",\"potentialAction\":[{\"@type\":\"SearchAction\",\"target\":{\"@type\":\"EntryPoint\",\"urlTemplate\":\"https:\/\/infoecos.com.ar\/?s={search_term_string}\"},\"query-input\":{\"@type\":\"PropertyValueSpecification\",\"valueRequired\":true,\"valueName\":\"search_term_string\"}}],\"inLanguage\":\"es\"},{\"@type\":\"Organization\",\"@id\":\"https:\/\/infoecos.com.ar\/#organization\",\"name\":\"Infoecos\",\"alternateName\":\"Noticias\",\"url\":\"https:\/\/infoecos.com.ar\/\",\"logo\":{\"@type\":\"ImageObject\",\"inLanguage\":\"es\",\"@id\":\"https:\/\/infoecos.com.ar\/#\/schema\/logo\/image\/\",\"url\":\"https:\/\/infoecos.com.ar\/wp-content\/uploads\/2024\/03\/cropped-logo.png\",\"contentUrl\":\"https:\/\/infoecos.com.ar\/wp-content\/uploads\/2024\/03\/cropped-logo.png\",\"width\":374,\"height\":90,\"caption\":\"Infoecos\"},\"image\":{\"@id\":\"https:\/\/infoecos.com.ar\/#\/schema\/logo\/image\/\"},\"sameAs\":[\"https:\/\/www.facebook.com\/profile.php?id=100063200290284\",\"https:\/\/x.com\/infoecos\"]},{\"@type\":\"Person\",\"@id\":\"https:\/\/infoecos.com.ar\/#\/schema\/person\/8f5ace5ce73b4b4aac4b7245aee6f191\",\"name\":\"Jorge Matheus\",\"url\":\"https:\/\/infoecos.com.ar\/index.php\/author\/jomatheus\/\"}]}<\/script>\n<!-- \/ Yoast SEO plugin. -->","yoast_head_json":{"title":"El gobierno municipal de Carlos Casares pas\u00f3 103 empleados a planta permanente - Infoecos","robots":{"index":"index","follow":"follow","max-snippet":"max-snippet:-1","max-image-preview":"max-image-preview:large","max-video-preview":"max-video-preview:-1"},"canonical":"https:\/\/infoecos.com.ar\/index.php\/el-gobierno-municipal-de-carlos-casares-paso-103-empleados-a-planta-permanente\/","og_locale":"es_ES","og_type":"article","og_title":"El gobierno municipal de Carlos Casares pas\u00f3 103 empleados a planta permanente - Infoecos","og_description":"El Intendente Municipal de Carlos Casares, Escribano, Walter Torchio junto al Secretario de Gobierno, Marcelo...","og_url":"https:\/\/infoecos.com.ar\/index.php\/el-gobierno-municipal-de-carlos-casares-paso-103-empleados-a-planta-permanente\/","og_site_name":"Infoecos","article_publisher":"https:\/\/www.facebook.com\/profile.php?id=100063200290284","article_published_time":"2021-08-03T04:58:03+00:00","article_modified_time":"2021-08-04T06:36:45+00:00","og_image":[{"width":1280,"height":776,"url":"https:\/\/infoecos.com.ar\/wp-content\/uploads\/2021\/08\/A.jpg","type":"image\/jpeg"}],"author":"Jorge Matheus","twitter_card":"summary_large_image","twitter_creator":"@infoecos","twitter_site":"@infoecos","twitter_misc":{"Escrito por":"Jorge Matheus","Tiempo de lectura":"1 minuto"},"schema":{"@context":"https:\/\/schema.org","@graph":[{"@type":"Article","@id":"https:\/\/infoecos.com.ar\/index.php\/el-gobierno-municipal-de-carlos-casares-paso-103-empleados-a-planta-permanente\/#article","isPartOf":{"@id":"https:\/\/infoecos.com.ar\/index.php\/el-gobierno-municipal-de-carlos-casares-paso-103-empleados-a-planta-permanente\/"},"author":{"name":"Jorge Matheus","@id":"https:\/\/infoecos.com.ar\/#\/schema\/person\/8f5ace5ce73b4b4aac4b7245aee6f191"},"headline":"El gobierno municipal de Carlos Casares pas\u00f3 103 empleados a planta permanente","datePublished":"2021-08-03T04:58:03+00:00","dateModified":"2021-08-04T06:36:45+00:00","mainEntityOfPage":{"@id":"https:\/\/infoecos.com.ar\/index.php\/el-gobierno-municipal-de-carlos-casares-paso-103-empleados-a-planta-permanente\/"},"wordCount":223,"publisher":{"@id":"https:\/\/infoecos.com.ar\/#organization"},"image":{"@id":"https:\/\/infoecos.com.ar\/index.php\/el-gobierno-municipal-de-carlos-casares-paso-103-empleados-a-planta-permanente\/#primaryimage"},"thumbnailUrl":"https:\/\/infoecos.com.ar\/wp-content\/uploads\/2021\/08\/A.jpg","keywords":["compromiso asumido por torchio en 2020"],"articleSection":["Bloque inferior - 6"],"inLanguage":"es"},{"@type":"WebPage","@id":"https:\/\/infoecos.com.ar\/index.php\/el-gobierno-municipal-de-carlos-casares-paso-103-empleados-a-planta-permanente\/","url":"https:\/\/infoecos.com.ar\/index.php\/el-gobierno-municipal-de-carlos-casares-paso-103-empleados-a-planta-permanente\/","name":"El gobierno municipal de Carlos Casares pas\u00f3 103 empleados a planta permanente - Infoecos","isPartOf":{"@id":"https:\/\/infoecos.com.ar\/#website"},"primaryImageOfPage":{"@id":"https:\/\/infoecos.com.ar\/index.php\/el-gobierno-municipal-de-carlos-casares-paso-103-empleados-a-planta-permanente\/#primaryimage"},"image":{"@id":"https:\/\/infoecos.com.ar\/index.php\/el-gobierno-municipal-de-carlos-casares-paso-103-empleados-a-planta-permanente\/#primaryimage"},"thumbnailUrl":"https:\/\/infoecos.com.ar\/wp-content\/uploads\/2021\/08\/A.jpg","datePublished":"2021-08-03T04:58:03+00:00","dateModified":"2021-08-04T06:36:45+00:00","breadcrumb":{"@id":"https:\/\/infoecos.com.ar\/index.php\/el-gobierno-municipal-de-carlos-casares-paso-103-empleados-a-planta-permanente\/#breadcrumb"},"inLanguage":"es","potentialAction":[{"@type":"ReadAction","target":["https:\/\/infoecos.com.ar\/index.php\/el-gobierno-municipal-de-carlos-casares-paso-103-empleados-a-planta-permanente\/"]}]},{"@type":"ImageObject","inLanguage":"es","@id":"https:\/\/infoecos.com.ar\/index.php\/el-gobierno-municipal-de-carlos-casares-paso-103-empleados-a-planta-permanente\/#primaryimage","url":"https:\/\/infoecos.com.ar\/wp-content\/uploads\/2021\/08\/A.jpg","contentUrl":"https:\/\/infoecos.com.ar\/wp-content\/uploads\/2021\/08\/A.jpg","width":1280,"height":776},{"@type":"BreadcrumbList","@id":"https:\/\/infoecos.com.ar\/index.php\/el-gobierno-municipal-de-carlos-casares-paso-103-empleados-a-planta-permanente\/#breadcrumb","itemListElement":[{"@type":"ListItem","position":1,"name":"Portada","item":"https:\/\/infoecos.com.ar\/"},{"@type":"ListItem","position":2,"name":"El gobierno municipal de Carlos Casares pas\u00f3 103 empleados a planta permanente"}]},{"@type":"WebSite","@id":"https:\/\/infoecos.com.ar\/#website","url":"https:\/\/infoecos.com.ar\/","name":"Infoecos","description":"Noticias de trenque lauquen y la zona","publisher":{"@id":"https:\/\/infoecos.com.ar\/#organization"},"alternateName":"Noticias","potentialAction":[{"@type":"SearchAction","target":{"@type":"EntryPoint","urlTemplate":"https:\/\/infoecos.com.ar\/?s={search_term_string}"},"query-input":{"@type":"PropertyValueSpecification","valueRequired":true,"valueName":"search_term_string"}}],"inLanguage":"es"},{"@type":"Organization","@id":"https:\/\/infoecos.com.ar\/#organization","name":"Infoecos","alternateName":"Noticias","url":"https:\/\/infoecos.com.ar\/","logo":{"@type":"ImageObject","inLanguage":"es","@id":"https:\/\/infoecos.com.ar\/#\/schema\/logo\/image\/","url":"https:\/\/infoecos.com.ar\/wp-content\/uploads\/2024\/03\/cropped-logo.png","contentUrl":"https:\/\/infoecos.com.ar\/wp-content\/uploads\/2024\/03\/cropped-logo.png","width":374,"height":90,"caption":"Infoecos"},"image":{"@id":"https:\/\/infoecos.com.ar\/#\/schema\/logo\/image\/"},"sameAs":["https:\/\/www.facebook.com\/profile.php?id=100063200290284","https:\/\/x.com\/infoecos"]},{"@type":"Person","@id":"https:\/\/infoecos.com.ar\/#\/schema\/person\/8f5ace5ce73b4b4aac4b7245aee6f191","name":"Jorge Matheus","url":"https:\/\/infoecos.com.ar\/index.php\/author\/jomatheus\/"}]}},"featured_image_urls":{"full":["https:\/\/infoecos.com.ar\/wp-content\/uploads\/2021\/08\/A.jpg",1280,776,false],"thumbnail":["https:\/\/infoecos.com.ar\/wp-content\/uploads\/2021\/08\/A-150x150.jpg",150,150,true],"medium":["https:\/\/infoecos.com.ar\/wp-content\/uploads\/2021\/08\/A-460x279.jpg",460,279,true],"medium_large":["https:\/\/infoecos.com.ar\/wp-content\/uploads\/2021\/08\/A-768x466.jpg",640,388,true],"large":["https:\/\/infoecos.com.ar\/wp-content\/uploads\/2021\/08\/A-920x558.jpg",640,388,true],"1536x1536":["https:\/\/infoecos.com.ar\/wp-content\/uploads\/2021\/08\/A.jpg",1280,776,false],"2048x2048":["https:\/\/infoecos.com.ar\/wp-content\/uploads\/2021\/08\/A.jpg",1280,776,false],"covernews-slider-full":["https:\/\/infoecos.com.ar\/wp-content\/uploads\/2021\/08\/A.jpg",1115,676,false],"covernews-slider-center":["https:\/\/infoecos.com.ar\/wp-content\/uploads\/2021\/08\/A-936x776.jpg",603,500,true],"covernews-featured":["https:\/\/infoecos.com.ar\/wp-content\/uploads\/2021\/08\/A-1024x621.jpg",1024,621,true],"covernews-medium":["https:\/\/infoecos.com.ar\/wp-content\/uploads\/2021\/08\/A-720x380.jpg",540,285,true],"covernews-medium-square":["https:\/\/infoecos.com.ar\/wp-content\/uploads\/2021\/08\/A-675x450.jpg",375,250,true]},"author_info":{"info":["Jorge Matheus"]},"category_info":"<a href=\"https:\/\/infoecos.com.ar\/index.php\/category\/inferior6\/\" rel=\"category tag\">Bloque inferior - 6<\/a>","tag_info":"Bloque inferior - 6","comment_count":"0","_links":{"self":[{"href":"https:\/\/infoecos.com.ar\/index.php\/wp-json\/wp\/v2\/posts\/82560"}],"collection":[{"href":"https:\/\/infoecos.com.ar\/index.php\/wp-json\/wp\/v2\/posts"}],"about":[{"href":"https:\/\/infoecos.com.ar\/index.php\/wp-json\/wp\/v2\/types\/post"}],"author":[{"embeddable":true,"href":"https:\/\/infoecos.com.ar\/index.php\/wp-json\/wp\/v2\/users\/2"}],"replies":[{"embeddable":true,"href":"https:\/\/infoecos.com.ar\/index.php\/wp-json\/wp\/v2\/comments?post=82560"}],"version-history":[{"count":2,"href":"https:\/\/infoecos.com.ar\/index.php\/wp-json\/wp\/v2\/posts\/82560\/revisions"}],"predecessor-version":[{"id":82672,"href":"https:\/\/infoecos.com.ar\/index.php\/wp-json\/wp\/v2\/posts\/82560\/revisions\/82672"}],"wp:featuredmedia":[{"embeddable":true,"href":"https:\/\/infoecos.com.ar\/index.php\/wp-json\/wp\/v2\/media\/82561"}],"wp:attachment":[{"href":"https:\/\/infoecos.com.ar\/index.php\/wp-json\/wp\/v2\/media?parent=82560"}],"wp:term":[{"taxonomy":"category","embeddable":true,"href":"https:\/\/infoecos.com.ar\/index.php\/wp-json\/wp\/v2\/categories?post=82560"},{"taxonomy":"post_tag","embeddable":true,"href":"https:\/\/infoecos.com.ar\/index.php\/wp-json\/wp\/v2\/tags?post=82560"}],"curies":[{"name":"wp","href":"https:\/\/api.w.org\/{rel}","templated":true}]}}