{"id":82567,"date":"2021-08-03T02:16:07","date_gmt":"2021-08-03T05:16:07","guid":{"rendered":"http:\/\/infoecos.com.ar\/?p=82567"},"modified":"2021-08-03T02:16:08","modified_gmt":"2021-08-03T05:16:08","slug":"solimano-y-jordan-precandidatos-a-concejales-por-un-sector-del-fdt-trenque-lauquen-se-reunieron-con-guerrera","status":"publish","type":"post","link":"https:\/\/infoecos.com.ar\/index.php\/solimano-y-jordan-precandidatos-a-concejales-por-un-sector-del-fdt-trenque-lauquen-se-reunieron-con-guerrera\/","title":{"rendered":"Solimano y Jord\u00e1n, precandidatos a concejales por un sector del FdT Trenque Lauquen se reunieron con Guerrera"},"content":{"rendered":"\n<p>A trav\u00e9s de las cuentas que posee en las redes sociales, el Frente Renovador de Trenque Lauquen hizo conocer que los cabezas de lista de una de las corrientes, se reunieron con el ministro de Transportes de la Naci\u00f3n, Alexis Guerrera.<\/p>\n\n\n\n<div class=\"wp-block-image is-style-default\"><figure class=\"aligncenter size-medium\"><img loading=\"lazy\" decoding=\"async\" width=\"460\" height=\"307\" src=\"http:\/\/infoecos.com.ar\/wp-content\/uploads\/2021\/08\/solimanojordanguerrera-460x307.jpg\" alt=\"\" class=\"wp-image-82568\" srcset=\"https:\/\/infoecos.com.ar\/wp-content\/uploads\/2021\/08\/solimanojordanguerrera-460x307.jpg 460w, https:\/\/infoecos.com.ar\/wp-content\/uploads\/2021\/08\/solimanojordanguerrera-920x613.jpg 920w, https:\/\/infoecos.com.ar\/wp-content\/uploads\/2021\/08\/solimanojordanguerrera-768x512.jpg 768w, https:\/\/infoecos.com.ar\/wp-content\/uploads\/2021\/08\/solimanojordanguerrera-1024x683.jpg 1024w, https:\/\/infoecos.com.ar\/wp-content\/uploads\/2021\/08\/solimanojordanguerrera-675x450.jpg 675w, https:\/\/infoecos.com.ar\/wp-content\/uploads\/2021\/08\/solimanojordanguerrera.jpg 1170w\" sizes=\"(max-width: 460px) 100vw, 460px\" \/><\/figure><\/div>\n\n\n\n<p>Dialogaron sobre la repavimentaci\u00f3n, asfaltado, demarcaci\u00f3n y balizamiento de la pista del Aer\u00f3dromo \u00d1anco Lauquen; sobre la posibilidad que el tren de pasajeros llegue hasta Trenque Lauquen. Tambi\u00e9n abordaron otras cuestiones vinculadas con el distrito en general.<\/p>\n\n\n\n<p>Guerrera recibi\u00f3 a Mariel Jord\u00e1n, precandidata a concejal y a Sebasti\u00e1n Solimano, que encabeza la lista interna donde confluyen hombres y mujeres del massismo, en su despacho. <\/p>\n\n\n\n<p>El ex intendente de General Pinto se ha convertido en uno de los dirigentes fuertes de la 4\u00b0 Secci\u00f3n Electoral.<\/p>\n\n\n\n<p><\/p>\n\n\n\n<p><\/p>\n\n\n\n<p><\/p>\n","protected":false},"excerpt":{"rendered":"<p>El ex intendente de General Pinto se ha convertido en uno de los dirigentes fuertes de la 4\u00b0 Secci\u00f3n Electoral<\/p>\n","protected":false},"author":2,"featured_media":82568,"comment_status":"closed","ping_status":"open","sticky":false,"template":"","format":"standard","meta":{"footnotes":""},"categories":[48],"tags":[4507],"class_list":["post-82567","post","type-post","status-publish","format-standard","has-post-thumbnail","hentry","category-c2nota3","tag-preparandose-para-las-paso"],"yoast_head":"<!-- This site is optimized with the Yoast SEO plugin v23.4 - https:\/\/yoast.com\/wordpress\/plugins\/seo\/ -->\n<title>Solimano y Jord\u00e1n, precandidatos a concejales por un sector del FdT Trenque Lauquen se reunieron con Guerrera - Infoecos<\/title>\n<meta name=\"robots\" content=\"index, follow, max-snippet:-1, max-image-preview:large, max-video-preview:-1\" \/>\n<link rel=\"canonical\" href=\"https:\/\/infoecos.com.ar\/index.php\/solimano-y-jordan-precandidatos-a-concejales-por-un-sector-del-fdt-trenque-lauquen-se-reunieron-con-guerrera\/\" \/>\n<meta property=\"og:locale\" content=\"es_ES\" \/>\n<meta property=\"og:type\" content=\"article\" \/>\n<meta property=\"og:title\" content=\"Solimano y Jord\u00e1n, precandidatos a concejales por un sector del FdT Trenque Lauquen se reunieron con Guerrera - Infoecos\" \/>\n<meta property=\"og:description\" content=\"El ex intendente de General Pinto se ha convertido en uno de los dirigentes fuertes de la 4\u00b0 Secci\u00f3n Electoral\" \/>\n<meta property=\"og:url\" content=\"https:\/\/infoecos.com.ar\/index.php\/solimano-y-jordan-precandidatos-a-concejales-por-un-sector-del-fdt-trenque-lauquen-se-reunieron-con-guerrera\/\" \/>\n<meta property=\"og:site_name\" content=\"Infoecos\" \/>\n<meta property=\"article:publisher\" content=\"https:\/\/www.facebook.com\/profile.php?id=100063200290284\" \/>\n<meta property=\"article:published_time\" content=\"2021-08-03T05:16:07+00:00\" \/>\n<meta property=\"article:modified_time\" content=\"2021-08-03T05:16:08+00:00\" \/>\n<meta property=\"og:image\" content=\"https:\/\/infoecos.com.ar\/wp-content\/uploads\/2021\/08\/solimanojordanguerrera.jpg\" \/>\n\t<meta property=\"og:image:width\" content=\"1170\" \/>\n\t<meta property=\"og:image:height\" content=\"780\" \/>\n\t<meta property=\"og:image:type\" content=\"image\/jpeg\" \/>\n<meta name=\"author\" content=\"Jorge Matheus\" \/>\n<meta name=\"twitter:card\" content=\"summary_large_image\" \/>\n<meta name=\"twitter:creator\" content=\"@infoecos\" \/>\n<meta name=\"twitter:site\" content=\"@infoecos\" \/>\n<meta name=\"twitter:label1\" content=\"Escrito por\" \/>\n\t<meta name=\"twitter:data1\" content=\"Jorge Matheus\" \/>\n\t<meta name=\"twitter:label2\" content=\"Tiempo de lectura\" \/>\n\t<meta name=\"twitter:data2\" content=\"1 minuto\" \/>\n<script type=\"application\/ld+json\" class=\"yoast-schema-graph\">{\"@context\":\"https:\/\/schema.org\",\"@graph\":[{\"@type\":\"Article\",\"@id\":\"https:\/\/infoecos.com.ar\/index.php\/solimano-y-jordan-precandidatos-a-concejales-por-un-sector-del-fdt-trenque-lauquen-se-reunieron-con-guerrera\/#article\",\"isPartOf\":{\"@id\":\"https:\/\/infoecos.com.ar\/index.php\/solimano-y-jordan-precandidatos-a-concejales-por-un-sector-del-fdt-trenque-lauquen-se-reunieron-con-guerrera\/\"},\"author\":{\"name\":\"Jorge Matheus\",\"@id\":\"https:\/\/infoecos.com.ar\/#\/schema\/person\/8f5ace5ce73b4b4aac4b7245aee6f191\"},\"headline\":\"Solimano y Jord\u00e1n, precandidatos a concejales por un sector del FdT Trenque Lauquen se reunieron con Guerrera\",\"datePublished\":\"2021-08-03T05:16:07+00:00\",\"dateModified\":\"2021-08-03T05:16:08+00:00\",\"mainEntityOfPage\":{\"@id\":\"https:\/\/infoecos.com.ar\/index.php\/solimano-y-jordan-precandidatos-a-concejales-por-un-sector-del-fdt-trenque-lauquen-se-reunieron-con-guerrera\/\"},\"wordCount\":151,\"publisher\":{\"@id\":\"https:\/\/infoecos.com.ar\/#organization\"},\"image\":{\"@id\":\"https:\/\/infoecos.com.ar\/index.php\/solimano-y-jordan-precandidatos-a-concejales-por-un-sector-del-fdt-trenque-lauquen-se-reunieron-con-guerrera\/#primaryimage\"},\"thumbnailUrl\":\"https:\/\/infoecos.com.ar\/wp-content\/uploads\/2021\/08\/solimanojordanguerrera.jpg\",\"keywords\":[\"PREPAR\u00c1NDOSE PARA LAS PASO\"],\"articleSection\":[\"C2 N3\"],\"inLanguage\":\"es\"},{\"@type\":\"WebPage\",\"@id\":\"https:\/\/infoecos.com.ar\/index.php\/solimano-y-jordan-precandidatos-a-concejales-por-un-sector-del-fdt-trenque-lauquen-se-reunieron-con-guerrera\/\",\"url\":\"https:\/\/infoecos.com.ar\/index.php\/solimano-y-jordan-precandidatos-a-concejales-por-un-sector-del-fdt-trenque-lauquen-se-reunieron-con-guerrera\/\",\"name\":\"Solimano y Jord\u00e1n, precandidatos a concejales por un sector del FdT Trenque Lauquen se reunieron con Guerrera - Infoecos\",\"isPartOf\":{\"@id\":\"https:\/\/infoecos.com.ar\/#website\"},\"primaryImageOfPage\":{\"@id\":\"https:\/\/infoecos.com.ar\/index.php\/solimano-y-jordan-precandidatos-a-concejales-por-un-sector-del-fdt-trenque-lauquen-se-reunieron-con-guerrera\/#primaryimage\"},\"image\":{\"@id\":\"https:\/\/infoecos.com.ar\/index.php\/solimano-y-jordan-precandidatos-a-concejales-por-un-sector-del-fdt-trenque-lauquen-se-reunieron-con-guerrera\/#primaryimage\"},\"thumbnailUrl\":\"https:\/\/infoecos.com.ar\/wp-content\/uploads\/2021\/08\/solimanojordanguerrera.jpg\",\"datePublished\":\"2021-08-03T05:16:07+00:00\",\"dateModified\":\"2021-08-03T05:16:08+00:00\",\"breadcrumb\":{\"@id\":\"https:\/\/infoecos.com.ar\/index.php\/solimano-y-jordan-precandidatos-a-concejales-por-un-sector-del-fdt-trenque-lauquen-se-reunieron-con-guerrera\/#breadcrumb\"},\"inLanguage\":\"es\",\"potentialAction\":[{\"@type\":\"ReadAction\",\"target\":[\"https:\/\/infoecos.com.ar\/index.php\/solimano-y-jordan-precandidatos-a-concejales-por-un-sector-del-fdt-trenque-lauquen-se-reunieron-con-guerrera\/\"]}]},{\"@type\":\"ImageObject\",\"inLanguage\":\"es\",\"@id\":\"https:\/\/infoecos.com.ar\/index.php\/solimano-y-jordan-precandidatos-a-concejales-por-un-sector-del-fdt-trenque-lauquen-se-reunieron-con-guerrera\/#primaryimage\",\"url\":\"https:\/\/infoecos.com.ar\/wp-content\/uploads\/2021\/08\/solimanojordanguerrera.jpg\",\"contentUrl\":\"https:\/\/infoecos.com.ar\/wp-content\/uploads\/2021\/08\/solimanojordanguerrera.jpg\",\"width\":1170,\"height\":780},{\"@type\":\"BreadcrumbList\",\"@id\":\"https:\/\/infoecos.com.ar\/index.php\/solimano-y-jordan-precandidatos-a-concejales-por-un-sector-del-fdt-trenque-lauquen-se-reunieron-con-guerrera\/#breadcrumb\",\"itemListElement\":[{\"@type\":\"ListItem\",\"position\":1,\"name\":\"Portada\",\"item\":\"https:\/\/infoecos.com.ar\/\"},{\"@type\":\"ListItem\",\"position\":2,\"name\":\"Solimano y Jord\u00e1n, precandidatos a concejales por un sector del FdT Trenque Lauquen se reunieron con Guerrera\"}]},{\"@type\":\"WebSite\",\"@id\":\"https:\/\/infoecos.com.ar\/#website\",\"url\":\"https:\/\/infoecos.com.ar\/\",\"name\":\"Infoecos\",\"description\":\"Noticias de trenque lauquen y la zona\",\"publisher\":{\"@id\":\"https:\/\/infoecos.com.ar\/#organization\"},\"alternateName\":\"Noticias\",\"potentialAction\":[{\"@type\":\"SearchAction\",\"target\":{\"@type\":\"EntryPoint\",\"urlTemplate\":\"https:\/\/infoecos.com.ar\/?s={search_term_string}\"},\"query-input\":{\"@type\":\"PropertyValueSpecification\",\"valueRequired\":true,\"valueName\":\"search_term_string\"}}],\"inLanguage\":\"es\"},{\"@type\":\"Organization\",\"@id\":\"https:\/\/infoecos.com.ar\/#organization\",\"name\":\"Infoecos\",\"alternateName\":\"Noticias\",\"url\":\"https:\/\/infoecos.com.ar\/\",\"logo\":{\"@type\":\"ImageObject\",\"inLanguage\":\"es\",\"@id\":\"https:\/\/infoecos.com.ar\/#\/schema\/logo\/image\/\",\"url\":\"https:\/\/infoecos.com.ar\/wp-content\/uploads\/2024\/03\/cropped-logo.png\",\"contentUrl\":\"https:\/\/infoecos.com.ar\/wp-content\/uploads\/2024\/03\/cropped-logo.png\",\"width\":374,\"height\":90,\"caption\":\"Infoecos\"},\"image\":{\"@id\":\"https:\/\/infoecos.com.ar\/#\/schema\/logo\/image\/\"},\"sameAs\":[\"https:\/\/www.facebook.com\/profile.php?id=100063200290284\",\"https:\/\/x.com\/infoecos\"]},{\"@type\":\"Person\",\"@id\":\"https:\/\/infoecos.com.ar\/#\/schema\/person\/8f5ace5ce73b4b4aac4b7245aee6f191\",\"name\":\"Jorge Matheus\",\"url\":\"https:\/\/infoecos.com.ar\/index.php\/author\/jomatheus\/\"}]}<\/script>\n<!-- \/ Yoast SEO plugin. -->","yoast_head_json":{"title":"Solimano y Jord\u00e1n, precandidatos a concejales por un sector del FdT Trenque Lauquen se reunieron con Guerrera - Infoecos","robots":{"index":"index","follow":"follow","max-snippet":"max-snippet:-1","max-image-preview":"max-image-preview:large","max-video-preview":"max-video-preview:-1"},"canonical":"https:\/\/infoecos.com.ar\/index.php\/solimano-y-jordan-precandidatos-a-concejales-por-un-sector-del-fdt-trenque-lauquen-se-reunieron-con-guerrera\/","og_locale":"es_ES","og_type":"article","og_title":"Solimano y Jord\u00e1n, precandidatos a concejales por un sector del FdT Trenque Lauquen se reunieron con Guerrera - Infoecos","og_description":"El ex intendente de General Pinto se ha convertido en uno de los dirigentes fuertes de la 4\u00b0 Secci\u00f3n Electoral","og_url":"https:\/\/infoecos.com.ar\/index.php\/solimano-y-jordan-precandidatos-a-concejales-por-un-sector-del-fdt-trenque-lauquen-se-reunieron-con-guerrera\/","og_site_name":"Infoecos","article_publisher":"https:\/\/www.facebook.com\/profile.php?id=100063200290284","article_published_time":"2021-08-03T05:16:07+00:00","article_modified_time":"2021-08-03T05:16:08+00:00","og_image":[{"width":1170,"height":780,"url":"https:\/\/infoecos.com.ar\/wp-content\/uploads\/2021\/08\/solimanojordanguerrera.jpg","type":"image\/jpeg"}],"author":"Jorge Matheus","twitter_card":"summary_large_image","twitter_creator":"@infoecos","twitter_site":"@infoecos","twitter_misc":{"Escrito por":"Jorge Matheus","Tiempo de lectura":"1 minuto"},"schema":{"@context":"https:\/\/schema.org","@graph":[{"@type":"Article","@id":"https:\/\/infoecos.com.ar\/index.php\/solimano-y-jordan-precandidatos-a-concejales-por-un-sector-del-fdt-trenque-lauquen-se-reunieron-con-guerrera\/#article","isPartOf":{"@id":"https:\/\/infoecos.com.ar\/index.php\/solimano-y-jordan-precandidatos-a-concejales-por-un-sector-del-fdt-trenque-lauquen-se-reunieron-con-guerrera\/"},"author":{"name":"Jorge Matheus","@id":"https:\/\/infoecos.com.ar\/#\/schema\/person\/8f5ace5ce73b4b4aac4b7245aee6f191"},"headline":"Solimano y Jord\u00e1n, precandidatos a concejales por un sector del FdT Trenque Lauquen se reunieron con Guerrera","datePublished":"2021-08-03T05:16:07+00:00","dateModified":"2021-08-03T05:16:08+00:00","mainEntityOfPage":{"@id":"https:\/\/infoecos.com.ar\/index.php\/solimano-y-jordan-precandidatos-a-concejales-por-un-sector-del-fdt-trenque-lauquen-se-reunieron-con-guerrera\/"},"wordCount":151,"publisher":{"@id":"https:\/\/infoecos.com.ar\/#organization"},"image":{"@id":"https:\/\/infoecos.com.ar\/index.php\/solimano-y-jordan-precandidatos-a-concejales-por-un-sector-del-fdt-trenque-lauquen-se-reunieron-con-guerrera\/#primaryimage"},"thumbnailUrl":"https:\/\/infoecos.com.ar\/wp-content\/uploads\/2021\/08\/solimanojordanguerrera.jpg","keywords":["PREPAR\u00c1NDOSE PARA LAS PASO"],"articleSection":["C2 N3"],"inLanguage":"es"},{"@type":"WebPage","@id":"https:\/\/infoecos.com.ar\/index.php\/solimano-y-jordan-precandidatos-a-concejales-por-un-sector-del-fdt-trenque-lauquen-se-reunieron-con-guerrera\/","url":"https:\/\/infoecos.com.ar\/index.php\/solimano-y-jordan-precandidatos-a-concejales-por-un-sector-del-fdt-trenque-lauquen-se-reunieron-con-guerrera\/","name":"Solimano y Jord\u00e1n, precandidatos a concejales por un sector del FdT Trenque Lauquen se reunieron con Guerrera - Infoecos","isPartOf":{"@id":"https:\/\/infoecos.com.ar\/#website"},"primaryImageOfPage":{"@id":"https:\/\/infoecos.com.ar\/index.php\/solimano-y-jordan-precandidatos-a-concejales-por-un-sector-del-fdt-trenque-lauquen-se-reunieron-con-guerrera\/#primaryimage"},"image":{"@id":"https:\/\/infoecos.com.ar\/index.php\/solimano-y-jordan-precandidatos-a-concejales-por-un-sector-del-fdt-trenque-lauquen-se-reunieron-con-guerrera\/#primaryimage"},"thumbnailUrl":"https:\/\/infoecos.com.ar\/wp-content\/uploads\/2021\/08\/solimanojordanguerrera.jpg","datePublished":"2021-08-03T05:16:07+00:00","dateModified":"2021-08-03T05:16:08+00:00","breadcrumb":{"@id":"https:\/\/infoecos.com.ar\/index.php\/solimano-y-jordan-precandidatos-a-concejales-por-un-sector-del-fdt-trenque-lauquen-se-reunieron-con-guerrera\/#breadcrumb"},"inLanguage":"es","potentialAction":[{"@type":"ReadAction","target":["https:\/\/infoecos.com.ar\/index.php\/solimano-y-jordan-precandidatos-a-concejales-por-un-sector-del-fdt-trenque-lauquen-se-reunieron-con-guerrera\/"]}]},{"@type":"ImageObject","inLanguage":"es","@id":"https:\/\/infoecos.com.ar\/index.php\/solimano-y-jordan-precandidatos-a-concejales-por-un-sector-del-fdt-trenque-lauquen-se-reunieron-con-guerrera\/#primaryimage","url":"https:\/\/infoecos.com.ar\/wp-content\/uploads\/2021\/08\/solimanojordanguerrera.jpg","contentUrl":"https:\/\/infoecos.com.ar\/wp-content\/uploads\/2021\/08\/solimanojordanguerrera.jpg","width":1170,"height":780},{"@type":"BreadcrumbList","@id":"https:\/\/infoecos.com.ar\/index.php\/solimano-y-jordan-precandidatos-a-concejales-por-un-sector-del-fdt-trenque-lauquen-se-reunieron-con-guerrera\/#breadcrumb","itemListElement":[{"@type":"ListItem","position":1,"name":"Portada","item":"https:\/\/infoecos.com.ar\/"},{"@type":"ListItem","position":2,"name":"Solimano y Jord\u00e1n, precandidatos a concejales por un sector del FdT Trenque Lauquen se reunieron con Guerrera"}]},{"@type":"WebSite","@id":"https:\/\/infoecos.com.ar\/#website","url":"https:\/\/infoecos.com.ar\/","name":"Infoecos","description":"Noticias de trenque lauquen y la zona","publisher":{"@id":"https:\/\/infoecos.com.ar\/#organization"},"alternateName":"Noticias","potentialAction":[{"@type":"SearchAction","target":{"@type":"EntryPoint","urlTemplate":"https:\/\/infoecos.com.ar\/?s={search_term_string}"},"query-input":{"@type":"PropertyValueSpecification","valueRequired":true,"valueName":"search_term_string"}}],"inLanguage":"es"},{"@type":"Organization","@id":"https:\/\/infoecos.com.ar\/#organization","name":"Infoecos","alternateName":"Noticias","url":"https:\/\/infoecos.com.ar\/","logo":{"@type":"ImageObject","inLanguage":"es","@id":"https:\/\/infoecos.com.ar\/#\/schema\/logo\/image\/","url":"https:\/\/infoecos.com.ar\/wp-content\/uploads\/2024\/03\/cropped-logo.png","contentUrl":"https:\/\/infoecos.com.ar\/wp-content\/uploads\/2024\/03\/cropped-logo.png","width":374,"height":90,"caption":"Infoecos"},"image":{"@id":"https:\/\/infoecos.com.ar\/#\/schema\/logo\/image\/"},"sameAs":["https:\/\/www.facebook.com\/profile.php?id=100063200290284","https:\/\/x.com\/infoecos"]},{"@type":"Person","@id":"https:\/\/infoecos.com.ar\/#\/schema\/person\/8f5ace5ce73b4b4aac4b7245aee6f191","name":"Jorge Matheus","url":"https:\/\/infoecos.com.ar\/index.php\/author\/jomatheus\/"}]}},"featured_image_urls":{"full":["https:\/\/infoecos.com.ar\/wp-content\/uploads\/2021\/08\/solimanojordanguerrera.jpg",1170,780,false],"thumbnail":["https:\/\/infoecos.com.ar\/wp-content\/uploads\/2021\/08\/solimanojordanguerrera-150x150.jpg",150,150,true],"medium":["https:\/\/infoecos.com.ar\/wp-content\/uploads\/2021\/08\/solimanojordanguerrera-460x307.jpg",460,307,true],"medium_large":["https:\/\/infoecos.com.ar\/wp-content\/uploads\/2021\/08\/solimanojordanguerrera-768x512.jpg",640,427,true],"large":["https:\/\/infoecos.com.ar\/wp-content\/uploads\/2021\/08\/solimanojordanguerrera-920x613.jpg",640,426,true],"1536x1536":["https:\/\/infoecos.com.ar\/wp-content\/uploads\/2021\/08\/solimanojordanguerrera.jpg",1170,780,false],"2048x2048":["https:\/\/infoecos.com.ar\/wp-content\/uploads\/2021\/08\/solimanojordanguerrera.jpg",1170,780,false],"covernews-slider-full":["https:\/\/infoecos.com.ar\/wp-content\/uploads\/2021\/08\/solimanojordanguerrera.jpg",1073,715,false],"covernews-slider-center":["https:\/\/infoecos.com.ar\/wp-content\/uploads\/2021\/08\/solimanojordanguerrera-936x780.jpg",600,500,true],"covernews-featured":["https:\/\/infoecos.com.ar\/wp-content\/uploads\/2021\/08\/solimanojordanguerrera-1024x683.jpg",1024,683,true],"covernews-medium":["https:\/\/infoecos.com.ar\/wp-content\/uploads\/2021\/08\/solimanojordanguerrera-720x380.jpg",540,285,true],"covernews-medium-square":["https:\/\/infoecos.com.ar\/wp-content\/uploads\/2021\/08\/solimanojordanguerrera-675x450.jpg",375,250,true]},"author_info":{"info":["Jorge Matheus"]},"category_info":"<a href=\"https:\/\/infoecos.com.ar\/index.php\/category\/c2nota3\/\" rel=\"category tag\">C2 N3<\/a>","tag_info":"C2 N3","comment_count":"0","_links":{"self":[{"href":"https:\/\/infoecos.com.ar\/index.php\/wp-json\/wp\/v2\/posts\/82567"}],"collection":[{"href":"https:\/\/infoecos.com.ar\/index.php\/wp-json\/wp\/v2\/posts"}],"about":[{"href":"https:\/\/infoecos.com.ar\/index.php\/wp-json\/wp\/v2\/types\/post"}],"author":[{"embeddable":true,"href":"https:\/\/infoecos.com.ar\/index.php\/wp-json\/wp\/v2\/users\/2"}],"replies":[{"embeddable":true,"href":"https:\/\/infoecos.com.ar\/index.php\/wp-json\/wp\/v2\/comments?post=82567"}],"version-history":[{"count":1,"href":"https:\/\/infoecos.com.ar\/index.php\/wp-json\/wp\/v2\/posts\/82567\/revisions"}],"predecessor-version":[{"id":82569,"href":"https:\/\/infoecos.com.ar\/index.php\/wp-json\/wp\/v2\/posts\/82567\/revisions\/82569"}],"wp:featuredmedia":[{"embeddable":true,"href":"https:\/\/infoecos.com.ar\/index.php\/wp-json\/wp\/v2\/media\/82568"}],"wp:attachment":[{"href":"https:\/\/infoecos.com.ar\/index.php\/wp-json\/wp\/v2\/media?parent=82567"}],"wp:term":[{"taxonomy":"category","embeddable":true,"href":"https:\/\/infoecos.com.ar\/index.php\/wp-json\/wp\/v2\/categories?post=82567"},{"taxonomy":"post_tag","embeddable":true,"href":"https:\/\/infoecos.com.ar\/index.php\/wp-json\/wp\/v2\/tags?post=82567"}],"curies":[{"name":"wp","href":"https:\/\/api.w.org\/{rel}","templated":true}]}}