{"id":82570,"date":"2021-08-03T02:20:42","date_gmt":"2021-08-03T05:20:42","guid":{"rendered":"http:\/\/infoecos.com.ar\/?p=82570"},"modified":"2021-08-04T03:40:49","modified_gmt":"2021-08-04T06:40:49","slug":"leticia-badino-y-jorge-lepori-tambien-precandidatos-a-concejales-por-otro-sector-del-fdt-con-augusto-costa","status":"publish","type":"post","link":"https:\/\/infoecos.com.ar\/index.php\/leticia-badino-y-jorge-lepori-tambien-precandidatos-a-concejales-por-otro-sector-del-fdt-con-augusto-costa\/","title":{"rendered":"Leticia Badino y Jorge L\u00e9pori tambi\u00e9n precandidatos a concejales por otro sector del FdT con Augusto Costa"},"content":{"rendered":"\n<p>La titular del Centro de Referencia de Desarrollo Social de la Naci\u00f3n, Leticia Badino; el Delegado Regional del Ministerio de trabajo bonaerense, Juan Pablo Bigliani, y el integrante de la Comisi\u00f3n de Asociados del Banco Credicoop, Jorge L\u00e9pori, participaron de un encuentro virtual con el Ministro de Producci\u00f3n, Ciencia e Innovaci\u00f3n Tecnol\u00f3gica de la Provincia de Buenos Aires, Augusto Costa, y referentes territoriales para la presentaci\u00f3n del Programa de Sostenimiento Econ\u00f3mico para Actividades Afectadas por la Pandemia. Este programa brinda subsidios de hasta 150 mil pesos para actividades de 65 rubros y la inscripci\u00f3n est\u00e1 abierta hasta el 12 de este mes.<\/p>\n\n\n\n<div class=\"wp-block-image is-style-default\"><figure class=\"aligncenter size-medium\"><img loading=\"lazy\" decoding=\"async\" width=\"460\" height=\"345\" src=\"http:\/\/infoecos.com.ar\/wp-content\/uploads\/2021\/08\/badinoleporiconcosta-460x345.jpg\" alt=\"\" class=\"wp-image-82571\" srcset=\"https:\/\/infoecos.com.ar\/wp-content\/uploads\/2021\/08\/badinoleporiconcosta-460x345.jpg 460w, https:\/\/infoecos.com.ar\/wp-content\/uploads\/2021\/08\/badinoleporiconcosta.jpg 719w\" sizes=\"(max-width: 460px) 100vw, 460px\" \/><\/figure><\/div>\n\n\n\n<p>Del encuentro participaron tambi\u00e9n la subsecretaria de Industria, Pymes y Cooperativas de Buenos Aires, Mariela Bembi, y el director provincial de Desarrollo Territorial y PyMEs, Ariel Aguilar.Para mayor informaci\u00f3n sobre los rubros alcanzados y detalles para sumarse al programa se puede ingresar al link:<a rel=\"noreferrer noopener\" href=\"https:\/\/l.facebook.com\/l.php?u=https%3A%2F%2Fwww.gba.gob.ar%2Fproduccion%2Fprograma_sostenimiento_economico%3Ffbclid%3DIwAR2zcpvx6BEKIRCM62inx0PygYMCyHyxvGOtraLTLAp7t9f3zrlJWkVhdZk&amp;h=AT3hzNW7_2za7YV3qozH4bPcavIYsvLKWCdYf4yqyXhXedfW0Izzxc6h4qjcsmCvVlYUjcdOmHkp4598rQUwVRLLtCQZG8hCFCmdZHSkdctnVReV_gOlkUVPzqy0gslfDg&amp;__tn__=-UK-R&amp;c[0]=AT2jIr-T5lwFd_GL0SRrkzGqtZHo-MVN0fsi1e8kwMS-YaM3e7XDF_uuhR0BSvAZihYvO8SwJLVFaUyvoEMpyhV2LOWj26hD-4zFzocsk66l34CEIeHTl7xKWbuSr4fZWLTJsXj9w7cbwWRxkXuFO3d8ICG0hFn0jqkO743_gyGGYQ\" target=\"_blank\">https:\/\/www.gba.gob.ar\/&#8230;\/programa_sostenimiento_economico<\/a>.<\/p>\n\n\n\n<p>En el encuentro tambi\u00e9n se presentaron otras herramientas de apoyo al trabajo y la producci\u00f3n como cr\u00e9ditos para la recuperaci\u00f3n productiva y aportes no reembolsables a cooperativas. Adem\u00e1s se inform\u00f3 sobre cr\u00e9ditos para Pymes lideradas por mujeres, un programa \u00fanico en el pa\u00eds y microcr\u00e9ditos para monotributistas y microempresas, que se solicitan directamente en el Banco Provincia.<\/p>\n","protected":false},"excerpt":{"rendered":"<p>Presentaci\u00f3n del Programa de Sostenimiento Econ\u00f3mico para Actividades Afectadas por la Pandemia<\/p>\n","protected":false},"author":2,"featured_media":82571,"comment_status":"closed","ping_status":"open","sticky":false,"template":"","format":"standard","meta":{"footnotes":""},"categories":[1332],"tags":[4507],"class_list":["post-82570","post","type-post","status-publish","format-standard","has-post-thumbnail","hentry","category-inferior12","tag-preparandose-para-las-paso"],"yoast_head":"<!-- This site is optimized with the Yoast SEO plugin v23.4 - https:\/\/yoast.com\/wordpress\/plugins\/seo\/ -->\n<title>Leticia Badino y Jorge L\u00e9pori tambi\u00e9n precandidatos a concejales por otro sector del FdT con Augusto Costa - Infoecos<\/title>\n<meta name=\"robots\" content=\"index, follow, max-snippet:-1, max-image-preview:large, max-video-preview:-1\" \/>\n<link rel=\"canonical\" href=\"https:\/\/infoecos.com.ar\/index.php\/leticia-badino-y-jorge-lepori-tambien-precandidatos-a-concejales-por-otro-sector-del-fdt-con-augusto-costa\/\" \/>\n<meta property=\"og:locale\" content=\"es_ES\" \/>\n<meta property=\"og:type\" content=\"article\" \/>\n<meta property=\"og:title\" content=\"Leticia Badino y Jorge L\u00e9pori tambi\u00e9n precandidatos a concejales por otro sector del FdT con Augusto Costa - Infoecos\" \/>\n<meta property=\"og:description\" content=\"Presentaci\u00f3n del Programa de Sostenimiento Econ\u00f3mico para Actividades Afectadas por la Pandemia\" \/>\n<meta property=\"og:url\" content=\"https:\/\/infoecos.com.ar\/index.php\/leticia-badino-y-jorge-lepori-tambien-precandidatos-a-concejales-por-otro-sector-del-fdt-con-augusto-costa\/\" \/>\n<meta property=\"og:site_name\" content=\"Infoecos\" \/>\n<meta property=\"article:publisher\" content=\"https:\/\/www.facebook.com\/profile.php?id=100063200290284\" \/>\n<meta property=\"article:published_time\" content=\"2021-08-03T05:20:42+00:00\" \/>\n<meta property=\"article:modified_time\" content=\"2021-08-04T06:40:49+00:00\" \/>\n<meta property=\"og:image\" content=\"https:\/\/infoecos.com.ar\/wp-content\/uploads\/2021\/08\/badinoleporiconcosta.jpg\" \/>\n\t<meta property=\"og:image:width\" content=\"719\" \/>\n\t<meta property=\"og:image:height\" content=\"539\" \/>\n\t<meta property=\"og:image:type\" content=\"image\/jpeg\" \/>\n<meta name=\"author\" content=\"Jorge Matheus\" \/>\n<meta name=\"twitter:card\" content=\"summary_large_image\" \/>\n<meta name=\"twitter:creator\" content=\"@infoecos\" \/>\n<meta name=\"twitter:site\" content=\"@infoecos\" \/>\n<meta name=\"twitter:label1\" content=\"Escrito por\" \/>\n\t<meta name=\"twitter:data1\" content=\"Jorge Matheus\" \/>\n\t<meta name=\"twitter:label2\" content=\"Tiempo de lectura\" \/>\n\t<meta name=\"twitter:data2\" content=\"1 minuto\" \/>\n<script type=\"application\/ld+json\" class=\"yoast-schema-graph\">{\"@context\":\"https:\/\/schema.org\",\"@graph\":[{\"@type\":\"Article\",\"@id\":\"https:\/\/infoecos.com.ar\/index.php\/leticia-badino-y-jorge-lepori-tambien-precandidatos-a-concejales-por-otro-sector-del-fdt-con-augusto-costa\/#article\",\"isPartOf\":{\"@id\":\"https:\/\/infoecos.com.ar\/index.php\/leticia-badino-y-jorge-lepori-tambien-precandidatos-a-concejales-por-otro-sector-del-fdt-con-augusto-costa\/\"},\"author\":{\"name\":\"Jorge Matheus\",\"@id\":\"https:\/\/infoecos.com.ar\/#\/schema\/person\/8f5ace5ce73b4b4aac4b7245aee6f191\"},\"headline\":\"Leticia Badino y Jorge L\u00e9pori tambi\u00e9n precandidatos a concejales por otro sector del FdT con Augusto Costa\",\"datePublished\":\"2021-08-03T05:20:42+00:00\",\"dateModified\":\"2021-08-04T06:40:49+00:00\",\"mainEntityOfPage\":{\"@id\":\"https:\/\/infoecos.com.ar\/index.php\/leticia-badino-y-jorge-lepori-tambien-precandidatos-a-concejales-por-otro-sector-del-fdt-con-augusto-costa\/\"},\"wordCount\":247,\"publisher\":{\"@id\":\"https:\/\/infoecos.com.ar\/#organization\"},\"image\":{\"@id\":\"https:\/\/infoecos.com.ar\/index.php\/leticia-badino-y-jorge-lepori-tambien-precandidatos-a-concejales-por-otro-sector-del-fdt-con-augusto-costa\/#primaryimage\"},\"thumbnailUrl\":\"https:\/\/infoecos.com.ar\/wp-content\/uploads\/2021\/08\/badinoleporiconcosta.jpg\",\"keywords\":[\"PREPAR\u00c1NDOSE PARA LAS PASO\"],\"articleSection\":[\"Bloque inferior - 12\"],\"inLanguage\":\"es\"},{\"@type\":\"WebPage\",\"@id\":\"https:\/\/infoecos.com.ar\/index.php\/leticia-badino-y-jorge-lepori-tambien-precandidatos-a-concejales-por-otro-sector-del-fdt-con-augusto-costa\/\",\"url\":\"https:\/\/infoecos.com.ar\/index.php\/leticia-badino-y-jorge-lepori-tambien-precandidatos-a-concejales-por-otro-sector-del-fdt-con-augusto-costa\/\",\"name\":\"Leticia Badino y Jorge L\u00e9pori tambi\u00e9n precandidatos a concejales por otro sector del FdT con Augusto Costa - Infoecos\",\"isPartOf\":{\"@id\":\"https:\/\/infoecos.com.ar\/#website\"},\"primaryImageOfPage\":{\"@id\":\"https:\/\/infoecos.com.ar\/index.php\/leticia-badino-y-jorge-lepori-tambien-precandidatos-a-concejales-por-otro-sector-del-fdt-con-augusto-costa\/#primaryimage\"},\"image\":{\"@id\":\"https:\/\/infoecos.com.ar\/index.php\/leticia-badino-y-jorge-lepori-tambien-precandidatos-a-concejales-por-otro-sector-del-fdt-con-augusto-costa\/#primaryimage\"},\"thumbnailUrl\":\"https:\/\/infoecos.com.ar\/wp-content\/uploads\/2021\/08\/badinoleporiconcosta.jpg\",\"datePublished\":\"2021-08-03T05:20:42+00:00\",\"dateModified\":\"2021-08-04T06:40:49+00:00\",\"breadcrumb\":{\"@id\":\"https:\/\/infoecos.com.ar\/index.php\/leticia-badino-y-jorge-lepori-tambien-precandidatos-a-concejales-por-otro-sector-del-fdt-con-augusto-costa\/#breadcrumb\"},\"inLanguage\":\"es\",\"potentialAction\":[{\"@type\":\"ReadAction\",\"target\":[\"https:\/\/infoecos.com.ar\/index.php\/leticia-badino-y-jorge-lepori-tambien-precandidatos-a-concejales-por-otro-sector-del-fdt-con-augusto-costa\/\"]}]},{\"@type\":\"ImageObject\",\"inLanguage\":\"es\",\"@id\":\"https:\/\/infoecos.com.ar\/index.php\/leticia-badino-y-jorge-lepori-tambien-precandidatos-a-concejales-por-otro-sector-del-fdt-con-augusto-costa\/#primaryimage\",\"url\":\"https:\/\/infoecos.com.ar\/wp-content\/uploads\/2021\/08\/badinoleporiconcosta.jpg\",\"contentUrl\":\"https:\/\/infoecos.com.ar\/wp-content\/uploads\/2021\/08\/badinoleporiconcosta.jpg\",\"width\":719,\"height\":539},{\"@type\":\"BreadcrumbList\",\"@id\":\"https:\/\/infoecos.com.ar\/index.php\/leticia-badino-y-jorge-lepori-tambien-precandidatos-a-concejales-por-otro-sector-del-fdt-con-augusto-costa\/#breadcrumb\",\"itemListElement\":[{\"@type\":\"ListItem\",\"position\":1,\"name\":\"Portada\",\"item\":\"https:\/\/infoecos.com.ar\/\"},{\"@type\":\"ListItem\",\"position\":2,\"name\":\"Leticia Badino y Jorge L\u00e9pori tambi\u00e9n precandidatos a concejales por otro sector del FdT con Augusto Costa\"}]},{\"@type\":\"WebSite\",\"@id\":\"https:\/\/infoecos.com.ar\/#website\",\"url\":\"https:\/\/infoecos.com.ar\/\",\"name\":\"Infoecos\",\"description\":\"Noticias de trenque lauquen y la zona\",\"publisher\":{\"@id\":\"https:\/\/infoecos.com.ar\/#organization\"},\"alternateName\":\"Noticias\",\"potentialAction\":[{\"@type\":\"SearchAction\",\"target\":{\"@type\":\"EntryPoint\",\"urlTemplate\":\"https:\/\/infoecos.com.ar\/?s={search_term_string}\"},\"query-input\":{\"@type\":\"PropertyValueSpecification\",\"valueRequired\":true,\"valueName\":\"search_term_string\"}}],\"inLanguage\":\"es\"},{\"@type\":\"Organization\",\"@id\":\"https:\/\/infoecos.com.ar\/#organization\",\"name\":\"Infoecos\",\"alternateName\":\"Noticias\",\"url\":\"https:\/\/infoecos.com.ar\/\",\"logo\":{\"@type\":\"ImageObject\",\"inLanguage\":\"es\",\"@id\":\"https:\/\/infoecos.com.ar\/#\/schema\/logo\/image\/\",\"url\":\"https:\/\/infoecos.com.ar\/wp-content\/uploads\/2024\/03\/cropped-logo.png\",\"contentUrl\":\"https:\/\/infoecos.com.ar\/wp-content\/uploads\/2024\/03\/cropped-logo.png\",\"width\":374,\"height\":90,\"caption\":\"Infoecos\"},\"image\":{\"@id\":\"https:\/\/infoecos.com.ar\/#\/schema\/logo\/image\/\"},\"sameAs\":[\"https:\/\/www.facebook.com\/profile.php?id=100063200290284\",\"https:\/\/x.com\/infoecos\"]},{\"@type\":\"Person\",\"@id\":\"https:\/\/infoecos.com.ar\/#\/schema\/person\/8f5ace5ce73b4b4aac4b7245aee6f191\",\"name\":\"Jorge Matheus\",\"url\":\"https:\/\/infoecos.com.ar\/index.php\/author\/jomatheus\/\"}]}<\/script>\n<!-- \/ Yoast SEO plugin. -->","yoast_head_json":{"title":"Leticia Badino y Jorge L\u00e9pori tambi\u00e9n precandidatos a concejales por otro sector del FdT con Augusto Costa - Infoecos","robots":{"index":"index","follow":"follow","max-snippet":"max-snippet:-1","max-image-preview":"max-image-preview:large","max-video-preview":"max-video-preview:-1"},"canonical":"https:\/\/infoecos.com.ar\/index.php\/leticia-badino-y-jorge-lepori-tambien-precandidatos-a-concejales-por-otro-sector-del-fdt-con-augusto-costa\/","og_locale":"es_ES","og_type":"article","og_title":"Leticia Badino y Jorge L\u00e9pori tambi\u00e9n precandidatos a concejales por otro sector del FdT con Augusto Costa - Infoecos","og_description":"Presentaci\u00f3n del Programa de Sostenimiento Econ\u00f3mico para Actividades Afectadas por la Pandemia","og_url":"https:\/\/infoecos.com.ar\/index.php\/leticia-badino-y-jorge-lepori-tambien-precandidatos-a-concejales-por-otro-sector-del-fdt-con-augusto-costa\/","og_site_name":"Infoecos","article_publisher":"https:\/\/www.facebook.com\/profile.php?id=100063200290284","article_published_time":"2021-08-03T05:20:42+00:00","article_modified_time":"2021-08-04T06:40:49+00:00","og_image":[{"width":719,"height":539,"url":"https:\/\/infoecos.com.ar\/wp-content\/uploads\/2021\/08\/badinoleporiconcosta.jpg","type":"image\/jpeg"}],"author":"Jorge Matheus","twitter_card":"summary_large_image","twitter_creator":"@infoecos","twitter_site":"@infoecos","twitter_misc":{"Escrito por":"Jorge Matheus","Tiempo de lectura":"1 minuto"},"schema":{"@context":"https:\/\/schema.org","@graph":[{"@type":"Article","@id":"https:\/\/infoecos.com.ar\/index.php\/leticia-badino-y-jorge-lepori-tambien-precandidatos-a-concejales-por-otro-sector-del-fdt-con-augusto-costa\/#article","isPartOf":{"@id":"https:\/\/infoecos.com.ar\/index.php\/leticia-badino-y-jorge-lepori-tambien-precandidatos-a-concejales-por-otro-sector-del-fdt-con-augusto-costa\/"},"author":{"name":"Jorge Matheus","@id":"https:\/\/infoecos.com.ar\/#\/schema\/person\/8f5ace5ce73b4b4aac4b7245aee6f191"},"headline":"Leticia Badino y Jorge L\u00e9pori tambi\u00e9n precandidatos a concejales por otro sector del FdT con Augusto Costa","datePublished":"2021-08-03T05:20:42+00:00","dateModified":"2021-08-04T06:40:49+00:00","mainEntityOfPage":{"@id":"https:\/\/infoecos.com.ar\/index.php\/leticia-badino-y-jorge-lepori-tambien-precandidatos-a-concejales-por-otro-sector-del-fdt-con-augusto-costa\/"},"wordCount":247,"publisher":{"@id":"https:\/\/infoecos.com.ar\/#organization"},"image":{"@id":"https:\/\/infoecos.com.ar\/index.php\/leticia-badino-y-jorge-lepori-tambien-precandidatos-a-concejales-por-otro-sector-del-fdt-con-augusto-costa\/#primaryimage"},"thumbnailUrl":"https:\/\/infoecos.com.ar\/wp-content\/uploads\/2021\/08\/badinoleporiconcosta.jpg","keywords":["PREPAR\u00c1NDOSE PARA LAS PASO"],"articleSection":["Bloque inferior - 12"],"inLanguage":"es"},{"@type":"WebPage","@id":"https:\/\/infoecos.com.ar\/index.php\/leticia-badino-y-jorge-lepori-tambien-precandidatos-a-concejales-por-otro-sector-del-fdt-con-augusto-costa\/","url":"https:\/\/infoecos.com.ar\/index.php\/leticia-badino-y-jorge-lepori-tambien-precandidatos-a-concejales-por-otro-sector-del-fdt-con-augusto-costa\/","name":"Leticia Badino y Jorge L\u00e9pori tambi\u00e9n precandidatos a concejales por otro sector del FdT con Augusto Costa - Infoecos","isPartOf":{"@id":"https:\/\/infoecos.com.ar\/#website"},"primaryImageOfPage":{"@id":"https:\/\/infoecos.com.ar\/index.php\/leticia-badino-y-jorge-lepori-tambien-precandidatos-a-concejales-por-otro-sector-del-fdt-con-augusto-costa\/#primaryimage"},"image":{"@id":"https:\/\/infoecos.com.ar\/index.php\/leticia-badino-y-jorge-lepori-tambien-precandidatos-a-concejales-por-otro-sector-del-fdt-con-augusto-costa\/#primaryimage"},"thumbnailUrl":"https:\/\/infoecos.com.ar\/wp-content\/uploads\/2021\/08\/badinoleporiconcosta.jpg","datePublished":"2021-08-03T05:20:42+00:00","dateModified":"2021-08-04T06:40:49+00:00","breadcrumb":{"@id":"https:\/\/infoecos.com.ar\/index.php\/leticia-badino-y-jorge-lepori-tambien-precandidatos-a-concejales-por-otro-sector-del-fdt-con-augusto-costa\/#breadcrumb"},"inLanguage":"es","potentialAction":[{"@type":"ReadAction","target":["https:\/\/infoecos.com.ar\/index.php\/leticia-badino-y-jorge-lepori-tambien-precandidatos-a-concejales-por-otro-sector-del-fdt-con-augusto-costa\/"]}]},{"@type":"ImageObject","inLanguage":"es","@id":"https:\/\/infoecos.com.ar\/index.php\/leticia-badino-y-jorge-lepori-tambien-precandidatos-a-concejales-por-otro-sector-del-fdt-con-augusto-costa\/#primaryimage","url":"https:\/\/infoecos.com.ar\/wp-content\/uploads\/2021\/08\/badinoleporiconcosta.jpg","contentUrl":"https:\/\/infoecos.com.ar\/wp-content\/uploads\/2021\/08\/badinoleporiconcosta.jpg","width":719,"height":539},{"@type":"BreadcrumbList","@id":"https:\/\/infoecos.com.ar\/index.php\/leticia-badino-y-jorge-lepori-tambien-precandidatos-a-concejales-por-otro-sector-del-fdt-con-augusto-costa\/#breadcrumb","itemListElement":[{"@type":"ListItem","position":1,"name":"Portada","item":"https:\/\/infoecos.com.ar\/"},{"@type":"ListItem","position":2,"name":"Leticia Badino y Jorge L\u00e9pori tambi\u00e9n precandidatos a concejales por otro sector del FdT con Augusto Costa"}]},{"@type":"WebSite","@id":"https:\/\/infoecos.com.ar\/#website","url":"https:\/\/infoecos.com.ar\/","name":"Infoecos","description":"Noticias de trenque lauquen y la zona","publisher":{"@id":"https:\/\/infoecos.com.ar\/#organization"},"alternateName":"Noticias","potentialAction":[{"@type":"SearchAction","target":{"@type":"EntryPoint","urlTemplate":"https:\/\/infoecos.com.ar\/?s={search_term_string}"},"query-input":{"@type":"PropertyValueSpecification","valueRequired":true,"valueName":"search_term_string"}}],"inLanguage":"es"},{"@type":"Organization","@id":"https:\/\/infoecos.com.ar\/#organization","name":"Infoecos","alternateName":"Noticias","url":"https:\/\/infoecos.com.ar\/","logo":{"@type":"ImageObject","inLanguage":"es","@id":"https:\/\/infoecos.com.ar\/#\/schema\/logo\/image\/","url":"https:\/\/infoecos.com.ar\/wp-content\/uploads\/2024\/03\/cropped-logo.png","contentUrl":"https:\/\/infoecos.com.ar\/wp-content\/uploads\/2024\/03\/cropped-logo.png","width":374,"height":90,"caption":"Infoecos"},"image":{"@id":"https:\/\/infoecos.com.ar\/#\/schema\/logo\/image\/"},"sameAs":["https:\/\/www.facebook.com\/profile.php?id=100063200290284","https:\/\/x.com\/infoecos"]},{"@type":"Person","@id":"https:\/\/infoecos.com.ar\/#\/schema\/person\/8f5ace5ce73b4b4aac4b7245aee6f191","name":"Jorge Matheus","url":"https:\/\/infoecos.com.ar\/index.php\/author\/jomatheus\/"}]}},"featured_image_urls":{"full":["https:\/\/infoecos.com.ar\/wp-content\/uploads\/2021\/08\/badinoleporiconcosta.jpg",719,539,false],"thumbnail":["https:\/\/infoecos.com.ar\/wp-content\/uploads\/2021\/08\/badinoleporiconcosta-150x150.jpg",150,150,true],"medium":["https:\/\/infoecos.com.ar\/wp-content\/uploads\/2021\/08\/badinoleporiconcosta-460x345.jpg",460,345,true],"medium_large":["https:\/\/infoecos.com.ar\/wp-content\/uploads\/2021\/08\/badinoleporiconcosta.jpg",640,480,false],"large":["https:\/\/infoecos.com.ar\/wp-content\/uploads\/2021\/08\/badinoleporiconcosta.jpg",640,480,false],"1536x1536":["https:\/\/infoecos.com.ar\/wp-content\/uploads\/2021\/08\/badinoleporiconcosta.jpg",719,539,false],"2048x2048":["https:\/\/infoecos.com.ar\/wp-content\/uploads\/2021\/08\/badinoleporiconcosta.jpg",719,539,false],"covernews-slider-full":["https:\/\/infoecos.com.ar\/wp-content\/uploads\/2021\/08\/badinoleporiconcosta.jpg",719,539,false],"covernews-slider-center":["https:\/\/infoecos.com.ar\/wp-content\/uploads\/2021\/08\/badinoleporiconcosta.jpg",667,500,false],"covernews-featured":["https:\/\/infoecos.com.ar\/wp-content\/uploads\/2021\/08\/badinoleporiconcosta.jpg",719,539,false],"covernews-medium":["https:\/\/infoecos.com.ar\/wp-content\/uploads\/2021\/08\/badinoleporiconcosta-719x380.jpg",540,285,true],"covernews-medium-square":["https:\/\/infoecos.com.ar\/wp-content\/uploads\/2021\/08\/badinoleporiconcosta-675x450.jpg",375,250,true]},"author_info":{"info":["Jorge Matheus"]},"category_info":"<a href=\"https:\/\/infoecos.com.ar\/index.php\/category\/inferior12\/\" rel=\"category tag\">Bloque inferior - 12<\/a>","tag_info":"Bloque inferior - 12","comment_count":"0","_links":{"self":[{"href":"https:\/\/infoecos.com.ar\/index.php\/wp-json\/wp\/v2\/posts\/82570"}],"collection":[{"href":"https:\/\/infoecos.com.ar\/index.php\/wp-json\/wp\/v2\/posts"}],"about":[{"href":"https:\/\/infoecos.com.ar\/index.php\/wp-json\/wp\/v2\/types\/post"}],"author":[{"embeddable":true,"href":"https:\/\/infoecos.com.ar\/index.php\/wp-json\/wp\/v2\/users\/2"}],"replies":[{"embeddable":true,"href":"https:\/\/infoecos.com.ar\/index.php\/wp-json\/wp\/v2\/comments?post=82570"}],"version-history":[{"count":2,"href":"https:\/\/infoecos.com.ar\/index.php\/wp-json\/wp\/v2\/posts\/82570\/revisions"}],"predecessor-version":[{"id":82574,"href":"https:\/\/infoecos.com.ar\/index.php\/wp-json\/wp\/v2\/posts\/82570\/revisions\/82574"}],"wp:featuredmedia":[{"embeddable":true,"href":"https:\/\/infoecos.com.ar\/index.php\/wp-json\/wp\/v2\/media\/82571"}],"wp:attachment":[{"href":"https:\/\/infoecos.com.ar\/index.php\/wp-json\/wp\/v2\/media?parent=82570"}],"wp:term":[{"taxonomy":"category","embeddable":true,"href":"https:\/\/infoecos.com.ar\/index.php\/wp-json\/wp\/v2\/categories?post=82570"},{"taxonomy":"post_tag","embeddable":true,"href":"https:\/\/infoecos.com.ar\/index.php\/wp-json\/wp\/v2\/tags?post=82570"}],"curies":[{"name":"wp","href":"https:\/\/api.w.org\/{rel}","templated":true}]}}