{"id":82575,"date":"2021-08-03T02:46:03","date_gmt":"2021-08-03T05:46:03","guid":{"rendered":"http:\/\/infoecos.com.ar\/?p=82575"},"modified":"2021-08-05T03:39:45","modified_gmt":"2021-08-05T06:39:45","slug":"declaraciones-de-la-doctora-marta-cohen-al-diario-el-liberal-de-santiago-del-estero","status":"publish","type":"post","link":"https:\/\/infoecos.com.ar\/index.php\/declaraciones-de-la-doctora-marta-cohen-al-diario-el-liberal-de-santiago-del-estero\/","title":{"rendered":"Declaraciones de la doctora Marta Cohen al diario \u00abEl Liberal\u00bb de Santiago del Estero"},"content":{"rendered":"\n<p>La m\u00e9dica pat\u00f3loga pedi\u00e1trica en el hospital de Sheffield, en el Reino Unido,&nbsp;<strong>Dra. Marta Cohen<\/strong>, mantuvo un di\u00e1logo con&nbsp;<strong>EL LIBERAL<\/strong>&nbsp;en el cual se refiri\u00f3 a esta nueva etapa que comenz\u00f3 a transitar la pandemia en la Argentina con la aparici\u00f3n de m\u00e1s de 40 contagios con la&nbsp;<strong>variante Delta<\/strong>&nbsp;en 4 provincias y la posibilidad latente que la circulaci\u00f3n del virus se vuelva comunitaria.<\/p>\n\n\n\n<p>Cohen advirti\u00f3 que esta situaci\u00f3n va a suceder e incluso se\u00f1al\u00f3 que seg\u00fan la experiencia brit\u00e1nica, desde los primeros casos hasta la expansi\u00f3n de los mismos no va a pasar mucho tiempo. \u201cEn un par de semanas en la Argentina va a ser m\u00e1s evidente\u201d, indic\u00f3 la experta.<\/p>\n\n\n\n<div class=\"wp-block-image is-style-default\"><figure class=\"aligncenter size-medium\"><img loading=\"lazy\" decoding=\"async\" width=\"460\" height=\"259\" src=\"http:\/\/infoecos.com.ar\/wp-content\/uploads\/cohenmarta-460x259.jpg\" alt=\"\" class=\"wp-image-62652\" srcset=\"https:\/\/infoecos.com.ar\/wp-content\/uploads\/cohenmarta-460x259.jpg 460w, https:\/\/infoecos.com.ar\/wp-content\/uploads\/cohenmarta-920x518.jpg 920w, https:\/\/infoecos.com.ar\/wp-content\/uploads\/cohenmarta-768x432.jpg 768w, https:\/\/infoecos.com.ar\/wp-content\/uploads\/cohenmarta.jpg 1004w\" sizes=\"(max-width: 460px) 100vw, 460px\" \/><\/figure><\/div>\n\n\n\n<p><strong>\u00bfSe puede evitar que haya circulaci\u00f3n comunitaria de la variante Delta?<\/strong><\/p>\n\n\n\n<p>No s\u00e9 si a esta altura se puede evitar porque vivimos en un mundo muy conectado. La pandemia est\u00e1 en el mundo, no creo que se pueda evitar. S\u00ed se puede minimizar si el gobierno hace much\u00edsimos testeos, se identifican a los contactos, se los testea, se los rastrea y se sigue manteniendo el distanciamiento social, el uso del barbijo, etc.<\/p>\n\n\n\n<p><strong>\u00bfEstaremos viendo el inicio de ese escenario de aumento de contagios como sucedi\u00f3 tambi\u00e9n en Reino Unido?<\/strong><\/p>\n\n\n\n<p>No dudo que va a haber un inicio del aumento en el n\u00famero de casos. En el Reino Unido tard\u00f3 desde el 20 de abril cuando comenz\u00f3 a encontrarse un n\u00famero peque\u00f1o de casos hasta un mes despu\u00e9s, alrededor del 20 de mayo cuando hab\u00eda un gran n\u00famero circulante de casos, pero todav\u00eda no era la mayor\u00eda. Reci\u00e9n en junio, fueron la mayor\u00eda de los casos, tard\u00f3 un mes y medio m\u00e1s o menos, por lo que estimo que en un par de semanas en la Argentina va a ser m\u00e1s evidente, alrededor del 20 de agosto va a ser m\u00e1s evidente la circulaci\u00f3n comunitaria de la variante Delta.<\/p>\n\n\n\n<p><strong>\u00bfEsta variante Delta anticip\u00f3 su llegada?, por la vacunaci\u00f3n contra reloj con la que se busc\u00f3 avanzar en las \u00faltimas semanas<\/strong><\/p>\n\n\n\n<p>No es que Delta anticip\u00f3 su llegada. La vacunaci\u00f3n contra reloj en primer lugar no es tal a mi manera de ver. Las dosis administradas no han llegado a las 250.000 por d\u00eda y deber\u00edan ser 600.000, adem\u00e1s baja mucho el ritmo los fines de semana, deber\u00eda aumentarse los fines de semana la vacunaci\u00f3n. Entiendo que hay varios millones de dosis que est\u00e1n disponibles para ser administradas y no se han administrado. Hay 6 millones de personas que han recibido la primera dosis de Sputnik y no han recibido la segunda dosis de Sputnik y se sigue hablando de la separaci\u00f3n de 3 meses para las dosis cuando en realidad eso ya no da. Con una sola dosis la eficiencia es del 33% y la eficiencia superior al 60% en todas las vacunas en general se logra a las dos semanas de la segunda dosis as\u00ed que la aceleraci\u00f3n de una dosis no va a ayudar porque en realidad lo que hay que acelerar es la segunda dosis.<\/p>\n\n\n\n<p><strong>\u00bfCu\u00e1l es el pr\u00f3ximo escenario?<\/strong><\/p>\n\n\n\n<p>El pr\u00f3ximo escenario va a depender de lo que haga el Gobierno: testeos, rastreos, testeos de los contactos y vacunaci\u00f3n con segunda dosis. Por lo menos hay que dar primera y segunda dosis a raz\u00f3n de 500 a 600 mil dosis diarias de lunes a lunes, sin dudarlo. Lo importante es llegar a que 2\/3 de la poblaci\u00f3n est\u00e9 vacunada con segunda dosis lo antes posible. Mientras tanto por supuesto hay que seguir con cierto confinamiento y restricciones .El pasaporte sanitario para quienes tienen una sola dosis<\/p>\n\n\n\n<p><strong><u>El pasaporte sanitario para quienes tienen una sola dosis<\/u><\/strong><\/p>\n\n\n\n<p><strong>\u00bfQu\u00e9 opina del pasaporte sanitario?<\/strong><\/p>\n\n\n\n<p>No estoy de acuerdo con el pasaporte sanitario que se est\u00e1 dando en algunos lugares con una sola dosis porque esto no va y no es adecuado para la variante Delta. Porque hay que recordar que la eficiencia de una dosis es insuficiente, es de 33% solamente y cualquier cosa por debajo del 50% no es adecuada.<\/p>\n\n\n\n<p><strong><u>\u201cEs la m\u00e1s contagiosa y resistente a vacunas\u201d<\/u><\/strong><\/p>\n\n\n\n<p>La variante Delta del coronavirus detectada en India por primera vez en octubre de 2020 se caracteriza por ser mucho m\u00e1s transmisible que la original y va camino a convertirse en la dominante en el mundo.<\/p>\n\n\n\n<p>La<strong>&nbsp;Organizaci\u00f3n Mundial de la Salud<\/strong>&nbsp;(OMS) inform\u00f3 ayer que la variante Delta o B.1.617.2 ya se detect\u00f3 en al menos 132 pa\u00edses y es considerada como una de las cuatro mutaciones m\u00e1s preocupantes, junto con la del Reino Unido, Sud\u00e1frica y Brasil. El director general de la OMS, Tedros Adhanom Ghebreyesus, asegur\u00f3 que es considerada \u2018m\u00e1s contagiosa y resistente a las vacunas\u2019.<\/p>\n\n\n\n<p>Soumya Swaminathan, jefa del departamento de cient\u00edficos de la OMS, sostuvo que \u2018tiene caracter\u00edsticas que permiten que evada al sistema inmunitario\u201d.<\/p>\n","protected":false},"excerpt":{"rendered":"<p>\u00abEl pr\u00f3ximo escenario va a depender de lo que haga el Gobierno: testeos, rastreos, testeos de los contactos y vacunaci\u00f3n con segunda dosis\u00bb, se\u00f1al\u00f3 entre otras cosas<\/p>\n","protected":false},"author":2,"featured_media":67585,"comment_status":"closed","ping_status":"open","sticky":false,"template":"","format":"standard","meta":{"footnotes":""},"categories":[1335],"tags":[4508],"class_list":["post-82575","post","type-post","status-publish","format-standard","has-post-thumbnail","hentry","category-inferior15","tag-no-duda-que-aumentara-la-variante-delta"],"yoast_head":"<!-- This site is optimized with the Yoast SEO plugin v23.4 - https:\/\/yoast.com\/wordpress\/plugins\/seo\/ -->\n<title>Declaraciones de la doctora Marta Cohen al diario &quot;El Liberal&quot; de Santiago del Estero - Infoecos<\/title>\n<meta name=\"robots\" content=\"index, follow, max-snippet:-1, max-image-preview:large, max-video-preview:-1\" \/>\n<link rel=\"canonical\" href=\"https:\/\/infoecos.com.ar\/index.php\/declaraciones-de-la-doctora-marta-cohen-al-diario-el-liberal-de-santiago-del-estero\/\" \/>\n<meta property=\"og:locale\" content=\"es_ES\" \/>\n<meta property=\"og:type\" content=\"article\" \/>\n<meta property=\"og:title\" content=\"Declaraciones de la doctora Marta Cohen al diario &quot;El Liberal&quot; de Santiago del Estero - Infoecos\" \/>\n<meta property=\"og:description\" content=\"&quot;El pr\u00f3ximo escenario va a depender de lo que haga el Gobierno: testeos, rastreos, testeos de los contactos y vacunaci\u00f3n con segunda dosis&quot;, se\u00f1al\u00f3 entre otras cosas\" \/>\n<meta property=\"og:url\" content=\"https:\/\/infoecos.com.ar\/index.php\/declaraciones-de-la-doctora-marta-cohen-al-diario-el-liberal-de-santiago-del-estero\/\" \/>\n<meta property=\"og:site_name\" content=\"Infoecos\" \/>\n<meta property=\"article:publisher\" content=\"https:\/\/www.facebook.com\/profile.php?id=100063200290284\" \/>\n<meta property=\"article:published_time\" content=\"2021-08-03T05:46:03+00:00\" \/>\n<meta property=\"article:modified_time\" content=\"2021-08-05T06:39:45+00:00\" \/>\n<meta property=\"og:image\" content=\"https:\/\/infoecos.com.ar\/wp-content\/uploads\/2020\/09\/marta-cohen-laboratorio.jpg\" \/>\n\t<meta property=\"og:image:width\" content=\"1004\" \/>\n\t<meta property=\"og:image:height\" content=\"565\" \/>\n\t<meta property=\"og:image:type\" content=\"image\/jpeg\" \/>\n<meta name=\"author\" content=\"Jorge Matheus\" \/>\n<meta name=\"twitter:card\" content=\"summary_large_image\" \/>\n<meta name=\"twitter:creator\" content=\"@infoecos\" \/>\n<meta name=\"twitter:site\" content=\"@infoecos\" \/>\n<meta name=\"twitter:label1\" content=\"Escrito por\" \/>\n\t<meta name=\"twitter:data1\" content=\"Jorge Matheus\" \/>\n\t<meta name=\"twitter:label2\" content=\"Tiempo de lectura\" \/>\n\t<meta name=\"twitter:data2\" content=\"4 minutos\" \/>\n<script type=\"application\/ld+json\" class=\"yoast-schema-graph\">{\"@context\":\"https:\/\/schema.org\",\"@graph\":[{\"@type\":\"Article\",\"@id\":\"https:\/\/infoecos.com.ar\/index.php\/declaraciones-de-la-doctora-marta-cohen-al-diario-el-liberal-de-santiago-del-estero\/#article\",\"isPartOf\":{\"@id\":\"https:\/\/infoecos.com.ar\/index.php\/declaraciones-de-la-doctora-marta-cohen-al-diario-el-liberal-de-santiago-del-estero\/\"},\"author\":{\"name\":\"Jorge Matheus\",\"@id\":\"https:\/\/infoecos.com.ar\/#\/schema\/person\/8f5ace5ce73b4b4aac4b7245aee6f191\"},\"headline\":\"Declaraciones de la doctora Marta Cohen al diario \u00abEl Liberal\u00bb de Santiago del Estero\",\"datePublished\":\"2021-08-03T05:46:03+00:00\",\"dateModified\":\"2021-08-05T06:39:45+00:00\",\"mainEntityOfPage\":{\"@id\":\"https:\/\/infoecos.com.ar\/index.php\/declaraciones-de-la-doctora-marta-cohen-al-diario-el-liberal-de-santiago-del-estero\/\"},\"wordCount\":851,\"publisher\":{\"@id\":\"https:\/\/infoecos.com.ar\/#organization\"},\"image\":{\"@id\":\"https:\/\/infoecos.com.ar\/index.php\/declaraciones-de-la-doctora-marta-cohen-al-diario-el-liberal-de-santiago-del-estero\/#primaryimage\"},\"thumbnailUrl\":\"https:\/\/infoecos.com.ar\/wp-content\/uploads\/2020\/09\/marta-cohen-laboratorio.jpg\",\"keywords\":[\"NO DUDA QUE AUMENTAR\u00c1 LA VARIANTE DELTA\"],\"articleSection\":[\"Bloque inferior - 15\"],\"inLanguage\":\"es\"},{\"@type\":\"WebPage\",\"@id\":\"https:\/\/infoecos.com.ar\/index.php\/declaraciones-de-la-doctora-marta-cohen-al-diario-el-liberal-de-santiago-del-estero\/\",\"url\":\"https:\/\/infoecos.com.ar\/index.php\/declaraciones-de-la-doctora-marta-cohen-al-diario-el-liberal-de-santiago-del-estero\/\",\"name\":\"Declaraciones de la doctora Marta Cohen al diario \\\"El Liberal\\\" de Santiago del Estero - Infoecos\",\"isPartOf\":{\"@id\":\"https:\/\/infoecos.com.ar\/#website\"},\"primaryImageOfPage\":{\"@id\":\"https:\/\/infoecos.com.ar\/index.php\/declaraciones-de-la-doctora-marta-cohen-al-diario-el-liberal-de-santiago-del-estero\/#primaryimage\"},\"image\":{\"@id\":\"https:\/\/infoecos.com.ar\/index.php\/declaraciones-de-la-doctora-marta-cohen-al-diario-el-liberal-de-santiago-del-estero\/#primaryimage\"},\"thumbnailUrl\":\"https:\/\/infoecos.com.ar\/wp-content\/uploads\/2020\/09\/marta-cohen-laboratorio.jpg\",\"datePublished\":\"2021-08-03T05:46:03+00:00\",\"dateModified\":\"2021-08-05T06:39:45+00:00\",\"breadcrumb\":{\"@id\":\"https:\/\/infoecos.com.ar\/index.php\/declaraciones-de-la-doctora-marta-cohen-al-diario-el-liberal-de-santiago-del-estero\/#breadcrumb\"},\"inLanguage\":\"es\",\"potentialAction\":[{\"@type\":\"ReadAction\",\"target\":[\"https:\/\/infoecos.com.ar\/index.php\/declaraciones-de-la-doctora-marta-cohen-al-diario-el-liberal-de-santiago-del-estero\/\"]}]},{\"@type\":\"ImageObject\",\"inLanguage\":\"es\",\"@id\":\"https:\/\/infoecos.com.ar\/index.php\/declaraciones-de-la-doctora-marta-cohen-al-diario-el-liberal-de-santiago-del-estero\/#primaryimage\",\"url\":\"https:\/\/infoecos.com.ar\/wp-content\/uploads\/2020\/09\/marta-cohen-laboratorio.jpg\",\"contentUrl\":\"https:\/\/infoecos.com.ar\/wp-content\/uploads\/2020\/09\/marta-cohen-laboratorio.jpg\",\"width\":1004,\"height\":565},{\"@type\":\"BreadcrumbList\",\"@id\":\"https:\/\/infoecos.com.ar\/index.php\/declaraciones-de-la-doctora-marta-cohen-al-diario-el-liberal-de-santiago-del-estero\/#breadcrumb\",\"itemListElement\":[{\"@type\":\"ListItem\",\"position\":1,\"name\":\"Portada\",\"item\":\"https:\/\/infoecos.com.ar\/\"},{\"@type\":\"ListItem\",\"position\":2,\"name\":\"Declaraciones de la doctora Marta Cohen al diario \u00abEl Liberal\u00bb de Santiago del Estero\"}]},{\"@type\":\"WebSite\",\"@id\":\"https:\/\/infoecos.com.ar\/#website\",\"url\":\"https:\/\/infoecos.com.ar\/\",\"name\":\"Infoecos\",\"description\":\"Noticias de trenque lauquen y la zona\",\"publisher\":{\"@id\":\"https:\/\/infoecos.com.ar\/#organization\"},\"alternateName\":\"Noticias\",\"potentialAction\":[{\"@type\":\"SearchAction\",\"target\":{\"@type\":\"EntryPoint\",\"urlTemplate\":\"https:\/\/infoecos.com.ar\/?s={search_term_string}\"},\"query-input\":{\"@type\":\"PropertyValueSpecification\",\"valueRequired\":true,\"valueName\":\"search_term_string\"}}],\"inLanguage\":\"es\"},{\"@type\":\"Organization\",\"@id\":\"https:\/\/infoecos.com.ar\/#organization\",\"name\":\"Infoecos\",\"alternateName\":\"Noticias\",\"url\":\"https:\/\/infoecos.com.ar\/\",\"logo\":{\"@type\":\"ImageObject\",\"inLanguage\":\"es\",\"@id\":\"https:\/\/infoecos.com.ar\/#\/schema\/logo\/image\/\",\"url\":\"https:\/\/infoecos.com.ar\/wp-content\/uploads\/2024\/03\/cropped-logo.png\",\"contentUrl\":\"https:\/\/infoecos.com.ar\/wp-content\/uploads\/2024\/03\/cropped-logo.png\",\"width\":374,\"height\":90,\"caption\":\"Infoecos\"},\"image\":{\"@id\":\"https:\/\/infoecos.com.ar\/#\/schema\/logo\/image\/\"},\"sameAs\":[\"https:\/\/www.facebook.com\/profile.php?id=100063200290284\",\"https:\/\/x.com\/infoecos\"]},{\"@type\":\"Person\",\"@id\":\"https:\/\/infoecos.com.ar\/#\/schema\/person\/8f5ace5ce73b4b4aac4b7245aee6f191\",\"name\":\"Jorge Matheus\",\"url\":\"https:\/\/infoecos.com.ar\/index.php\/author\/jomatheus\/\"}]}<\/script>\n<!-- \/ Yoast SEO plugin. -->","yoast_head_json":{"title":"Declaraciones de la doctora Marta Cohen al diario \"El Liberal\" de Santiago del Estero - Infoecos","robots":{"index":"index","follow":"follow","max-snippet":"max-snippet:-1","max-image-preview":"max-image-preview:large","max-video-preview":"max-video-preview:-1"},"canonical":"https:\/\/infoecos.com.ar\/index.php\/declaraciones-de-la-doctora-marta-cohen-al-diario-el-liberal-de-santiago-del-estero\/","og_locale":"es_ES","og_type":"article","og_title":"Declaraciones de la doctora Marta Cohen al diario \"El Liberal\" de Santiago del Estero - Infoecos","og_description":"\"El pr\u00f3ximo escenario va a depender de lo que haga el Gobierno: testeos, rastreos, testeos de los contactos y vacunaci\u00f3n con segunda dosis\", se\u00f1al\u00f3 entre otras cosas","og_url":"https:\/\/infoecos.com.ar\/index.php\/declaraciones-de-la-doctora-marta-cohen-al-diario-el-liberal-de-santiago-del-estero\/","og_site_name":"Infoecos","article_publisher":"https:\/\/www.facebook.com\/profile.php?id=100063200290284","article_published_time":"2021-08-03T05:46:03+00:00","article_modified_time":"2021-08-05T06:39:45+00:00","og_image":[{"width":1004,"height":565,"url":"https:\/\/infoecos.com.ar\/wp-content\/uploads\/2020\/09\/marta-cohen-laboratorio.jpg","type":"image\/jpeg"}],"author":"Jorge Matheus","twitter_card":"summary_large_image","twitter_creator":"@infoecos","twitter_site":"@infoecos","twitter_misc":{"Escrito por":"Jorge Matheus","Tiempo de lectura":"4 minutos"},"schema":{"@context":"https:\/\/schema.org","@graph":[{"@type":"Article","@id":"https:\/\/infoecos.com.ar\/index.php\/declaraciones-de-la-doctora-marta-cohen-al-diario-el-liberal-de-santiago-del-estero\/#article","isPartOf":{"@id":"https:\/\/infoecos.com.ar\/index.php\/declaraciones-de-la-doctora-marta-cohen-al-diario-el-liberal-de-santiago-del-estero\/"},"author":{"name":"Jorge Matheus","@id":"https:\/\/infoecos.com.ar\/#\/schema\/person\/8f5ace5ce73b4b4aac4b7245aee6f191"},"headline":"Declaraciones de la doctora Marta Cohen al diario \u00abEl Liberal\u00bb de Santiago del Estero","datePublished":"2021-08-03T05:46:03+00:00","dateModified":"2021-08-05T06:39:45+00:00","mainEntityOfPage":{"@id":"https:\/\/infoecos.com.ar\/index.php\/declaraciones-de-la-doctora-marta-cohen-al-diario-el-liberal-de-santiago-del-estero\/"},"wordCount":851,"publisher":{"@id":"https:\/\/infoecos.com.ar\/#organization"},"image":{"@id":"https:\/\/infoecos.com.ar\/index.php\/declaraciones-de-la-doctora-marta-cohen-al-diario-el-liberal-de-santiago-del-estero\/#primaryimage"},"thumbnailUrl":"https:\/\/infoecos.com.ar\/wp-content\/uploads\/2020\/09\/marta-cohen-laboratorio.jpg","keywords":["NO DUDA QUE AUMENTAR\u00c1 LA VARIANTE DELTA"],"articleSection":["Bloque inferior - 15"],"inLanguage":"es"},{"@type":"WebPage","@id":"https:\/\/infoecos.com.ar\/index.php\/declaraciones-de-la-doctora-marta-cohen-al-diario-el-liberal-de-santiago-del-estero\/","url":"https:\/\/infoecos.com.ar\/index.php\/declaraciones-de-la-doctora-marta-cohen-al-diario-el-liberal-de-santiago-del-estero\/","name":"Declaraciones de la doctora Marta Cohen al diario \"El Liberal\" de Santiago del Estero - Infoecos","isPartOf":{"@id":"https:\/\/infoecos.com.ar\/#website"},"primaryImageOfPage":{"@id":"https:\/\/infoecos.com.ar\/index.php\/declaraciones-de-la-doctora-marta-cohen-al-diario-el-liberal-de-santiago-del-estero\/#primaryimage"},"image":{"@id":"https:\/\/infoecos.com.ar\/index.php\/declaraciones-de-la-doctora-marta-cohen-al-diario-el-liberal-de-santiago-del-estero\/#primaryimage"},"thumbnailUrl":"https:\/\/infoecos.com.ar\/wp-content\/uploads\/2020\/09\/marta-cohen-laboratorio.jpg","datePublished":"2021-08-03T05:46:03+00:00","dateModified":"2021-08-05T06:39:45+00:00","breadcrumb":{"@id":"https:\/\/infoecos.com.ar\/index.php\/declaraciones-de-la-doctora-marta-cohen-al-diario-el-liberal-de-santiago-del-estero\/#breadcrumb"},"inLanguage":"es","potentialAction":[{"@type":"ReadAction","target":["https:\/\/infoecos.com.ar\/index.php\/declaraciones-de-la-doctora-marta-cohen-al-diario-el-liberal-de-santiago-del-estero\/"]}]},{"@type":"ImageObject","inLanguage":"es","@id":"https:\/\/infoecos.com.ar\/index.php\/declaraciones-de-la-doctora-marta-cohen-al-diario-el-liberal-de-santiago-del-estero\/#primaryimage","url":"https:\/\/infoecos.com.ar\/wp-content\/uploads\/2020\/09\/marta-cohen-laboratorio.jpg","contentUrl":"https:\/\/infoecos.com.ar\/wp-content\/uploads\/2020\/09\/marta-cohen-laboratorio.jpg","width":1004,"height":565},{"@type":"BreadcrumbList","@id":"https:\/\/infoecos.com.ar\/index.php\/declaraciones-de-la-doctora-marta-cohen-al-diario-el-liberal-de-santiago-del-estero\/#breadcrumb","itemListElement":[{"@type":"ListItem","position":1,"name":"Portada","item":"https:\/\/infoecos.com.ar\/"},{"@type":"ListItem","position":2,"name":"Declaraciones de la doctora Marta Cohen al diario \u00abEl Liberal\u00bb de Santiago del Estero"}]},{"@type":"WebSite","@id":"https:\/\/infoecos.com.ar\/#website","url":"https:\/\/infoecos.com.ar\/","name":"Infoecos","description":"Noticias de trenque lauquen y la zona","publisher":{"@id":"https:\/\/infoecos.com.ar\/#organization"},"alternateName":"Noticias","potentialAction":[{"@type":"SearchAction","target":{"@type":"EntryPoint","urlTemplate":"https:\/\/infoecos.com.ar\/?s={search_term_string}"},"query-input":{"@type":"PropertyValueSpecification","valueRequired":true,"valueName":"search_term_string"}}],"inLanguage":"es"},{"@type":"Organization","@id":"https:\/\/infoecos.com.ar\/#organization","name":"Infoecos","alternateName":"Noticias","url":"https:\/\/infoecos.com.ar\/","logo":{"@type":"ImageObject","inLanguage":"es","@id":"https:\/\/infoecos.com.ar\/#\/schema\/logo\/image\/","url":"https:\/\/infoecos.com.ar\/wp-content\/uploads\/2024\/03\/cropped-logo.png","contentUrl":"https:\/\/infoecos.com.ar\/wp-content\/uploads\/2024\/03\/cropped-logo.png","width":374,"height":90,"caption":"Infoecos"},"image":{"@id":"https:\/\/infoecos.com.ar\/#\/schema\/logo\/image\/"},"sameAs":["https:\/\/www.facebook.com\/profile.php?id=100063200290284","https:\/\/x.com\/infoecos"]},{"@type":"Person","@id":"https:\/\/infoecos.com.ar\/#\/schema\/person\/8f5ace5ce73b4b4aac4b7245aee6f191","name":"Jorge Matheus","url":"https:\/\/infoecos.com.ar\/index.php\/author\/jomatheus\/"}]}},"featured_image_urls":{"full":["https:\/\/infoecos.com.ar\/wp-content\/uploads\/2020\/09\/marta-cohen-laboratorio.jpg",1004,565,false],"thumbnail":["https:\/\/infoecos.com.ar\/wp-content\/uploads\/2020\/09\/marta-cohen-laboratorio-150x150.jpg",150,150,true],"medium":["https:\/\/infoecos.com.ar\/wp-content\/uploads\/2020\/09\/marta-cohen-laboratorio-460x259.jpg",460,259,true],"medium_large":["https:\/\/infoecos.com.ar\/wp-content\/uploads\/2020\/09\/marta-cohen-laboratorio-768x432.jpg",640,360,true],"large":["https:\/\/infoecos.com.ar\/wp-content\/uploads\/2020\/09\/marta-cohen-laboratorio-920x518.jpg",640,360,true],"1536x1536":["https:\/\/infoecos.com.ar\/wp-content\/uploads\/2020\/09\/marta-cohen-laboratorio.jpg",1004,565,false],"2048x2048":["https:\/\/infoecos.com.ar\/wp-content\/uploads\/2020\/09\/marta-cohen-laboratorio.jpg",1004,565,false],"covernews-slider-full":["https:\/\/infoecos.com.ar\/wp-content\/uploads\/2020\/09\/marta-cohen-laboratorio.jpg",1004,565,false],"covernews-slider-center":["https:\/\/infoecos.com.ar\/wp-content\/uploads\/2020\/09\/marta-cohen-laboratorio-936x565.jpg",800,483,true],"covernews-featured":["https:\/\/infoecos.com.ar\/wp-content\/uploads\/2020\/09\/marta-cohen-laboratorio.jpg",1004,565,false],"covernews-medium":["https:\/\/infoecos.com.ar\/wp-content\/uploads\/2020\/09\/marta-cohen-laboratorio-720x380.jpg",540,285,true],"covernews-medium-square":["https:\/\/infoecos.com.ar\/wp-content\/uploads\/2020\/09\/marta-cohen-laboratorio-675x450.jpg",375,250,true]},"author_info":{"info":["Jorge Matheus"]},"category_info":"<a href=\"https:\/\/infoecos.com.ar\/index.php\/category\/inferior15\/\" rel=\"category tag\">Bloque inferior - 15<\/a>","tag_info":"Bloque inferior - 15","comment_count":"0","_links":{"self":[{"href":"https:\/\/infoecos.com.ar\/index.php\/wp-json\/wp\/v2\/posts\/82575"}],"collection":[{"href":"https:\/\/infoecos.com.ar\/index.php\/wp-json\/wp\/v2\/posts"}],"about":[{"href":"https:\/\/infoecos.com.ar\/index.php\/wp-json\/wp\/v2\/types\/post"}],"author":[{"embeddable":true,"href":"https:\/\/infoecos.com.ar\/index.php\/wp-json\/wp\/v2\/users\/2"}],"replies":[{"embeddable":true,"href":"https:\/\/infoecos.com.ar\/index.php\/wp-json\/wp\/v2\/comments?post=82575"}],"version-history":[{"count":2,"href":"https:\/\/infoecos.com.ar\/index.php\/wp-json\/wp\/v2\/posts\/82575\/revisions"}],"predecessor-version":[{"id":82578,"href":"https:\/\/infoecos.com.ar\/index.php\/wp-json\/wp\/v2\/posts\/82575\/revisions\/82578"}],"wp:featuredmedia":[{"embeddable":true,"href":"https:\/\/infoecos.com.ar\/index.php\/wp-json\/wp\/v2\/media\/67585"}],"wp:attachment":[{"href":"https:\/\/infoecos.com.ar\/index.php\/wp-json\/wp\/v2\/media?parent=82575"}],"wp:term":[{"taxonomy":"category","embeddable":true,"href":"https:\/\/infoecos.com.ar\/index.php\/wp-json\/wp\/v2\/categories?post=82575"},{"taxonomy":"post_tag","embeddable":true,"href":"https:\/\/infoecos.com.ar\/index.php\/wp-json\/wp\/v2\/tags?post=82575"}],"curies":[{"name":"wp","href":"https:\/\/api.w.org\/{rel}","templated":true}]}}