{"id":82579,"date":"2021-08-03T02:54:58","date_gmt":"2021-08-03T05:54:58","guid":{"rendered":"http:\/\/infoecos.com.ar\/?p=82579"},"modified":"2021-08-05T03:36:35","modified_gmt":"2021-08-05T06:36:35","slug":"comienza-este-martes-la-vacunacion-para-menores-de-12-a-17-anos-en-la-provincia-de-buenos-aires","status":"publish","type":"post","link":"https:\/\/infoecos.com.ar\/index.php\/comienza-este-martes-la-vacunacion-para-menores-de-12-a-17-anos-en-la-provincia-de-buenos-aires\/","title":{"rendered":"Comenz\u00f3 este martes la vacunaci\u00f3n para menores de 12 a 17 a\u00f1os en la provincia de Buenos Aires"},"content":{"rendered":"\n<p class=\"wp-block-paragraph\">El pasado viernes, la provincia de Buenos Aires envi\u00f3 los primeros 100 mil turnos para menores de edad, de 12 a 17 a\u00f1os priorizados por sus condiciones de salud, que comenzaron a aplicarse desde este martes 3 de agosto. Para la colocaci\u00f3n de la misma, es necesario que los chicos y chicas de 12 a\u00f1os concurran al vacunatorio con un adulto responsable.<\/p>\n\n\n\n<div class=\"wp-block-image is-style-default\"><figure class=\"aligncenter size-medium\"><img loading=\"lazy\" decoding=\"async\" width=\"460\" height=\"259\" src=\"http:\/\/infoecos.com.ar\/wp-content\/uploads\/2021\/06\/VACUNACIONCORO-460x259.jpg\" alt=\"\" class=\"wp-image-79591\" srcset=\"https:\/\/infoecos.com.ar\/wp-content\/uploads\/2021\/06\/VACUNACIONCORO-460x259.jpg 460w, https:\/\/infoecos.com.ar\/wp-content\/uploads\/2021\/06\/VACUNACIONCORO.jpg 720w\" sizes=\"auto, (max-width: 460px) 100vw, 460px\" \/><\/figure><\/div>\n\n\n\n<p class=\"wp-block-paragraph\">En Buenos Aires Vacunate, la inscripci\u00f3n ya se encuentra abierta para todo el grupo etario de 12 a 17 a\u00f1os y se inicia con esta etapa la inmunizaci\u00f3n de aquellos que poseen condiciones de salud que implican mayor riesgo. Esta semana la provincia recibi\u00f3 a trav\u00e9s de la distribuci\u00f3n realizada por el Gobierno Nacional, m\u00e1s de 300 mil dosis de la vacuna de Moderna, aprobada para uso pedi\u00e1trico.<\/p>\n\n\n\n<p class=\"wp-block-paragraph\">Quienes deseen registrarse en el plan de vacunaci\u00f3n p\u00fablico, gratuito y optativo, pueden hacerlo desde la web vacunatepba.gba.gob.ar o a trav\u00e9s de la aplicaci\u00f3n VacunatePBA.<br>De acuerdo a los lineamientos establecidos a nivel nacional, la vacunaci\u00f3n correspondiente a la franja etaria de 12 a 17 a\u00f1os incluye las siguientes condiciones priorizadas:<\/p>\n\n\n\n<p class=\"wp-block-paragraph\">\u2022 Diabetes tipo 1 o 2.<br>\u2022 Obesidad grado 2 (IMC &gt; 35) y grado 3 (IMC &gt; 40).<br>\u2022 Enfermedad cardiovascular cr\u00f3nica: Insuficiencia card\u00edaca, enfermedad coronaria, valvulopat\u00edas, miocardiopat\u00edas, hipertensi\u00f3n pulmonar, cardiopat\u00edas cong\u00e9nitas.<br>\u2022 Enfermedad renal cr\u00f3nica (incluidos pacientes en di\u00e1lisis cr\u00f3nica y trasplantes) y s\u00edndrome nefr\u00f3tico.<br>\u2022 Enfermedad respiratoria cr\u00f3nica: Enfermedad pulmonar obstructiva cr\u00f3nica (EPOC), fibrosis qu\u00edstica, enfermedad intersticial pulmonar, asma grave; requerimiento de ox\u00edgeno terapia; enfermedad grave de la v\u00eda a\u00e9rea; hospitalizaciones por asma.&nbsp;<br>\u2022 Enfermedad hep\u00e1tica: Cirrosis, hepatitis autoinmune.<br>\u2022 Personas que viven con VIH independientemente del CD4 y CV.<br>\u2022 Pacientes en lista de espera para trasplantes de \u00f3rganos s\u00f3lidos y trasplantes de c\u00e9lulas hematopoy\u00e9ticas.<br>\u2022 Pacientes oncol\u00f3gicos y oncohematol\u00f3gicos con diagn\u00f3stico reciente o \u201cactiva\u201d.&nbsp;<br>\u2022 Personas con tuberculosis activa.<br>\u2022 Personas con discapacidad intelectual y del desarrollo.&nbsp;<br>\u2022 S\u00edndrome de Down.<br>\u2022 Personas con enfermedades autoinmunes y\/o tratamientos inmunosupresores, inmunomoduladores o biol\u00f3gicos.&nbsp;<br>\u2022 Adolescentes que viven en lugares de larga estancia.<br>\u2022 Personas gestantes de 12 a 17 a\u00f1os con indicaci\u00f3n individual.<br>\u2022 Personas con carnet \u00fanico de discapacidad (CUD) vigente.<br>\u2022 Personas con pensi\u00f3n de ANSES por invalidez aunque no tengan CUD.<br>\u2022 Personas con pensi\u00f3n de ANSES por trasplantes aunque no tengan CUD.<\/p>\n","protected":false},"excerpt":{"rendered":"<p>Quienes deseen registrarse en el plan de vacunaci\u00f3n p\u00fablico, gratuito y optativo, pueden hacerlo desde la web vacunatepba.gba.gob.ar o a trav\u00e9s de la aplicaci\u00f3n VacunatePBA<\/p>\n","protected":false},"author":2,"featured_media":79591,"comment_status":"closed","ping_status":"open","sticky":false,"template":"","format":"standard","meta":{"footnotes":""},"categories":[1331],"tags":[4509],"class_list":["post-82579","post","type-post","status-publish","format-standard","has-post-thumbnail","hentry","category-inferior11","tag-se-enviaron-los-primeros-100-mil-turnos"],"featured_image_urls":{"full":["https:\/\/infoecos.com.ar\/wp-content\/uploads\/2021\/06\/VACUNACIONCORO.jpg",720,405,false],"thumbnail":["https:\/\/infoecos.com.ar\/wp-content\/uploads\/2021\/06\/VACUNACIONCORO-150x150.jpg",150,150,true],"medium":["https:\/\/infoecos.com.ar\/wp-content\/uploads\/2021\/06\/VACUNACIONCORO-460x259.jpg",460,259,true],"medium_large":["https:\/\/infoecos.com.ar\/wp-content\/uploads\/2021\/06\/VACUNACIONCORO.jpg",640,360,false],"large":["https:\/\/infoecos.com.ar\/wp-content\/uploads\/2021\/06\/VACUNACIONCORO.jpg",640,360,false],"1536x1536":["https:\/\/infoecos.com.ar\/wp-content\/uploads\/2021\/06\/VACUNACIONCORO.jpg",720,405,false],"2048x2048":["https:\/\/infoecos.com.ar\/wp-content\/uploads\/2021\/06\/VACUNACIONCORO.jpg",720,405,false],"covernews-slider-full":["https:\/\/infoecos.com.ar\/wp-content\/uploads\/2021\/06\/VACUNACIONCORO.jpg",720,405,false],"covernews-slider-center":["https:\/\/infoecos.com.ar\/wp-content\/uploads\/2021\/06\/VACUNACIONCORO.jpg",720,405,false],"covernews-featured":["https:\/\/infoecos.com.ar\/wp-content\/uploads\/2021\/06\/VACUNACIONCORO.jpg",720,405,false],"covernews-medium":["https:\/\/infoecos.com.ar\/wp-content\/uploads\/2021\/06\/VACUNACIONCORO-720x380.jpg",540,285,true],"covernews-medium-square":["https:\/\/infoecos.com.ar\/wp-content\/uploads\/2021\/06\/VACUNACIONCORO-675x405.jpg",400,240,true]},"author_info":{"info":["Jorge Matheus"]},"category_info":"<a href=\"https:\/\/infoecos.com.ar\/index.php\/category\/inferior11\/\" rel=\"category tag\">Bloque inferior - 11<\/a>","tag_info":"Bloque inferior - 11","comment_count":"0","_links":{"self":[{"href":"https:\/\/infoecos.com.ar\/index.php\/wp-json\/wp\/v2\/posts\/82579","targetHints":{"allow":["GET"]}}],"collection":[{"href":"https:\/\/infoecos.com.ar\/index.php\/wp-json\/wp\/v2\/posts"}],"about":[{"href":"https:\/\/infoecos.com.ar\/index.php\/wp-json\/wp\/v2\/types\/post"}],"author":[{"embeddable":true,"href":"https:\/\/infoecos.com.ar\/index.php\/wp-json\/wp\/v2\/users\/2"}],"replies":[{"embeddable":true,"href":"https:\/\/infoecos.com.ar\/index.php\/wp-json\/wp\/v2\/comments?post=82579"}],"version-history":[{"count":2,"href":"https:\/\/infoecos.com.ar\/index.php\/wp-json\/wp\/v2\/posts\/82579\/revisions"}],"predecessor-version":[{"id":82674,"href":"https:\/\/infoecos.com.ar\/index.php\/wp-json\/wp\/v2\/posts\/82579\/revisions\/82674"}],"wp:featuredmedia":[{"embeddable":true,"href":"https:\/\/infoecos.com.ar\/index.php\/wp-json\/wp\/v2\/media\/79591"}],"wp:attachment":[{"href":"https:\/\/infoecos.com.ar\/index.php\/wp-json\/wp\/v2\/media?parent=82579"}],"wp:term":[{"taxonomy":"category","embeddable":true,"href":"https:\/\/infoecos.com.ar\/index.php\/wp-json\/wp\/v2\/categories?post=82579"},{"taxonomy":"post_tag","embeddable":true,"href":"https:\/\/infoecos.com.ar\/index.php\/wp-json\/wp\/v2\/tags?post=82579"}],"curies":[{"name":"wp","href":"https:\/\/api.w.org\/{rel}","templated":true}]}}