{"id":82587,"date":"2021-08-03T03:34:42","date_gmt":"2021-08-03T06:34:42","guid":{"rendered":"http:\/\/infoecos.com.ar\/?p=82587"},"modified":"2021-08-04T03:35:22","modified_gmt":"2021-08-04T06:35:22","slug":"dos-aprehendidos-con-domicilio-en-la-matanza-y-uno-fugado-llevando-cantidad-apreciable-de-clorhidrato-de-cocaina","status":"publish","type":"post","link":"https:\/\/infoecos.com.ar\/index.php\/dos-aprehendidos-con-domicilio-en-la-matanza-y-uno-fugado-llevando-cantidad-apreciable-de-clorhidrato-de-cocaina\/","title":{"rendered":"Dos aprehendidos con domicilio en La Matanza y uno fugado, llevando cantidad apreciable de clorhidrato de coca\u00edna"},"content":{"rendered":"\n<p>El Jefe de la Unidad Operativa Drogas Il\u00edcitas de Trenque Lauquen, Ren\u00e9 Tomaselli, inform\u00f3 que el pasado 31 de Julio se realiz\u00f3 un operativo a ra\u00edz de haberse advertido una maniobra t\u00edpica, caracter\u00edstica del delito de narco menudeo.<\/p>\n\n\n\n<div class=\"wp-block-image is-style-default\"><figure class=\"aligncenter size-medium\"><img loading=\"lazy\" decoding=\"async\" width=\"207\" height=\"460\" src=\"http:\/\/infoecos.com.ar\/wp-content\/uploads\/2021\/08\/policiadrogas-207x460.png\" alt=\"\" class=\"wp-image-82588\" srcset=\"https:\/\/infoecos.com.ar\/wp-content\/uploads\/2021\/08\/policiadrogas-207x460.png 207w, https:\/\/infoecos.com.ar\/wp-content\/uploads\/2021\/08\/policiadrogas-414x920.png 414w, https:\/\/infoecos.com.ar\/wp-content\/uploads\/2021\/08\/policiadrogas-691x1536.png 691w, https:\/\/infoecos.com.ar\/wp-content\/uploads\/2021\/08\/policiadrogas.png 720w\" sizes=\"(max-width: 207px) 100vw, 207px\" \/><\/figure><\/div>\n\n\n\n<p>La Polic\u00eda intent\u00f3 interceptar un veh\u00edculo que se desplazaba por la zona c\u00e9ntrica. Cuando los ocupantes del mismo advierten la presencia de las fuerzas de seguridad se dieron a la fuga por diferentes arterias de la ciudad de Trenque Lauquen. <\/p>\n\n\n\n<p>Se sumaron a la persecuci\u00f3n el Grupo de Apoyo Departamental (GAD), de la Estaci\u00f3n de Polic\u00eda de Seguridad y de la DDI Trenque Lauquen. Se realiz\u00f3 un operativo cerrojo, habi\u00e9ndose logrado en Sarmiento al 600 que el conductor detuviera el veh\u00edculo. Fueron aprehendidos dos de los ocupantes, mientras que un tercero se dio a la fuga, ingresando a los pulmones de manzana del barrio. Se cree de acuerdo a la pesquisa que podr\u00eda tratarse&nbsp; de un masculino oriundo de&nbsp; la Tablada Pdo.&nbsp; La Matanza, de donde resultan ser quienes se encuentran a disposici\u00f3n de la justicia. <\/p>\n\n\n\n<div class=\"wp-block-image is-style-default\"><figure class=\"aligncenter size-medium\"><img loading=\"lazy\" decoding=\"async\" width=\"207\" height=\"460\" src=\"http:\/\/infoecos.com.ar\/wp-content\/uploads\/2021\/08\/drogaspolicia1-207x460.png\" alt=\"\" class=\"wp-image-82589\" srcset=\"https:\/\/infoecos.com.ar\/wp-content\/uploads\/2021\/08\/drogaspolicia1-207x460.png 207w, https:\/\/infoecos.com.ar\/wp-content\/uploads\/2021\/08\/drogaspolicia1-414x920.png 414w, https:\/\/infoecos.com.ar\/wp-content\/uploads\/2021\/08\/drogaspolicia1-691x1536.png 691w, https:\/\/infoecos.com.ar\/wp-content\/uploads\/2021\/08\/drogaspolicia1.png 720w\" sizes=\"(max-width: 207px) 100vw, 207px\" \/><\/figure><\/div>\n\n\n\n<p>Se trata de <strong>Maldonado Leonel Agustin<\/strong>, D.N.I 40.391.617, domiciliado en calle Montevideo 279 de La Tablada partido La Matanza, y <strong>Cristian Ariel Acosta<\/strong> (Paraguayo) D.N.I 95.258.938, domiciliado la misma calle al 300 de La Tablada.  <\/p>\n\n\n\n<p>De resultas del procedimiento se incaut\u00f3 un veh\u00edculo marca Volkswagen Gol, dominio LIC-432, usado por los \u00abdealeres\u00bb,&nbsp;&nbsp;una importante cantidad de clorhidrato de coca\u00edna en su m\u00e1xima pureza, tel\u00e9fonos celulares,&nbsp; y dem\u00e1s elementos de inter\u00e9s para la investigaci\u00f3n.<\/p>\n\n\n\n<div class=\"wp-block-image is-style-default\"><figure class=\"aligncenter size-medium\"><img loading=\"lazy\" decoding=\"async\" width=\"331\" height=\"460\" src=\"http:\/\/infoecos.com.ar\/wp-content\/uploads\/2021\/08\/policiadrogas1-331x460.jpg\" alt=\"\" class=\"wp-image-82590\" srcset=\"https:\/\/infoecos.com.ar\/wp-content\/uploads\/2021\/08\/policiadrogas1-331x460.jpg 331w, https:\/\/infoecos.com.ar\/wp-content\/uploads\/2021\/08\/policiadrogas1-662x920.jpg 662w, https:\/\/infoecos.com.ar\/wp-content\/uploads\/2021\/08\/policiadrogas1-768x1067.jpg 768w, https:\/\/infoecos.com.ar\/wp-content\/uploads\/2021\/08\/policiadrogas1.jpg 807w\" sizes=\"(max-width: 331px) 100vw, 331px\" \/><\/figure><\/div>\n\n\n\n<p>Interviene el Dr. Raul Carini Hernandez, titular de la Fiscalia de Causas Complejas y Estupefacientes del Departamento Judicial de Trenque Lauquen.<\/p>\n","protected":false},"excerpt":{"rendered":"<p>Interviene el Dr. Raul Carini Hernandez, titular de la Fiscalia de Causas Complejas y Estupefacientes del Departamento Judicial de Trenque Lauquen<\/p>\n","protected":false},"author":2,"featured_media":82590,"comment_status":"closed","ping_status":"open","sticky":false,"template":"","format":"standard","meta":{"footnotes":""},"categories":[41],"tags":[3062],"class_list":["post-82587","post","type-post","status-publish","format-standard","has-post-thumbnail","hentry","category-inferior2","tag-en-trenque-lauquen"],"yoast_head":"<!-- This site is optimized with the Yoast SEO plugin v23.4 - https:\/\/yoast.com\/wordpress\/plugins\/seo\/ -->\n<title>Dos aprehendidos con domicilio en La Matanza y uno fugado, llevando cantidad apreciable de clorhidrato de coca\u00edna - Infoecos<\/title>\n<meta name=\"robots\" content=\"index, follow, max-snippet:-1, max-image-preview:large, max-video-preview:-1\" \/>\n<link rel=\"canonical\" href=\"https:\/\/infoecos.com.ar\/index.php\/dos-aprehendidos-con-domicilio-en-la-matanza-y-uno-fugado-llevando-cantidad-apreciable-de-clorhidrato-de-cocaina\/\" \/>\n<meta property=\"og:locale\" content=\"es_ES\" \/>\n<meta property=\"og:type\" content=\"article\" \/>\n<meta property=\"og:title\" content=\"Dos aprehendidos con domicilio en La Matanza y uno fugado, llevando cantidad apreciable de clorhidrato de coca\u00edna - Infoecos\" \/>\n<meta property=\"og:description\" content=\"Interviene el Dr. Raul Carini Hernandez, titular de la Fiscalia de Causas Complejas y Estupefacientes del Departamento Judicial de Trenque Lauquen\" \/>\n<meta property=\"og:url\" content=\"https:\/\/infoecos.com.ar\/index.php\/dos-aprehendidos-con-domicilio-en-la-matanza-y-uno-fugado-llevando-cantidad-apreciable-de-clorhidrato-de-cocaina\/\" \/>\n<meta property=\"og:site_name\" content=\"Infoecos\" \/>\n<meta property=\"article:publisher\" content=\"https:\/\/www.facebook.com\/profile.php?id=100063200290284\" \/>\n<meta property=\"article:published_time\" content=\"2021-08-03T06:34:42+00:00\" \/>\n<meta property=\"article:modified_time\" content=\"2021-08-04T06:35:22+00:00\" \/>\n<meta property=\"og:image\" content=\"https:\/\/infoecos.com.ar\/wp-content\/uploads\/2021\/08\/policiadrogas1.jpg\" \/>\n\t<meta property=\"og:image:width\" content=\"807\" \/>\n\t<meta property=\"og:image:height\" content=\"1121\" \/>\n\t<meta property=\"og:image:type\" content=\"image\/jpeg\" \/>\n<meta name=\"author\" content=\"Jorge Matheus\" \/>\n<meta name=\"twitter:card\" content=\"summary_large_image\" \/>\n<meta name=\"twitter:creator\" content=\"@infoecos\" \/>\n<meta name=\"twitter:site\" content=\"@infoecos\" \/>\n<meta name=\"twitter:label1\" content=\"Escrito por\" \/>\n\t<meta name=\"twitter:data1\" content=\"Jorge Matheus\" \/>\n\t<meta name=\"twitter:label2\" content=\"Tiempo de lectura\" \/>\n\t<meta name=\"twitter:data2\" content=\"1 minuto\" \/>\n<script type=\"application\/ld+json\" class=\"yoast-schema-graph\">{\"@context\":\"https:\/\/schema.org\",\"@graph\":[{\"@type\":\"Article\",\"@id\":\"https:\/\/infoecos.com.ar\/index.php\/dos-aprehendidos-con-domicilio-en-la-matanza-y-uno-fugado-llevando-cantidad-apreciable-de-clorhidrato-de-cocaina\/#article\",\"isPartOf\":{\"@id\":\"https:\/\/infoecos.com.ar\/index.php\/dos-aprehendidos-con-domicilio-en-la-matanza-y-uno-fugado-llevando-cantidad-apreciable-de-clorhidrato-de-cocaina\/\"},\"author\":{\"name\":\"Jorge Matheus\",\"@id\":\"https:\/\/infoecos.com.ar\/#\/schema\/person\/8f5ace5ce73b4b4aac4b7245aee6f191\"},\"headline\":\"Dos aprehendidos con domicilio en La Matanza y uno fugado, llevando cantidad apreciable de clorhidrato de coca\u00edna\",\"datePublished\":\"2021-08-03T06:34:42+00:00\",\"dateModified\":\"2021-08-04T06:35:22+00:00\",\"mainEntityOfPage\":{\"@id\":\"https:\/\/infoecos.com.ar\/index.php\/dos-aprehendidos-con-domicilio-en-la-matanza-y-uno-fugado-llevando-cantidad-apreciable-de-clorhidrato-de-cocaina\/\"},\"wordCount\":311,\"publisher\":{\"@id\":\"https:\/\/infoecos.com.ar\/#organization\"},\"image\":{\"@id\":\"https:\/\/infoecos.com.ar\/index.php\/dos-aprehendidos-con-domicilio-en-la-matanza-y-uno-fugado-llevando-cantidad-apreciable-de-clorhidrato-de-cocaina\/#primaryimage\"},\"thumbnailUrl\":\"https:\/\/infoecos.com.ar\/wp-content\/uploads\/2021\/08\/policiadrogas1.jpg\",\"keywords\":[\"EN TRENQUE LAUQUEN\"],\"articleSection\":[\"Bloque inferior - 2\"],\"inLanguage\":\"es\"},{\"@type\":\"WebPage\",\"@id\":\"https:\/\/infoecos.com.ar\/index.php\/dos-aprehendidos-con-domicilio-en-la-matanza-y-uno-fugado-llevando-cantidad-apreciable-de-clorhidrato-de-cocaina\/\",\"url\":\"https:\/\/infoecos.com.ar\/index.php\/dos-aprehendidos-con-domicilio-en-la-matanza-y-uno-fugado-llevando-cantidad-apreciable-de-clorhidrato-de-cocaina\/\",\"name\":\"Dos aprehendidos con domicilio en La Matanza y uno fugado, llevando cantidad apreciable de clorhidrato de coca\u00edna - Infoecos\",\"isPartOf\":{\"@id\":\"https:\/\/infoecos.com.ar\/#website\"},\"primaryImageOfPage\":{\"@id\":\"https:\/\/infoecos.com.ar\/index.php\/dos-aprehendidos-con-domicilio-en-la-matanza-y-uno-fugado-llevando-cantidad-apreciable-de-clorhidrato-de-cocaina\/#primaryimage\"},\"image\":{\"@id\":\"https:\/\/infoecos.com.ar\/index.php\/dos-aprehendidos-con-domicilio-en-la-matanza-y-uno-fugado-llevando-cantidad-apreciable-de-clorhidrato-de-cocaina\/#primaryimage\"},\"thumbnailUrl\":\"https:\/\/infoecos.com.ar\/wp-content\/uploads\/2021\/08\/policiadrogas1.jpg\",\"datePublished\":\"2021-08-03T06:34:42+00:00\",\"dateModified\":\"2021-08-04T06:35:22+00:00\",\"breadcrumb\":{\"@id\":\"https:\/\/infoecos.com.ar\/index.php\/dos-aprehendidos-con-domicilio-en-la-matanza-y-uno-fugado-llevando-cantidad-apreciable-de-clorhidrato-de-cocaina\/#breadcrumb\"},\"inLanguage\":\"es\",\"potentialAction\":[{\"@type\":\"ReadAction\",\"target\":[\"https:\/\/infoecos.com.ar\/index.php\/dos-aprehendidos-con-domicilio-en-la-matanza-y-uno-fugado-llevando-cantidad-apreciable-de-clorhidrato-de-cocaina\/\"]}]},{\"@type\":\"ImageObject\",\"inLanguage\":\"es\",\"@id\":\"https:\/\/infoecos.com.ar\/index.php\/dos-aprehendidos-con-domicilio-en-la-matanza-y-uno-fugado-llevando-cantidad-apreciable-de-clorhidrato-de-cocaina\/#primaryimage\",\"url\":\"https:\/\/infoecos.com.ar\/wp-content\/uploads\/2021\/08\/policiadrogas1.jpg\",\"contentUrl\":\"https:\/\/infoecos.com.ar\/wp-content\/uploads\/2021\/08\/policiadrogas1.jpg\",\"width\":807,\"height\":1121},{\"@type\":\"BreadcrumbList\",\"@id\":\"https:\/\/infoecos.com.ar\/index.php\/dos-aprehendidos-con-domicilio-en-la-matanza-y-uno-fugado-llevando-cantidad-apreciable-de-clorhidrato-de-cocaina\/#breadcrumb\",\"itemListElement\":[{\"@type\":\"ListItem\",\"position\":1,\"name\":\"Portada\",\"item\":\"https:\/\/infoecos.com.ar\/\"},{\"@type\":\"ListItem\",\"position\":2,\"name\":\"Dos aprehendidos con domicilio en La Matanza y uno fugado, llevando cantidad apreciable de clorhidrato de coca\u00edna\"}]},{\"@type\":\"WebSite\",\"@id\":\"https:\/\/infoecos.com.ar\/#website\",\"url\":\"https:\/\/infoecos.com.ar\/\",\"name\":\"Infoecos\",\"description\":\"Noticias de trenque lauquen y la zona\",\"publisher\":{\"@id\":\"https:\/\/infoecos.com.ar\/#organization\"},\"alternateName\":\"Noticias\",\"potentialAction\":[{\"@type\":\"SearchAction\",\"target\":{\"@type\":\"EntryPoint\",\"urlTemplate\":\"https:\/\/infoecos.com.ar\/?s={search_term_string}\"},\"query-input\":{\"@type\":\"PropertyValueSpecification\",\"valueRequired\":true,\"valueName\":\"search_term_string\"}}],\"inLanguage\":\"es\"},{\"@type\":\"Organization\",\"@id\":\"https:\/\/infoecos.com.ar\/#organization\",\"name\":\"Infoecos\",\"alternateName\":\"Noticias\",\"url\":\"https:\/\/infoecos.com.ar\/\",\"logo\":{\"@type\":\"ImageObject\",\"inLanguage\":\"es\",\"@id\":\"https:\/\/infoecos.com.ar\/#\/schema\/logo\/image\/\",\"url\":\"https:\/\/infoecos.com.ar\/wp-content\/uploads\/2024\/03\/cropped-logo.png\",\"contentUrl\":\"https:\/\/infoecos.com.ar\/wp-content\/uploads\/2024\/03\/cropped-logo.png\",\"width\":374,\"height\":90,\"caption\":\"Infoecos\"},\"image\":{\"@id\":\"https:\/\/infoecos.com.ar\/#\/schema\/logo\/image\/\"},\"sameAs\":[\"https:\/\/www.facebook.com\/profile.php?id=100063200290284\",\"https:\/\/x.com\/infoecos\"]},{\"@type\":\"Person\",\"@id\":\"https:\/\/infoecos.com.ar\/#\/schema\/person\/8f5ace5ce73b4b4aac4b7245aee6f191\",\"name\":\"Jorge Matheus\",\"url\":\"https:\/\/infoecos.com.ar\/index.php\/author\/jomatheus\/\"}]}<\/script>\n<!-- \/ Yoast SEO plugin. -->","yoast_head_json":{"title":"Dos aprehendidos con domicilio en La Matanza y uno fugado, llevando cantidad apreciable de clorhidrato de coca\u00edna - Infoecos","robots":{"index":"index","follow":"follow","max-snippet":"max-snippet:-1","max-image-preview":"max-image-preview:large","max-video-preview":"max-video-preview:-1"},"canonical":"https:\/\/infoecos.com.ar\/index.php\/dos-aprehendidos-con-domicilio-en-la-matanza-y-uno-fugado-llevando-cantidad-apreciable-de-clorhidrato-de-cocaina\/","og_locale":"es_ES","og_type":"article","og_title":"Dos aprehendidos con domicilio en La Matanza y uno fugado, llevando cantidad apreciable de clorhidrato de coca\u00edna - Infoecos","og_description":"Interviene el Dr. Raul Carini Hernandez, titular de la Fiscalia de Causas Complejas y Estupefacientes del Departamento Judicial de Trenque Lauquen","og_url":"https:\/\/infoecos.com.ar\/index.php\/dos-aprehendidos-con-domicilio-en-la-matanza-y-uno-fugado-llevando-cantidad-apreciable-de-clorhidrato-de-cocaina\/","og_site_name":"Infoecos","article_publisher":"https:\/\/www.facebook.com\/profile.php?id=100063200290284","article_published_time":"2021-08-03T06:34:42+00:00","article_modified_time":"2021-08-04T06:35:22+00:00","og_image":[{"width":807,"height":1121,"url":"https:\/\/infoecos.com.ar\/wp-content\/uploads\/2021\/08\/policiadrogas1.jpg","type":"image\/jpeg"}],"author":"Jorge Matheus","twitter_card":"summary_large_image","twitter_creator":"@infoecos","twitter_site":"@infoecos","twitter_misc":{"Escrito por":"Jorge Matheus","Tiempo de lectura":"1 minuto"},"schema":{"@context":"https:\/\/schema.org","@graph":[{"@type":"Article","@id":"https:\/\/infoecos.com.ar\/index.php\/dos-aprehendidos-con-domicilio-en-la-matanza-y-uno-fugado-llevando-cantidad-apreciable-de-clorhidrato-de-cocaina\/#article","isPartOf":{"@id":"https:\/\/infoecos.com.ar\/index.php\/dos-aprehendidos-con-domicilio-en-la-matanza-y-uno-fugado-llevando-cantidad-apreciable-de-clorhidrato-de-cocaina\/"},"author":{"name":"Jorge Matheus","@id":"https:\/\/infoecos.com.ar\/#\/schema\/person\/8f5ace5ce73b4b4aac4b7245aee6f191"},"headline":"Dos aprehendidos con domicilio en La Matanza y uno fugado, llevando cantidad apreciable de clorhidrato de coca\u00edna","datePublished":"2021-08-03T06:34:42+00:00","dateModified":"2021-08-04T06:35:22+00:00","mainEntityOfPage":{"@id":"https:\/\/infoecos.com.ar\/index.php\/dos-aprehendidos-con-domicilio-en-la-matanza-y-uno-fugado-llevando-cantidad-apreciable-de-clorhidrato-de-cocaina\/"},"wordCount":311,"publisher":{"@id":"https:\/\/infoecos.com.ar\/#organization"},"image":{"@id":"https:\/\/infoecos.com.ar\/index.php\/dos-aprehendidos-con-domicilio-en-la-matanza-y-uno-fugado-llevando-cantidad-apreciable-de-clorhidrato-de-cocaina\/#primaryimage"},"thumbnailUrl":"https:\/\/infoecos.com.ar\/wp-content\/uploads\/2021\/08\/policiadrogas1.jpg","keywords":["EN TRENQUE LAUQUEN"],"articleSection":["Bloque inferior - 2"],"inLanguage":"es"},{"@type":"WebPage","@id":"https:\/\/infoecos.com.ar\/index.php\/dos-aprehendidos-con-domicilio-en-la-matanza-y-uno-fugado-llevando-cantidad-apreciable-de-clorhidrato-de-cocaina\/","url":"https:\/\/infoecos.com.ar\/index.php\/dos-aprehendidos-con-domicilio-en-la-matanza-y-uno-fugado-llevando-cantidad-apreciable-de-clorhidrato-de-cocaina\/","name":"Dos aprehendidos con domicilio en La Matanza y uno fugado, llevando cantidad apreciable de clorhidrato de coca\u00edna - Infoecos","isPartOf":{"@id":"https:\/\/infoecos.com.ar\/#website"},"primaryImageOfPage":{"@id":"https:\/\/infoecos.com.ar\/index.php\/dos-aprehendidos-con-domicilio-en-la-matanza-y-uno-fugado-llevando-cantidad-apreciable-de-clorhidrato-de-cocaina\/#primaryimage"},"image":{"@id":"https:\/\/infoecos.com.ar\/index.php\/dos-aprehendidos-con-domicilio-en-la-matanza-y-uno-fugado-llevando-cantidad-apreciable-de-clorhidrato-de-cocaina\/#primaryimage"},"thumbnailUrl":"https:\/\/infoecos.com.ar\/wp-content\/uploads\/2021\/08\/policiadrogas1.jpg","datePublished":"2021-08-03T06:34:42+00:00","dateModified":"2021-08-04T06:35:22+00:00","breadcrumb":{"@id":"https:\/\/infoecos.com.ar\/index.php\/dos-aprehendidos-con-domicilio-en-la-matanza-y-uno-fugado-llevando-cantidad-apreciable-de-clorhidrato-de-cocaina\/#breadcrumb"},"inLanguage":"es","potentialAction":[{"@type":"ReadAction","target":["https:\/\/infoecos.com.ar\/index.php\/dos-aprehendidos-con-domicilio-en-la-matanza-y-uno-fugado-llevando-cantidad-apreciable-de-clorhidrato-de-cocaina\/"]}]},{"@type":"ImageObject","inLanguage":"es","@id":"https:\/\/infoecos.com.ar\/index.php\/dos-aprehendidos-con-domicilio-en-la-matanza-y-uno-fugado-llevando-cantidad-apreciable-de-clorhidrato-de-cocaina\/#primaryimage","url":"https:\/\/infoecos.com.ar\/wp-content\/uploads\/2021\/08\/policiadrogas1.jpg","contentUrl":"https:\/\/infoecos.com.ar\/wp-content\/uploads\/2021\/08\/policiadrogas1.jpg","width":807,"height":1121},{"@type":"BreadcrumbList","@id":"https:\/\/infoecos.com.ar\/index.php\/dos-aprehendidos-con-domicilio-en-la-matanza-y-uno-fugado-llevando-cantidad-apreciable-de-clorhidrato-de-cocaina\/#breadcrumb","itemListElement":[{"@type":"ListItem","position":1,"name":"Portada","item":"https:\/\/infoecos.com.ar\/"},{"@type":"ListItem","position":2,"name":"Dos aprehendidos con domicilio en La Matanza y uno fugado, llevando cantidad apreciable de clorhidrato de coca\u00edna"}]},{"@type":"WebSite","@id":"https:\/\/infoecos.com.ar\/#website","url":"https:\/\/infoecos.com.ar\/","name":"Infoecos","description":"Noticias de trenque lauquen y la zona","publisher":{"@id":"https:\/\/infoecos.com.ar\/#organization"},"alternateName":"Noticias","potentialAction":[{"@type":"SearchAction","target":{"@type":"EntryPoint","urlTemplate":"https:\/\/infoecos.com.ar\/?s={search_term_string}"},"query-input":{"@type":"PropertyValueSpecification","valueRequired":true,"valueName":"search_term_string"}}],"inLanguage":"es"},{"@type":"Organization","@id":"https:\/\/infoecos.com.ar\/#organization","name":"Infoecos","alternateName":"Noticias","url":"https:\/\/infoecos.com.ar\/","logo":{"@type":"ImageObject","inLanguage":"es","@id":"https:\/\/infoecos.com.ar\/#\/schema\/logo\/image\/","url":"https:\/\/infoecos.com.ar\/wp-content\/uploads\/2024\/03\/cropped-logo.png","contentUrl":"https:\/\/infoecos.com.ar\/wp-content\/uploads\/2024\/03\/cropped-logo.png","width":374,"height":90,"caption":"Infoecos"},"image":{"@id":"https:\/\/infoecos.com.ar\/#\/schema\/logo\/image\/"},"sameAs":["https:\/\/www.facebook.com\/profile.php?id=100063200290284","https:\/\/x.com\/infoecos"]},{"@type":"Person","@id":"https:\/\/infoecos.com.ar\/#\/schema\/person\/8f5ace5ce73b4b4aac4b7245aee6f191","name":"Jorge Matheus","url":"https:\/\/infoecos.com.ar\/index.php\/author\/jomatheus\/"}]}},"featured_image_urls":{"full":["https:\/\/infoecos.com.ar\/wp-content\/uploads\/2021\/08\/policiadrogas1.jpg",807,1121,false],"thumbnail":["https:\/\/infoecos.com.ar\/wp-content\/uploads\/2021\/08\/policiadrogas1-150x150.jpg",150,150,true],"medium":["https:\/\/infoecos.com.ar\/wp-content\/uploads\/2021\/08\/policiadrogas1-331x460.jpg",331,460,true],"medium_large":["https:\/\/infoecos.com.ar\/wp-content\/uploads\/2021\/08\/policiadrogas1-768x1067.jpg",640,889,true],"large":["https:\/\/infoecos.com.ar\/wp-content\/uploads\/2021\/08\/policiadrogas1-662x920.jpg",640,889,true],"1536x1536":["https:\/\/infoecos.com.ar\/wp-content\/uploads\/2021\/08\/policiadrogas1.jpg",807,1121,false],"2048x2048":["https:\/\/infoecos.com.ar\/wp-content\/uploads\/2021\/08\/policiadrogas1.jpg",807,1121,false],"covernews-slider-full":["https:\/\/infoecos.com.ar\/wp-content\/uploads\/2021\/08\/policiadrogas1-807x1020.jpg",566,715,true],"covernews-slider-center":["https:\/\/infoecos.com.ar\/wp-content\/uploads\/2021\/08\/policiadrogas1-807x897.jpg",450,500,true],"covernews-featured":["https:\/\/infoecos.com.ar\/wp-content\/uploads\/2021\/08\/policiadrogas1.jpg",807,1121,false],"covernews-medium":["https:\/\/infoecos.com.ar\/wp-content\/uploads\/2021\/08\/policiadrogas1-720x380.jpg",540,285,true],"covernews-medium-square":["https:\/\/infoecos.com.ar\/wp-content\/uploads\/2021\/08\/policiadrogas1-675x450.jpg",375,250,true]},"author_info":{"info":["Jorge Matheus"]},"category_info":"<a href=\"https:\/\/infoecos.com.ar\/index.php\/category\/inferior2\/\" rel=\"category tag\">Bloque inferior - 2<\/a>","tag_info":"Bloque inferior - 2","comment_count":"0","_links":{"self":[{"href":"https:\/\/infoecos.com.ar\/index.php\/wp-json\/wp\/v2\/posts\/82587"}],"collection":[{"href":"https:\/\/infoecos.com.ar\/index.php\/wp-json\/wp\/v2\/posts"}],"about":[{"href":"https:\/\/infoecos.com.ar\/index.php\/wp-json\/wp\/v2\/types\/post"}],"author":[{"embeddable":true,"href":"https:\/\/infoecos.com.ar\/index.php\/wp-json\/wp\/v2\/users\/2"}],"replies":[{"embeddable":true,"href":"https:\/\/infoecos.com.ar\/index.php\/wp-json\/wp\/v2\/comments?post=82587"}],"version-history":[{"count":2,"href":"https:\/\/infoecos.com.ar\/index.php\/wp-json\/wp\/v2\/posts\/82587\/revisions"}],"predecessor-version":[{"id":82670,"href":"https:\/\/infoecos.com.ar\/index.php\/wp-json\/wp\/v2\/posts\/82587\/revisions\/82670"}],"wp:featuredmedia":[{"embeddable":true,"href":"https:\/\/infoecos.com.ar\/index.php\/wp-json\/wp\/v2\/media\/82590"}],"wp:attachment":[{"href":"https:\/\/infoecos.com.ar\/index.php\/wp-json\/wp\/v2\/media?parent=82587"}],"wp:term":[{"taxonomy":"category","embeddable":true,"href":"https:\/\/infoecos.com.ar\/index.php\/wp-json\/wp\/v2\/categories?post=82587"},{"taxonomy":"post_tag","embeddable":true,"href":"https:\/\/infoecos.com.ar\/index.php\/wp-json\/wp\/v2\/tags?post=82587"}],"curies":[{"name":"wp","href":"https:\/\/api.w.org\/{rel}","templated":true}]}}