{"id":82606,"date":"2021-08-03T16:35:51","date_gmt":"2021-08-03T19:35:51","guid":{"rendered":"http:\/\/infoecos.com.ar\/?p=82606"},"modified":"2021-08-05T03:29:51","modified_gmt":"2021-08-05T06:29:51","slug":"buena-noticia-para-los-berutenses-se-vacunara-el-sabado-en-el-club-giat","status":"publish","type":"post","link":"https:\/\/infoecos.com.ar\/index.php\/buena-noticia-para-los-berutenses-se-vacunara-el-sabado-en-el-club-giat\/","title":{"rendered":"Buena noticia para los berutenses: se vacunar\u00e1 el s\u00e1bado en el Club Giat"},"content":{"rendered":"\n<p class=\"wp-block-paragraph\">La Articuladora CDR del Ministerio de Desarrollo Social de Naci\u00f3n y responsable del Plan de Vacunaci\u00f3n que lleva a cabo la provincia en todos los distritos, Leticia Badino, anunci\u00f3 con benepl\u00e1cito a trav\u00e9s de las redes sociales que el s\u00e1bado pr\u00f3ximo se vacunar\u00e1 en la localidad de Beruti.<\/p>\n\n\n\n<div class=\"wp-block-image is-style-default\"><figure class=\"aligncenter size-medium\"><img loading=\"lazy\" decoding=\"async\" width=\"460\" height=\"460\" src=\"http:\/\/infoecos.com.ar\/wp-content\/uploads\/2021\/08\/vacunacionenberuti-460x460.jpg\" alt=\"\" class=\"wp-image-82607\" srcset=\"https:\/\/infoecos.com.ar\/wp-content\/uploads\/2021\/08\/vacunacionenberuti-460x460.jpg 460w, https:\/\/infoecos.com.ar\/wp-content\/uploads\/2021\/08\/vacunacionenberuti-150x150.jpg 150w, https:\/\/infoecos.com.ar\/wp-content\/uploads\/2021\/08\/vacunacionenberuti.jpg 526w\" sizes=\"auto, (max-width: 460px) 100vw, 460px\" \/><\/figure><\/div>\n\n\n\n<p class=\"wp-block-paragraph\">Se\u00f1ala, acompa\u00f1ada la informaci\u00f3n por un flyer (que mostramos) que ser\u00e1 ese d\u00eda, a partir de las 9 horas en las instalaciones del club Giat.<\/p>\n\n\n\n<p class=\"wp-block-paragraph\">Recordamos que ya se viene vacunando tambi\u00e9n en la ciudad de 30 de Agosto. El pasado s\u00e1bado se concret\u00f3 la cuarta visita. En tanto en Trenque Lauquen se contin\u00faa inoculando en las postas sanitarias del Club Monumental y en el SUM de ATILRA. <\/p>\n\n\n\n<p class=\"wp-block-paragraph\"><\/p>\n\n\n\n<p class=\"wp-block-paragraph\"><\/p>\n","protected":false},"excerpt":{"rendered":"<p>Se\u00f1ala, acompa\u00f1ada la informaci\u00f3n por un flyer (que mostramos) que ser\u00e1 ese d\u00eda, a partir de las 9 horas en las instalaciones del club Giat<\/p>\n","protected":false},"author":2,"featured_media":82607,"comment_status":"closed","ping_status":"open","sticky":false,"template":"","format":"standard","meta":{"footnotes":""},"categories":[1614],"tags":[4515],"class_list":["post-82606","post","type-post","status-publish","format-standard","has-post-thumbnail","hentry","category-c2nota7","tag-lo-anuncio-leticia-badino"],"featured_image_urls":{"full":["https:\/\/infoecos.com.ar\/wp-content\/uploads\/2021\/08\/vacunacionenberuti.jpg",526,526,false],"thumbnail":["https:\/\/infoecos.com.ar\/wp-content\/uploads\/2021\/08\/vacunacionenberuti-150x150.jpg",150,150,true],"medium":["https:\/\/infoecos.com.ar\/wp-content\/uploads\/2021\/08\/vacunacionenberuti-460x460.jpg",460,460,true],"medium_large":["https:\/\/infoecos.com.ar\/wp-content\/uploads\/2021\/08\/vacunacionenberuti.jpg",526,526,false],"large":["https:\/\/infoecos.com.ar\/wp-content\/uploads\/2021\/08\/vacunacionenberuti.jpg",526,526,false],"1536x1536":["https:\/\/infoecos.com.ar\/wp-content\/uploads\/2021\/08\/vacunacionenberuti.jpg",526,526,false],"2048x2048":["https:\/\/infoecos.com.ar\/wp-content\/uploads\/2021\/08\/vacunacionenberuti.jpg",526,526,false],"covernews-slider-full":["https:\/\/infoecos.com.ar\/wp-content\/uploads\/2021\/08\/vacunacionenberuti.jpg",526,526,false],"covernews-slider-center":["https:\/\/infoecos.com.ar\/wp-content\/uploads\/2021\/08\/vacunacionenberuti.jpg",500,500,false],"covernews-featured":["https:\/\/infoecos.com.ar\/wp-content\/uploads\/2021\/08\/vacunacionenberuti.jpg",526,526,false],"covernews-medium":["https:\/\/infoecos.com.ar\/wp-content\/uploads\/2021\/08\/vacunacionenberuti-526x380.jpg",471,340,true],"covernews-medium-square":["https:\/\/infoecos.com.ar\/wp-content\/uploads\/2021\/08\/vacunacionenberuti-526x450.jpg",292,250,true]},"author_info":{"info":["Jorge Matheus"]},"category_info":"<a href=\"https:\/\/infoecos.com.ar\/index.php\/category\/c2nota7\/\" rel=\"category tag\">C2 N7<\/a>","tag_info":"C2 N7","comment_count":"0","_links":{"self":[{"href":"https:\/\/infoecos.com.ar\/index.php\/wp-json\/wp\/v2\/posts\/82606","targetHints":{"allow":["GET"]}}],"collection":[{"href":"https:\/\/infoecos.com.ar\/index.php\/wp-json\/wp\/v2\/posts"}],"about":[{"href":"https:\/\/infoecos.com.ar\/index.php\/wp-json\/wp\/v2\/types\/post"}],"author":[{"embeddable":true,"href":"https:\/\/infoecos.com.ar\/index.php\/wp-json\/wp\/v2\/users\/2"}],"replies":[{"embeddable":true,"href":"https:\/\/infoecos.com.ar\/index.php\/wp-json\/wp\/v2\/comments?post=82606"}],"version-history":[{"count":1,"href":"https:\/\/infoecos.com.ar\/index.php\/wp-json\/wp\/v2\/posts\/82606\/revisions"}],"predecessor-version":[{"id":82608,"href":"https:\/\/infoecos.com.ar\/index.php\/wp-json\/wp\/v2\/posts\/82606\/revisions\/82608"}],"wp:featuredmedia":[{"embeddable":true,"href":"https:\/\/infoecos.com.ar\/index.php\/wp-json\/wp\/v2\/media\/82607"}],"wp:attachment":[{"href":"https:\/\/infoecos.com.ar\/index.php\/wp-json\/wp\/v2\/media?parent=82606"}],"wp:term":[{"taxonomy":"category","embeddable":true,"href":"https:\/\/infoecos.com.ar\/index.php\/wp-json\/wp\/v2\/categories?post=82606"},{"taxonomy":"post_tag","embeddable":true,"href":"https:\/\/infoecos.com.ar\/index.php\/wp-json\/wp\/v2\/tags?post=82606"}],"curies":[{"name":"wp","href":"https:\/\/api.w.org\/{rel}","templated":true}]}}